{"id":36978,"date":"2024-11-25T13:18:19","date_gmt":"2024-11-25T16:18:19","guid":{"rendered":"https:\/\/newsinfoco.com.br\/inicio\/?p=36978"},"modified":"2024-11-25T13:21:28","modified_gmt":"2024-11-25T16:21:28","slug":"inflacao-e-maior-para-os-mais-pobres-diz-ipea","status":"publish","type":"post","link":"https:\/\/newsinfoco.com.br\/inicio\/inflacao-e-maior-para-os-mais-pobres-diz-ipea\/","title":{"rendered":"Infla\u00e7\u00e3o \u00e9 maior para os mais pobres, diz Ipea"},"content":{"rendered":"<p>A infla\u00e7\u00e3o acelerou principalmente para os consumidores mais pobres no Brasil. \u00c9 o que indicam dados publicados neste m\u00eas pelo Instituto de Pesquisa Econ\u00f4mica Aplicada (Ipea).\u00a0 Para as fam\u00edlias com renda domiciliar muito baixa (menos de R$ 2.105,99 por m\u00eas), a infla\u00e7\u00e3o acumulada em 12 meses passou de 4,34% at\u00e9 setembro para 4,99% at\u00e9 outubro.<\/p>\n<p>A alta de quase 5% \u00e9 a mais intensa para essa faixa de consumidores desde fevereiro de 2023 (5,86%), per\u00edodo inicial do governo Luiz In\u00e1cio Lula da Silva (PT). \u00c0 \u00e9poca, o acumulado ainda era influenciado, em grande medida, pela carestia de itens como alimentos durante a gest\u00e3o de Jair Bolsonaro (PL).<\/p>\n<p>Ao marcar 4,99%, a infla\u00e7\u00e3o das fam\u00edlias com renda muito baixa superou em outubro as taxas registradas pelos outros cinco grupos de rendimento pesquisados pelo Ipea.<\/p>\n<p>Isso mostra uma diferen\u00e7a na compara\u00e7\u00e3o com o cen\u00e1rio at\u00e9 setembro deste ano. Naquele m\u00eas, eram as fam\u00edlias do outro extremo da distribui\u00e7\u00e3o, com renda considerada alta (acima de R$ 21.059,92), que acumulavam a maior alta de pre\u00e7os: 4,72%.<\/p>\n<p>A infla\u00e7\u00e3o dos mais ricos, por\u00e9m, desacelerou a 4,44% nos 12 meses at\u00e9 outubro. Com o resultado, o grupo passou a marcar a menor taxa entre os seis pesquisados pelo Ipea.<\/p>\n<p>Bahia.ba<\/p>\n<div>\n<div class=\"trv-player-container\">\n<div class=\"trv-wrapper\">\n<div id=\"br_video_player_e8ecd74b94063b104b9a1d5d558f2e9dc3c659f9\" class=\"trvd_video_player trvdfloater trv-right\">\n<div class=\"trv-autoskip-container\">\n<div class=\"trv-autoskip-background\">\n<div class=\"trv-autoskip-line-right\">\n<div><\/div>\n<\/div>\n<div class=\"trv-autoskip-line-bottom\">\n<div><\/div>\n<\/div>\n<div class=\"trv-autoskip-line-left\">\n<div><\/div>\n<\/div>\n<\/div>\n<div class=\"autoskip-btn autoskip-btn-blue\"><\/div>\n<div class=\"autoskip-btn autoskip-btn-gray\"><\/div>\n<\/div>\n<div><\/div>\n<p><img decoding=\"async\" src=\"https:\/\/ads.stickyadstv.com\/auto-user-sync?_fw_gdpr=0&amp;_fw_gdpr_consent=\" \/><img decoding=\"async\" src=\"https:\/\/ads.stickyadstv.com\/user-matching?id=2545&amp;_fw_gdpr=0&amp;_fw_gdpr_consent=\" \/><\/p>\n<\/div>\n<\/div>\n<\/div>\n<\/div>\n<div class='share-to-whatsapp-wrapper'><div class='share-on-whsp'>Share on: <\/div><a data-text='Infla\u00e7\u00e3o \u00e9 maior para os mais pobres, diz Ipea' data-link='https:\/\/newsinfoco.com.br\/inicio\/inflacao-e-maior-para-os-mais-pobres-diz-ipea\/' class='whatsapp-button whatsapp-share'>WhatsApp<\/a><div class='clear '><\/div><\/div>","protected":false},"excerpt":{"rendered":"<p>A infla\u00e7\u00e3o acelerou principalmente para os consumidores mais pobres no Brasil. \u00c9 o que indicam dados publicados neste m\u00eas pelo Instituto de Pesquisa Econ\u00f4mica Aplicada (Ipea).\u00a0 Para as fam\u00edlias com renda domiciliar muito baixa (menos de R$ 2.105,99 por m\u00eas), a infla\u00e7\u00e3o acumulada em 12 meses passou de 4,34% at\u00e9 setembro para 4,99% at\u00e9 outubro. [&hellip;]<\/p>\n","protected":false},"author":1,"featured_media":36979,"comment_status":"closed","ping_status":"closed","sticky":false,"template":"","format":"standard","meta":{"om_disable_all_campaigns":false,"rop_custom_images_group":[],"rop_custom_messages_group":[],"rop_publish_now":"initial","rop_publish_now_accounts":[],"rop_publish_now_history":[],"rop_publish_now_status":"pending","_exactmetrics_skip_tracking":false,"footnotes":""},"categories":[21],"tags":[],"class_list":["post-36978","post","type-post","status-publish","format-standard","has-post-thumbnail","hentry","category-brasil"],"aioseo_notices":[],"aioseo_head":"\n\t\t<!-- All in One SEO 4.9.10 - aioseo.com -->\n\t<meta name=\"description\" content=\"A infla\u00e7\u00e3o acelerou principalmente para os consumidores mais pobres no Brasil. \u00c9 o que indicam dados publicados neste m\u00eas pelo Instituto de Pesquisa Econ\u00f4mica Aplicada (Ipea). Para as fam\u00edlias com renda domiciliar muito baixa (menos de R$ 2.105,99 por m\u00eas), a infla\u00e7\u00e3o acumulada em 12 meses passou de 4,34% at\u00e9 setembro para 4,99% at\u00e9 outubro.\" \/>\n\t<meta name=\"robots\" content=\"max-image-preview:large\" \/>\n\t<meta name=\"author\" content=\"administrador\"\/>\n\t<link rel=\"canonical\" href=\"https:\/\/newsinfoco.com.br\/inicio\/inflacao-e-maior-para-os-mais-pobres-diz-ipea\/\" \/>\n\t<meta name=\"generator\" content=\"All in One SEO (AIOSEO) 4.9.10\" \/>\n\t\t<meta property=\"og:locale\" content=\"pt_BR\" \/>\n\t\t<meta property=\"og:site_name\" content=\"News In Foco - Editado por Caio Pimenta - O principal site de noticias de Alagoinhas e regi\u00e3o\" \/>\n\t\t<meta property=\"og:type\" content=\"article\" \/>\n\t\t<meta property=\"og:title\" content=\"Infla\u00e7\u00e3o \u00e9 maior para os mais pobres, diz Ipea - News In Foco - Editado por Caio Pimenta\" \/>\n\t\t<meta property=\"og:description\" content=\"A infla\u00e7\u00e3o acelerou principalmente para os consumidores mais pobres no Brasil. \u00c9 o que indicam dados publicados neste m\u00eas pelo Instituto de Pesquisa Econ\u00f4mica Aplicada (Ipea). Para as fam\u00edlias com renda domiciliar muito baixa (menos de R$ 2.105,99 por m\u00eas), a infla\u00e7\u00e3o acumulada em 12 meses passou de 4,34% at\u00e9 setembro para 4,99% at\u00e9 outubro.\" \/>\n\t\t<meta property=\"og:url\" content=\"https:\/\/newsinfoco.com.br\/inicio\/inflacao-e-maior-para-os-mais-pobres-diz-ipea\/\" \/>\n\t\t<meta property=\"article:published_time\" content=\"2024-11-25T16:18:19+00:00\" \/>\n\t\t<meta property=\"article:modified_time\" content=\"2024-11-25T16:21:28+00:00\" \/>\n\t\t<meta name=\"twitter:card\" content=\"summary_large_image\" \/>\n\t\t<meta name=\"twitter:title\" content=\"Infla\u00e7\u00e3o \u00e9 maior para os mais pobres, diz Ipea - News In Foco - Editado por Caio Pimenta\" \/>\n\t\t<meta name=\"twitter:description\" content=\"A infla\u00e7\u00e3o acelerou principalmente para os consumidores mais pobres no Brasil. \u00c9 o que indicam dados publicados neste m\u00eas pelo Instituto de Pesquisa Econ\u00f4mica Aplicada (Ipea). Para as fam\u00edlias com renda domiciliar muito baixa (menos de R$ 2.105,99 por m\u00eas), a infla\u00e7\u00e3o acumulada em 12 meses passou de 4,34% at\u00e9 setembro para 4,99% at\u00e9 outubro.\" \/>\n\t\t<script type=\"application\/ld+json\" class=\"aioseo-schema\">\n\t\t\t{\"@context\":\"https:\\\/\\\/schema.org\",\"@graph\":[{\"@type\":\"BlogPosting\",\"@id\":\"https:\\\/\\\/newsinfoco.com.br\\\/inicio\\\/inflacao-e-maior-para-os-mais-pobres-diz-ipea\\\/#blogposting\",\"name\":\"Infla\\u00e7\\u00e3o \\u00e9 maior para os mais pobres, diz Ipea - News In Foco - Editado por Caio Pimenta\",\"headline\":\"Infla\\u00e7\\u00e3o \\u00e9 maior para os mais pobres, diz Ipea\",\"author\":{\"@id\":\"https:\\\/\\\/newsinfoco.com.br\\\/inicio\\\/author\\\/administrador\\\/#author\"},\"publisher\":{\"@id\":\"https:\\\/\\\/newsinfoco.com.br\\\/inicio\\\/#organization\"},\"image\":{\"@type\":\"ImageObject\",\"url\":\"https:\\\/\\\/newsinfoco.com.br\\\/inicio\\\/wp-content\\\/uploads\\\/2024\\\/11\\\/ipcainflacaoimpactainvestimentos2_160920215800.jpg\",\"width\":600,\"height\":420,\"caption\":\"In this photo illustration being displayed fifty, one hundred and two hundred reais bills and a one reais coin highlighted. The Real is the current money in Brazil\"},\"datePublished\":\"2024-11-25T13:18:19-03:00\",\"dateModified\":\"2024-11-25T13:21:28-03:00\",\"inLanguage\":\"pt-BR\",\"mainEntityOfPage\":{\"@id\":\"https:\\\/\\\/newsinfoco.com.br\\\/inicio\\\/inflacao-e-maior-para-os-mais-pobres-diz-ipea\\\/#webpage\"},\"isPartOf\":{\"@id\":\"https:\\\/\\\/newsinfoco.com.br\\\/inicio\\\/inflacao-e-maior-para-os-mais-pobres-diz-ipea\\\/#webpage\"},\"articleSection\":\"Brasil\"},{\"@type\":\"BreadcrumbList\",\"@id\":\"https:\\\/\\\/newsinfoco.com.br\\\/inicio\\\/inflacao-e-maior-para-os-mais-pobres-diz-ipea\\\/#breadcrumblist\",\"itemListElement\":[{\"@type\":\"ListItem\",\"@id\":\"https:\\\/\\\/newsinfoco.com.br\\\/inicio#listItem\",\"position\":1,\"name\":\"In\\u00edcio\",\"item\":\"https:\\\/\\\/newsinfoco.com.br\\\/inicio\",\"nextItem\":{\"@type\":\"ListItem\",\"@id\":\"https:\\\/\\\/newsinfoco.com.br\\\/inicio\\\/category\\\/brasil\\\/#listItem\",\"name\":\"Brasil\"}},{\"@type\":\"ListItem\",\"@id\":\"https:\\\/\\\/newsinfoco.com.br\\\/inicio\\\/category\\\/brasil\\\/#listItem\",\"position\":2,\"name\":\"Brasil\",\"item\":\"https:\\\/\\\/newsinfoco.com.br\\\/inicio\\\/category\\\/brasil\\\/\",\"nextItem\":{\"@type\":\"ListItem\",\"@id\":\"https:\\\/\\\/newsinfoco.com.br\\\/inicio\\\/inflacao-e-maior-para-os-mais-pobres-diz-ipea\\\/#listItem\",\"name\":\"Infla\\u00e7\\u00e3o \\u00e9 maior para os mais pobres, diz Ipea\"},\"previousItem\":{\"@type\":\"ListItem\",\"@id\":\"https:\\\/\\\/newsinfoco.com.br\\\/inicio#listItem\",\"name\":\"In\\u00edcio\"}},{\"@type\":\"ListItem\",\"@id\":\"https:\\\/\\\/newsinfoco.com.br\\\/inicio\\\/inflacao-e-maior-para-os-mais-pobres-diz-ipea\\\/#listItem\",\"position\":3,\"name\":\"Infla\\u00e7\\u00e3o \\u00e9 maior para os mais pobres, diz Ipea\",\"previousItem\":{\"@type\":\"ListItem\",\"@id\":\"https:\\\/\\\/newsinfoco.com.br\\\/inicio\\\/category\\\/brasil\\\/#listItem\",\"name\":\"Brasil\"}}]},{\"@type\":\"Organization\",\"@id\":\"https:\\\/\\\/newsinfoco.com.br\\\/inicio\\\/#organization\",\"name\":\"News In Foco - Editado por Caio Pimenta\",\"description\":\"O principal site de noticias de Alagoinhas e regi\\u00e3o\",\"url\":\"https:\\\/\\\/newsinfoco.com.br\\\/inicio\\\/\"},{\"@type\":\"Person\",\"@id\":\"https:\\\/\\\/newsinfoco.com.br\\\/inicio\\\/author\\\/administrador\\\/#author\",\"url\":\"https:\\\/\\\/newsinfoco.com.br\\\/inicio\\\/author\\\/administrador\\\/\",\"name\":\"administrador\",\"image\":{\"@type\":\"ImageObject\",\"@id\":\"https:\\\/\\\/newsinfoco.com.br\\\/inicio\\\/inflacao-e-maior-para-os-mais-pobres-diz-ipea\\\/#authorImage\",\"url\":\"https:\\\/\\\/secure.gravatar.com\\\/avatar\\\/c17a617433de8c1dc9584bb79aab7563b46f5bb7e1728c9b17d9cc3ce6a08e49?s=96&d=mm&r=g\",\"width\":96,\"height\":96,\"caption\":\"administrador\"}},{\"@type\":\"WebPage\",\"@id\":\"https:\\\/\\\/newsinfoco.com.br\\\/inicio\\\/inflacao-e-maior-para-os-mais-pobres-diz-ipea\\\/#webpage\",\"url\":\"https:\\\/\\\/newsinfoco.com.br\\\/inicio\\\/inflacao-e-maior-para-os-mais-pobres-diz-ipea\\\/\",\"name\":\"Infla\\u00e7\\u00e3o \\u00e9 maior para os mais pobres, diz Ipea - News In Foco - Editado por Caio Pimenta\",\"description\":\"A infla\\u00e7\\u00e3o acelerou principalmente para os consumidores mais pobres no Brasil. \\u00c9 o que indicam dados publicados neste m\\u00eas pelo Instituto de Pesquisa Econ\\u00f4mica Aplicada (Ipea). Para as fam\\u00edlias com renda domiciliar muito baixa (menos de R$ 2.105,99 por m\\u00eas), a infla\\u00e7\\u00e3o acumulada em 12 meses passou de 4,34% at\\u00e9 setembro para 4,99% at\\u00e9 outubro.\",\"inLanguage\":\"pt-BR\",\"isPartOf\":{\"@id\":\"https:\\\/\\\/newsinfoco.com.br\\\/inicio\\\/#website\"},\"breadcrumb\":{\"@id\":\"https:\\\/\\\/newsinfoco.com.br\\\/inicio\\\/inflacao-e-maior-para-os-mais-pobres-diz-ipea\\\/#breadcrumblist\"},\"author\":{\"@id\":\"https:\\\/\\\/newsinfoco.com.br\\\/inicio\\\/author\\\/administrador\\\/#author\"},\"creator\":{\"@id\":\"https:\\\/\\\/newsinfoco.com.br\\\/inicio\\\/author\\\/administrador\\\/#author\"},\"image\":{\"@type\":\"ImageObject\",\"url\":\"https:\\\/\\\/newsinfoco.com.br\\\/inicio\\\/wp-content\\\/uploads\\\/2024\\\/11\\\/ipcainflacaoimpactainvestimentos2_160920215800.jpg\",\"@id\":\"https:\\\/\\\/newsinfoco.com.br\\\/inicio\\\/inflacao-e-maior-para-os-mais-pobres-diz-ipea\\\/#mainImage\",\"width\":600,\"height\":420,\"caption\":\"In this photo illustration being displayed fifty, one hundred and two hundred reais bills and a one reais coin highlighted. The Real is the current money in Brazil\"},\"primaryImageOfPage\":{\"@id\":\"https:\\\/\\\/newsinfoco.com.br\\\/inicio\\\/inflacao-e-maior-para-os-mais-pobres-diz-ipea\\\/#mainImage\"},\"datePublished\":\"2024-11-25T13:18:19-03:00\",\"dateModified\":\"2024-11-25T13:21:28-03:00\"},{\"@type\":\"WebSite\",\"@id\":\"https:\\\/\\\/newsinfoco.com.br\\\/inicio\\\/#website\",\"url\":\"https:\\\/\\\/newsinfoco.com.br\\\/inicio\\\/\",\"name\":\"News In Foco - Editado por Caio Pimenta\",\"description\":\"O principal site de noticias de Alagoinhas e regi\\u00e3o\",\"inLanguage\":\"pt-BR\",\"publisher\":{\"@id\":\"https:\\\/\\\/newsinfoco.com.br\\\/inicio\\\/#organization\"}}]}\n\t\t<\/script>\n\t\t<!-- All in One SEO -->\n\n","aioseo_head_json":{"title":"Infla\u00e7\u00e3o \u00e9 maior para os mais pobres, diz Ipea - News In Foco - Editado por Caio Pimenta","description":"A infla\u00e7\u00e3o acelerou principalmente para os consumidores mais pobres no Brasil. \u00c9 o que indicam dados publicados neste m\u00eas pelo Instituto de Pesquisa Econ\u00f4mica Aplicada (Ipea). Para as fam\u00edlias com renda domiciliar muito baixa (menos de R$ 2.105,99 por m\u00eas), a infla\u00e7\u00e3o acumulada em 12 meses passou de 4,34% at\u00e9 setembro para 4,99% at\u00e9 outubro.","canonical_url":"https:\/\/newsinfoco.com.br\/inicio\/inflacao-e-maior-para-os-mais-pobres-diz-ipea\/","robots":"max-image-preview:large","keywords":"","webmasterTools":{"miscellaneous":""},"schema":{"@context":"https:\/\/schema.org","@graph":[{"@type":"BlogPosting","@id":"https:\/\/newsinfoco.com.br\/inicio\/inflacao-e-maior-para-os-mais-pobres-diz-ipea\/#blogposting","name":"Infla\u00e7\u00e3o \u00e9 maior para os mais pobres, diz Ipea - News In Foco - Editado por Caio Pimenta","headline":"Infla\u00e7\u00e3o \u00e9 maior para os mais pobres, diz Ipea","author":{"@id":"https:\/\/newsinfoco.com.br\/inicio\/author\/administrador\/#author"},"publisher":{"@id":"https:\/\/newsinfoco.com.br\/inicio\/#organization"},"image":{"@type":"ImageObject","url":"https:\/\/newsinfoco.com.br\/inicio\/wp-content\/uploads\/2024\/11\/ipcainflacaoimpactainvestimentos2_160920215800.jpg","width":600,"height":420,"caption":"In this photo illustration being displayed fifty, one hundred and two hundred reais bills and a one reais coin highlighted. The Real is the current money in Brazil"},"datePublished":"2024-11-25T13:18:19-03:00","dateModified":"2024-11-25T13:21:28-03:00","inLanguage":"pt-BR","mainEntityOfPage":{"@id":"https:\/\/newsinfoco.com.br\/inicio\/inflacao-e-maior-para-os-mais-pobres-diz-ipea\/#webpage"},"isPartOf":{"@id":"https:\/\/newsinfoco.com.br\/inicio\/inflacao-e-maior-para-os-mais-pobres-diz-ipea\/#webpage"},"articleSection":"Brasil"},{"@type":"BreadcrumbList","@id":"https:\/\/newsinfoco.com.br\/inicio\/inflacao-e-maior-para-os-mais-pobres-diz-ipea\/#breadcrumblist","itemListElement":[{"@type":"ListItem","@id":"https:\/\/newsinfoco.com.br\/inicio#listItem","position":1,"name":"In\u00edcio","item":"https:\/\/newsinfoco.com.br\/inicio","nextItem":{"@type":"ListItem","@id":"https:\/\/newsinfoco.com.br\/inicio\/category\/brasil\/#listItem","name":"Brasil"}},{"@type":"ListItem","@id":"https:\/\/newsinfoco.com.br\/inicio\/category\/brasil\/#listItem","position":2,"name":"Brasil","item":"https:\/\/newsinfoco.com.br\/inicio\/category\/brasil\/","nextItem":{"@type":"ListItem","@id":"https:\/\/newsinfoco.com.br\/inicio\/inflacao-e-maior-para-os-mais-pobres-diz-ipea\/#listItem","name":"Infla\u00e7\u00e3o \u00e9 maior para os mais pobres, diz Ipea"},"previousItem":{"@type":"ListItem","@id":"https:\/\/newsinfoco.com.br\/inicio#listItem","name":"In\u00edcio"}},{"@type":"ListItem","@id":"https:\/\/newsinfoco.com.br\/inicio\/inflacao-e-maior-para-os-mais-pobres-diz-ipea\/#listItem","position":3,"name":"Infla\u00e7\u00e3o \u00e9 maior para os mais pobres, diz Ipea","previousItem":{"@type":"ListItem","@id":"https:\/\/newsinfoco.com.br\/inicio\/category\/brasil\/#listItem","name":"Brasil"}}]},{"@type":"Organization","@id":"https:\/\/newsinfoco.com.br\/inicio\/#organization","name":"News In Foco - Editado por Caio Pimenta","description":"O principal site de noticias de Alagoinhas e regi\u00e3o","url":"https:\/\/newsinfoco.com.br\/inicio\/"},{"@type":"Person","@id":"https:\/\/newsinfoco.com.br\/inicio\/author\/administrador\/#author","url":"https:\/\/newsinfoco.com.br\/inicio\/author\/administrador\/","name":"administrador","image":{"@type":"ImageObject","@id":"https:\/\/newsinfoco.com.br\/inicio\/inflacao-e-maior-para-os-mais-pobres-diz-ipea\/#authorImage","url":"https:\/\/secure.gravatar.com\/avatar\/c17a617433de8c1dc9584bb79aab7563b46f5bb7e1728c9b17d9cc3ce6a08e49?s=96&d=mm&r=g","width":96,"height":96,"caption":"administrador"}},{"@type":"WebPage","@id":"https:\/\/newsinfoco.com.br\/inicio\/inflacao-e-maior-para-os-mais-pobres-diz-ipea\/#webpage","url":"https:\/\/newsinfoco.com.br\/inicio\/inflacao-e-maior-para-os-mais-pobres-diz-ipea\/","name":"Infla\u00e7\u00e3o \u00e9 maior para os mais pobres, diz Ipea - News In Foco - Editado por Caio Pimenta","description":"A infla\u00e7\u00e3o acelerou principalmente para os consumidores mais pobres no Brasil. \u00c9 o que indicam dados publicados neste m\u00eas pelo Instituto de Pesquisa Econ\u00f4mica Aplicada (Ipea). Para as fam\u00edlias com renda domiciliar muito baixa (menos de R$ 2.105,99 por m\u00eas), a infla\u00e7\u00e3o acumulada em 12 meses passou de 4,34% at\u00e9 setembro para 4,99% at\u00e9 outubro.","inLanguage":"pt-BR","isPartOf":{"@id":"https:\/\/newsinfoco.com.br\/inicio\/#website"},"breadcrumb":{"@id":"https:\/\/newsinfoco.com.br\/inicio\/inflacao-e-maior-para-os-mais-pobres-diz-ipea\/#breadcrumblist"},"author":{"@id":"https:\/\/newsinfoco.com.br\/inicio\/author\/administrador\/#author"},"creator":{"@id":"https:\/\/newsinfoco.com.br\/inicio\/author\/administrador\/#author"},"image":{"@type":"ImageObject","url":"https:\/\/newsinfoco.com.br\/inicio\/wp-content\/uploads\/2024\/11\/ipcainflacaoimpactainvestimentos2_160920215800.jpg","@id":"https:\/\/newsinfoco.com.br\/inicio\/inflacao-e-maior-para-os-mais-pobres-diz-ipea\/#mainImage","width":600,"height":420,"caption":"In this photo illustration being displayed fifty, one hundred and two hundred reais bills and a one reais coin highlighted. The Real is the current money in Brazil"},"primaryImageOfPage":{"@id":"https:\/\/newsinfoco.com.br\/inicio\/inflacao-e-maior-para-os-mais-pobres-diz-ipea\/#mainImage"},"datePublished":"2024-11-25T13:18:19-03:00","dateModified":"2024-11-25T13:21:28-03:00"},{"@type":"WebSite","@id":"https:\/\/newsinfoco.com.br\/inicio\/#website","url":"https:\/\/newsinfoco.com.br\/inicio\/","name":"News In Foco - Editado por Caio Pimenta","description":"O principal site de noticias de Alagoinhas e regi\u00e3o","inLanguage":"pt-BR","publisher":{"@id":"https:\/\/newsinfoco.com.br\/inicio\/#organization"}}]},"og:locale":"pt_BR","og:site_name":"News In Foco - Editado por Caio Pimenta - O principal site de noticias de Alagoinhas e regi\u00e3o","og:type":"article","og:title":"Infla\u00e7\u00e3o \u00e9 maior para os mais pobres, diz Ipea - News In Foco - Editado por Caio Pimenta","og:description":"A infla\u00e7\u00e3o acelerou principalmente para os consumidores mais pobres no Brasil. \u00c9 o que indicam dados publicados neste m\u00eas pelo Instituto de Pesquisa Econ\u00f4mica Aplicada (Ipea). Para as fam\u00edlias com renda domiciliar muito baixa (menos de R$ 2.105,99 por m\u00eas), a infla\u00e7\u00e3o acumulada em 12 meses passou de 4,34% at\u00e9 setembro para 4,99% at\u00e9 outubro.","og:url":"https:\/\/newsinfoco.com.br\/inicio\/inflacao-e-maior-para-os-mais-pobres-diz-ipea\/","article:published_time":"2024-11-25T16:18:19+00:00","article:modified_time":"2024-11-25T16:21:28+00:00","twitter:card":"summary_large_image","twitter:title":"Infla\u00e7\u00e3o \u00e9 maior para os mais pobres, diz Ipea - News In Foco - Editado por Caio Pimenta","twitter:description":"A infla\u00e7\u00e3o acelerou principalmente para os consumidores mais pobres no Brasil. \u00c9 o que indicam dados publicados neste m\u00eas pelo Instituto de Pesquisa Econ\u00f4mica Aplicada (Ipea). Para as fam\u00edlias com renda domiciliar muito baixa (menos de R$ 2.105,99 por m\u00eas), a infla\u00e7\u00e3o acumulada em 12 meses passou de 4,34% at\u00e9 setembro para 4,99% at\u00e9 outubro."},"aioseo_meta_data":{"post_id":"36978","title":null,"description":null,"keywords":null,"keyphrases":{"focus":{"keyphrase":"","score":0,"analysis":{"keyphraseInTitle":{"score":0,"maxScore":9,"error":1}}},"additional":[]},"primary_term":null,"canonical_url":null,"og_title":null,"og_description":null,"og_object_type":"default","og_image_type":"default","og_image_url":null,"og_image_width":null,"og_image_height":null,"og_image_custom_url":null,"og_image_custom_fields":null,"og_video":"","og_custom_url":null,"og_article_section":null,"og_article_tags":null,"twitter_use_og":false,"twitter_card":"default","twitter_image_type":"default","twitter_image_url":null,"twitter_image_custom_url":null,"twitter_image_custom_fields":null,"twitter_title":null,"twitter_description":null,"schema":{"blockGraphs":[],"customGraphs":[],"default":{"data":{"Article":[],"Course":[],"Dataset":[],"FAQPage":[],"Movie":[],"Person":[],"Product":[],"ProductReview":[],"Car":[],"Recipe":[],"Service":[],"SoftwareApplication":[],"WebPage":[]},"graphName":"BlogPosting","isEnabled":true},"graphs":[]},"schema_type":"default","schema_type_options":null,"pillar_content":false,"robots_default":true,"robots_noindex":false,"robots_noarchive":false,"robots_nosnippet":false,"robots_nofollow":false,"robots_noimageindex":false,"robots_noodp":false,"robots_notranslate":false,"robots_max_snippet":"-1","robots_max_videopreview":"-1","robots_max_imagepreview":"large","priority":null,"frequency":"default","local_seo":null,"breadcrumb_settings":null,"limit_modified_date":false,"ai":null,"created":"2024-11-25 16:18:19","updated":"2025-07-11 11:07:45","seo_analyzer_scan_date":null},"aioseo_breadcrumb":"<div class=\"aioseo-breadcrumbs\"><span class=\"aioseo-breadcrumb\">\n\t\t\t<a href=\"https:\/\/newsinfoco.com.br\/inicio\" title=\"In\u00edcio\">In\u00edcio<\/a>\n\t\t<\/span><span class=\"aioseo-breadcrumb-separator\">&raquo;<\/span><span class=\"aioseo-breadcrumb\">\n\t\t\t<a href=\"https:\/\/newsinfoco.com.br\/inicio\/category\/brasil\/\" title=\"Brasil\">Brasil<\/a>\n\t\t<\/span><span class=\"aioseo-breadcrumb-separator\">&raquo;<\/span><span class=\"aioseo-breadcrumb\">\n\t\t\tInfla\u00e7\u00e3o \u00e9 maior para os mais pobres, diz Ipea\n\t\t<\/span><\/div>","aioseo_breadcrumb_json":[{"label":"In\u00edcio","link":"https:\/\/newsinfoco.com.br\/inicio"},{"label":"Brasil","link":"https:\/\/newsinfoco.com.br\/inicio\/category\/brasil\/"},{"label":"Infla\u00e7\u00e3o \u00e9 maior para os mais pobres, diz Ipea","link":"https:\/\/newsinfoco.com.br\/inicio\/inflacao-e-maior-para-os-mais-pobres-diz-ipea\/"}],"_links":{"self":[{"href":"https:\/\/newsinfoco.com.br\/inicio\/wp-json\/wp\/v2\/posts\/36978","targetHints":{"allow":["GET"]}}],"collection":[{"href":"https:\/\/newsinfoco.com.br\/inicio\/wp-json\/wp\/v2\/posts"}],"about":[{"href":"https:\/\/newsinfoco.com.br\/inicio\/wp-json\/wp\/v2\/types\/post"}],"author":[{"embeddable":true,"href":"https:\/\/newsinfoco.com.br\/inicio\/wp-json\/wp\/v2\/users\/1"}],"replies":[{"embeddable":true,"href":"https:\/\/newsinfoco.com.br\/inicio\/wp-json\/wp\/v2\/comments?post=36978"}],"version-history":[{"count":4,"href":"https:\/\/newsinfoco.com.br\/inicio\/wp-json\/wp\/v2\/posts\/36978\/revisions"}],"predecessor-version":[{"id":36983,"href":"https:\/\/newsinfoco.com.br\/inicio\/wp-json\/wp\/v2\/posts\/36978\/revisions\/36983"}],"wp:featuredmedia":[{"embeddable":true,"href":"https:\/\/newsinfoco.com.br\/inicio\/wp-json\/wp\/v2\/media\/36979"}],"wp:attachment":[{"href":"https:\/\/newsinfoco.com.br\/inicio\/wp-json\/wp\/v2\/media?parent=36978"}],"wp:term":[{"taxonomy":"category","embeddable":true,"href":"https:\/\/newsinfoco.com.br\/inicio\/wp-json\/wp\/v2\/categories?post=36978"},{"taxonomy":"post_tag","embeddable":true,"href":"https:\/\/newsinfoco.com.br\/inicio\/wp-json\/wp\/v2\/tags?post=36978"}],"curies":[{"name":"wp","href":"https:\/\/api.w.org\/{rel}","templated":true}]}}