{"id":37011,"date":"2024-11-26T14:52:57","date_gmt":"2024-11-26T17:52:57","guid":{"rendered":"https:\/\/newsinfoco.com.br\/inicio\/?p=37011"},"modified":"2024-11-26T14:52:57","modified_gmt":"2024-11-26T17:52:57","slug":"encontros-na-casa-do-benin-abordam-ancestralidade-e-inovacao-na-cultura-negra","status":"publish","type":"post","link":"https:\/\/newsinfoco.com.br\/inicio\/encontros-na-casa-do-benin-abordam-ancestralidade-e-inovacao-na-cultura-negra\/","title":{"rendered":"Encontros na Casa do Benin abordam ancestralidade e inova\u00e7\u00e3o na cultura negra"},"content":{"rendered":"<p>Nesta ter\u00e7a (26) e na quinta-feira (28), a Casa do Benin \u00e9 palco do \u201cEncontros Negros\u201d, um evento gratuito que celebra a ancestralidade e a inova\u00e7\u00e3o da cultura negra. A programa\u00e7\u00e3o inclui rodas de conversa que abordam tecnologia, m\u00fasica, literatura e comunica\u00e7\u00e3o, sob perspectivas do universo negro. Os interessados podem garantir participa\u00e7\u00e3o atrav\u00e9s do link\u00a0<a href=\"https:\/\/www.sympla.com.br\/evento\/encontros-negros-casa-do-benin\/2731953\">https:\/\/bit.ly\/encontrosnegros24.<\/a><\/p>\n<p>A coordenadora do evento, Mirtes Santa Rosa, destaca que o projeto surgiu como uma plataforma para valorizar hist\u00f3rias positivas do povo negro, explorando perspectivas e ocupando espa\u00e7os onde, muitas vezes, a sociedade n\u00e3o espera a presen\u00e7a negra.<\/p>\n<p>\u201cN\u00e3o queremos mais uma representatividade apenas simb\u00f3lica; queremos uma representatividade que nos permita agir. O que desejamos \u00e9 que a experi\u00eancia no evento traga reflex\u00f5es, mas que tamb\u00e9m promova a\u00e7\u00f5es. Que cada pessoa participante, em cada mesa que se detenha para escutar, presenciar e viver, compreenda que podemos ser felizes todos os dias, que merecemos estar bem todos os dias\u201d, afirma.<\/p>\n<p>Uma das palestrantes do evento, a pesquisadora e p\u00f3s-doutoranda em Comunica\u00e7\u00e3o Digital, Nina Santos, ressalta a relev\u00e2ncia do Encontros Negros como um espa\u00e7o para discutir quest\u00f5es nacionais sob a perspectiva baiana. Para ela, a comunica\u00e7\u00e3o desempenha um papel fundamental nesse contexto.<\/p>\n<p>\u201cNa \u00e9poca da comunica\u00e7\u00e3o de massa, muito concentrada nos meios tradicionais, t\u00ednhamos uma grande concentra\u00e7\u00e3o desses meios nas m\u00e3os de poucas fam\u00edlias e pessoas que n\u00e3o representavam a diversidade do nosso pa\u00eds. Hoje, o ambiente digital traz uma possibilidade de diversifica\u00e7\u00e3o das vozes e potencializa a possibilidade de express\u00e3o. Tem sido muito importante para as pessoas negras conseguirem se expressar, trazerem outras vis\u00f5es de mundo, outros fatos e ideias. Isso \u00e9 bastante significativo,\u201d destaca.<\/p>\n<p><strong>Programa\u00e7\u00e3o<\/strong>\u00a0\u2013 O evento contar\u00e1 com quatro mesas de debate, sendo duas por dia. As mesas ocorrer\u00e3o sempre \u00e0s 14h30 e \u00e0s 16h30. Nesta ter\u00e7a-feira (26), o evento come\u00e7a com a mesa \u201cVozes Negras na Era Digital: A Tecnologia como Ferramenta de Empoderamento e Representatividade\u201d, com Tiago Banha e Edilene Alves, mediada por Fernanda Mattos. Em seguida ser\u00e1 a vez da mesa \u201cComposi\u00e7\u00e3o Negra: Identidade, Resist\u00eancia e Inova\u00e7\u00e3o na M\u00fasica Brasileira\u201d, com A Dama e Pierre Onassis, sob media\u00e7\u00e3o de Silvana Oliveira.<\/p>\n<p>Na quinta-feira (28), a programa\u00e7\u00e3o segue com a mesa \u201cComunica\u00e7\u00e3o e Representatividade: A Voz da Comunidade Negra na M\u00eddia\u201d, com Nina Santos e Igor DSN, mediada por Luciane Neves, e encerra com a mesa \u201cLiteratura Negra: Vozes, Narrativas e Resist\u00eancia\u201d, que contar\u00e1 com a participa\u00e7\u00e3o de Elisa Lucinda e Quito Ribeiro, mediada por Tom Correia.<\/p>\n<p><strong>Realiza\u00e7\u00e3o\u00a0<\/strong>\u2013 O projeto Encontros Negros \u00e9 promovido pela Umbu Comunica\u00e7\u00e3o &amp; Cultura, com o apoio da Casa do Benin, por meio da Funda\u00e7\u00e3o Greg\u00f3rio de Matos (FGM) e da Secretaria de Cultura e Turismo de Salvador (Secult), dentre outros parceiros.<\/p>\n<p>O gestor da Casa do Benin, Igor Tiago, celebra com entusiasmo a realiza\u00e7\u00e3o do evento no espa\u00e7o cultural. \u201cAcredito que o Encontros Negros ser\u00e1 de grande relev\u00e2ncia, funcionando como uma plataforma essencial para debater quest\u00f5es raciais e sociais e promover a conscientiza\u00e7\u00e3o sobre a hist\u00f3ria e as contribui\u00e7\u00f5es do povo negro \u00e0 sociedade. Ter a Casa do Benin como ponto de encontro, tanto f\u00edsico quanto simb\u00f3lico, para o compartilhamento dessas experi\u00eancias, s\u00f3 fortalece e amplia nosso alcance\u201d, conclui.<\/p>\n<p>Bahia.ba<\/p>\n<div>\n<div class=\"trv-player-container\">\n<div class=\"trv-wrapper\">\n<div id=\"br_video_player_40bf252ebc68d2921a7e1d5d558f2e9dc3c659f9\" class=\"trvd_video_player\">\n<div class=\"trv-autoskip-container\">\n<div class=\"autoskip-btn autoskip-btn-blue\"><\/div>\n<div class=\"autoskip-btn autoskip-btn-gray\"><\/div>\n<\/div>\n<div><\/div>\n<p><img decoding=\"async\" src=\"https:\/\/ads.stickyadstv.com\/auto-user-sync?_fw_gdpr=0&amp;_fw_gdpr_consent=\" \/><img decoding=\"async\" src=\"https:\/\/ads.stickyadstv.com\/user-matching?id=2545&amp;_fw_gdpr=0&amp;_fw_gdpr_consent=\" \/><\/div>\n<\/div>\n<\/div>\n<\/div>\n<div class='share-to-whatsapp-wrapper'><div class='share-on-whsp'>Share on: <\/div><a data-text='Encontros na Casa do Benin abordam ancestralidade e inova\u00e7\u00e3o na cultura negra' data-link='https:\/\/newsinfoco.com.br\/inicio\/encontros-na-casa-do-benin-abordam-ancestralidade-e-inovacao-na-cultura-negra\/' class='whatsapp-button whatsapp-share'>WhatsApp<\/a><div class='clear '><\/div><\/div>","protected":false},"excerpt":{"rendered":"<p>Nesta ter\u00e7a (26) e na quinta-feira (28), a Casa do Benin \u00e9 palco do \u201cEncontros Negros\u201d, um evento gratuito que celebra a ancestralidade e a inova\u00e7\u00e3o da cultura negra. A programa\u00e7\u00e3o inclui rodas de conversa que abordam tecnologia, m\u00fasica, literatura e comunica\u00e7\u00e3o, sob perspectivas do universo negro. Os interessados podem garantir participa\u00e7\u00e3o atrav\u00e9s do link\u00a0https:\/\/bit.ly\/encontrosnegros24. [&hellip;]<\/p>\n","protected":false},"author":1,"featured_media":37012,"comment_status":"closed","ping_status":"closed","sticky":false,"template":"","format":"standard","meta":{"om_disable_all_campaigns":false,"rop_custom_images_group":[],"rop_custom_messages_group":[],"rop_publish_now":"initial","rop_publish_now_accounts":[],"rop_publish_now_history":[],"rop_publish_now_status":"pending","_exactmetrics_skip_tracking":false,"footnotes":""},"categories":[19],"tags":[],"class_list":["post-37011","post","type-post","status-publish","format-standard","has-post-thumbnail","hentry","category-bahia"],"aioseo_notices":[],"aioseo_head":"\n\t\t<!-- All in One SEO 4.9.10 - aioseo.com -->\n\t<meta name=\"description\" content=\"Nesta ter\u00e7a (26) e na quinta-feira (28), a Casa do Benin \u00e9 palco do \u201cEncontros Negros\u201d, um evento gratuito que celebra a ancestralidade e a inova\u00e7\u00e3o da cultura negra. A programa\u00e7\u00e3o inclui rodas de conversa que abordam tecnologia, m\u00fasica, literatura e comunica\u00e7\u00e3o, sob perspectivas do universo negro. Os interessados podem garantir participa\u00e7\u00e3o atrav\u00e9s do link https:\/\/bit.ly\/encontrosnegros24.\" \/>\n\t<meta name=\"robots\" content=\"max-image-preview:large\" \/>\n\t<meta name=\"author\" content=\"administrador\"\/>\n\t<link rel=\"canonical\" href=\"https:\/\/newsinfoco.com.br\/inicio\/encontros-na-casa-do-benin-abordam-ancestralidade-e-inovacao-na-cultura-negra\/\" \/>\n\t<meta name=\"generator\" content=\"All in One SEO (AIOSEO) 4.9.10\" \/>\n\t\t<meta property=\"og:locale\" content=\"pt_BR\" \/>\n\t\t<meta property=\"og:site_name\" content=\"News In Foco - Editado por Caio Pimenta - O principal site de noticias de Alagoinhas e regi\u00e3o\" \/>\n\t\t<meta property=\"og:type\" content=\"article\" \/>\n\t\t<meta property=\"og:title\" content=\"Encontros na Casa do Benin abordam ancestralidade e inova\u00e7\u00e3o na cultura negra - News In Foco - Editado por Caio Pimenta\" \/>\n\t\t<meta property=\"og:description\" content=\"Nesta ter\u00e7a (26) e na quinta-feira (28), a Casa do Benin \u00e9 palco do \u201cEncontros Negros\u201d, um evento gratuito que celebra a ancestralidade e a inova\u00e7\u00e3o da cultura negra. A programa\u00e7\u00e3o inclui rodas de conversa que abordam tecnologia, m\u00fasica, literatura e comunica\u00e7\u00e3o, sob perspectivas do universo negro. Os interessados podem garantir participa\u00e7\u00e3o atrav\u00e9s do link https:\/\/bit.ly\/encontrosnegros24.\" \/>\n\t\t<meta property=\"og:url\" content=\"https:\/\/newsinfoco.com.br\/inicio\/encontros-na-casa-do-benin-abordam-ancestralidade-e-inovacao-na-cultura-negra\/\" \/>\n\t\t<meta property=\"article:published_time\" content=\"2024-11-26T17:52:57+00:00\" \/>\n\t\t<meta property=\"article:modified_time\" content=\"2024-11-26T17:52:57+00:00\" \/>\n\t\t<meta name=\"twitter:card\" content=\"summary_large_image\" \/>\n\t\t<meta name=\"twitter:title\" content=\"Encontros na Casa do Benin abordam ancestralidade e inova\u00e7\u00e3o na cultura negra - News In Foco - Editado por Caio Pimenta\" \/>\n\t\t<meta name=\"twitter:description\" content=\"Nesta ter\u00e7a (26) e na quinta-feira (28), a Casa do Benin \u00e9 palco do \u201cEncontros Negros\u201d, um evento gratuito que celebra a ancestralidade e a inova\u00e7\u00e3o da cultura negra. A programa\u00e7\u00e3o inclui rodas de conversa que abordam tecnologia, m\u00fasica, literatura e comunica\u00e7\u00e3o, sob perspectivas do universo negro. Os interessados podem garantir participa\u00e7\u00e3o atrav\u00e9s do link https:\/\/bit.ly\/encontrosnegros24.\" \/>\n\t\t<script type=\"application\/ld+json\" class=\"aioseo-schema\">\n\t\t\t{\"@context\":\"https:\\\/\\\/schema.org\",\"@graph\":[{\"@type\":\"BlogPosting\",\"@id\":\"https:\\\/\\\/newsinfoco.com.br\\\/inicio\\\/encontros-na-casa-do-benin-abordam-ancestralidade-e-inovacao-na-cultura-negra\\\/#blogposting\",\"name\":\"Encontros na Casa do Benin abordam ancestralidade e inova\\u00e7\\u00e3o na cultura negra - News In Foco - Editado por Caio Pimenta\",\"headline\":\"Encontros na Casa do Benin abordam ancestralidade e inova\\u00e7\\u00e3o na cultura negra\",\"author\":{\"@id\":\"https:\\\/\\\/newsinfoco.com.br\\\/inicio\\\/author\\\/administrador\\\/#author\"},\"publisher\":{\"@id\":\"https:\\\/\\\/newsinfoco.com.br\\\/inicio\\\/#organization\"},\"image\":{\"@type\":\"ImageObject\",\"url\":\"https:\\\/\\\/newsinfoco.com.br\\\/inicio\\\/wp-content\\\/uploads\\\/2024\\\/11\\\/20_07_2023_Casa-do-Benin_Foto_Jefferson-Peixoto_Secom_Pms-1.jpg\",\"width\":600,\"height\":420,\"caption\":\"CREATOR: gd-jpeg v1.0 (using IJG JPEG v62), quality = 75\"},\"datePublished\":\"2024-11-26T14:52:57-03:00\",\"dateModified\":\"2024-11-26T14:52:57-03:00\",\"inLanguage\":\"pt-BR\",\"mainEntityOfPage\":{\"@id\":\"https:\\\/\\\/newsinfoco.com.br\\\/inicio\\\/encontros-na-casa-do-benin-abordam-ancestralidade-e-inovacao-na-cultura-negra\\\/#webpage\"},\"isPartOf\":{\"@id\":\"https:\\\/\\\/newsinfoco.com.br\\\/inicio\\\/encontros-na-casa-do-benin-abordam-ancestralidade-e-inovacao-na-cultura-negra\\\/#webpage\"},\"articleSection\":\"Bahia\"},{\"@type\":\"BreadcrumbList\",\"@id\":\"https:\\\/\\\/newsinfoco.com.br\\\/inicio\\\/encontros-na-casa-do-benin-abordam-ancestralidade-e-inovacao-na-cultura-negra\\\/#breadcrumblist\",\"itemListElement\":[{\"@type\":\"ListItem\",\"@id\":\"https:\\\/\\\/newsinfoco.com.br\\\/inicio#listItem\",\"position\":1,\"name\":\"In\\u00edcio\",\"item\":\"https:\\\/\\\/newsinfoco.com.br\\\/inicio\",\"nextItem\":{\"@type\":\"ListItem\",\"@id\":\"https:\\\/\\\/newsinfoco.com.br\\\/inicio\\\/category\\\/bahia\\\/#listItem\",\"name\":\"Bahia\"}},{\"@type\":\"ListItem\",\"@id\":\"https:\\\/\\\/newsinfoco.com.br\\\/inicio\\\/category\\\/bahia\\\/#listItem\",\"position\":2,\"name\":\"Bahia\",\"item\":\"https:\\\/\\\/newsinfoco.com.br\\\/inicio\\\/category\\\/bahia\\\/\",\"nextItem\":{\"@type\":\"ListItem\",\"@id\":\"https:\\\/\\\/newsinfoco.com.br\\\/inicio\\\/encontros-na-casa-do-benin-abordam-ancestralidade-e-inovacao-na-cultura-negra\\\/#listItem\",\"name\":\"Encontros na Casa do Benin abordam ancestralidade e inova\\u00e7\\u00e3o na cultura negra\"},\"previousItem\":{\"@type\":\"ListItem\",\"@id\":\"https:\\\/\\\/newsinfoco.com.br\\\/inicio#listItem\",\"name\":\"In\\u00edcio\"}},{\"@type\":\"ListItem\",\"@id\":\"https:\\\/\\\/newsinfoco.com.br\\\/inicio\\\/encontros-na-casa-do-benin-abordam-ancestralidade-e-inovacao-na-cultura-negra\\\/#listItem\",\"position\":3,\"name\":\"Encontros na Casa do Benin abordam ancestralidade e inova\\u00e7\\u00e3o na cultura negra\",\"previousItem\":{\"@type\":\"ListItem\",\"@id\":\"https:\\\/\\\/newsinfoco.com.br\\\/inicio\\\/category\\\/bahia\\\/#listItem\",\"name\":\"Bahia\"}}]},{\"@type\":\"Organization\",\"@id\":\"https:\\\/\\\/newsinfoco.com.br\\\/inicio\\\/#organization\",\"name\":\"News In Foco - Editado por Caio Pimenta\",\"description\":\"O principal site de noticias de Alagoinhas e regi\\u00e3o\",\"url\":\"https:\\\/\\\/newsinfoco.com.br\\\/inicio\\\/\"},{\"@type\":\"Person\",\"@id\":\"https:\\\/\\\/newsinfoco.com.br\\\/inicio\\\/author\\\/administrador\\\/#author\",\"url\":\"https:\\\/\\\/newsinfoco.com.br\\\/inicio\\\/author\\\/administrador\\\/\",\"name\":\"administrador\",\"image\":{\"@type\":\"ImageObject\",\"@id\":\"https:\\\/\\\/newsinfoco.com.br\\\/inicio\\\/encontros-na-casa-do-benin-abordam-ancestralidade-e-inovacao-na-cultura-negra\\\/#authorImage\",\"url\":\"https:\\\/\\\/secure.gravatar.com\\\/avatar\\\/c17a617433de8c1dc9584bb79aab7563b46f5bb7e1728c9b17d9cc3ce6a08e49?s=96&d=mm&r=g\",\"width\":96,\"height\":96,\"caption\":\"administrador\"}},{\"@type\":\"WebPage\",\"@id\":\"https:\\\/\\\/newsinfoco.com.br\\\/inicio\\\/encontros-na-casa-do-benin-abordam-ancestralidade-e-inovacao-na-cultura-negra\\\/#webpage\",\"url\":\"https:\\\/\\\/newsinfoco.com.br\\\/inicio\\\/encontros-na-casa-do-benin-abordam-ancestralidade-e-inovacao-na-cultura-negra\\\/\",\"name\":\"Encontros na Casa do Benin abordam ancestralidade e inova\\u00e7\\u00e3o na cultura negra - News In Foco - Editado por Caio Pimenta\",\"description\":\"Nesta ter\\u00e7a (26) e na quinta-feira (28), a Casa do Benin \\u00e9 palco do \\u201cEncontros Negros\\u201d, um evento gratuito que celebra a ancestralidade e a inova\\u00e7\\u00e3o da cultura negra. A programa\\u00e7\\u00e3o inclui rodas de conversa que abordam tecnologia, m\\u00fasica, literatura e comunica\\u00e7\\u00e3o, sob perspectivas do universo negro. Os interessados podem garantir participa\\u00e7\\u00e3o atrav\\u00e9s do link https:\\\/\\\/bit.ly\\\/encontrosnegros24.\",\"inLanguage\":\"pt-BR\",\"isPartOf\":{\"@id\":\"https:\\\/\\\/newsinfoco.com.br\\\/inicio\\\/#website\"},\"breadcrumb\":{\"@id\":\"https:\\\/\\\/newsinfoco.com.br\\\/inicio\\\/encontros-na-casa-do-benin-abordam-ancestralidade-e-inovacao-na-cultura-negra\\\/#breadcrumblist\"},\"author\":{\"@id\":\"https:\\\/\\\/newsinfoco.com.br\\\/inicio\\\/author\\\/administrador\\\/#author\"},\"creator\":{\"@id\":\"https:\\\/\\\/newsinfoco.com.br\\\/inicio\\\/author\\\/administrador\\\/#author\"},\"image\":{\"@type\":\"ImageObject\",\"url\":\"https:\\\/\\\/newsinfoco.com.br\\\/inicio\\\/wp-content\\\/uploads\\\/2024\\\/11\\\/20_07_2023_Casa-do-Benin_Foto_Jefferson-Peixoto_Secom_Pms-1.jpg\",\"@id\":\"https:\\\/\\\/newsinfoco.com.br\\\/inicio\\\/encontros-na-casa-do-benin-abordam-ancestralidade-e-inovacao-na-cultura-negra\\\/#mainImage\",\"width\":600,\"height\":420,\"caption\":\"CREATOR: gd-jpeg v1.0 (using IJG JPEG v62), quality = 75\"},\"primaryImageOfPage\":{\"@id\":\"https:\\\/\\\/newsinfoco.com.br\\\/inicio\\\/encontros-na-casa-do-benin-abordam-ancestralidade-e-inovacao-na-cultura-negra\\\/#mainImage\"},\"datePublished\":\"2024-11-26T14:52:57-03:00\",\"dateModified\":\"2024-11-26T14:52:57-03:00\"},{\"@type\":\"WebSite\",\"@id\":\"https:\\\/\\\/newsinfoco.com.br\\\/inicio\\\/#website\",\"url\":\"https:\\\/\\\/newsinfoco.com.br\\\/inicio\\\/\",\"name\":\"News In Foco - Editado por Caio Pimenta\",\"description\":\"O principal site de noticias de Alagoinhas e regi\\u00e3o\",\"inLanguage\":\"pt-BR\",\"publisher\":{\"@id\":\"https:\\\/\\\/newsinfoco.com.br\\\/inicio\\\/#organization\"}}]}\n\t\t<\/script>\n\t\t<!-- All in One SEO -->\n\n","aioseo_head_json":{"title":"Encontros na Casa do Benin abordam ancestralidade e inova\u00e7\u00e3o na cultura negra - News In Foco - Editado por Caio Pimenta","description":"Nesta ter\u00e7a (26) e na quinta-feira (28), a Casa do Benin \u00e9 palco do \u201cEncontros Negros\u201d, um evento gratuito que celebra a ancestralidade e a inova\u00e7\u00e3o da cultura negra. A programa\u00e7\u00e3o inclui rodas de conversa que abordam tecnologia, m\u00fasica, literatura e comunica\u00e7\u00e3o, sob perspectivas do universo negro. Os interessados podem garantir participa\u00e7\u00e3o atrav\u00e9s do link https:\/\/bit.ly\/encontrosnegros24.","canonical_url":"https:\/\/newsinfoco.com.br\/inicio\/encontros-na-casa-do-benin-abordam-ancestralidade-e-inovacao-na-cultura-negra\/","robots":"max-image-preview:large","keywords":"","webmasterTools":{"miscellaneous":""},"schema":{"@context":"https:\/\/schema.org","@graph":[{"@type":"BlogPosting","@id":"https:\/\/newsinfoco.com.br\/inicio\/encontros-na-casa-do-benin-abordam-ancestralidade-e-inovacao-na-cultura-negra\/#blogposting","name":"Encontros na Casa do Benin abordam ancestralidade e inova\u00e7\u00e3o na cultura negra - News In Foco - Editado por Caio Pimenta","headline":"Encontros na Casa do Benin abordam ancestralidade e inova\u00e7\u00e3o na cultura negra","author":{"@id":"https:\/\/newsinfoco.com.br\/inicio\/author\/administrador\/#author"},"publisher":{"@id":"https:\/\/newsinfoco.com.br\/inicio\/#organization"},"image":{"@type":"ImageObject","url":"https:\/\/newsinfoco.com.br\/inicio\/wp-content\/uploads\/2024\/11\/20_07_2023_Casa-do-Benin_Foto_Jefferson-Peixoto_Secom_Pms-1.jpg","width":600,"height":420,"caption":"CREATOR: gd-jpeg v1.0 (using IJG JPEG v62), quality = 75"},"datePublished":"2024-11-26T14:52:57-03:00","dateModified":"2024-11-26T14:52:57-03:00","inLanguage":"pt-BR","mainEntityOfPage":{"@id":"https:\/\/newsinfoco.com.br\/inicio\/encontros-na-casa-do-benin-abordam-ancestralidade-e-inovacao-na-cultura-negra\/#webpage"},"isPartOf":{"@id":"https:\/\/newsinfoco.com.br\/inicio\/encontros-na-casa-do-benin-abordam-ancestralidade-e-inovacao-na-cultura-negra\/#webpage"},"articleSection":"Bahia"},{"@type":"BreadcrumbList","@id":"https:\/\/newsinfoco.com.br\/inicio\/encontros-na-casa-do-benin-abordam-ancestralidade-e-inovacao-na-cultura-negra\/#breadcrumblist","itemListElement":[{"@type":"ListItem","@id":"https:\/\/newsinfoco.com.br\/inicio#listItem","position":1,"name":"In\u00edcio","item":"https:\/\/newsinfoco.com.br\/inicio","nextItem":{"@type":"ListItem","@id":"https:\/\/newsinfoco.com.br\/inicio\/category\/bahia\/#listItem","name":"Bahia"}},{"@type":"ListItem","@id":"https:\/\/newsinfoco.com.br\/inicio\/category\/bahia\/#listItem","position":2,"name":"Bahia","item":"https:\/\/newsinfoco.com.br\/inicio\/category\/bahia\/","nextItem":{"@type":"ListItem","@id":"https:\/\/newsinfoco.com.br\/inicio\/encontros-na-casa-do-benin-abordam-ancestralidade-e-inovacao-na-cultura-negra\/#listItem","name":"Encontros na Casa do Benin abordam ancestralidade e inova\u00e7\u00e3o na cultura negra"},"previousItem":{"@type":"ListItem","@id":"https:\/\/newsinfoco.com.br\/inicio#listItem","name":"In\u00edcio"}},{"@type":"ListItem","@id":"https:\/\/newsinfoco.com.br\/inicio\/encontros-na-casa-do-benin-abordam-ancestralidade-e-inovacao-na-cultura-negra\/#listItem","position":3,"name":"Encontros na Casa do Benin abordam ancestralidade e inova\u00e7\u00e3o na cultura negra","previousItem":{"@type":"ListItem","@id":"https:\/\/newsinfoco.com.br\/inicio\/category\/bahia\/#listItem","name":"Bahia"}}]},{"@type":"Organization","@id":"https:\/\/newsinfoco.com.br\/inicio\/#organization","name":"News In Foco - Editado por Caio Pimenta","description":"O principal site de noticias de Alagoinhas e regi\u00e3o","url":"https:\/\/newsinfoco.com.br\/inicio\/"},{"@type":"Person","@id":"https:\/\/newsinfoco.com.br\/inicio\/author\/administrador\/#author","url":"https:\/\/newsinfoco.com.br\/inicio\/author\/administrador\/","name":"administrador","image":{"@type":"ImageObject","@id":"https:\/\/newsinfoco.com.br\/inicio\/encontros-na-casa-do-benin-abordam-ancestralidade-e-inovacao-na-cultura-negra\/#authorImage","url":"https:\/\/secure.gravatar.com\/avatar\/c17a617433de8c1dc9584bb79aab7563b46f5bb7e1728c9b17d9cc3ce6a08e49?s=96&d=mm&r=g","width":96,"height":96,"caption":"administrador"}},{"@type":"WebPage","@id":"https:\/\/newsinfoco.com.br\/inicio\/encontros-na-casa-do-benin-abordam-ancestralidade-e-inovacao-na-cultura-negra\/#webpage","url":"https:\/\/newsinfoco.com.br\/inicio\/encontros-na-casa-do-benin-abordam-ancestralidade-e-inovacao-na-cultura-negra\/","name":"Encontros na Casa do Benin abordam ancestralidade e inova\u00e7\u00e3o na cultura negra - News In Foco - Editado por Caio Pimenta","description":"Nesta ter\u00e7a (26) e na quinta-feira (28), a Casa do Benin \u00e9 palco do \u201cEncontros Negros\u201d, um evento gratuito que celebra a ancestralidade e a inova\u00e7\u00e3o da cultura negra. A programa\u00e7\u00e3o inclui rodas de conversa que abordam tecnologia, m\u00fasica, literatura e comunica\u00e7\u00e3o, sob perspectivas do universo negro. Os interessados podem garantir participa\u00e7\u00e3o atrav\u00e9s do link https:\/\/bit.ly\/encontrosnegros24.","inLanguage":"pt-BR","isPartOf":{"@id":"https:\/\/newsinfoco.com.br\/inicio\/#website"},"breadcrumb":{"@id":"https:\/\/newsinfoco.com.br\/inicio\/encontros-na-casa-do-benin-abordam-ancestralidade-e-inovacao-na-cultura-negra\/#breadcrumblist"},"author":{"@id":"https:\/\/newsinfoco.com.br\/inicio\/author\/administrador\/#author"},"creator":{"@id":"https:\/\/newsinfoco.com.br\/inicio\/author\/administrador\/#author"},"image":{"@type":"ImageObject","url":"https:\/\/newsinfoco.com.br\/inicio\/wp-content\/uploads\/2024\/11\/20_07_2023_Casa-do-Benin_Foto_Jefferson-Peixoto_Secom_Pms-1.jpg","@id":"https:\/\/newsinfoco.com.br\/inicio\/encontros-na-casa-do-benin-abordam-ancestralidade-e-inovacao-na-cultura-negra\/#mainImage","width":600,"height":420,"caption":"CREATOR: gd-jpeg v1.0 (using IJG JPEG v62), quality = 75"},"primaryImageOfPage":{"@id":"https:\/\/newsinfoco.com.br\/inicio\/encontros-na-casa-do-benin-abordam-ancestralidade-e-inovacao-na-cultura-negra\/#mainImage"},"datePublished":"2024-11-26T14:52:57-03:00","dateModified":"2024-11-26T14:52:57-03:00"},{"@type":"WebSite","@id":"https:\/\/newsinfoco.com.br\/inicio\/#website","url":"https:\/\/newsinfoco.com.br\/inicio\/","name":"News In Foco - Editado por Caio Pimenta","description":"O principal site de noticias de Alagoinhas e regi\u00e3o","inLanguage":"pt-BR","publisher":{"@id":"https:\/\/newsinfoco.com.br\/inicio\/#organization"}}]},"og:locale":"pt_BR","og:site_name":"News In Foco - Editado por Caio Pimenta - O principal site de noticias de Alagoinhas e regi\u00e3o","og:type":"article","og:title":"Encontros na Casa do Benin abordam ancestralidade e inova\u00e7\u00e3o na cultura negra - News In Foco - Editado por Caio Pimenta","og:description":"Nesta ter\u00e7a (26) e na quinta-feira (28), a Casa do Benin \u00e9 palco do \u201cEncontros Negros\u201d, um evento gratuito que celebra a ancestralidade e a inova\u00e7\u00e3o da cultura negra. A programa\u00e7\u00e3o inclui rodas de conversa que abordam tecnologia, m\u00fasica, literatura e comunica\u00e7\u00e3o, sob perspectivas do universo negro. Os interessados podem garantir participa\u00e7\u00e3o atrav\u00e9s do link https:\/\/bit.ly\/encontrosnegros24.","og:url":"https:\/\/newsinfoco.com.br\/inicio\/encontros-na-casa-do-benin-abordam-ancestralidade-e-inovacao-na-cultura-negra\/","article:published_time":"2024-11-26T17:52:57+00:00","article:modified_time":"2024-11-26T17:52:57+00:00","twitter:card":"summary_large_image","twitter:title":"Encontros na Casa do Benin abordam ancestralidade e inova\u00e7\u00e3o na cultura negra - News In Foco - Editado por Caio Pimenta","twitter:description":"Nesta ter\u00e7a (26) e na quinta-feira (28), a Casa do Benin \u00e9 palco do \u201cEncontros Negros\u201d, um evento gratuito que celebra a ancestralidade e a inova\u00e7\u00e3o da cultura negra. A programa\u00e7\u00e3o inclui rodas de conversa que abordam tecnologia, m\u00fasica, literatura e comunica\u00e7\u00e3o, sob perspectivas do universo negro. Os interessados podem garantir participa\u00e7\u00e3o atrav\u00e9s do link https:\/\/bit.ly\/encontrosnegros24."},"aioseo_meta_data":{"post_id":"37011","title":null,"description":null,"keywords":null,"keyphrases":{"focus":{"keyphrase":"","score":0,"analysis":{"keyphraseInTitle":{"score":0,"maxScore":9,"error":1}}},"additional":[]},"primary_term":null,"canonical_url":null,"og_title":null,"og_description":null,"og_object_type":"default","og_image_type":"default","og_image_url":null,"og_image_width":null,"og_image_height":null,"og_image_custom_url":null,"og_image_custom_fields":null,"og_video":"","og_custom_url":null,"og_article_section":null,"og_article_tags":null,"twitter_use_og":false,"twitter_card":"default","twitter_image_type":"default","twitter_image_url":null,"twitter_image_custom_url":null,"twitter_image_custom_fields":null,"twitter_title":null,"twitter_description":null,"schema":{"blockGraphs":[],"customGraphs":[],"default":{"data":{"Article":[],"Course":[],"Dataset":[],"FAQPage":[],"Movie":[],"Person":[],"Product":[],"ProductReview":[],"Car":[],"Recipe":[],"Service":[],"SoftwareApplication":[],"WebPage":[]},"graphName":"BlogPosting","isEnabled":true},"graphs":[]},"schema_type":"default","schema_type_options":null,"pillar_content":false,"robots_default":true,"robots_noindex":false,"robots_noarchive":false,"robots_nosnippet":false,"robots_nofollow":false,"robots_noimageindex":false,"robots_noodp":false,"robots_notranslate":false,"robots_max_snippet":"-1","robots_max_videopreview":"-1","robots_max_imagepreview":"large","priority":null,"frequency":"default","local_seo":null,"breadcrumb_settings":null,"limit_modified_date":false,"ai":null,"created":"2024-11-26 17:52:57","updated":"2025-07-11 11:07:45","seo_analyzer_scan_date":null},"aioseo_breadcrumb":"<div class=\"aioseo-breadcrumbs\"><span class=\"aioseo-breadcrumb\">\n\t\t\t<a href=\"https:\/\/newsinfoco.com.br\/inicio\" title=\"In\u00edcio\">In\u00edcio<\/a>\n\t\t<\/span><span class=\"aioseo-breadcrumb-separator\">&raquo;<\/span><span class=\"aioseo-breadcrumb\">\n\t\t\t<a href=\"https:\/\/newsinfoco.com.br\/inicio\/category\/bahia\/\" title=\"Bahia\">Bahia<\/a>\n\t\t<\/span><span class=\"aioseo-breadcrumb-separator\">&raquo;<\/span><span class=\"aioseo-breadcrumb\">\n\t\t\tEncontros na Casa do Benin abordam ancestralidade e inova\u00e7\u00e3o na cultura negra\n\t\t<\/span><\/div>","aioseo_breadcrumb_json":[{"label":"In\u00edcio","link":"https:\/\/newsinfoco.com.br\/inicio"},{"label":"Bahia","link":"https:\/\/newsinfoco.com.br\/inicio\/category\/bahia\/"},{"label":"Encontros na Casa do Benin abordam ancestralidade e inova\u00e7\u00e3o na cultura negra","link":"https:\/\/newsinfoco.com.br\/inicio\/encontros-na-casa-do-benin-abordam-ancestralidade-e-inovacao-na-cultura-negra\/"}],"_links":{"self":[{"href":"https:\/\/newsinfoco.com.br\/inicio\/wp-json\/wp\/v2\/posts\/37011","targetHints":{"allow":["GET"]}}],"collection":[{"href":"https:\/\/newsinfoco.com.br\/inicio\/wp-json\/wp\/v2\/posts"}],"about":[{"href":"https:\/\/newsinfoco.com.br\/inicio\/wp-json\/wp\/v2\/types\/post"}],"author":[{"embeddable":true,"href":"https:\/\/newsinfoco.com.br\/inicio\/wp-json\/wp\/v2\/users\/1"}],"replies":[{"embeddable":true,"href":"https:\/\/newsinfoco.com.br\/inicio\/wp-json\/wp\/v2\/comments?post=37011"}],"version-history":[{"count":1,"href":"https:\/\/newsinfoco.com.br\/inicio\/wp-json\/wp\/v2\/posts\/37011\/revisions"}],"predecessor-version":[{"id":37013,"href":"https:\/\/newsinfoco.com.br\/inicio\/wp-json\/wp\/v2\/posts\/37011\/revisions\/37013"}],"wp:featuredmedia":[{"embeddable":true,"href":"https:\/\/newsinfoco.com.br\/inicio\/wp-json\/wp\/v2\/media\/37012"}],"wp:attachment":[{"href":"https:\/\/newsinfoco.com.br\/inicio\/wp-json\/wp\/v2\/media?parent=37011"}],"wp:term":[{"taxonomy":"category","embeddable":true,"href":"https:\/\/newsinfoco.com.br\/inicio\/wp-json\/wp\/v2\/categories?post=37011"},{"taxonomy":"post_tag","embeddable":true,"href":"https:\/\/newsinfoco.com.br\/inicio\/wp-json\/wp\/v2\/tags?post=37011"}],"curies":[{"name":"wp","href":"https:\/\/api.w.org\/{rel}","templated":true}]}}