{"id":37023,"date":"2024-11-26T16:29:24","date_gmt":"2024-11-26T19:29:24","guid":{"rendered":"https:\/\/newsinfoco.com.br\/inicio\/?p=37023"},"modified":"2024-11-26T16:29:24","modified_gmt":"2024-11-26T19:29:24","slug":"transnordestina-turistica-e-realmente-uma-prioridade","status":"publish","type":"post","link":"https:\/\/newsinfoco.com.br\/inicio\/transnordestina-turistica-e-realmente-uma-prioridade\/","title":{"rendered":"Transnordestina tur\u00edstica \u00e9 realmente uma prioridade?"},"content":{"rendered":"<p>Diante de outros projetos estruturante sem conclus\u00e3o, o governo Lula tem uma ideia \u00a0atrativa, mas ser\u00e1 que vi\u00e1vel e priorit\u00e1ria? O que parecia ser invi\u00e1vel pode se tornar poss\u00edvel. Est\u00e1 em discuss\u00e3o a constru\u00e7\u00e3o de uma <a href=\"https:\/\/atarde.com.br\/?q=transnordestina&amp;d=1\" target=\"_blank\" rel=\"noopener\" data-rel-defined=\"\">&#8216;Transnordestina tur\u00edstica<\/a>&#8216;, uma linha f\u00e9rrea ligando diversos estados da regi\u00e3o pelo litoral. A informa\u00e7\u00e3o foi divulgada pelo governador do Cear\u00e1, Elmano de Freitas (PT), em entrevista ao jornal Di\u00e1rio do Nordeste.<\/p>\n<p>O\u00a0Portal A Tarde\u00a0confirmou a informa\u00e7\u00e3o com a presidente da\u00a0<a href=\"https:\/\/atarde.com.br\/?q=CTB&amp;d=1\" target=\"_blank\" rel=\"noopener\" data-rel-defined=\"\">Companhia de Transportes da Bahia (CTB)<\/a>, Ana Cl\u00e1udia Nascimento. Ela informou que o projeto de autoria do Governo Federal ainda est\u00e1 em fase inicial de estudos e prev\u00ea paradas por todas as capitais do Nordeste.<\/p>\n<p>O trem de passageiros partiria de Teresina, no Piau\u00ed, passaria pelo Delta do Parna\u00edba, situado entre os estados do Maranh\u00e3o e Piau\u00ed, e seguiria pelo litoral at\u00e9 Salvador.<\/p>\n<p>O governador cearense avalia que a constru\u00e7\u00e3o da ferrovia poder\u00e1 estimular o turismo na regi\u00e3o, mas que o projeto depende da viabilidade econ\u00f4mica para sair do papel.<\/p>\n<p>\u201cTodo mundo ganha, e voc\u00ea passaria a trabalhar o turismo n\u00e3o s\u00f3 no Cear\u00e1 e na Bahia, mas sim o turismo no Nordeste brasileiro. Ent\u00e3o seria um baita ganho para todos, em vez de os estados estarem competindo um com o outro\u201d, afirma.<\/p>\n<div id=\"dmh-h-par2\" class=\"jba filled\" data-google-query-id=\"CKfZu_fa-okDFflM3QIdzXUTUA\">\n<article id=\"article\">\u201cUm trem s\u00f3 para passageiro precisa de estudo econ\u00f4mico para saber se tem demanda, por exemplo, para um trem mais r\u00e1pido. Porque \u00e9 um investimento elevado, nenhuma empresa vai fazer isso sem demanda\u201d, acrescentou o gestor.<\/p>\n<\/article>\n<div id=\"dm-h-destaque2\" class=\"jba filled\" data-google-query-id=\"CK3Y7Pfa-okDFc1V3QIdNbcEvg\">Baseada em mat\u00e9ria do jornal A Tarde<\/div>\n<\/div>\n<p>&nbsp;<\/p>\n<div class='share-to-whatsapp-wrapper'><div class='share-on-whsp'>Share on: <\/div><a data-text='Transnordestina tur\u00edstica \u00e9 realmente uma prioridade?' data-link='https:\/\/newsinfoco.com.br\/inicio\/transnordestina-turistica-e-realmente-uma-prioridade\/' class='whatsapp-button whatsapp-share'>WhatsApp<\/a><div class='clear '><\/div><\/div>","protected":false},"excerpt":{"rendered":"<p>Diante de outros projetos estruturante sem conclus\u00e3o, o governo Lula tem uma ideia \u00a0atrativa, mas ser\u00e1 que vi\u00e1vel e priorit\u00e1ria? O que parecia ser invi\u00e1vel pode se tornar poss\u00edvel. Est\u00e1 em discuss\u00e3o a constru\u00e7\u00e3o de uma &#8216;Transnordestina tur\u00edstica&#8216;, uma linha f\u00e9rrea ligando diversos estados da regi\u00e3o pelo litoral. A informa\u00e7\u00e3o foi divulgada pelo governador do [&hellip;]<\/p>\n","protected":false},"author":1,"featured_media":37024,"comment_status":"closed","ping_status":"closed","sticky":false,"template":"","format":"standard","meta":{"om_disable_all_campaigns":false,"rop_custom_images_group":[],"rop_custom_messages_group":[],"rop_publish_now":"initial","rop_publish_now_accounts":[],"rop_publish_now_history":[],"rop_publish_now_status":"pending","_exactmetrics_skip_tracking":false,"footnotes":""},"categories":[21],"tags":[],"class_list":["post-37023","post","type-post","status-publish","format-standard","has-post-thumbnail","hentry","category-brasil"],"aioseo_notices":[],"aioseo_head":"\n\t\t<!-- All in One SEO 4.9.10 - aioseo.com -->\n\t<meta name=\"description\" content=\"Diante de outros projetos estruturante sem conclus\u00e3o, o governo Lula tem uma ideia atrativa, mas ser\u00e1 que vi\u00e1vel e priorit\u00e1ria? O que parecia ser invi\u00e1vel pode se tornar poss\u00edvel. Est\u00e1 em discuss\u00e3o a constru\u00e7\u00e3o de uma &#039;Transnordestina tur\u00edstica&#039;, uma linha f\u00e9rrea ligando diversos estados da regi\u00e3o pelo litoral. A informa\u00e7\u00e3o foi divulgada pelo governador do\" \/>\n\t<meta name=\"robots\" content=\"max-image-preview:large\" \/>\n\t<meta name=\"author\" content=\"administrador\"\/>\n\t<link rel=\"canonical\" href=\"https:\/\/newsinfoco.com.br\/inicio\/transnordestina-turistica-e-realmente-uma-prioridade\/\" \/>\n\t<meta name=\"generator\" content=\"All in One SEO (AIOSEO) 4.9.10\" \/>\n\t\t<meta property=\"og:locale\" content=\"pt_BR\" \/>\n\t\t<meta property=\"og:site_name\" content=\"News In Foco - Editado por Caio Pimenta - O principal site de noticias de Alagoinhas e regi\u00e3o\" \/>\n\t\t<meta property=\"og:type\" content=\"article\" \/>\n\t\t<meta property=\"og:title\" content=\"Transnordestina tur\u00edstica \u00e9 realmente uma prioridade? - News In Foco - Editado por Caio Pimenta\" \/>\n\t\t<meta property=\"og:description\" content=\"Diante de outros projetos estruturante sem conclus\u00e3o, o governo Lula tem uma ideia atrativa, mas ser\u00e1 que vi\u00e1vel e priorit\u00e1ria? O que parecia ser invi\u00e1vel pode se tornar poss\u00edvel. Est\u00e1 em discuss\u00e3o a constru\u00e7\u00e3o de uma &#039;Transnordestina tur\u00edstica&#039;, uma linha f\u00e9rrea ligando diversos estados da regi\u00e3o pelo litoral. A informa\u00e7\u00e3o foi divulgada pelo governador do\" \/>\n\t\t<meta property=\"og:url\" content=\"https:\/\/newsinfoco.com.br\/inicio\/transnordestina-turistica-e-realmente-uma-prioridade\/\" \/>\n\t\t<meta property=\"article:published_time\" content=\"2024-11-26T19:29:24+00:00\" \/>\n\t\t<meta property=\"article:modified_time\" content=\"2024-11-26T19:29:24+00:00\" \/>\n\t\t<meta name=\"twitter:card\" content=\"summary_large_image\" \/>\n\t\t<meta name=\"twitter:title\" content=\"Transnordestina tur\u00edstica \u00e9 realmente uma prioridade? - News In Foco - Editado por Caio Pimenta\" \/>\n\t\t<meta name=\"twitter:description\" content=\"Diante de outros projetos estruturante sem conclus\u00e3o, o governo Lula tem uma ideia atrativa, mas ser\u00e1 que vi\u00e1vel e priorit\u00e1ria? O que parecia ser invi\u00e1vel pode se tornar poss\u00edvel. Est\u00e1 em discuss\u00e3o a constru\u00e7\u00e3o de uma &#039;Transnordestina tur\u00edstica&#039;, uma linha f\u00e9rrea ligando diversos estados da regi\u00e3o pelo litoral. A informa\u00e7\u00e3o foi divulgada pelo governador do\" \/>\n\t\t<script type=\"application\/ld+json\" class=\"aioseo-schema\">\n\t\t\t{\"@context\":\"https:\\\/\\\/schema.org\",\"@graph\":[{\"@type\":\"BlogPosting\",\"@id\":\"https:\\\/\\\/newsinfoco.com.br\\\/inicio\\\/transnordestina-turistica-e-realmente-uma-prioridade\\\/#blogposting\",\"name\":\"Transnordestina tur\\u00edstica \\u00e9 realmente uma prioridade? - News In Foco - Editado por Caio Pimenta\",\"headline\":\"Transnordestina tur\\u00edstica \\u00e9 realmente uma prioridade?\",\"author\":{\"@id\":\"https:\\\/\\\/newsinfoco.com.br\\\/inicio\\\/author\\\/administrador\\\/#author\"},\"publisher\":{\"@id\":\"https:\\\/\\\/newsinfoco.com.br\\\/inicio\\\/#organization\"},\"image\":{\"@type\":\"ImageObject\",\"url\":\"https:\\\/\\\/newsinfoco.com.br\\\/inicio\\\/wp-content\\\/uploads\\\/2024\\\/11\\\/Governo-Lula-estuda-trem-de-passageiros-que-ligara0129702600202411261304-ScaleDownProportional.webp\",\"width\":768,\"height\":513},\"datePublished\":\"2024-11-26T16:29:24-03:00\",\"dateModified\":\"2024-11-26T16:29:24-03:00\",\"inLanguage\":\"pt-BR\",\"mainEntityOfPage\":{\"@id\":\"https:\\\/\\\/newsinfoco.com.br\\\/inicio\\\/transnordestina-turistica-e-realmente-uma-prioridade\\\/#webpage\"},\"isPartOf\":{\"@id\":\"https:\\\/\\\/newsinfoco.com.br\\\/inicio\\\/transnordestina-turistica-e-realmente-uma-prioridade\\\/#webpage\"},\"articleSection\":\"Brasil\"},{\"@type\":\"BreadcrumbList\",\"@id\":\"https:\\\/\\\/newsinfoco.com.br\\\/inicio\\\/transnordestina-turistica-e-realmente-uma-prioridade\\\/#breadcrumblist\",\"itemListElement\":[{\"@type\":\"ListItem\",\"@id\":\"https:\\\/\\\/newsinfoco.com.br\\\/inicio#listItem\",\"position\":1,\"name\":\"In\\u00edcio\",\"item\":\"https:\\\/\\\/newsinfoco.com.br\\\/inicio\",\"nextItem\":{\"@type\":\"ListItem\",\"@id\":\"https:\\\/\\\/newsinfoco.com.br\\\/inicio\\\/category\\\/brasil\\\/#listItem\",\"name\":\"Brasil\"}},{\"@type\":\"ListItem\",\"@id\":\"https:\\\/\\\/newsinfoco.com.br\\\/inicio\\\/category\\\/brasil\\\/#listItem\",\"position\":2,\"name\":\"Brasil\",\"item\":\"https:\\\/\\\/newsinfoco.com.br\\\/inicio\\\/category\\\/brasil\\\/\",\"nextItem\":{\"@type\":\"ListItem\",\"@id\":\"https:\\\/\\\/newsinfoco.com.br\\\/inicio\\\/transnordestina-turistica-e-realmente-uma-prioridade\\\/#listItem\",\"name\":\"Transnordestina tur\\u00edstica \\u00e9 realmente uma prioridade?\"},\"previousItem\":{\"@type\":\"ListItem\",\"@id\":\"https:\\\/\\\/newsinfoco.com.br\\\/inicio#listItem\",\"name\":\"In\\u00edcio\"}},{\"@type\":\"ListItem\",\"@id\":\"https:\\\/\\\/newsinfoco.com.br\\\/inicio\\\/transnordestina-turistica-e-realmente-uma-prioridade\\\/#listItem\",\"position\":3,\"name\":\"Transnordestina tur\\u00edstica \\u00e9 realmente uma prioridade?\",\"previousItem\":{\"@type\":\"ListItem\",\"@id\":\"https:\\\/\\\/newsinfoco.com.br\\\/inicio\\\/category\\\/brasil\\\/#listItem\",\"name\":\"Brasil\"}}]},{\"@type\":\"Organization\",\"@id\":\"https:\\\/\\\/newsinfoco.com.br\\\/inicio\\\/#organization\",\"name\":\"News In Foco - Editado por Caio Pimenta\",\"description\":\"O principal site de noticias de Alagoinhas e regi\\u00e3o\",\"url\":\"https:\\\/\\\/newsinfoco.com.br\\\/inicio\\\/\"},{\"@type\":\"Person\",\"@id\":\"https:\\\/\\\/newsinfoco.com.br\\\/inicio\\\/author\\\/administrador\\\/#author\",\"url\":\"https:\\\/\\\/newsinfoco.com.br\\\/inicio\\\/author\\\/administrador\\\/\",\"name\":\"administrador\",\"image\":{\"@type\":\"ImageObject\",\"@id\":\"https:\\\/\\\/newsinfoco.com.br\\\/inicio\\\/transnordestina-turistica-e-realmente-uma-prioridade\\\/#authorImage\",\"url\":\"https:\\\/\\\/secure.gravatar.com\\\/avatar\\\/c17a617433de8c1dc9584bb79aab7563b46f5bb7e1728c9b17d9cc3ce6a08e49?s=96&d=mm&r=g\",\"width\":96,\"height\":96,\"caption\":\"administrador\"}},{\"@type\":\"WebPage\",\"@id\":\"https:\\\/\\\/newsinfoco.com.br\\\/inicio\\\/transnordestina-turistica-e-realmente-uma-prioridade\\\/#webpage\",\"url\":\"https:\\\/\\\/newsinfoco.com.br\\\/inicio\\\/transnordestina-turistica-e-realmente-uma-prioridade\\\/\",\"name\":\"Transnordestina tur\\u00edstica \\u00e9 realmente uma prioridade? - News In Foco - Editado por Caio Pimenta\",\"description\":\"Diante de outros projetos estruturante sem conclus\\u00e3o, o governo Lula tem uma ideia atrativa, mas ser\\u00e1 que vi\\u00e1vel e priorit\\u00e1ria? O que parecia ser invi\\u00e1vel pode se tornar poss\\u00edvel. Est\\u00e1 em discuss\\u00e3o a constru\\u00e7\\u00e3o de uma 'Transnordestina tur\\u00edstica', uma linha f\\u00e9rrea ligando diversos estados da regi\\u00e3o pelo litoral. A informa\\u00e7\\u00e3o foi divulgada pelo governador do\",\"inLanguage\":\"pt-BR\",\"isPartOf\":{\"@id\":\"https:\\\/\\\/newsinfoco.com.br\\\/inicio\\\/#website\"},\"breadcrumb\":{\"@id\":\"https:\\\/\\\/newsinfoco.com.br\\\/inicio\\\/transnordestina-turistica-e-realmente-uma-prioridade\\\/#breadcrumblist\"},\"author\":{\"@id\":\"https:\\\/\\\/newsinfoco.com.br\\\/inicio\\\/author\\\/administrador\\\/#author\"},\"creator\":{\"@id\":\"https:\\\/\\\/newsinfoco.com.br\\\/inicio\\\/author\\\/administrador\\\/#author\"},\"image\":{\"@type\":\"ImageObject\",\"url\":\"https:\\\/\\\/newsinfoco.com.br\\\/inicio\\\/wp-content\\\/uploads\\\/2024\\\/11\\\/Governo-Lula-estuda-trem-de-passageiros-que-ligara0129702600202411261304-ScaleDownProportional.webp\",\"@id\":\"https:\\\/\\\/newsinfoco.com.br\\\/inicio\\\/transnordestina-turistica-e-realmente-uma-prioridade\\\/#mainImage\",\"width\":768,\"height\":513},\"primaryImageOfPage\":{\"@id\":\"https:\\\/\\\/newsinfoco.com.br\\\/inicio\\\/transnordestina-turistica-e-realmente-uma-prioridade\\\/#mainImage\"},\"datePublished\":\"2024-11-26T16:29:24-03:00\",\"dateModified\":\"2024-11-26T16:29:24-03:00\"},{\"@type\":\"WebSite\",\"@id\":\"https:\\\/\\\/newsinfoco.com.br\\\/inicio\\\/#website\",\"url\":\"https:\\\/\\\/newsinfoco.com.br\\\/inicio\\\/\",\"name\":\"News In Foco - Editado por Caio Pimenta\",\"description\":\"O principal site de noticias de Alagoinhas e regi\\u00e3o\",\"inLanguage\":\"pt-BR\",\"publisher\":{\"@id\":\"https:\\\/\\\/newsinfoco.com.br\\\/inicio\\\/#organization\"}}]}\n\t\t<\/script>\n\t\t<!-- All in One SEO -->\n\n","aioseo_head_json":{"title":"Transnordestina tur\u00edstica \u00e9 realmente uma prioridade? - News In Foco - Editado por Caio Pimenta","description":"Diante de outros projetos estruturante sem conclus\u00e3o, o governo Lula tem uma ideia atrativa, mas ser\u00e1 que vi\u00e1vel e priorit\u00e1ria? O que parecia ser invi\u00e1vel pode se tornar poss\u00edvel. Est\u00e1 em discuss\u00e3o a constru\u00e7\u00e3o de uma 'Transnordestina tur\u00edstica', uma linha f\u00e9rrea ligando diversos estados da regi\u00e3o pelo litoral. A informa\u00e7\u00e3o foi divulgada pelo governador do","canonical_url":"https:\/\/newsinfoco.com.br\/inicio\/transnordestina-turistica-e-realmente-uma-prioridade\/","robots":"max-image-preview:large","keywords":"","webmasterTools":{"miscellaneous":""},"schema":{"@context":"https:\/\/schema.org","@graph":[{"@type":"BlogPosting","@id":"https:\/\/newsinfoco.com.br\/inicio\/transnordestina-turistica-e-realmente-uma-prioridade\/#blogposting","name":"Transnordestina tur\u00edstica \u00e9 realmente uma prioridade? - News In Foco - Editado por Caio Pimenta","headline":"Transnordestina tur\u00edstica \u00e9 realmente uma prioridade?","author":{"@id":"https:\/\/newsinfoco.com.br\/inicio\/author\/administrador\/#author"},"publisher":{"@id":"https:\/\/newsinfoco.com.br\/inicio\/#organization"},"image":{"@type":"ImageObject","url":"https:\/\/newsinfoco.com.br\/inicio\/wp-content\/uploads\/2024\/11\/Governo-Lula-estuda-trem-de-passageiros-que-ligara0129702600202411261304-ScaleDownProportional.webp","width":768,"height":513},"datePublished":"2024-11-26T16:29:24-03:00","dateModified":"2024-11-26T16:29:24-03:00","inLanguage":"pt-BR","mainEntityOfPage":{"@id":"https:\/\/newsinfoco.com.br\/inicio\/transnordestina-turistica-e-realmente-uma-prioridade\/#webpage"},"isPartOf":{"@id":"https:\/\/newsinfoco.com.br\/inicio\/transnordestina-turistica-e-realmente-uma-prioridade\/#webpage"},"articleSection":"Brasil"},{"@type":"BreadcrumbList","@id":"https:\/\/newsinfoco.com.br\/inicio\/transnordestina-turistica-e-realmente-uma-prioridade\/#breadcrumblist","itemListElement":[{"@type":"ListItem","@id":"https:\/\/newsinfoco.com.br\/inicio#listItem","position":1,"name":"In\u00edcio","item":"https:\/\/newsinfoco.com.br\/inicio","nextItem":{"@type":"ListItem","@id":"https:\/\/newsinfoco.com.br\/inicio\/category\/brasil\/#listItem","name":"Brasil"}},{"@type":"ListItem","@id":"https:\/\/newsinfoco.com.br\/inicio\/category\/brasil\/#listItem","position":2,"name":"Brasil","item":"https:\/\/newsinfoco.com.br\/inicio\/category\/brasil\/","nextItem":{"@type":"ListItem","@id":"https:\/\/newsinfoco.com.br\/inicio\/transnordestina-turistica-e-realmente-uma-prioridade\/#listItem","name":"Transnordestina tur\u00edstica \u00e9 realmente uma prioridade?"},"previousItem":{"@type":"ListItem","@id":"https:\/\/newsinfoco.com.br\/inicio#listItem","name":"In\u00edcio"}},{"@type":"ListItem","@id":"https:\/\/newsinfoco.com.br\/inicio\/transnordestina-turistica-e-realmente-uma-prioridade\/#listItem","position":3,"name":"Transnordestina tur\u00edstica \u00e9 realmente uma prioridade?","previousItem":{"@type":"ListItem","@id":"https:\/\/newsinfoco.com.br\/inicio\/category\/brasil\/#listItem","name":"Brasil"}}]},{"@type":"Organization","@id":"https:\/\/newsinfoco.com.br\/inicio\/#organization","name":"News In Foco - Editado por Caio Pimenta","description":"O principal site de noticias de Alagoinhas e regi\u00e3o","url":"https:\/\/newsinfoco.com.br\/inicio\/"},{"@type":"Person","@id":"https:\/\/newsinfoco.com.br\/inicio\/author\/administrador\/#author","url":"https:\/\/newsinfoco.com.br\/inicio\/author\/administrador\/","name":"administrador","image":{"@type":"ImageObject","@id":"https:\/\/newsinfoco.com.br\/inicio\/transnordestina-turistica-e-realmente-uma-prioridade\/#authorImage","url":"https:\/\/secure.gravatar.com\/avatar\/c17a617433de8c1dc9584bb79aab7563b46f5bb7e1728c9b17d9cc3ce6a08e49?s=96&d=mm&r=g","width":96,"height":96,"caption":"administrador"}},{"@type":"WebPage","@id":"https:\/\/newsinfoco.com.br\/inicio\/transnordestina-turistica-e-realmente-uma-prioridade\/#webpage","url":"https:\/\/newsinfoco.com.br\/inicio\/transnordestina-turistica-e-realmente-uma-prioridade\/","name":"Transnordestina tur\u00edstica \u00e9 realmente uma prioridade? - News In Foco - Editado por Caio Pimenta","description":"Diante de outros projetos estruturante sem conclus\u00e3o, o governo Lula tem uma ideia atrativa, mas ser\u00e1 que vi\u00e1vel e priorit\u00e1ria? O que parecia ser invi\u00e1vel pode se tornar poss\u00edvel. Est\u00e1 em discuss\u00e3o a constru\u00e7\u00e3o de uma 'Transnordestina tur\u00edstica', uma linha f\u00e9rrea ligando diversos estados da regi\u00e3o pelo litoral. A informa\u00e7\u00e3o foi divulgada pelo governador do","inLanguage":"pt-BR","isPartOf":{"@id":"https:\/\/newsinfoco.com.br\/inicio\/#website"},"breadcrumb":{"@id":"https:\/\/newsinfoco.com.br\/inicio\/transnordestina-turistica-e-realmente-uma-prioridade\/#breadcrumblist"},"author":{"@id":"https:\/\/newsinfoco.com.br\/inicio\/author\/administrador\/#author"},"creator":{"@id":"https:\/\/newsinfoco.com.br\/inicio\/author\/administrador\/#author"},"image":{"@type":"ImageObject","url":"https:\/\/newsinfoco.com.br\/inicio\/wp-content\/uploads\/2024\/11\/Governo-Lula-estuda-trem-de-passageiros-que-ligara0129702600202411261304-ScaleDownProportional.webp","@id":"https:\/\/newsinfoco.com.br\/inicio\/transnordestina-turistica-e-realmente-uma-prioridade\/#mainImage","width":768,"height":513},"primaryImageOfPage":{"@id":"https:\/\/newsinfoco.com.br\/inicio\/transnordestina-turistica-e-realmente-uma-prioridade\/#mainImage"},"datePublished":"2024-11-26T16:29:24-03:00","dateModified":"2024-11-26T16:29:24-03:00"},{"@type":"WebSite","@id":"https:\/\/newsinfoco.com.br\/inicio\/#website","url":"https:\/\/newsinfoco.com.br\/inicio\/","name":"News In Foco - Editado por Caio Pimenta","description":"O principal site de noticias de Alagoinhas e regi\u00e3o","inLanguage":"pt-BR","publisher":{"@id":"https:\/\/newsinfoco.com.br\/inicio\/#organization"}}]},"og:locale":"pt_BR","og:site_name":"News In Foco - Editado por Caio Pimenta - O principal site de noticias de Alagoinhas e regi\u00e3o","og:type":"article","og:title":"Transnordestina tur\u00edstica \u00e9 realmente uma prioridade? - News In Foco - Editado por Caio Pimenta","og:description":"Diante de outros projetos estruturante sem conclus\u00e3o, o governo Lula tem uma ideia atrativa, mas ser\u00e1 que vi\u00e1vel e priorit\u00e1ria? O que parecia ser invi\u00e1vel pode se tornar poss\u00edvel. Est\u00e1 em discuss\u00e3o a constru\u00e7\u00e3o de uma 'Transnordestina tur\u00edstica', uma linha f\u00e9rrea ligando diversos estados da regi\u00e3o pelo litoral. A informa\u00e7\u00e3o foi divulgada pelo governador do","og:url":"https:\/\/newsinfoco.com.br\/inicio\/transnordestina-turistica-e-realmente-uma-prioridade\/","article:published_time":"2024-11-26T19:29:24+00:00","article:modified_time":"2024-11-26T19:29:24+00:00","twitter:card":"summary_large_image","twitter:title":"Transnordestina tur\u00edstica \u00e9 realmente uma prioridade? - News In Foco - Editado por Caio Pimenta","twitter:description":"Diante de outros projetos estruturante sem conclus\u00e3o, o governo Lula tem uma ideia atrativa, mas ser\u00e1 que vi\u00e1vel e priorit\u00e1ria? O que parecia ser invi\u00e1vel pode se tornar poss\u00edvel. Est\u00e1 em discuss\u00e3o a constru\u00e7\u00e3o de uma 'Transnordestina tur\u00edstica', uma linha f\u00e9rrea ligando diversos estados da regi\u00e3o pelo litoral. A informa\u00e7\u00e3o foi divulgada pelo governador do"},"aioseo_meta_data":{"post_id":"37023","title":null,"description":null,"keywords":null,"keyphrases":{"focus":{"keyphrase":"","score":0,"analysis":{"keyphraseInTitle":{"score":0,"maxScore":9,"error":1}}},"additional":[]},"primary_term":null,"canonical_url":null,"og_title":null,"og_description":null,"og_object_type":"default","og_image_type":"default","og_image_url":null,"og_image_width":null,"og_image_height":null,"og_image_custom_url":null,"og_image_custom_fields":null,"og_video":"","og_custom_url":null,"og_article_section":null,"og_article_tags":null,"twitter_use_og":false,"twitter_card":"default","twitter_image_type":"default","twitter_image_url":null,"twitter_image_custom_url":null,"twitter_image_custom_fields":null,"twitter_title":null,"twitter_description":null,"schema":{"blockGraphs":[],"customGraphs":[],"default":{"data":{"Article":[],"Course":[],"Dataset":[],"FAQPage":[],"Movie":[],"Person":[],"Product":[],"ProductReview":[],"Car":[],"Recipe":[],"Service":[],"SoftwareApplication":[],"WebPage":[]},"graphName":"BlogPosting","isEnabled":true},"graphs":[]},"schema_type":"default","schema_type_options":null,"pillar_content":false,"robots_default":true,"robots_noindex":false,"robots_noarchive":false,"robots_nosnippet":false,"robots_nofollow":false,"robots_noimageindex":false,"robots_noodp":false,"robots_notranslate":false,"robots_max_snippet":"-1","robots_max_videopreview":"-1","robots_max_imagepreview":"large","priority":null,"frequency":"default","local_seo":null,"breadcrumb_settings":null,"limit_modified_date":false,"ai":null,"created":"2024-11-26 19:29:25","updated":"2025-07-11 11:08:58","seo_analyzer_scan_date":null},"aioseo_breadcrumb":"<div class=\"aioseo-breadcrumbs\"><span class=\"aioseo-breadcrumb\">\n\t\t\t<a href=\"https:\/\/newsinfoco.com.br\/inicio\" title=\"In\u00edcio\">In\u00edcio<\/a>\n\t\t<\/span><span class=\"aioseo-breadcrumb-separator\">&raquo;<\/span><span class=\"aioseo-breadcrumb\">\n\t\t\t<a href=\"https:\/\/newsinfoco.com.br\/inicio\/category\/brasil\/\" title=\"Brasil\">Brasil<\/a>\n\t\t<\/span><span class=\"aioseo-breadcrumb-separator\">&raquo;<\/span><span class=\"aioseo-breadcrumb\">\n\t\t\tTransnordestina tur\u00edstica \u00e9 realmente uma prioridade?\n\t\t<\/span><\/div>","aioseo_breadcrumb_json":[{"label":"In\u00edcio","link":"https:\/\/newsinfoco.com.br\/inicio"},{"label":"Brasil","link":"https:\/\/newsinfoco.com.br\/inicio\/category\/brasil\/"},{"label":"Transnordestina tur\u00edstica \u00e9 realmente uma prioridade?","link":"https:\/\/newsinfoco.com.br\/inicio\/transnordestina-turistica-e-realmente-uma-prioridade\/"}],"_links":{"self":[{"href":"https:\/\/newsinfoco.com.br\/inicio\/wp-json\/wp\/v2\/posts\/37023","targetHints":{"allow":["GET"]}}],"collection":[{"href":"https:\/\/newsinfoco.com.br\/inicio\/wp-json\/wp\/v2\/posts"}],"about":[{"href":"https:\/\/newsinfoco.com.br\/inicio\/wp-json\/wp\/v2\/types\/post"}],"author":[{"embeddable":true,"href":"https:\/\/newsinfoco.com.br\/inicio\/wp-json\/wp\/v2\/users\/1"}],"replies":[{"embeddable":true,"href":"https:\/\/newsinfoco.com.br\/inicio\/wp-json\/wp\/v2\/comments?post=37023"}],"version-history":[{"count":1,"href":"https:\/\/newsinfoco.com.br\/inicio\/wp-json\/wp\/v2\/posts\/37023\/revisions"}],"predecessor-version":[{"id":37025,"href":"https:\/\/newsinfoco.com.br\/inicio\/wp-json\/wp\/v2\/posts\/37023\/revisions\/37025"}],"wp:featuredmedia":[{"embeddable":true,"href":"https:\/\/newsinfoco.com.br\/inicio\/wp-json\/wp\/v2\/media\/37024"}],"wp:attachment":[{"href":"https:\/\/newsinfoco.com.br\/inicio\/wp-json\/wp\/v2\/media?parent=37023"}],"wp:term":[{"taxonomy":"category","embeddable":true,"href":"https:\/\/newsinfoco.com.br\/inicio\/wp-json\/wp\/v2\/categories?post=37023"},{"taxonomy":"post_tag","embeddable":true,"href":"https:\/\/newsinfoco.com.br\/inicio\/wp-json\/wp\/v2\/tags?post=37023"}],"curies":[{"name":"wp","href":"https:\/\/api.w.org\/{rel}","templated":true}]}}