{"id":37032,"date":"2024-11-27T12:17:24","date_gmt":"2024-11-27T15:17:24","guid":{"rendered":"https:\/\/newsinfoco.com.br\/inicio\/?p=37032"},"modified":"2024-11-27T12:17:24","modified_gmt":"2024-11-27T15:17:24","slug":"decimo-terceiro-salario-deve-ser-pago-ate-sexta-feira","status":"publish","type":"post","link":"https:\/\/newsinfoco.com.br\/inicio\/decimo-terceiro-salario-deve-ser-pago-ate-sexta-feira\/","title":{"rendered":"D\u00e9cimo terceiro sal\u00e1rio deve ser pago at\u00e9 sexta-feira"},"content":{"rendered":"<p>Trabalhadores com carteira de trabalho assinada devem receber a primeira metade ou a parcela \u00fanica do d\u00e9cimo terceiro sal\u00e1rio at\u00e9 30 de novembro. Como a data cai em um s\u00e1bado, o pagamento deve ser antecipado pelos empregadores para esta sexta-feira (29).<img decoding=\"async\" class=\" lazyloaded\" src=\"https:\/\/agenciabrasil.ebc.com.br\/ebc.png?id=1621268&amp;o=node\" data-src=\"https:\/\/agenciabrasil.ebc.com.br\/ebc.png?id=1621268&amp;o=node\" \/><img decoding=\"async\" class=\" lazyloaded\" src=\"https:\/\/agenciabrasil.ebc.com.br\/ebc.gif?id=1621268&amp;o=node\" data-src=\"https:\/\/agenciabrasil.ebc.com.br\/ebc.gif?id=1621268&amp;o=node\" \/><\/p>\n<p>O benef\u00edcio extra anual foi criado pela Lei 4.090\/1962, que\u00a0instituiu a Gratifica\u00e7\u00e3o de Natal\u00a0para os trabalhadores com contrato de trabalho fixo ou tempor\u00e1rio. O pagamento deve ser feito em parcela \u00fanica durante o ano at\u00e9 30 de novembro ou em at\u00e9 duas vezes. Neste caso, a segunda parcela deve ser paga at\u00e9 20 de dezembro.<\/p>\n<p><strong>Como calcular<\/strong><\/p>\n<p>O d\u00e9cimo terceiro equivale ao valor do sal\u00e1rio bruto mensal do empregado, dividido por 12 meses. O c\u00e1lculo considera o valor de 1\/12 do sal\u00e1rio, multiplicado pelo n\u00famero de meses trabalhados durante o ano corrente.<\/p>\n<p>Se o empregado n\u00e3o trabalhou o ano inteiro com o mesmo empregador, receber\u00e1 de forma proporcional aos meses trabalhadores. Caso o trabalhador com carteira assinada for demitido, ter\u00e1 direito a receber a parte proporcional do 13\u00ba sal\u00e1rio referente aos meses trabalhados no ano, no momento de homologa\u00e7\u00e3o do encerramento do contrato de trabalho.<\/p>\n<p><strong>Como \u00e9 composto<\/strong><\/p>\n<p>Al\u00e9m do sal\u00e1rio bruto, pagamentos de horas extras, adicionais noturnos, de insalubridade e de periculosidade tamb\u00e9m entram no c\u00e1lculo do d\u00e9cimo terceiro sal\u00e1rio.<\/p>\n<p>O trabalhador recebe um valor maior na primeira metade do d\u00e9cimo terceiro porque n\u00e3o h\u00e1 incid\u00eancia de tributa\u00e7\u00e3o. J\u00e1 a segunda parcela \u00e9 menor porque tem os descontos obrigat\u00f3rios do Imposto de Renda Retido na Fonte (IRRF), de acordo com a tabela progressiva de descontos relacionada \u00e0 faixa salarial.<\/p>\n<p>H\u00e1 tamb\u00e9m o desconto da contribui\u00e7\u00e3o previdenci\u00e1ria ao Instituto Nacional do Seguro Social (INSS). Al\u00e9m disso, o empregador dever\u00e1 depositar na conta do Fundo de Garantia do Tempo de Servi\u00e7o (FGTS) do trabalhador o valor do fundo correspondente ao d\u00e9cimo terceiro sal\u00e1rio.<\/p>\n<p><strong>Aposentados e pensionistas<\/strong><\/p>\n<p>O abono anual tamb\u00e9m \u00e9 pago a alguns segurados do INSS. A quantia paga varia de acordo com a quantidade de meses em que o segurado foi contemplado com o benef\u00edcio do INSS.<\/p>\n<p>Mais de a 33,6 milh\u00f5es de benefici\u00e1rios do Regime Geral de Previd\u00eancia Social (RGPS)\u00a0j\u00e1 receberam a primeira metade\u00a0da parcela do d\u00e9cimo terceiro sal\u00e1rio de forma antecipada, entre 24 de abril e 08 de maio. Enquanto, a segunda parcela do abono foi distribu\u00edda entre 24 de maio e 7 de junho deste ano.<\/p>\n<p>Aqueles benefici\u00e1rios do INSS que tiveram a concess\u00e3o do benef\u00edcio ap\u00f3s o pagamento da primeira e segunda parcelas, ou seja, depois de junho de 2024, recebem o abono anual a partir desta segunda-feira (25) at\u00e9 6 de dezembro, conforme o\u00a0calend\u00e1rio oficial de 2024.<\/p>\n<p>O calend\u00e1rio de pagamento leva em conta o n\u00famero final do cart\u00e3o de benef\u00edcio, sem considerar o \u00faltimo d\u00edgito verificador, que aparece depois do tra\u00e7o, tamb\u00e9m chamado de N\u00famero de Identifica\u00e7\u00e3o Social (NIS).<\/p>\n<p>O INSS informa que ser\u00e3o pagos R$ 1,5 bilh\u00e3o para a gratifica\u00e7\u00e3o natalina das pessoas que come\u00e7aram a receber depois de junho deste ano.<\/p>\n<p>Para consultar o pagamento do benef\u00edcio, os segurados do INSS devem acessar o site ou o aplicativo\u00a0Meu INSS\u00a0e visualizar\u00a0o extrato de pagamento diretamente no aplicativo ap\u00f3s fazer login no portal Gov.br. \u00c9 poss\u00edvel ter acesso ao extrato e todos os detalhes sobre o pagamento do benef\u00edcio.<\/p>\n<p>Para quem n\u00e3o tem acesso \u00e0 internet, basta ligar para a Central 135. Ao ligar, informe o n\u00famero do CPF e confirme algumas informa\u00e7\u00f5es cadastrais, para evitar fraudes. O atendimento est\u00e1 dispon\u00edvel de segunda-feira a s\u00e1bado, das 7h \u00e0s 22h.<\/p>\n<p><strong>Programa sociais<\/strong><\/p>\n<p>O programa Bolsa Fam\u00edlia, gerido pelo Minist\u00e9rio do Desenvolvimento e Assist\u00eancia Social, Fam\u00edlia e Combate \u00e0 Fome (MDS), n\u00e3o paga a gratifica\u00e7\u00e3o de Natal, pois n\u00e3o h\u00e1 previs\u00e3o or\u00e7ament\u00e1ria para esta despesa federal.<\/p>\n<p>Em rela\u00e7\u00e3o a outros programas federais, ser\u00e3o contemplados com o d\u00e9cimo terceiro os benefici\u00e1rios de aux\u00edlio por incapacidade tempor\u00e1ria (antigo aux\u00edlio-doen\u00e7a), aux\u00edlio-acidente, fam\u00edlia de segurado preso em regime fechado que recebe o aux\u00edlio-reclus\u00e3o e sal\u00e1rio-maternidade implantados a partir de junho.<\/p>\n<div>\n<div class=\"trv-player-container\">\n<div class=\"trv-wrapper\">\n<div id=\"br_video_player_755794ec9645bc872c671d5d558f2e9dc3c659f9\" class=\"trvd_video_player\">\n<div class=\"media-player\">\n<div class=\"trv-video\">\n<div id=\"truvid_ima_container12461\" class=\"truvid_ima_container\">\n<div class=\"conteudo_post\">\n<p>No caso de benefici\u00e1rios que t\u00eam fim de aux\u00edlio programado para antes de 31 de dezembro, ser\u00e1 pago o valor proporcional do abono anual.<\/p>\n<p>N\u00e3o recebem o benef\u00edcio extra os segurados pelo Benef\u00edcio de Presta\u00e7\u00e3o Continuada (BPC) a idosos com mais de 65 anos de idade; pessoas com defici\u00eancia, de baixa renda e benefici\u00e1rios de Renda Mensal Vital\u00edcia \u2013 benef\u00edcio em extin\u00e7\u00e3o, mantido apenas para aqueles que j\u00e1 eram benefici\u00e1rios at\u00e9 1995.<\/p>\n<p>Bahia.ba<\/p>\n<\/div>\n<div class=\"ui divider\"><\/div>\n<div class=\"ui items\">\n<div class=\"item\"><\/div>\n<\/div>\n<\/div>\n<\/div>\n<\/div>\n<div class=\"trv-autoskip-container\">\n<div class=\"trv-autoskip-background\">\n<div class=\"trv-autoskip-line-top\">\n<div><\/div>\n<\/div>\n<div class=\"trv-autoskip-line-right\">\n<div><\/div>\n<\/div>\n<div class=\"trv-autoskip-line-bottom\">\n<div><\/div>\n<\/div>\n<div class=\"trv-autoskip-line-left\">\n<div><\/div>\n<\/div>\n<\/div>\n<div class=\"autoskip-btn autoskip-btn-blue\"><\/div>\n<div class=\"autoskip-btn autoskip-btn-gray\"><\/div>\n<\/div>\n<div><\/div>\n<p><img decoding=\"async\" src=\"https:\/\/ads.stickyadstv.com\/auto-user-sync?_fw_gdpr=0&amp;_fw_gdpr_consent=\" \/><img decoding=\"async\" src=\"https:\/\/ads.stickyadstv.com\/user-matching?id=2545&amp;_fw_gdpr=0&amp;_fw_gdpr_consent=\" \/><\/p>\n<div><\/div>\n<div><\/div>\n<p><img decoding=\"async\" src=\"https:\/\/ads.stickyadstv.com\/auto-user-sync?_fw_gdpr=0&amp;_fw_gdpr_consent=\" \/><img decoding=\"async\" src=\"https:\/\/ads.stickyadstv.com\/user-matching?id=2545&amp;_fw_gdpr=0&amp;_fw_gdpr_consent=\" \/><\/p>\n<div><\/div>\n<div id=\"truvid_ad_controller480854\">\n<div class=\"controller-playPause trv-control\" title=\"play\"><\/div>\n<div class=\"controller-volume trv-control\" title=\"volume\"><\/div>\n<div class=\"controller-title trv-control\"><\/div>\n<\/div>\n<\/div>\n<\/div>\n<\/div>\n<\/div>\n<div class='share-to-whatsapp-wrapper'><div class='share-on-whsp'>Share on: <\/div><a data-text='D\u00e9cimo terceiro sal\u00e1rio deve ser pago at\u00e9 sexta-feira' data-link='https:\/\/newsinfoco.com.br\/inicio\/decimo-terceiro-salario-deve-ser-pago-ate-sexta-feira\/' class='whatsapp-button whatsapp-share'>WhatsApp<\/a><div class='clear '><\/div><\/div>","protected":false},"excerpt":{"rendered":"<p>Trabalhadores com carteira de trabalho assinada devem receber a primeira metade ou a parcela \u00fanica do d\u00e9cimo terceiro sal\u00e1rio at\u00e9 30 de novembro. Como a data cai em um s\u00e1bado, o pagamento deve ser antecipado pelos empregadores para esta sexta-feira (29). O benef\u00edcio extra anual foi criado pela Lei 4.090\/1962, que\u00a0instituiu a Gratifica\u00e7\u00e3o de Natal\u00a0para [&hellip;]<\/p>\n","protected":false},"author":1,"featured_media":37033,"comment_status":"closed","ping_status":"closed","sticky":false,"template":"","format":"standard","meta":{"om_disable_all_campaigns":false,"rop_custom_images_group":[],"rop_custom_messages_group":[],"rop_publish_now":"initial","rop_publish_now_accounts":[],"rop_publish_now_history":[],"rop_publish_now_status":"pending","_exactmetrics_skip_tracking":false,"footnotes":""},"categories":[21],"tags":[],"class_list":["post-37032","post","type-post","status-publish","format-standard","has-post-thumbnail","hentry","category-brasil"],"aioseo_notices":[],"aioseo_head":"\n\t\t<!-- All in One SEO 4.9.10 - aioseo.com -->\n\t<meta name=\"description\" content=\"Trabalhadores com carteira de trabalho assinada devem receber a primeira metade ou a parcela \u00fanica do d\u00e9cimo terceiro sal\u00e1rio at\u00e9 30 de novembro. Como a data cai em um s\u00e1bado, o pagamento deve ser antecipado pelos empregadores para esta sexta-feira (29). O benef\u00edcio extra anual foi criado pela Lei 4.090\/1962, que instituiu a Gratifica\u00e7\u00e3o de Natal para\" \/>\n\t<meta name=\"robots\" content=\"max-image-preview:large\" \/>\n\t<meta name=\"author\" content=\"administrador\"\/>\n\t<link rel=\"canonical\" href=\"https:\/\/newsinfoco.com.br\/inicio\/decimo-terceiro-salario-deve-ser-pago-ate-sexta-feira\/\" \/>\n\t<meta name=\"generator\" content=\"All in One SEO (AIOSEO) 4.9.10\" \/>\n\t\t<meta property=\"og:locale\" content=\"pt_BR\" \/>\n\t\t<meta property=\"og:site_name\" content=\"News In Foco - Editado por Caio Pimenta - O principal site de noticias de Alagoinhas e regi\u00e3o\" \/>\n\t\t<meta property=\"og:type\" content=\"article\" \/>\n\t\t<meta property=\"og:title\" content=\"D\u00e9cimo terceiro sal\u00e1rio deve ser pago at\u00e9 sexta-feira - News In Foco - Editado por Caio Pimenta\" \/>\n\t\t<meta property=\"og:description\" content=\"Trabalhadores com carteira de trabalho assinada devem receber a primeira metade ou a parcela \u00fanica do d\u00e9cimo terceiro sal\u00e1rio at\u00e9 30 de novembro. Como a data cai em um s\u00e1bado, o pagamento deve ser antecipado pelos empregadores para esta sexta-feira (29). O benef\u00edcio extra anual foi criado pela Lei 4.090\/1962, que instituiu a Gratifica\u00e7\u00e3o de Natal para\" \/>\n\t\t<meta property=\"og:url\" content=\"https:\/\/newsinfoco.com.br\/inicio\/decimo-terceiro-salario-deve-ser-pago-ate-sexta-feira\/\" \/>\n\t\t<meta property=\"article:published_time\" content=\"2024-11-27T15:17:24+00:00\" \/>\n\t\t<meta property=\"article:modified_time\" content=\"2024-11-27T15:17:24+00:00\" \/>\n\t\t<meta name=\"twitter:card\" content=\"summary_large_image\" \/>\n\t\t<meta name=\"twitter:title\" content=\"D\u00e9cimo terceiro sal\u00e1rio deve ser pago at\u00e9 sexta-feira - News In Foco - Editado por Caio Pimenta\" \/>\n\t\t<meta name=\"twitter:description\" content=\"Trabalhadores com carteira de trabalho assinada devem receber a primeira metade ou a parcela \u00fanica do d\u00e9cimo terceiro sal\u00e1rio at\u00e9 30 de novembro. Como a data cai em um s\u00e1bado, o pagamento deve ser antecipado pelos empregadores para esta sexta-feira (29). O benef\u00edcio extra anual foi criado pela Lei 4.090\/1962, que instituiu a Gratifica\u00e7\u00e3o de Natal para\" \/>\n\t\t<script type=\"application\/ld+json\" class=\"aioseo-schema\">\n\t\t\t{\"@context\":\"https:\\\/\\\/schema.org\",\"@graph\":[{\"@type\":\"BlogPosting\",\"@id\":\"https:\\\/\\\/newsinfoco.com.br\\\/inicio\\\/decimo-terceiro-salario-deve-ser-pago-ate-sexta-feira\\\/#blogposting\",\"name\":\"D\\u00e9cimo terceiro sal\\u00e1rio deve ser pago at\\u00e9 sexta-feira - News In Foco - Editado por Caio Pimenta\",\"headline\":\"D\\u00e9cimo terceiro sal\\u00e1rio deve ser pago at\\u00e9 sexta-feira\",\"author\":{\"@id\":\"https:\\\/\\\/newsinfoco.com.br\\\/inicio\\\/author\\\/administrador\\\/#author\"},\"publisher\":{\"@id\":\"https:\\\/\\\/newsinfoco.com.br\\\/inicio\\\/#organization\"},\"image\":{\"@type\":\"ImageObject\",\"url\":\"https:\\\/\\\/newsinfoco.com.br\\\/inicio\\\/wp-content\\\/uploads\\\/2024\\\/11\\\/Dinheiro.png\",\"width\":600,\"height\":420},\"datePublished\":\"2024-11-27T12:17:24-03:00\",\"dateModified\":\"2024-11-27T12:17:24-03:00\",\"inLanguage\":\"pt-BR\",\"mainEntityOfPage\":{\"@id\":\"https:\\\/\\\/newsinfoco.com.br\\\/inicio\\\/decimo-terceiro-salario-deve-ser-pago-ate-sexta-feira\\\/#webpage\"},\"isPartOf\":{\"@id\":\"https:\\\/\\\/newsinfoco.com.br\\\/inicio\\\/decimo-terceiro-salario-deve-ser-pago-ate-sexta-feira\\\/#webpage\"},\"articleSection\":\"Brasil\"},{\"@type\":\"BreadcrumbList\",\"@id\":\"https:\\\/\\\/newsinfoco.com.br\\\/inicio\\\/decimo-terceiro-salario-deve-ser-pago-ate-sexta-feira\\\/#breadcrumblist\",\"itemListElement\":[{\"@type\":\"ListItem\",\"@id\":\"https:\\\/\\\/newsinfoco.com.br\\\/inicio#listItem\",\"position\":1,\"name\":\"In\\u00edcio\",\"item\":\"https:\\\/\\\/newsinfoco.com.br\\\/inicio\",\"nextItem\":{\"@type\":\"ListItem\",\"@id\":\"https:\\\/\\\/newsinfoco.com.br\\\/inicio\\\/category\\\/brasil\\\/#listItem\",\"name\":\"Brasil\"}},{\"@type\":\"ListItem\",\"@id\":\"https:\\\/\\\/newsinfoco.com.br\\\/inicio\\\/category\\\/brasil\\\/#listItem\",\"position\":2,\"name\":\"Brasil\",\"item\":\"https:\\\/\\\/newsinfoco.com.br\\\/inicio\\\/category\\\/brasil\\\/\",\"nextItem\":{\"@type\":\"ListItem\",\"@id\":\"https:\\\/\\\/newsinfoco.com.br\\\/inicio\\\/decimo-terceiro-salario-deve-ser-pago-ate-sexta-feira\\\/#listItem\",\"name\":\"D\\u00e9cimo terceiro sal\\u00e1rio deve ser pago at\\u00e9 sexta-feira\"},\"previousItem\":{\"@type\":\"ListItem\",\"@id\":\"https:\\\/\\\/newsinfoco.com.br\\\/inicio#listItem\",\"name\":\"In\\u00edcio\"}},{\"@type\":\"ListItem\",\"@id\":\"https:\\\/\\\/newsinfoco.com.br\\\/inicio\\\/decimo-terceiro-salario-deve-ser-pago-ate-sexta-feira\\\/#listItem\",\"position\":3,\"name\":\"D\\u00e9cimo terceiro sal\\u00e1rio deve ser pago at\\u00e9 sexta-feira\",\"previousItem\":{\"@type\":\"ListItem\",\"@id\":\"https:\\\/\\\/newsinfoco.com.br\\\/inicio\\\/category\\\/brasil\\\/#listItem\",\"name\":\"Brasil\"}}]},{\"@type\":\"Organization\",\"@id\":\"https:\\\/\\\/newsinfoco.com.br\\\/inicio\\\/#organization\",\"name\":\"News In Foco - Editado por Caio Pimenta\",\"description\":\"O principal site de noticias de Alagoinhas e regi\\u00e3o\",\"url\":\"https:\\\/\\\/newsinfoco.com.br\\\/inicio\\\/\"},{\"@type\":\"Person\",\"@id\":\"https:\\\/\\\/newsinfoco.com.br\\\/inicio\\\/author\\\/administrador\\\/#author\",\"url\":\"https:\\\/\\\/newsinfoco.com.br\\\/inicio\\\/author\\\/administrador\\\/\",\"name\":\"administrador\",\"image\":{\"@type\":\"ImageObject\",\"@id\":\"https:\\\/\\\/newsinfoco.com.br\\\/inicio\\\/decimo-terceiro-salario-deve-ser-pago-ate-sexta-feira\\\/#authorImage\",\"url\":\"https:\\\/\\\/secure.gravatar.com\\\/avatar\\\/c17a617433de8c1dc9584bb79aab7563b46f5bb7e1728c9b17d9cc3ce6a08e49?s=96&d=mm&r=g\",\"width\":96,\"height\":96,\"caption\":\"administrador\"}},{\"@type\":\"WebPage\",\"@id\":\"https:\\\/\\\/newsinfoco.com.br\\\/inicio\\\/decimo-terceiro-salario-deve-ser-pago-ate-sexta-feira\\\/#webpage\",\"url\":\"https:\\\/\\\/newsinfoco.com.br\\\/inicio\\\/decimo-terceiro-salario-deve-ser-pago-ate-sexta-feira\\\/\",\"name\":\"D\\u00e9cimo terceiro sal\\u00e1rio deve ser pago at\\u00e9 sexta-feira - News In Foco - Editado por Caio Pimenta\",\"description\":\"Trabalhadores com carteira de trabalho assinada devem receber a primeira metade ou a parcela \\u00fanica do d\\u00e9cimo terceiro sal\\u00e1rio at\\u00e9 30 de novembro. Como a data cai em um s\\u00e1bado, o pagamento deve ser antecipado pelos empregadores para esta sexta-feira (29). O benef\\u00edcio extra anual foi criado pela Lei 4.090\\\/1962, que instituiu a Gratifica\\u00e7\\u00e3o de Natal para\",\"inLanguage\":\"pt-BR\",\"isPartOf\":{\"@id\":\"https:\\\/\\\/newsinfoco.com.br\\\/inicio\\\/#website\"},\"breadcrumb\":{\"@id\":\"https:\\\/\\\/newsinfoco.com.br\\\/inicio\\\/decimo-terceiro-salario-deve-ser-pago-ate-sexta-feira\\\/#breadcrumblist\"},\"author\":{\"@id\":\"https:\\\/\\\/newsinfoco.com.br\\\/inicio\\\/author\\\/administrador\\\/#author\"},\"creator\":{\"@id\":\"https:\\\/\\\/newsinfoco.com.br\\\/inicio\\\/author\\\/administrador\\\/#author\"},\"image\":{\"@type\":\"ImageObject\",\"url\":\"https:\\\/\\\/newsinfoco.com.br\\\/inicio\\\/wp-content\\\/uploads\\\/2024\\\/11\\\/Dinheiro.png\",\"@id\":\"https:\\\/\\\/newsinfoco.com.br\\\/inicio\\\/decimo-terceiro-salario-deve-ser-pago-ate-sexta-feira\\\/#mainImage\",\"width\":600,\"height\":420},\"primaryImageOfPage\":{\"@id\":\"https:\\\/\\\/newsinfoco.com.br\\\/inicio\\\/decimo-terceiro-salario-deve-ser-pago-ate-sexta-feira\\\/#mainImage\"},\"datePublished\":\"2024-11-27T12:17:24-03:00\",\"dateModified\":\"2024-11-27T12:17:24-03:00\"},{\"@type\":\"WebSite\",\"@id\":\"https:\\\/\\\/newsinfoco.com.br\\\/inicio\\\/#website\",\"url\":\"https:\\\/\\\/newsinfoco.com.br\\\/inicio\\\/\",\"name\":\"News In Foco - Editado por Caio Pimenta\",\"description\":\"O principal site de noticias de Alagoinhas e regi\\u00e3o\",\"inLanguage\":\"pt-BR\",\"publisher\":{\"@id\":\"https:\\\/\\\/newsinfoco.com.br\\\/inicio\\\/#organization\"}}]}\n\t\t<\/script>\n\t\t<!-- All in One SEO -->\n\n","aioseo_head_json":{"title":"D\u00e9cimo terceiro sal\u00e1rio deve ser pago at\u00e9 sexta-feira - News In Foco - Editado por Caio Pimenta","description":"Trabalhadores com carteira de trabalho assinada devem receber a primeira metade ou a parcela \u00fanica do d\u00e9cimo terceiro sal\u00e1rio at\u00e9 30 de novembro. Como a data cai em um s\u00e1bado, o pagamento deve ser antecipado pelos empregadores para esta sexta-feira (29). O benef\u00edcio extra anual foi criado pela Lei 4.090\/1962, que instituiu a Gratifica\u00e7\u00e3o de Natal para","canonical_url":"https:\/\/newsinfoco.com.br\/inicio\/decimo-terceiro-salario-deve-ser-pago-ate-sexta-feira\/","robots":"max-image-preview:large","keywords":"","webmasterTools":{"miscellaneous":""},"schema":{"@context":"https:\/\/schema.org","@graph":[{"@type":"BlogPosting","@id":"https:\/\/newsinfoco.com.br\/inicio\/decimo-terceiro-salario-deve-ser-pago-ate-sexta-feira\/#blogposting","name":"D\u00e9cimo terceiro sal\u00e1rio deve ser pago at\u00e9 sexta-feira - News In Foco - Editado por Caio Pimenta","headline":"D\u00e9cimo terceiro sal\u00e1rio deve ser pago at\u00e9 sexta-feira","author":{"@id":"https:\/\/newsinfoco.com.br\/inicio\/author\/administrador\/#author"},"publisher":{"@id":"https:\/\/newsinfoco.com.br\/inicio\/#organization"},"image":{"@type":"ImageObject","url":"https:\/\/newsinfoco.com.br\/inicio\/wp-content\/uploads\/2024\/11\/Dinheiro.png","width":600,"height":420},"datePublished":"2024-11-27T12:17:24-03:00","dateModified":"2024-11-27T12:17:24-03:00","inLanguage":"pt-BR","mainEntityOfPage":{"@id":"https:\/\/newsinfoco.com.br\/inicio\/decimo-terceiro-salario-deve-ser-pago-ate-sexta-feira\/#webpage"},"isPartOf":{"@id":"https:\/\/newsinfoco.com.br\/inicio\/decimo-terceiro-salario-deve-ser-pago-ate-sexta-feira\/#webpage"},"articleSection":"Brasil"},{"@type":"BreadcrumbList","@id":"https:\/\/newsinfoco.com.br\/inicio\/decimo-terceiro-salario-deve-ser-pago-ate-sexta-feira\/#breadcrumblist","itemListElement":[{"@type":"ListItem","@id":"https:\/\/newsinfoco.com.br\/inicio#listItem","position":1,"name":"In\u00edcio","item":"https:\/\/newsinfoco.com.br\/inicio","nextItem":{"@type":"ListItem","@id":"https:\/\/newsinfoco.com.br\/inicio\/category\/brasil\/#listItem","name":"Brasil"}},{"@type":"ListItem","@id":"https:\/\/newsinfoco.com.br\/inicio\/category\/brasil\/#listItem","position":2,"name":"Brasil","item":"https:\/\/newsinfoco.com.br\/inicio\/category\/brasil\/","nextItem":{"@type":"ListItem","@id":"https:\/\/newsinfoco.com.br\/inicio\/decimo-terceiro-salario-deve-ser-pago-ate-sexta-feira\/#listItem","name":"D\u00e9cimo terceiro sal\u00e1rio deve ser pago at\u00e9 sexta-feira"},"previousItem":{"@type":"ListItem","@id":"https:\/\/newsinfoco.com.br\/inicio#listItem","name":"In\u00edcio"}},{"@type":"ListItem","@id":"https:\/\/newsinfoco.com.br\/inicio\/decimo-terceiro-salario-deve-ser-pago-ate-sexta-feira\/#listItem","position":3,"name":"D\u00e9cimo terceiro sal\u00e1rio deve ser pago at\u00e9 sexta-feira","previousItem":{"@type":"ListItem","@id":"https:\/\/newsinfoco.com.br\/inicio\/category\/brasil\/#listItem","name":"Brasil"}}]},{"@type":"Organization","@id":"https:\/\/newsinfoco.com.br\/inicio\/#organization","name":"News In Foco - Editado por Caio Pimenta","description":"O principal site de noticias de Alagoinhas e regi\u00e3o","url":"https:\/\/newsinfoco.com.br\/inicio\/"},{"@type":"Person","@id":"https:\/\/newsinfoco.com.br\/inicio\/author\/administrador\/#author","url":"https:\/\/newsinfoco.com.br\/inicio\/author\/administrador\/","name":"administrador","image":{"@type":"ImageObject","@id":"https:\/\/newsinfoco.com.br\/inicio\/decimo-terceiro-salario-deve-ser-pago-ate-sexta-feira\/#authorImage","url":"https:\/\/secure.gravatar.com\/avatar\/c17a617433de8c1dc9584bb79aab7563b46f5bb7e1728c9b17d9cc3ce6a08e49?s=96&d=mm&r=g","width":96,"height":96,"caption":"administrador"}},{"@type":"WebPage","@id":"https:\/\/newsinfoco.com.br\/inicio\/decimo-terceiro-salario-deve-ser-pago-ate-sexta-feira\/#webpage","url":"https:\/\/newsinfoco.com.br\/inicio\/decimo-terceiro-salario-deve-ser-pago-ate-sexta-feira\/","name":"D\u00e9cimo terceiro sal\u00e1rio deve ser pago at\u00e9 sexta-feira - News In Foco - Editado por Caio Pimenta","description":"Trabalhadores com carteira de trabalho assinada devem receber a primeira metade ou a parcela \u00fanica do d\u00e9cimo terceiro sal\u00e1rio at\u00e9 30 de novembro. Como a data cai em um s\u00e1bado, o pagamento deve ser antecipado pelos empregadores para esta sexta-feira (29). O benef\u00edcio extra anual foi criado pela Lei 4.090\/1962, que instituiu a Gratifica\u00e7\u00e3o de Natal para","inLanguage":"pt-BR","isPartOf":{"@id":"https:\/\/newsinfoco.com.br\/inicio\/#website"},"breadcrumb":{"@id":"https:\/\/newsinfoco.com.br\/inicio\/decimo-terceiro-salario-deve-ser-pago-ate-sexta-feira\/#breadcrumblist"},"author":{"@id":"https:\/\/newsinfoco.com.br\/inicio\/author\/administrador\/#author"},"creator":{"@id":"https:\/\/newsinfoco.com.br\/inicio\/author\/administrador\/#author"},"image":{"@type":"ImageObject","url":"https:\/\/newsinfoco.com.br\/inicio\/wp-content\/uploads\/2024\/11\/Dinheiro.png","@id":"https:\/\/newsinfoco.com.br\/inicio\/decimo-terceiro-salario-deve-ser-pago-ate-sexta-feira\/#mainImage","width":600,"height":420},"primaryImageOfPage":{"@id":"https:\/\/newsinfoco.com.br\/inicio\/decimo-terceiro-salario-deve-ser-pago-ate-sexta-feira\/#mainImage"},"datePublished":"2024-11-27T12:17:24-03:00","dateModified":"2024-11-27T12:17:24-03:00"},{"@type":"WebSite","@id":"https:\/\/newsinfoco.com.br\/inicio\/#website","url":"https:\/\/newsinfoco.com.br\/inicio\/","name":"News In Foco - Editado por Caio Pimenta","description":"O principal site de noticias de Alagoinhas e regi\u00e3o","inLanguage":"pt-BR","publisher":{"@id":"https:\/\/newsinfoco.com.br\/inicio\/#organization"}}]},"og:locale":"pt_BR","og:site_name":"News In Foco - Editado por Caio Pimenta - O principal site de noticias de Alagoinhas e regi\u00e3o","og:type":"article","og:title":"D\u00e9cimo terceiro sal\u00e1rio deve ser pago at\u00e9 sexta-feira - News In Foco - Editado por Caio Pimenta","og:description":"Trabalhadores com carteira de trabalho assinada devem receber a primeira metade ou a parcela \u00fanica do d\u00e9cimo terceiro sal\u00e1rio at\u00e9 30 de novembro. Como a data cai em um s\u00e1bado, o pagamento deve ser antecipado pelos empregadores para esta sexta-feira (29). O benef\u00edcio extra anual foi criado pela Lei 4.090\/1962, que instituiu a Gratifica\u00e7\u00e3o de Natal para","og:url":"https:\/\/newsinfoco.com.br\/inicio\/decimo-terceiro-salario-deve-ser-pago-ate-sexta-feira\/","article:published_time":"2024-11-27T15:17:24+00:00","article:modified_time":"2024-11-27T15:17:24+00:00","twitter:card":"summary_large_image","twitter:title":"D\u00e9cimo terceiro sal\u00e1rio deve ser pago at\u00e9 sexta-feira - News In Foco - Editado por Caio Pimenta","twitter:description":"Trabalhadores com carteira de trabalho assinada devem receber a primeira metade ou a parcela \u00fanica do d\u00e9cimo terceiro sal\u00e1rio at\u00e9 30 de novembro. Como a data cai em um s\u00e1bado, o pagamento deve ser antecipado pelos empregadores para esta sexta-feira (29). O benef\u00edcio extra anual foi criado pela Lei 4.090\/1962, que instituiu a Gratifica\u00e7\u00e3o de Natal para"},"aioseo_meta_data":{"post_id":"37032","title":null,"description":null,"keywords":null,"keyphrases":{"focus":{"keyphrase":"","score":0,"analysis":{"keyphraseInTitle":{"score":0,"maxScore":9,"error":1}}},"additional":[]},"primary_term":null,"canonical_url":null,"og_title":null,"og_description":null,"og_object_type":"default","og_image_type":"default","og_image_url":null,"og_image_width":null,"og_image_height":null,"og_image_custom_url":null,"og_image_custom_fields":null,"og_video":"","og_custom_url":null,"og_article_section":null,"og_article_tags":null,"twitter_use_og":false,"twitter_card":"default","twitter_image_type":"default","twitter_image_url":null,"twitter_image_custom_url":null,"twitter_image_custom_fields":null,"twitter_title":null,"twitter_description":null,"schema":{"blockGraphs":[],"customGraphs":[],"default":{"data":{"Article":[],"Course":[],"Dataset":[],"FAQPage":[],"Movie":[],"Person":[],"Product":[],"ProductReview":[],"Car":[],"Recipe":[],"Service":[],"SoftwareApplication":[],"WebPage":[]},"graphName":"BlogPosting","isEnabled":true},"graphs":[]},"schema_type":"default","schema_type_options":null,"pillar_content":false,"robots_default":true,"robots_noindex":false,"robots_noarchive":false,"robots_nosnippet":false,"robots_nofollow":false,"robots_noimageindex":false,"robots_noodp":false,"robots_notranslate":false,"robots_max_snippet":"-1","robots_max_videopreview":"-1","robots_max_imagepreview":"large","priority":null,"frequency":"default","local_seo":null,"breadcrumb_settings":null,"limit_modified_date":false,"ai":null,"created":"2024-11-27 15:17:24","updated":"2025-07-11 11:08:58","seo_analyzer_scan_date":null},"aioseo_breadcrumb":"<div class=\"aioseo-breadcrumbs\"><span class=\"aioseo-breadcrumb\">\n\t\t\t<a href=\"https:\/\/newsinfoco.com.br\/inicio\" title=\"In\u00edcio\">In\u00edcio<\/a>\n\t\t<\/span><span class=\"aioseo-breadcrumb-separator\">&raquo;<\/span><span class=\"aioseo-breadcrumb\">\n\t\t\t<a href=\"https:\/\/newsinfoco.com.br\/inicio\/category\/brasil\/\" title=\"Brasil\">Brasil<\/a>\n\t\t<\/span><span class=\"aioseo-breadcrumb-separator\">&raquo;<\/span><span class=\"aioseo-breadcrumb\">\n\t\t\tD\u00e9cimo terceiro sal\u00e1rio deve ser pago at\u00e9 sexta-feira\n\t\t<\/span><\/div>","aioseo_breadcrumb_json":[{"label":"In\u00edcio","link":"https:\/\/newsinfoco.com.br\/inicio"},{"label":"Brasil","link":"https:\/\/newsinfoco.com.br\/inicio\/category\/brasil\/"},{"label":"D\u00e9cimo terceiro sal\u00e1rio deve ser pago at\u00e9 sexta-feira","link":"https:\/\/newsinfoco.com.br\/inicio\/decimo-terceiro-salario-deve-ser-pago-ate-sexta-feira\/"}],"_links":{"self":[{"href":"https:\/\/newsinfoco.com.br\/inicio\/wp-json\/wp\/v2\/posts\/37032","targetHints":{"allow":["GET"]}}],"collection":[{"href":"https:\/\/newsinfoco.com.br\/inicio\/wp-json\/wp\/v2\/posts"}],"about":[{"href":"https:\/\/newsinfoco.com.br\/inicio\/wp-json\/wp\/v2\/types\/post"}],"author":[{"embeddable":true,"href":"https:\/\/newsinfoco.com.br\/inicio\/wp-json\/wp\/v2\/users\/1"}],"replies":[{"embeddable":true,"href":"https:\/\/newsinfoco.com.br\/inicio\/wp-json\/wp\/v2\/comments?post=37032"}],"version-history":[{"count":1,"href":"https:\/\/newsinfoco.com.br\/inicio\/wp-json\/wp\/v2\/posts\/37032\/revisions"}],"predecessor-version":[{"id":37034,"href":"https:\/\/newsinfoco.com.br\/inicio\/wp-json\/wp\/v2\/posts\/37032\/revisions\/37034"}],"wp:featuredmedia":[{"embeddable":true,"href":"https:\/\/newsinfoco.com.br\/inicio\/wp-json\/wp\/v2\/media\/37033"}],"wp:attachment":[{"href":"https:\/\/newsinfoco.com.br\/inicio\/wp-json\/wp\/v2\/media?parent=37032"}],"wp:term":[{"taxonomy":"category","embeddable":true,"href":"https:\/\/newsinfoco.com.br\/inicio\/wp-json\/wp\/v2\/categories?post=37032"},{"taxonomy":"post_tag","embeddable":true,"href":"https:\/\/newsinfoco.com.br\/inicio\/wp-json\/wp\/v2\/tags?post=37032"}],"curies":[{"name":"wp","href":"https:\/\/api.w.org\/{rel}","templated":true}]}}