{"id":37038,"date":"2024-11-27T12:51:10","date_gmt":"2024-11-27T15:51:10","guid":{"rendered":"https:\/\/newsinfoco.com.br\/inicio\/?p=37038"},"modified":"2024-11-27T12:51:10","modified_gmt":"2024-11-27T15:51:10","slug":"afrontart-faz-exposicao-de-artes-plasticas-com-144-obras-em-brasilia","status":"publish","type":"post","link":"https:\/\/newsinfoco.com.br\/inicio\/afrontart-faz-exposicao-de-artes-plasticas-com-144-obras-em-brasilia\/","title":{"rendered":"Afrontart faz exposi\u00e7\u00e3o de artes pl\u00e1sticas com 144 obras em Bras\u00edlia"},"content":{"rendered":"<p>Idealizada pela\u00a0<a href=\"https:\/\/afrontart.com\/\"><strong>Afrontart<\/strong><\/a><strong>\u00a0\u2013 Quilombo Digital de Artes<\/strong>, produtora cultural baiana cuja miss\u00e3o \u00e9 promover o protagonismo negro, ind\u00edgena e LGBTQIAPN+ nas artes, com expressiva presen\u00e7a de artistas baianos e baianas,\u00a0<strong>Indomin\u00e1veis Presen\u00e7as<\/strong>\u00a0convida o e a visitante a experimentar o mundo que emerge das margens das artes visuais contempor\u00e2neas no Brasil.<\/p>\n<p>Ao explorar o conjunto de 114 obras expostas e curadas por\u00a0<strong>Luana Kayod\u00e8<\/strong>\u00a0e<strong>\u00a0Cintia Guedes<\/strong>, percorre-se um caminho abundante em narrativas est\u00e9ticas e imagin\u00e1rios sens\u00edveis materializados em gravuras, fotografias, pinturas, performances, esculturas e obras geradas com recursos de intelig\u00eancia artificial.<\/p>\n<p>E na coletividade desses e dessas 16 artistas, em diferentes est\u00e1gios de suas carreiras, depara-se com perspectivas dissidentes, que desafiam o olhar colonial e alicer\u00e7adas no compromisso em refecundar a vida em dire\u00e7\u00e3o a uma nova ecologia sobre arte e cultura.<\/p>\n<p><strong>Indomin\u00e1veis Presen\u00e7as<\/strong>\u00a0fica em cartaz no CCBB Bras\u00edlia at\u00e9 12 de janeiro de 2025, com entrada franca e conta com patroc\u00ednio do Banco do Brasil, por meio da Lei Federal Rouanet e Incentivo \u00e0 Cultura, do Minist\u00e9rio da Cultura. E em 2025, a mostra segue para as unidades paulista, em fevereiro, carioca, em abril, do Centro Cultural Banco do Brasil.<\/p>\n<p>Para as curadoras, \u201ca exposi\u00e7\u00e3o vai na dire\u00e7\u00e3o enquanto m\u00e9todo pedag\u00f3gico e educativo, que, por meio de aspectos simb\u00f3licos, representa cura coletiva e repara\u00e7\u00e3o hist\u00f3rica de uma comunidade violentada e discriminada pela sociedade\u201d, demarcam. E avaliam: \u201ca ocupa\u00e7\u00e3o de espa\u00e7os de relev\u00e2ncia, a exemplo do Centro Cultural Banco do Brasil, representa um importante marco de resist\u00eancia e abertura para as comunidades negras, ind\u00edgenas e LGBTQIAPN+. Institui\u00e7\u00e3o pela qual torcermos chegar com a exposi\u00e7\u00e3o tamb\u00e9m em Salvador, tendo em vista a inaugura\u00e7\u00e3o de uma de suas unidades na capital baiana\u201d.<\/p>\n<p><strong>As Indomin\u00e1veis Presen\u00e7as<\/strong><\/p>\n<p>De Salvador (BA),\u00a0<a href=\"https:\/\/www.instagram.com\/conceicaober\/\"><strong>Bernardo Concei\u00e7\u00e3o<\/strong><\/a>\u00a0desafia os limites do que os olhos veem em novas formas de perceber o mundo. Enquanto\u00a0<a href=\"https:\/\/www.instagram.com\/bixatropical\/\"><strong>Bixa Tropical<\/strong><\/a>, seu conterr\u00e2neo, celebra a liberdade corporal e explora o tropicalismo com sua arte quente de cores intensas. Tamb\u00e9m soteropolitano,\u00a0<a href=\"https:\/\/www.instagram.com\/edgarazevedo\/\"><strong>Edgar Azevedo<\/strong><\/a>\u00a0se destaca por capturar emo\u00e7\u00f5es e expressividade entre o real e o imagin\u00e1rio.<\/p>\n<p>Investigando modos de exist\u00eancia, a artista multidisciplinar\u00a0<a href=\"https:\/\/www.instagram.com\/helesalomao\/\"><strong>Helen Salom\u00e3o<\/strong><\/a>, que refor\u00e7a a presen\u00e7a soteropolitana, conecta corpo e alma, identidade e mem\u00f3rias, enquanto aborda espiritualidade e ancestralidade. E, para pautar narrativas de corpos negros, origin\u00e1rios e dissidentes, a baiana de Salvador,\u00a0<a href=\"https:\/\/www.instagram.com\/mayaraferrao\/\"><strong>Mayara Ferr\u00e3o<\/strong><\/a>\u00a0exibe imagens geradas com intelig\u00eancia artificial, fotografias, ilustra\u00e7\u00f5es e pinturas em uma produ\u00e7\u00e3o que atravessa quest\u00f5es de ancestralidade, g\u00eanero, ra\u00e7a e cultura afro-brasileira.<\/p>\n<p>Em conex\u00e3o com o interior do estado,\u00a0<a href=\"https:\/\/www.instagram.com\/juhalmeida\/\"><strong>Juh Almeida<\/strong><\/a>, de Catu (BA), explora afrovisualidades e utiliza sua arte para construir novos imagin\u00e1rios, entendendo-os como ferramentas de transforma\u00e7\u00e3o social. Tamb\u00e9m do interior baiano, natural de Itapetinga,\u00a0<a href=\"https:\/\/www.instagram.com\/cordeiro_______%20\/\"><strong>Lucas Cordeiro<\/strong><\/a>\u00a0investiga as interse\u00e7\u00f5es entre espiritualidade, mem\u00f3rias ancestrais e contempor\u00e2neas atrav\u00e9s da fotografia e da escultura, numa reflex\u00e3o sobre as dimens\u00f5es espirituais e culturais.<\/p>\n<p>Vindos de outros territ\u00f3rios:\u00a0<a href=\"https:\/\/www.instagram.com\/ayvunamandu\/\"><strong>Cosmos Benedito<\/strong><\/a>, pessoa transmasculina, autista e deficiente auditivo natural de Corumb\u00e1 (MS), explora temas como ancestralidade ind\u00edgena em obras que refletem a descoloniza\u00e7\u00e3o. Para aborda a solid\u00e3o de corpos negros e quest\u00f5es raciais em contextos LGBTQIAPN+, a carioca\u00a0<a href=\"https:\/\/www.instagram.com\/rainhaf_%20\/\"><strong>Rainha F<\/strong><\/a>, do Rio de Janeiro (RJ), explora simbologias matrimoniais para criar novas perspectivas sobre mecanismos de sobreviv\u00eancia. De S\u00e3o Paulo (SP),\u00a0<a href=\"https:\/\/www.instagram.com\/aduterada\/\"><strong>Adu Santos<\/strong><\/a>\u00a0pesquisa a chegada das institui\u00e7\u00f5es ao Brasil e investiga aus\u00eancias e presen\u00e7as na museologia.<\/p>\n<p>Multidisciplinar e que atua entre S\u00e3o Paulo (SP), e S\u00e3o Lu\u00eds (MA),\u00a0<a href=\"https:\/\/www.instagram.com\/panambyte\/\"><strong>Panamby<\/strong><\/a>\u00a0explora uma cria\u00e7\u00e3o po\u00e9tica a partir de pr\u00e1ticas corporais e sonoras. A partir de S\u00e3o Roque (SP),\u00a0<a href=\"https:\/\/www.instagram.com\/panambyte\/\"><strong>Emerson Rocha<\/strong><\/a>\u00a0retrata as experi\u00eancias e o cotidiano da popula\u00e7\u00e3o negra no Brasil, um dos pa\u00edses mais racistas do mundo, ao abordar homoafetividade perif\u00e9rica. E\u00a0<a href=\"https:\/\/www.instagram.com\/indiiloru\/\"><strong>G\u00ea Viana<\/strong><\/a>, de Santa Luzia (MA), pensa a hist\u00f3ria de seu povo Anapuru e o cotidiano afro-diasp\u00f3rico ind\u00edgena para desenvolver novas narrativas que celebrem dignidade e felicidade.<\/p>\n<div>\n<div class=\"trv-player-container\">\n<div class=\"trv-wrapper\">\n<div id=\"br_video_player_dfc878cda17ade3ae82b1d5d558f2e9dc3c659f9\" class=\"trvd_video_player\">\n<div class=\"media-player\">\n<div class=\"trv-video\">\n<div class=\"conteudo_post\">\n<p>Entre representantes do Norte, a artista visual e performer\u00a0<a href=\"https:\/\/www.instagram.com\/rafabqueer\/\"><strong>Rafa Bqueer<\/strong><\/a>, de Bel\u00e9m (PA), atua entre arte-educa\u00e7\u00e3o, moda, escolas de samba e arte contempor\u00e2nea onde aborda quest\u00f5es raciais e LGBTQIAPN+. A travesti e pessoa de dois esp\u00edritos, como se coloca,\u00a0<a href=\"https:\/\/www.instagram.com\/uyrasodoma\/\"><strong>Uyra Sodoma<\/strong><\/a>, de Santar\u00e9m (PA), \u00e9 ind\u00edgena em di\u00e1spora, vivendo em territ\u00f3rio industrial no meio da floresta amaz\u00f4nica, se transforma na \u201c\u00c1rvore que Anda\u201d em suas performances que expandem o olhar sobre as rela\u00e7\u00f5es entre floresta e cidade. E a tamb\u00e9m travesti\u00a0<a href=\"https:\/\/www.instagram.com\/_rafakennedy\/\"><strong>Rafaela Kennedy<\/strong><\/a>, de Manaus (AM), que utiliza a fotografia para reescrever hist\u00f3rias apagadas pela coloniza\u00e7\u00e3o e aborda suas ra\u00edzes ind\u00edgenas e rompe estere\u00f3tipos ao naturalizar e valorizar corpos que est\u00e3o \u00e0 margem.<\/p>\n<p><a href=\"https:\/\/afrontart.com\/\"><strong>Afrontart<\/strong><\/a><strong>\u00a0\u2013 Quilombo Digital de Artes<\/strong>, desde 2020, constr\u00f3i um espa\u00e7o de refer\u00eancia para artistas e profissionais negras, negros, ind\u00edgenas e LGBTQIAPN+ por meio da circula\u00e7\u00e3o de obras e da forma\u00e7\u00e3o, gest\u00e3o e qualifica\u00e7\u00e3o profissional, com vistas ao fortalecimento dessa comunidade. A empresa foi idealizada e tem como gestoras criativas:\u00a0<strong>Luana Kayod\u00ea<\/strong>, oriunda da periferia de Salvador, com 20 anos de atua\u00e7\u00e3o em diversas \u00e1reas da cultura, e atualmente radicada em S\u00e3o Paulo h\u00e1 10 anos de onde hackea o mercado de artes visuais; e\u00a0<strong>Ra\u00edna Biriba<\/strong>, h\u00e1 15 anos empreendedora e gestora cultural, j\u00e1 idealizou, elaborou e coordenou projetos de grande porte em todas as linguagens art\u00edsticas, com destaque para a difus\u00e3o de cantoras negras e ind\u00edgenas.<\/p>\n<\/div>\n<div id=\"div-share\">Bahia.ba<\/div>\n<\/div>\n<div class=\"trv-poster\"><\/div>\n<div class=\"links-overlay\">\n<div class=\"links-button\"><\/div>\n<\/div>\n<\/div>\n<div class=\"trv-autoskip-container-compact\">\n<div class=\"trv-autoskip-background-compact\">\n<div class=\"trv-autoskip-line-top\"><\/div>\n<\/div>\n<\/div>\n<\/div>\n<\/div>\n<\/div>\n<\/div>\n<div class='share-to-whatsapp-wrapper'><div class='share-on-whsp'>Share on: <\/div><a data-text='Afrontart faz exposi\u00e7\u00e3o de artes pl\u00e1sticas com 144 obras em Bras\u00edlia' data-link='https:\/\/newsinfoco.com.br\/inicio\/afrontart-faz-exposicao-de-artes-plasticas-com-144-obras-em-brasilia\/' class='whatsapp-button whatsapp-share'>WhatsApp<\/a><div class='clear '><\/div><\/div>","protected":false},"excerpt":{"rendered":"<p>Idealizada pela\u00a0Afrontart\u00a0\u2013 Quilombo Digital de Artes, produtora cultural baiana cuja miss\u00e3o \u00e9 promover o protagonismo negro, ind\u00edgena e LGBTQIAPN+ nas artes, com expressiva presen\u00e7a de artistas baianos e baianas,\u00a0Indomin\u00e1veis Presen\u00e7as\u00a0convida o e a visitante a experimentar o mundo que emerge das margens das artes visuais contempor\u00e2neas no Brasil. Ao explorar o conjunto de 114 obras [&hellip;]<\/p>\n","protected":false},"author":1,"featured_media":37039,"comment_status":"closed","ping_status":"closed","sticky":false,"template":"","format":"standard","meta":{"om_disable_all_campaigns":false,"rop_custom_images_group":[],"rop_custom_messages_group":[],"rop_publish_now":"initial","rop_publish_now_accounts":[],"rop_publish_now_history":[],"rop_publish_now_status":"pending","_exactmetrics_skip_tracking":false,"footnotes":""},"categories":[19],"tags":[],"class_list":["post-37038","post","type-post","status-publish","format-standard","has-post-thumbnail","hentry","category-bahia"],"aioseo_notices":[],"aioseo_head":"\n\t\t<!-- All in One SEO 4.9.10 - aioseo.com -->\n\t<meta name=\"description\" content=\"Idealizada pela Afrontart \u2013 Quilombo Digital de Artes, produtora cultural baiana cuja miss\u00e3o \u00e9 promover o protagonismo negro, ind\u00edgena e LGBTQIAPN+ nas artes, com expressiva presen\u00e7a de artistas baianos e baianas, Indomin\u00e1veis Presen\u00e7as convida o e a visitante a experimentar o mundo que emerge das margens das artes visuais contempor\u00e2neas no Brasil. Ao explorar o conjunto de 114 obras\" \/>\n\t<meta name=\"robots\" content=\"max-image-preview:large\" \/>\n\t<meta name=\"author\" content=\"administrador\"\/>\n\t<link rel=\"canonical\" href=\"https:\/\/newsinfoco.com.br\/inicio\/afrontart-faz-exposicao-de-artes-plasticas-com-144-obras-em-brasilia\/\" \/>\n\t<meta name=\"generator\" content=\"All in One SEO (AIOSEO) 4.9.10\" \/>\n\t\t<meta property=\"og:locale\" content=\"pt_BR\" \/>\n\t\t<meta property=\"og:site_name\" content=\"News In Foco - Editado por Caio Pimenta - O principal site de noticias de Alagoinhas e regi\u00e3o\" \/>\n\t\t<meta property=\"og:type\" content=\"article\" \/>\n\t\t<meta property=\"og:title\" content=\"Afrontart faz exposi\u00e7\u00e3o de artes pl\u00e1sticas com 144 obras em Bras\u00edlia - News In Foco - Editado por Caio Pimenta\" \/>\n\t\t<meta property=\"og:description\" content=\"Idealizada pela Afrontart \u2013 Quilombo Digital de Artes, produtora cultural baiana cuja miss\u00e3o \u00e9 promover o protagonismo negro, ind\u00edgena e LGBTQIAPN+ nas artes, com expressiva presen\u00e7a de artistas baianos e baianas, Indomin\u00e1veis Presen\u00e7as convida o e a visitante a experimentar o mundo que emerge das margens das artes visuais contempor\u00e2neas no Brasil. Ao explorar o conjunto de 114 obras\" \/>\n\t\t<meta property=\"og:url\" content=\"https:\/\/newsinfoco.com.br\/inicio\/afrontart-faz-exposicao-de-artes-plasticas-com-144-obras-em-brasilia\/\" \/>\n\t\t<meta property=\"article:published_time\" content=\"2024-11-27T15:51:10+00:00\" \/>\n\t\t<meta property=\"article:modified_time\" content=\"2024-11-27T15:51:10+00:00\" \/>\n\t\t<meta name=\"twitter:card\" content=\"summary_large_image\" \/>\n\t\t<meta name=\"twitter:title\" content=\"Afrontart faz exposi\u00e7\u00e3o de artes pl\u00e1sticas com 144 obras em Bras\u00edlia - News In Foco - Editado por Caio Pimenta\" \/>\n\t\t<meta name=\"twitter:description\" content=\"Idealizada pela Afrontart \u2013 Quilombo Digital de Artes, produtora cultural baiana cuja miss\u00e3o \u00e9 promover o protagonismo negro, ind\u00edgena e LGBTQIAPN+ nas artes, com expressiva presen\u00e7a de artistas baianos e baianas, Indomin\u00e1veis Presen\u00e7as convida o e a visitante a experimentar o mundo que emerge das margens das artes visuais contempor\u00e2neas no Brasil. Ao explorar o conjunto de 114 obras\" \/>\n\t\t<script type=\"application\/ld+json\" class=\"aioseo-schema\">\n\t\t\t{\"@context\":\"https:\\\/\\\/schema.org\",\"@graph\":[{\"@type\":\"BlogPosting\",\"@id\":\"https:\\\/\\\/newsinfoco.com.br\\\/inicio\\\/afrontart-faz-exposicao-de-artes-plasticas-com-144-obras-em-brasilia\\\/#blogposting\",\"name\":\"Afrontart faz exposi\\u00e7\\u00e3o de artes pl\\u00e1sticas com 144 obras em Bras\\u00edlia - News In Foco - Editado por Caio Pimenta\",\"headline\":\"Afrontart faz exposi\\u00e7\\u00e3o de artes pl\\u00e1sticas com 144 obras em Bras\\u00edlia\",\"author\":{\"@id\":\"https:\\\/\\\/newsinfoco.com.br\\\/inicio\\\/author\\\/administrador\\\/#author\"},\"publisher\":{\"@id\":\"https:\\\/\\\/newsinfoco.com.br\\\/inicio\\\/#organization\"},\"image\":{\"@type\":\"ImageObject\",\"url\":\"https:\\\/\\\/newsinfoco.com.br\\\/inicio\\\/wp-content\\\/uploads\\\/2024\\\/11\\\/Design-sem-nome-188.jpg\",\"width\":600,\"height\":420},\"datePublished\":\"2024-11-27T12:51:10-03:00\",\"dateModified\":\"2024-11-27T12:51:10-03:00\",\"inLanguage\":\"pt-BR\",\"mainEntityOfPage\":{\"@id\":\"https:\\\/\\\/newsinfoco.com.br\\\/inicio\\\/afrontart-faz-exposicao-de-artes-plasticas-com-144-obras-em-brasilia\\\/#webpage\"},\"isPartOf\":{\"@id\":\"https:\\\/\\\/newsinfoco.com.br\\\/inicio\\\/afrontart-faz-exposicao-de-artes-plasticas-com-144-obras-em-brasilia\\\/#webpage\"},\"articleSection\":\"Bahia\"},{\"@type\":\"BreadcrumbList\",\"@id\":\"https:\\\/\\\/newsinfoco.com.br\\\/inicio\\\/afrontart-faz-exposicao-de-artes-plasticas-com-144-obras-em-brasilia\\\/#breadcrumblist\",\"itemListElement\":[{\"@type\":\"ListItem\",\"@id\":\"https:\\\/\\\/newsinfoco.com.br\\\/inicio#listItem\",\"position\":1,\"name\":\"In\\u00edcio\",\"item\":\"https:\\\/\\\/newsinfoco.com.br\\\/inicio\",\"nextItem\":{\"@type\":\"ListItem\",\"@id\":\"https:\\\/\\\/newsinfoco.com.br\\\/inicio\\\/category\\\/bahia\\\/#listItem\",\"name\":\"Bahia\"}},{\"@type\":\"ListItem\",\"@id\":\"https:\\\/\\\/newsinfoco.com.br\\\/inicio\\\/category\\\/bahia\\\/#listItem\",\"position\":2,\"name\":\"Bahia\",\"item\":\"https:\\\/\\\/newsinfoco.com.br\\\/inicio\\\/category\\\/bahia\\\/\",\"nextItem\":{\"@type\":\"ListItem\",\"@id\":\"https:\\\/\\\/newsinfoco.com.br\\\/inicio\\\/afrontart-faz-exposicao-de-artes-plasticas-com-144-obras-em-brasilia\\\/#listItem\",\"name\":\"Afrontart faz exposi\\u00e7\\u00e3o de artes pl\\u00e1sticas com 144 obras em Bras\\u00edlia\"},\"previousItem\":{\"@type\":\"ListItem\",\"@id\":\"https:\\\/\\\/newsinfoco.com.br\\\/inicio#listItem\",\"name\":\"In\\u00edcio\"}},{\"@type\":\"ListItem\",\"@id\":\"https:\\\/\\\/newsinfoco.com.br\\\/inicio\\\/afrontart-faz-exposicao-de-artes-plasticas-com-144-obras-em-brasilia\\\/#listItem\",\"position\":3,\"name\":\"Afrontart faz exposi\\u00e7\\u00e3o de artes pl\\u00e1sticas com 144 obras em Bras\\u00edlia\",\"previousItem\":{\"@type\":\"ListItem\",\"@id\":\"https:\\\/\\\/newsinfoco.com.br\\\/inicio\\\/category\\\/bahia\\\/#listItem\",\"name\":\"Bahia\"}}]},{\"@type\":\"Organization\",\"@id\":\"https:\\\/\\\/newsinfoco.com.br\\\/inicio\\\/#organization\",\"name\":\"News In Foco - Editado por Caio Pimenta\",\"description\":\"O principal site de noticias de Alagoinhas e regi\\u00e3o\",\"url\":\"https:\\\/\\\/newsinfoco.com.br\\\/inicio\\\/\"},{\"@type\":\"Person\",\"@id\":\"https:\\\/\\\/newsinfoco.com.br\\\/inicio\\\/author\\\/administrador\\\/#author\",\"url\":\"https:\\\/\\\/newsinfoco.com.br\\\/inicio\\\/author\\\/administrador\\\/\",\"name\":\"administrador\",\"image\":{\"@type\":\"ImageObject\",\"@id\":\"https:\\\/\\\/newsinfoco.com.br\\\/inicio\\\/afrontart-faz-exposicao-de-artes-plasticas-com-144-obras-em-brasilia\\\/#authorImage\",\"url\":\"https:\\\/\\\/secure.gravatar.com\\\/avatar\\\/c17a617433de8c1dc9584bb79aab7563b46f5bb7e1728c9b17d9cc3ce6a08e49?s=96&d=mm&r=g\",\"width\":96,\"height\":96,\"caption\":\"administrador\"}},{\"@type\":\"WebPage\",\"@id\":\"https:\\\/\\\/newsinfoco.com.br\\\/inicio\\\/afrontart-faz-exposicao-de-artes-plasticas-com-144-obras-em-brasilia\\\/#webpage\",\"url\":\"https:\\\/\\\/newsinfoco.com.br\\\/inicio\\\/afrontart-faz-exposicao-de-artes-plasticas-com-144-obras-em-brasilia\\\/\",\"name\":\"Afrontart faz exposi\\u00e7\\u00e3o de artes pl\\u00e1sticas com 144 obras em Bras\\u00edlia - News In Foco - Editado por Caio Pimenta\",\"description\":\"Idealizada pela Afrontart \\u2013 Quilombo Digital de Artes, produtora cultural baiana cuja miss\\u00e3o \\u00e9 promover o protagonismo negro, ind\\u00edgena e LGBTQIAPN+ nas artes, com expressiva presen\\u00e7a de artistas baianos e baianas, Indomin\\u00e1veis Presen\\u00e7as convida o e a visitante a experimentar o mundo que emerge das margens das artes visuais contempor\\u00e2neas no Brasil. Ao explorar o conjunto de 114 obras\",\"inLanguage\":\"pt-BR\",\"isPartOf\":{\"@id\":\"https:\\\/\\\/newsinfoco.com.br\\\/inicio\\\/#website\"},\"breadcrumb\":{\"@id\":\"https:\\\/\\\/newsinfoco.com.br\\\/inicio\\\/afrontart-faz-exposicao-de-artes-plasticas-com-144-obras-em-brasilia\\\/#breadcrumblist\"},\"author\":{\"@id\":\"https:\\\/\\\/newsinfoco.com.br\\\/inicio\\\/author\\\/administrador\\\/#author\"},\"creator\":{\"@id\":\"https:\\\/\\\/newsinfoco.com.br\\\/inicio\\\/author\\\/administrador\\\/#author\"},\"image\":{\"@type\":\"ImageObject\",\"url\":\"https:\\\/\\\/newsinfoco.com.br\\\/inicio\\\/wp-content\\\/uploads\\\/2024\\\/11\\\/Design-sem-nome-188.jpg\",\"@id\":\"https:\\\/\\\/newsinfoco.com.br\\\/inicio\\\/afrontart-faz-exposicao-de-artes-plasticas-com-144-obras-em-brasilia\\\/#mainImage\",\"width\":600,\"height\":420},\"primaryImageOfPage\":{\"@id\":\"https:\\\/\\\/newsinfoco.com.br\\\/inicio\\\/afrontart-faz-exposicao-de-artes-plasticas-com-144-obras-em-brasilia\\\/#mainImage\"},\"datePublished\":\"2024-11-27T12:51:10-03:00\",\"dateModified\":\"2024-11-27T12:51:10-03:00\"},{\"@type\":\"WebSite\",\"@id\":\"https:\\\/\\\/newsinfoco.com.br\\\/inicio\\\/#website\",\"url\":\"https:\\\/\\\/newsinfoco.com.br\\\/inicio\\\/\",\"name\":\"News In Foco - Editado por Caio Pimenta\",\"description\":\"O principal site de noticias de Alagoinhas e regi\\u00e3o\",\"inLanguage\":\"pt-BR\",\"publisher\":{\"@id\":\"https:\\\/\\\/newsinfoco.com.br\\\/inicio\\\/#organization\"}}]}\n\t\t<\/script>\n\t\t<!-- All in One SEO -->\n\n","aioseo_head_json":{"title":"Afrontart faz exposi\u00e7\u00e3o de artes pl\u00e1sticas com 144 obras em Bras\u00edlia - News In Foco - Editado por Caio Pimenta","description":"Idealizada pela Afrontart \u2013 Quilombo Digital de Artes, produtora cultural baiana cuja miss\u00e3o \u00e9 promover o protagonismo negro, ind\u00edgena e LGBTQIAPN+ nas artes, com expressiva presen\u00e7a de artistas baianos e baianas, Indomin\u00e1veis Presen\u00e7as convida o e a visitante a experimentar o mundo que emerge das margens das artes visuais contempor\u00e2neas no Brasil. Ao explorar o conjunto de 114 obras","canonical_url":"https:\/\/newsinfoco.com.br\/inicio\/afrontart-faz-exposicao-de-artes-plasticas-com-144-obras-em-brasilia\/","robots":"max-image-preview:large","keywords":"","webmasterTools":{"miscellaneous":""},"schema":{"@context":"https:\/\/schema.org","@graph":[{"@type":"BlogPosting","@id":"https:\/\/newsinfoco.com.br\/inicio\/afrontart-faz-exposicao-de-artes-plasticas-com-144-obras-em-brasilia\/#blogposting","name":"Afrontart faz exposi\u00e7\u00e3o de artes pl\u00e1sticas com 144 obras em Bras\u00edlia - News In Foco - Editado por Caio Pimenta","headline":"Afrontart faz exposi\u00e7\u00e3o de artes pl\u00e1sticas com 144 obras em Bras\u00edlia","author":{"@id":"https:\/\/newsinfoco.com.br\/inicio\/author\/administrador\/#author"},"publisher":{"@id":"https:\/\/newsinfoco.com.br\/inicio\/#organization"},"image":{"@type":"ImageObject","url":"https:\/\/newsinfoco.com.br\/inicio\/wp-content\/uploads\/2024\/11\/Design-sem-nome-188.jpg","width":600,"height":420},"datePublished":"2024-11-27T12:51:10-03:00","dateModified":"2024-11-27T12:51:10-03:00","inLanguage":"pt-BR","mainEntityOfPage":{"@id":"https:\/\/newsinfoco.com.br\/inicio\/afrontart-faz-exposicao-de-artes-plasticas-com-144-obras-em-brasilia\/#webpage"},"isPartOf":{"@id":"https:\/\/newsinfoco.com.br\/inicio\/afrontart-faz-exposicao-de-artes-plasticas-com-144-obras-em-brasilia\/#webpage"},"articleSection":"Bahia"},{"@type":"BreadcrumbList","@id":"https:\/\/newsinfoco.com.br\/inicio\/afrontart-faz-exposicao-de-artes-plasticas-com-144-obras-em-brasilia\/#breadcrumblist","itemListElement":[{"@type":"ListItem","@id":"https:\/\/newsinfoco.com.br\/inicio#listItem","position":1,"name":"In\u00edcio","item":"https:\/\/newsinfoco.com.br\/inicio","nextItem":{"@type":"ListItem","@id":"https:\/\/newsinfoco.com.br\/inicio\/category\/bahia\/#listItem","name":"Bahia"}},{"@type":"ListItem","@id":"https:\/\/newsinfoco.com.br\/inicio\/category\/bahia\/#listItem","position":2,"name":"Bahia","item":"https:\/\/newsinfoco.com.br\/inicio\/category\/bahia\/","nextItem":{"@type":"ListItem","@id":"https:\/\/newsinfoco.com.br\/inicio\/afrontart-faz-exposicao-de-artes-plasticas-com-144-obras-em-brasilia\/#listItem","name":"Afrontart faz exposi\u00e7\u00e3o de artes pl\u00e1sticas com 144 obras em Bras\u00edlia"},"previousItem":{"@type":"ListItem","@id":"https:\/\/newsinfoco.com.br\/inicio#listItem","name":"In\u00edcio"}},{"@type":"ListItem","@id":"https:\/\/newsinfoco.com.br\/inicio\/afrontart-faz-exposicao-de-artes-plasticas-com-144-obras-em-brasilia\/#listItem","position":3,"name":"Afrontart faz exposi\u00e7\u00e3o de artes pl\u00e1sticas com 144 obras em Bras\u00edlia","previousItem":{"@type":"ListItem","@id":"https:\/\/newsinfoco.com.br\/inicio\/category\/bahia\/#listItem","name":"Bahia"}}]},{"@type":"Organization","@id":"https:\/\/newsinfoco.com.br\/inicio\/#organization","name":"News In Foco - Editado por Caio Pimenta","description":"O principal site de noticias de Alagoinhas e regi\u00e3o","url":"https:\/\/newsinfoco.com.br\/inicio\/"},{"@type":"Person","@id":"https:\/\/newsinfoco.com.br\/inicio\/author\/administrador\/#author","url":"https:\/\/newsinfoco.com.br\/inicio\/author\/administrador\/","name":"administrador","image":{"@type":"ImageObject","@id":"https:\/\/newsinfoco.com.br\/inicio\/afrontart-faz-exposicao-de-artes-plasticas-com-144-obras-em-brasilia\/#authorImage","url":"https:\/\/secure.gravatar.com\/avatar\/c17a617433de8c1dc9584bb79aab7563b46f5bb7e1728c9b17d9cc3ce6a08e49?s=96&d=mm&r=g","width":96,"height":96,"caption":"administrador"}},{"@type":"WebPage","@id":"https:\/\/newsinfoco.com.br\/inicio\/afrontart-faz-exposicao-de-artes-plasticas-com-144-obras-em-brasilia\/#webpage","url":"https:\/\/newsinfoco.com.br\/inicio\/afrontart-faz-exposicao-de-artes-plasticas-com-144-obras-em-brasilia\/","name":"Afrontart faz exposi\u00e7\u00e3o de artes pl\u00e1sticas com 144 obras em Bras\u00edlia - News In Foco - Editado por Caio Pimenta","description":"Idealizada pela Afrontart \u2013 Quilombo Digital de Artes, produtora cultural baiana cuja miss\u00e3o \u00e9 promover o protagonismo negro, ind\u00edgena e LGBTQIAPN+ nas artes, com expressiva presen\u00e7a de artistas baianos e baianas, Indomin\u00e1veis Presen\u00e7as convida o e a visitante a experimentar o mundo que emerge das margens das artes visuais contempor\u00e2neas no Brasil. Ao explorar o conjunto de 114 obras","inLanguage":"pt-BR","isPartOf":{"@id":"https:\/\/newsinfoco.com.br\/inicio\/#website"},"breadcrumb":{"@id":"https:\/\/newsinfoco.com.br\/inicio\/afrontart-faz-exposicao-de-artes-plasticas-com-144-obras-em-brasilia\/#breadcrumblist"},"author":{"@id":"https:\/\/newsinfoco.com.br\/inicio\/author\/administrador\/#author"},"creator":{"@id":"https:\/\/newsinfoco.com.br\/inicio\/author\/administrador\/#author"},"image":{"@type":"ImageObject","url":"https:\/\/newsinfoco.com.br\/inicio\/wp-content\/uploads\/2024\/11\/Design-sem-nome-188.jpg","@id":"https:\/\/newsinfoco.com.br\/inicio\/afrontart-faz-exposicao-de-artes-plasticas-com-144-obras-em-brasilia\/#mainImage","width":600,"height":420},"primaryImageOfPage":{"@id":"https:\/\/newsinfoco.com.br\/inicio\/afrontart-faz-exposicao-de-artes-plasticas-com-144-obras-em-brasilia\/#mainImage"},"datePublished":"2024-11-27T12:51:10-03:00","dateModified":"2024-11-27T12:51:10-03:00"},{"@type":"WebSite","@id":"https:\/\/newsinfoco.com.br\/inicio\/#website","url":"https:\/\/newsinfoco.com.br\/inicio\/","name":"News In Foco - Editado por Caio Pimenta","description":"O principal site de noticias de Alagoinhas e regi\u00e3o","inLanguage":"pt-BR","publisher":{"@id":"https:\/\/newsinfoco.com.br\/inicio\/#organization"}}]},"og:locale":"pt_BR","og:site_name":"News In Foco - Editado por Caio Pimenta - O principal site de noticias de Alagoinhas e regi\u00e3o","og:type":"article","og:title":"Afrontart faz exposi\u00e7\u00e3o de artes pl\u00e1sticas com 144 obras em Bras\u00edlia - News In Foco - Editado por Caio Pimenta","og:description":"Idealizada pela Afrontart \u2013 Quilombo Digital de Artes, produtora cultural baiana cuja miss\u00e3o \u00e9 promover o protagonismo negro, ind\u00edgena e LGBTQIAPN+ nas artes, com expressiva presen\u00e7a de artistas baianos e baianas, Indomin\u00e1veis Presen\u00e7as convida o e a visitante a experimentar o mundo que emerge das margens das artes visuais contempor\u00e2neas no Brasil. Ao explorar o conjunto de 114 obras","og:url":"https:\/\/newsinfoco.com.br\/inicio\/afrontart-faz-exposicao-de-artes-plasticas-com-144-obras-em-brasilia\/","article:published_time":"2024-11-27T15:51:10+00:00","article:modified_time":"2024-11-27T15:51:10+00:00","twitter:card":"summary_large_image","twitter:title":"Afrontart faz exposi\u00e7\u00e3o de artes pl\u00e1sticas com 144 obras em Bras\u00edlia - News In Foco - Editado por Caio Pimenta","twitter:description":"Idealizada pela Afrontart \u2013 Quilombo Digital de Artes, produtora cultural baiana cuja miss\u00e3o \u00e9 promover o protagonismo negro, ind\u00edgena e LGBTQIAPN+ nas artes, com expressiva presen\u00e7a de artistas baianos e baianas, Indomin\u00e1veis Presen\u00e7as convida o e a visitante a experimentar o mundo que emerge das margens das artes visuais contempor\u00e2neas no Brasil. Ao explorar o conjunto de 114 obras"},"aioseo_meta_data":{"post_id":"37038","title":null,"description":null,"keywords":null,"keyphrases":{"focus":{"keyphrase":"","score":0,"analysis":{"keyphraseInTitle":{"score":0,"maxScore":9,"error":1}}},"additional":[]},"primary_term":null,"canonical_url":null,"og_title":null,"og_description":null,"og_object_type":"default","og_image_type":"default","og_image_url":null,"og_image_width":null,"og_image_height":null,"og_image_custom_url":null,"og_image_custom_fields":null,"og_video":"","og_custom_url":null,"og_article_section":null,"og_article_tags":null,"twitter_use_og":false,"twitter_card":"default","twitter_image_type":"default","twitter_image_url":null,"twitter_image_custom_url":null,"twitter_image_custom_fields":null,"twitter_title":null,"twitter_description":null,"schema":{"blockGraphs":[],"customGraphs":[],"default":{"data":{"Article":[],"Course":[],"Dataset":[],"FAQPage":[],"Movie":[],"Person":[],"Product":[],"ProductReview":[],"Car":[],"Recipe":[],"Service":[],"SoftwareApplication":[],"WebPage":[]},"graphName":"BlogPosting","isEnabled":true},"graphs":[]},"schema_type":"default","schema_type_options":null,"pillar_content":false,"robots_default":true,"robots_noindex":false,"robots_noarchive":false,"robots_nosnippet":false,"robots_nofollow":false,"robots_noimageindex":false,"robots_noodp":false,"robots_notranslate":false,"robots_max_snippet":"-1","robots_max_videopreview":"-1","robots_max_imagepreview":"large","priority":null,"frequency":"default","local_seo":null,"breadcrumb_settings":null,"limit_modified_date":false,"ai":null,"created":"2024-11-27 15:51:10","updated":"2025-07-11 11:08:58","seo_analyzer_scan_date":null},"aioseo_breadcrumb":"<div class=\"aioseo-breadcrumbs\"><span class=\"aioseo-breadcrumb\">\n\t\t\t<a href=\"https:\/\/newsinfoco.com.br\/inicio\" title=\"In\u00edcio\">In\u00edcio<\/a>\n\t\t<\/span><span class=\"aioseo-breadcrumb-separator\">&raquo;<\/span><span class=\"aioseo-breadcrumb\">\n\t\t\t<a href=\"https:\/\/newsinfoco.com.br\/inicio\/category\/bahia\/\" title=\"Bahia\">Bahia<\/a>\n\t\t<\/span><span class=\"aioseo-breadcrumb-separator\">&raquo;<\/span><span class=\"aioseo-breadcrumb\">\n\t\t\tAfrontart faz exposi\u00e7\u00e3o de artes pl\u00e1sticas com 144 obras em Bras\u00edlia\n\t\t<\/span><\/div>","aioseo_breadcrumb_json":[{"label":"In\u00edcio","link":"https:\/\/newsinfoco.com.br\/inicio"},{"label":"Bahia","link":"https:\/\/newsinfoco.com.br\/inicio\/category\/bahia\/"},{"label":"Afrontart faz exposi\u00e7\u00e3o de artes pl\u00e1sticas com 144 obras em Bras\u00edlia","link":"https:\/\/newsinfoco.com.br\/inicio\/afrontart-faz-exposicao-de-artes-plasticas-com-144-obras-em-brasilia\/"}],"_links":{"self":[{"href":"https:\/\/newsinfoco.com.br\/inicio\/wp-json\/wp\/v2\/posts\/37038","targetHints":{"allow":["GET"]}}],"collection":[{"href":"https:\/\/newsinfoco.com.br\/inicio\/wp-json\/wp\/v2\/posts"}],"about":[{"href":"https:\/\/newsinfoco.com.br\/inicio\/wp-json\/wp\/v2\/types\/post"}],"author":[{"embeddable":true,"href":"https:\/\/newsinfoco.com.br\/inicio\/wp-json\/wp\/v2\/users\/1"}],"replies":[{"embeddable":true,"href":"https:\/\/newsinfoco.com.br\/inicio\/wp-json\/wp\/v2\/comments?post=37038"}],"version-history":[{"count":1,"href":"https:\/\/newsinfoco.com.br\/inicio\/wp-json\/wp\/v2\/posts\/37038\/revisions"}],"predecessor-version":[{"id":37040,"href":"https:\/\/newsinfoco.com.br\/inicio\/wp-json\/wp\/v2\/posts\/37038\/revisions\/37040"}],"wp:featuredmedia":[{"embeddable":true,"href":"https:\/\/newsinfoco.com.br\/inicio\/wp-json\/wp\/v2\/media\/37039"}],"wp:attachment":[{"href":"https:\/\/newsinfoco.com.br\/inicio\/wp-json\/wp\/v2\/media?parent=37038"}],"wp:term":[{"taxonomy":"category","embeddable":true,"href":"https:\/\/newsinfoco.com.br\/inicio\/wp-json\/wp\/v2\/categories?post=37038"},{"taxonomy":"post_tag","embeddable":true,"href":"https:\/\/newsinfoco.com.br\/inicio\/wp-json\/wp\/v2\/tags?post=37038"}],"curies":[{"name":"wp","href":"https:\/\/api.w.org\/{rel}","templated":true}]}}