{"id":37057,"date":"2024-11-28T12:36:45","date_gmt":"2024-11-28T15:36:45","guid":{"rendered":"https:\/\/newsinfoco.com.br\/inicio\/?p=37057"},"modified":"2024-11-28T12:36:45","modified_gmt":"2024-11-28T15:36:45","slug":"ccj-aprova-criminalizacao-de-aborto-apos-22-semanas-de-gestacao","status":"publish","type":"post","link":"https:\/\/newsinfoco.com.br\/inicio\/ccj-aprova-criminalizacao-de-aborto-apos-22-semanas-de-gestacao\/","title":{"rendered":"CCJ aprova criminaliza\u00e7\u00e3o de aborto ap\u00f3s 22 semanas de gesta\u00e7\u00e3o"},"content":{"rendered":"<p>A Proposta de Emenda \u00e0 Constitui\u00e7\u00e3o (PEC) que acaba com o aborto legal no Brasil foi aprovada em sess\u00e3o da Comiss\u00e3o de Constitui\u00e7\u00e3o e Justi\u00e7a (CCJ) da C\u00e2mara dos Deputados na quarta-feira (27), por 35 votos a 15. Isso, por\u00e9m, n\u00e3o significa que o caminho para a proposta se tornar norma seja r\u00e1pido ou f\u00e1cil a partir de agora.<\/p>\n<p>Segundo mat\u00e9ria da Folha de S\u00e3o Paulo, o regimento interno da Casa detalha que a PEC precisa ser enviada para an\u00e1lise de uma comiss\u00e3o especial. Com isso, cabe ao presidente da C\u00e2mara, Arthur Lira (PP-AL), decidir quando instaur\u00e1-la, iniciando um prazo de 40 sess\u00f5es para que a proposta seja debatida e novamente votada.<\/p>\n<p>Isso ocorre porque a CCJ tem o poder de avaliar apenas a admissibilidade, ou seja, dizer se considera um projeto de lei \u00e9 compat\u00edvel com a Constitui\u00e7\u00e3o brasileira. O conte\u00fado do texto, chamado de m\u00e9rito, \u00e9 avaliado no trabalho da comiss\u00e3o especial, onde parlamentares apresentam emendas e discutem mudan\u00e7as \u00e0 proposi\u00e7\u00e3o.<\/p>\n<p>H\u00e1 uma probabilidade, inclusive, que Lira sequer instale o colegiado durante sua presid\u00eancia, que termina em fevereiro de 2025. At\u00e9 a manh\u00e3 desta quinta-feira (28), o presidente ainda n\u00e3o havia comentado o resultado da CCJ. Soma-se a isso, sinais que apontam na dire\u00e7\u00e3o de um atraso na tramita\u00e7\u00e3o: o deputado n\u00e3o iniciou ainda os debates do PL Antiaborto por Estupro, cuja urg\u00eancia foi votada em plen\u00e1rio em junho.<\/p>\n<p>Em meio a press\u00e3o de movimentos contr\u00e1rios \u00e0 aprova\u00e7\u00e3o do PL, que acabaria com o aborto legal a partir das 22 semanas de gesta\u00e7\u00e3o, Lira chegou a afirmar que o texto seria debatido em comiss\u00e3o no segundo semestre. O colegiado, entretanto, nunca foi instaurado.<\/p>\n<p>Um dos motivos apontados para o distanciamento do presidente da Casa de um debate sobre o aborto vem de seu desejo em construir uma alian\u00e7a mais ampla para eleger seu sucessor, Hugo Motta (Republicanos-PB) em 2025. Como o governo se posiciona contra a aprova\u00e7\u00e3o da PEC, ela tamb\u00e9m pode acabar na gaveta \u2014pelo menos por um tempo.<\/p>\n<p>Supondo-se que seja aprovada em comiss\u00e3o especial, a proposta seguiria ent\u00e3o para vota\u00e7\u00e3o no plen\u00e1rio da C\u00e2mara, onde deve ser colocada em pauta pelo presidente da Casa, ato que depende de momento pol\u00edtico e prioridades legislativas. Uma vez em vota\u00e7\u00e3o, precisa ser aprovada em dois turnos por pelo menos 308 deputados.<\/p>\n<p>Uma vez aprovada na C\u00e2mara, a proposta seguiria para o Senado, onde novamente passaria por an\u00e1lise da CCJ local, seguindo depois diretamente para o plen\u00e1rio dos senadores, onde precisaria receber 49 votos em dois turnos. A partir da\u00ed, a proposta pode ir a promulga\u00e7\u00e3o ou retornar \u00e0 Casa inicial, ou seja, \u00e0 C\u00e2mara, para delibera\u00e7\u00e3o sobre mudan\u00e7as feitas pelos senadores.<\/p>\n<div>\n<div class=\"trv-player-container\">\n<div class=\"trv-wrapper\">\n<div id=\"br_video_player_77c8712b67013e4279231d5d558f2e9dc3c659f9\" class=\"trvd_video_player\">\n<div class=\"media-player\">\n<div class=\"trv-video\">\n<div id=\"truvid_ima_container66113\" class=\"truvid_ima_container trv-ima-container-hidden\">\n<div>\n<div class=\"conteudo_post\">\n<p>No Brasil, atualmente o aborto \u00e9 permitido em casos de estupro, risco de vida da gestante e anencefalia fetal.<\/p>\n<p>Bahia.ba<\/p>\n<\/div>\n<div id=\"div-share\"><\/div>\n<\/div>\n<\/div>\n<\/div>\n<div class=\"trv-media-controls\">\n<div class=\"trv-bottom-controls\">\n<div class=\"bottom-right\">\n<div class=\"fullScreen trv-control\" title=\"Full Screen\"><\/div>\n<\/div>\n<\/div>\n<\/div>\n<div class=\"trv-poster\"><\/div>\n<div class=\"video-overlay\">\n<div class=\"overlayBtnWrapper\">\n<div class=\"overlay-backwards-wrapper\"><\/div>\n<div class=\"overlay-play-wrapper\">\n<div class=\"overlay-play-pause\"><\/div>\n<\/div>\n<div class=\"overlay-forward-wrapper\"><\/div>\n<\/div>\n<\/div>\n<\/div>\n<div class=\"trv-autoskip-container\">\n<div class=\"trv-autoskip-background\">\n<div class=\"trv-autoskip-line-top\">\n<div><\/div>\n<\/div>\n<div class=\"trv-autoskip-line-right\">\n<div><\/div>\n<\/div>\n<div class=\"trv-autoskip-line-bottom\">\n<div><\/div>\n<\/div>\n<div class=\"trv-autoskip-line-left\">\n<div><\/div>\n<\/div>\n<\/div>\n<div class=\"autoskip-btn autoskip-btn-blue\"><\/div>\n<div class=\"autoskip-btn autoskip-btn-gray\"><\/div>\n<\/div>\n<div><\/div>\n<p><img decoding=\"async\" src=\"https:\/\/ads.stickyadstv.com\/auto-user-sync?_fw_gdpr=0&amp;_fw_gdpr_consent=\" \/><img decoding=\"async\" src=\"https:\/\/ads.stickyadstv.com\/user-matching?id=2545&amp;_fw_gdpr=0&amp;_fw_gdpr_consent=\" \/><\/p>\n<div><\/div>\n<div><\/div>\n<p><img decoding=\"async\" src=\"https:\/\/ads.stickyadstv.com\/auto-user-sync?_fw_gdpr=0&amp;_fw_gdpr_consent=\" \/><img decoding=\"async\" src=\"https:\/\/ads.stickyadstv.com\/user-matching?id=2545&amp;_fw_gdpr=0&amp;_fw_gdpr_consent=\" \/><\/p>\n<div><\/div>\n<div class=\"loader-bg-transparent\">\n<div class=\"loader-bg-image-transparent\"><\/div>\n<div class=\"loader-transparent\"><\/div>\n<\/div>\n<\/div>\n<\/div>\n<\/div>\n<\/div>\n<div class='share-to-whatsapp-wrapper'><div class='share-on-whsp'>Share on: <\/div><a data-text='CCJ aprova criminaliza\u00e7\u00e3o de aborto ap\u00f3s 22 semanas de gesta\u00e7\u00e3o' data-link='https:\/\/newsinfoco.com.br\/inicio\/ccj-aprova-criminalizacao-de-aborto-apos-22-semanas-de-gestacao\/' class='whatsapp-button whatsapp-share'>WhatsApp<\/a><div class='clear '><\/div><\/div>","protected":false},"excerpt":{"rendered":"<p>A Proposta de Emenda \u00e0 Constitui\u00e7\u00e3o (PEC) que acaba com o aborto legal no Brasil foi aprovada em sess\u00e3o da Comiss\u00e3o de Constitui\u00e7\u00e3o e Justi\u00e7a (CCJ) da C\u00e2mara dos Deputados na quarta-feira (27), por 35 votos a 15. Isso, por\u00e9m, n\u00e3o significa que o caminho para a proposta se tornar norma seja r\u00e1pido ou f\u00e1cil [&hellip;]<\/p>\n","protected":false},"author":1,"featured_media":37058,"comment_status":"closed","ping_status":"closed","sticky":false,"template":"","format":"standard","meta":{"om_disable_all_campaigns":false,"rop_custom_images_group":[],"rop_custom_messages_group":[],"rop_publish_now":"initial","rop_publish_now_accounts":[],"rop_publish_now_history":[],"rop_publish_now_status":"pending","_exactmetrics_skip_tracking":false,"footnotes":""},"categories":[21],"tags":[],"class_list":["post-37057","post","type-post","status-publish","format-standard","has-post-thumbnail","hentry","category-brasil"],"aioseo_notices":[],"aioseo_head":"\n\t\t<!-- All in One SEO 4.9.10 - aioseo.com -->\n\t<meta name=\"description\" content=\"A Proposta de Emenda \u00e0 Constitui\u00e7\u00e3o (PEC) que acaba com o aborto legal no Brasil foi aprovada em sess\u00e3o da Comiss\u00e3o de Constitui\u00e7\u00e3o e Justi\u00e7a (CCJ) da C\u00e2mara dos Deputados na quarta-feira (27), por 35 votos a 15. Isso, por\u00e9m, n\u00e3o significa que o caminho para a proposta se tornar norma seja r\u00e1pido ou f\u00e1cil\" \/>\n\t<meta name=\"robots\" content=\"max-image-preview:large\" \/>\n\t<meta name=\"author\" content=\"administrador\"\/>\n\t<link rel=\"canonical\" href=\"https:\/\/newsinfoco.com.br\/inicio\/ccj-aprova-criminalizacao-de-aborto-apos-22-semanas-de-gestacao\/\" \/>\n\t<meta name=\"generator\" content=\"All in One SEO (AIOSEO) 4.9.10\" \/>\n\t\t<meta property=\"og:locale\" content=\"pt_BR\" \/>\n\t\t<meta property=\"og:site_name\" content=\"News In Foco - Editado por Caio Pimenta - O principal site de noticias de Alagoinhas e regi\u00e3o\" \/>\n\t\t<meta property=\"og:type\" content=\"article\" \/>\n\t\t<meta property=\"og:title\" content=\"CCJ aprova criminaliza\u00e7\u00e3o de aborto ap\u00f3s 22 semanas de gesta\u00e7\u00e3o - News In Foco - Editado por Caio Pimenta\" \/>\n\t\t<meta property=\"og:description\" content=\"A Proposta de Emenda \u00e0 Constitui\u00e7\u00e3o (PEC) que acaba com o aborto legal no Brasil foi aprovada em sess\u00e3o da Comiss\u00e3o de Constitui\u00e7\u00e3o e Justi\u00e7a (CCJ) da C\u00e2mara dos Deputados na quarta-feira (27), por 35 votos a 15. Isso, por\u00e9m, n\u00e3o significa que o caminho para a proposta se tornar norma seja r\u00e1pido ou f\u00e1cil\" \/>\n\t\t<meta property=\"og:url\" content=\"https:\/\/newsinfoco.com.br\/inicio\/ccj-aprova-criminalizacao-de-aborto-apos-22-semanas-de-gestacao\/\" \/>\n\t\t<meta property=\"article:published_time\" content=\"2024-11-28T15:36:45+00:00\" \/>\n\t\t<meta property=\"article:modified_time\" content=\"2024-11-28T15:36:45+00:00\" \/>\n\t\t<meta name=\"twitter:card\" content=\"summary_large_image\" \/>\n\t\t<meta name=\"twitter:title\" content=\"CCJ aprova criminaliza\u00e7\u00e3o de aborto ap\u00f3s 22 semanas de gesta\u00e7\u00e3o - News In Foco - Editado por Caio Pimenta\" \/>\n\t\t<meta name=\"twitter:description\" content=\"A Proposta de Emenda \u00e0 Constitui\u00e7\u00e3o (PEC) que acaba com o aborto legal no Brasil foi aprovada em sess\u00e3o da Comiss\u00e3o de Constitui\u00e7\u00e3o e Justi\u00e7a (CCJ) da C\u00e2mara dos Deputados na quarta-feira (27), por 35 votos a 15. Isso, por\u00e9m, n\u00e3o significa que o caminho para a proposta se tornar norma seja r\u00e1pido ou f\u00e1cil\" \/>\n\t\t<script type=\"application\/ld+json\" class=\"aioseo-schema\">\n\t\t\t{\"@context\":\"https:\\\/\\\/schema.org\",\"@graph\":[{\"@type\":\"BlogPosting\",\"@id\":\"https:\\\/\\\/newsinfoco.com.br\\\/inicio\\\/ccj-aprova-criminalizacao-de-aborto-apos-22-semanas-de-gestacao\\\/#blogposting\",\"name\":\"CCJ aprova criminaliza\\u00e7\\u00e3o de aborto ap\\u00f3s 22 semanas de gesta\\u00e7\\u00e3o - News In Foco - Editado por Caio Pimenta\",\"headline\":\"CCJ aprova criminaliza\\u00e7\\u00e3o de aborto ap\\u00f3s 22 semanas de gesta\\u00e7\\u00e3o\",\"author\":{\"@id\":\"https:\\\/\\\/newsinfoco.com.br\\\/inicio\\\/author\\\/administrador\\\/#author\"},\"publisher\":{\"@id\":\"https:\\\/\\\/newsinfoco.com.br\\\/inicio\\\/#organization\"},\"image\":{\"@type\":\"ImageObject\",\"url\":\"https:\\\/\\\/newsinfoco.com.br\\\/inicio\\\/wp-content\\\/uploads\\\/2024\\\/11\\\/camara-dos-deputados-reforma-tributaria-urgencia.png\",\"width\":600,\"height\":420},\"datePublished\":\"2024-11-28T12:36:45-03:00\",\"dateModified\":\"2024-11-28T12:36:45-03:00\",\"inLanguage\":\"pt-BR\",\"mainEntityOfPage\":{\"@id\":\"https:\\\/\\\/newsinfoco.com.br\\\/inicio\\\/ccj-aprova-criminalizacao-de-aborto-apos-22-semanas-de-gestacao\\\/#webpage\"},\"isPartOf\":{\"@id\":\"https:\\\/\\\/newsinfoco.com.br\\\/inicio\\\/ccj-aprova-criminalizacao-de-aborto-apos-22-semanas-de-gestacao\\\/#webpage\"},\"articleSection\":\"Brasil\"},{\"@type\":\"BreadcrumbList\",\"@id\":\"https:\\\/\\\/newsinfoco.com.br\\\/inicio\\\/ccj-aprova-criminalizacao-de-aborto-apos-22-semanas-de-gestacao\\\/#breadcrumblist\",\"itemListElement\":[{\"@type\":\"ListItem\",\"@id\":\"https:\\\/\\\/newsinfoco.com.br\\\/inicio#listItem\",\"position\":1,\"name\":\"In\\u00edcio\",\"item\":\"https:\\\/\\\/newsinfoco.com.br\\\/inicio\",\"nextItem\":{\"@type\":\"ListItem\",\"@id\":\"https:\\\/\\\/newsinfoco.com.br\\\/inicio\\\/category\\\/brasil\\\/#listItem\",\"name\":\"Brasil\"}},{\"@type\":\"ListItem\",\"@id\":\"https:\\\/\\\/newsinfoco.com.br\\\/inicio\\\/category\\\/brasil\\\/#listItem\",\"position\":2,\"name\":\"Brasil\",\"item\":\"https:\\\/\\\/newsinfoco.com.br\\\/inicio\\\/category\\\/brasil\\\/\",\"nextItem\":{\"@type\":\"ListItem\",\"@id\":\"https:\\\/\\\/newsinfoco.com.br\\\/inicio\\\/ccj-aprova-criminalizacao-de-aborto-apos-22-semanas-de-gestacao\\\/#listItem\",\"name\":\"CCJ aprova criminaliza\\u00e7\\u00e3o de aborto ap\\u00f3s 22 semanas de gesta\\u00e7\\u00e3o\"},\"previousItem\":{\"@type\":\"ListItem\",\"@id\":\"https:\\\/\\\/newsinfoco.com.br\\\/inicio#listItem\",\"name\":\"In\\u00edcio\"}},{\"@type\":\"ListItem\",\"@id\":\"https:\\\/\\\/newsinfoco.com.br\\\/inicio\\\/ccj-aprova-criminalizacao-de-aborto-apos-22-semanas-de-gestacao\\\/#listItem\",\"position\":3,\"name\":\"CCJ aprova criminaliza\\u00e7\\u00e3o de aborto ap\\u00f3s 22 semanas de gesta\\u00e7\\u00e3o\",\"previousItem\":{\"@type\":\"ListItem\",\"@id\":\"https:\\\/\\\/newsinfoco.com.br\\\/inicio\\\/category\\\/brasil\\\/#listItem\",\"name\":\"Brasil\"}}]},{\"@type\":\"Organization\",\"@id\":\"https:\\\/\\\/newsinfoco.com.br\\\/inicio\\\/#organization\",\"name\":\"News In Foco - Editado por Caio Pimenta\",\"description\":\"O principal site de noticias de Alagoinhas e regi\\u00e3o\",\"url\":\"https:\\\/\\\/newsinfoco.com.br\\\/inicio\\\/\"},{\"@type\":\"Person\",\"@id\":\"https:\\\/\\\/newsinfoco.com.br\\\/inicio\\\/author\\\/administrador\\\/#author\",\"url\":\"https:\\\/\\\/newsinfoco.com.br\\\/inicio\\\/author\\\/administrador\\\/\",\"name\":\"administrador\",\"image\":{\"@type\":\"ImageObject\",\"@id\":\"https:\\\/\\\/newsinfoco.com.br\\\/inicio\\\/ccj-aprova-criminalizacao-de-aborto-apos-22-semanas-de-gestacao\\\/#authorImage\",\"url\":\"https:\\\/\\\/secure.gravatar.com\\\/avatar\\\/c17a617433de8c1dc9584bb79aab7563b46f5bb7e1728c9b17d9cc3ce6a08e49?s=96&d=mm&r=g\",\"width\":96,\"height\":96,\"caption\":\"administrador\"}},{\"@type\":\"WebPage\",\"@id\":\"https:\\\/\\\/newsinfoco.com.br\\\/inicio\\\/ccj-aprova-criminalizacao-de-aborto-apos-22-semanas-de-gestacao\\\/#webpage\",\"url\":\"https:\\\/\\\/newsinfoco.com.br\\\/inicio\\\/ccj-aprova-criminalizacao-de-aborto-apos-22-semanas-de-gestacao\\\/\",\"name\":\"CCJ aprova criminaliza\\u00e7\\u00e3o de aborto ap\\u00f3s 22 semanas de gesta\\u00e7\\u00e3o - News In Foco - Editado por Caio Pimenta\",\"description\":\"A Proposta de Emenda \\u00e0 Constitui\\u00e7\\u00e3o (PEC) que acaba com o aborto legal no Brasil foi aprovada em sess\\u00e3o da Comiss\\u00e3o de Constitui\\u00e7\\u00e3o e Justi\\u00e7a (CCJ) da C\\u00e2mara dos Deputados na quarta-feira (27), por 35 votos a 15. Isso, por\\u00e9m, n\\u00e3o significa que o caminho para a proposta se tornar norma seja r\\u00e1pido ou f\\u00e1cil\",\"inLanguage\":\"pt-BR\",\"isPartOf\":{\"@id\":\"https:\\\/\\\/newsinfoco.com.br\\\/inicio\\\/#website\"},\"breadcrumb\":{\"@id\":\"https:\\\/\\\/newsinfoco.com.br\\\/inicio\\\/ccj-aprova-criminalizacao-de-aborto-apos-22-semanas-de-gestacao\\\/#breadcrumblist\"},\"author\":{\"@id\":\"https:\\\/\\\/newsinfoco.com.br\\\/inicio\\\/author\\\/administrador\\\/#author\"},\"creator\":{\"@id\":\"https:\\\/\\\/newsinfoco.com.br\\\/inicio\\\/author\\\/administrador\\\/#author\"},\"image\":{\"@type\":\"ImageObject\",\"url\":\"https:\\\/\\\/newsinfoco.com.br\\\/inicio\\\/wp-content\\\/uploads\\\/2024\\\/11\\\/camara-dos-deputados-reforma-tributaria-urgencia.png\",\"@id\":\"https:\\\/\\\/newsinfoco.com.br\\\/inicio\\\/ccj-aprova-criminalizacao-de-aborto-apos-22-semanas-de-gestacao\\\/#mainImage\",\"width\":600,\"height\":420},\"primaryImageOfPage\":{\"@id\":\"https:\\\/\\\/newsinfoco.com.br\\\/inicio\\\/ccj-aprova-criminalizacao-de-aborto-apos-22-semanas-de-gestacao\\\/#mainImage\"},\"datePublished\":\"2024-11-28T12:36:45-03:00\",\"dateModified\":\"2024-11-28T12:36:45-03:00\"},{\"@type\":\"WebSite\",\"@id\":\"https:\\\/\\\/newsinfoco.com.br\\\/inicio\\\/#website\",\"url\":\"https:\\\/\\\/newsinfoco.com.br\\\/inicio\\\/\",\"name\":\"News In Foco - Editado por Caio Pimenta\",\"description\":\"O principal site de noticias de Alagoinhas e regi\\u00e3o\",\"inLanguage\":\"pt-BR\",\"publisher\":{\"@id\":\"https:\\\/\\\/newsinfoco.com.br\\\/inicio\\\/#organization\"}}]}\n\t\t<\/script>\n\t\t<!-- All in One SEO -->\n\n","aioseo_head_json":{"title":"CCJ aprova criminaliza\u00e7\u00e3o de aborto ap\u00f3s 22 semanas de gesta\u00e7\u00e3o - News In Foco - Editado por Caio Pimenta","description":"A Proposta de Emenda \u00e0 Constitui\u00e7\u00e3o (PEC) que acaba com o aborto legal no Brasil foi aprovada em sess\u00e3o da Comiss\u00e3o de Constitui\u00e7\u00e3o e Justi\u00e7a (CCJ) da C\u00e2mara dos Deputados na quarta-feira (27), por 35 votos a 15. Isso, por\u00e9m, n\u00e3o significa que o caminho para a proposta se tornar norma seja r\u00e1pido ou f\u00e1cil","canonical_url":"https:\/\/newsinfoco.com.br\/inicio\/ccj-aprova-criminalizacao-de-aborto-apos-22-semanas-de-gestacao\/","robots":"max-image-preview:large","keywords":"","webmasterTools":{"miscellaneous":""},"schema":{"@context":"https:\/\/schema.org","@graph":[{"@type":"BlogPosting","@id":"https:\/\/newsinfoco.com.br\/inicio\/ccj-aprova-criminalizacao-de-aborto-apos-22-semanas-de-gestacao\/#blogposting","name":"CCJ aprova criminaliza\u00e7\u00e3o de aborto ap\u00f3s 22 semanas de gesta\u00e7\u00e3o - News In Foco - Editado por Caio Pimenta","headline":"CCJ aprova criminaliza\u00e7\u00e3o de aborto ap\u00f3s 22 semanas de gesta\u00e7\u00e3o","author":{"@id":"https:\/\/newsinfoco.com.br\/inicio\/author\/administrador\/#author"},"publisher":{"@id":"https:\/\/newsinfoco.com.br\/inicio\/#organization"},"image":{"@type":"ImageObject","url":"https:\/\/newsinfoco.com.br\/inicio\/wp-content\/uploads\/2024\/11\/camara-dos-deputados-reforma-tributaria-urgencia.png","width":600,"height":420},"datePublished":"2024-11-28T12:36:45-03:00","dateModified":"2024-11-28T12:36:45-03:00","inLanguage":"pt-BR","mainEntityOfPage":{"@id":"https:\/\/newsinfoco.com.br\/inicio\/ccj-aprova-criminalizacao-de-aborto-apos-22-semanas-de-gestacao\/#webpage"},"isPartOf":{"@id":"https:\/\/newsinfoco.com.br\/inicio\/ccj-aprova-criminalizacao-de-aborto-apos-22-semanas-de-gestacao\/#webpage"},"articleSection":"Brasil"},{"@type":"BreadcrumbList","@id":"https:\/\/newsinfoco.com.br\/inicio\/ccj-aprova-criminalizacao-de-aborto-apos-22-semanas-de-gestacao\/#breadcrumblist","itemListElement":[{"@type":"ListItem","@id":"https:\/\/newsinfoco.com.br\/inicio#listItem","position":1,"name":"In\u00edcio","item":"https:\/\/newsinfoco.com.br\/inicio","nextItem":{"@type":"ListItem","@id":"https:\/\/newsinfoco.com.br\/inicio\/category\/brasil\/#listItem","name":"Brasil"}},{"@type":"ListItem","@id":"https:\/\/newsinfoco.com.br\/inicio\/category\/brasil\/#listItem","position":2,"name":"Brasil","item":"https:\/\/newsinfoco.com.br\/inicio\/category\/brasil\/","nextItem":{"@type":"ListItem","@id":"https:\/\/newsinfoco.com.br\/inicio\/ccj-aprova-criminalizacao-de-aborto-apos-22-semanas-de-gestacao\/#listItem","name":"CCJ aprova criminaliza\u00e7\u00e3o de aborto ap\u00f3s 22 semanas de gesta\u00e7\u00e3o"},"previousItem":{"@type":"ListItem","@id":"https:\/\/newsinfoco.com.br\/inicio#listItem","name":"In\u00edcio"}},{"@type":"ListItem","@id":"https:\/\/newsinfoco.com.br\/inicio\/ccj-aprova-criminalizacao-de-aborto-apos-22-semanas-de-gestacao\/#listItem","position":3,"name":"CCJ aprova criminaliza\u00e7\u00e3o de aborto ap\u00f3s 22 semanas de gesta\u00e7\u00e3o","previousItem":{"@type":"ListItem","@id":"https:\/\/newsinfoco.com.br\/inicio\/category\/brasil\/#listItem","name":"Brasil"}}]},{"@type":"Organization","@id":"https:\/\/newsinfoco.com.br\/inicio\/#organization","name":"News In Foco - Editado por Caio Pimenta","description":"O principal site de noticias de Alagoinhas e regi\u00e3o","url":"https:\/\/newsinfoco.com.br\/inicio\/"},{"@type":"Person","@id":"https:\/\/newsinfoco.com.br\/inicio\/author\/administrador\/#author","url":"https:\/\/newsinfoco.com.br\/inicio\/author\/administrador\/","name":"administrador","image":{"@type":"ImageObject","@id":"https:\/\/newsinfoco.com.br\/inicio\/ccj-aprova-criminalizacao-de-aborto-apos-22-semanas-de-gestacao\/#authorImage","url":"https:\/\/secure.gravatar.com\/avatar\/c17a617433de8c1dc9584bb79aab7563b46f5bb7e1728c9b17d9cc3ce6a08e49?s=96&d=mm&r=g","width":96,"height":96,"caption":"administrador"}},{"@type":"WebPage","@id":"https:\/\/newsinfoco.com.br\/inicio\/ccj-aprova-criminalizacao-de-aborto-apos-22-semanas-de-gestacao\/#webpage","url":"https:\/\/newsinfoco.com.br\/inicio\/ccj-aprova-criminalizacao-de-aborto-apos-22-semanas-de-gestacao\/","name":"CCJ aprova criminaliza\u00e7\u00e3o de aborto ap\u00f3s 22 semanas de gesta\u00e7\u00e3o - News In Foco - Editado por Caio Pimenta","description":"A Proposta de Emenda \u00e0 Constitui\u00e7\u00e3o (PEC) que acaba com o aborto legal no Brasil foi aprovada em sess\u00e3o da Comiss\u00e3o de Constitui\u00e7\u00e3o e Justi\u00e7a (CCJ) da C\u00e2mara dos Deputados na quarta-feira (27), por 35 votos a 15. Isso, por\u00e9m, n\u00e3o significa que o caminho para a proposta se tornar norma seja r\u00e1pido ou f\u00e1cil","inLanguage":"pt-BR","isPartOf":{"@id":"https:\/\/newsinfoco.com.br\/inicio\/#website"},"breadcrumb":{"@id":"https:\/\/newsinfoco.com.br\/inicio\/ccj-aprova-criminalizacao-de-aborto-apos-22-semanas-de-gestacao\/#breadcrumblist"},"author":{"@id":"https:\/\/newsinfoco.com.br\/inicio\/author\/administrador\/#author"},"creator":{"@id":"https:\/\/newsinfoco.com.br\/inicio\/author\/administrador\/#author"},"image":{"@type":"ImageObject","url":"https:\/\/newsinfoco.com.br\/inicio\/wp-content\/uploads\/2024\/11\/camara-dos-deputados-reforma-tributaria-urgencia.png","@id":"https:\/\/newsinfoco.com.br\/inicio\/ccj-aprova-criminalizacao-de-aborto-apos-22-semanas-de-gestacao\/#mainImage","width":600,"height":420},"primaryImageOfPage":{"@id":"https:\/\/newsinfoco.com.br\/inicio\/ccj-aprova-criminalizacao-de-aborto-apos-22-semanas-de-gestacao\/#mainImage"},"datePublished":"2024-11-28T12:36:45-03:00","dateModified":"2024-11-28T12:36:45-03:00"},{"@type":"WebSite","@id":"https:\/\/newsinfoco.com.br\/inicio\/#website","url":"https:\/\/newsinfoco.com.br\/inicio\/","name":"News In Foco - Editado por Caio Pimenta","description":"O principal site de noticias de Alagoinhas e regi\u00e3o","inLanguage":"pt-BR","publisher":{"@id":"https:\/\/newsinfoco.com.br\/inicio\/#organization"}}]},"og:locale":"pt_BR","og:site_name":"News In Foco - Editado por Caio Pimenta - O principal site de noticias de Alagoinhas e regi\u00e3o","og:type":"article","og:title":"CCJ aprova criminaliza\u00e7\u00e3o de aborto ap\u00f3s 22 semanas de gesta\u00e7\u00e3o - News In Foco - Editado por Caio Pimenta","og:description":"A Proposta de Emenda \u00e0 Constitui\u00e7\u00e3o (PEC) que acaba com o aborto legal no Brasil foi aprovada em sess\u00e3o da Comiss\u00e3o de Constitui\u00e7\u00e3o e Justi\u00e7a (CCJ) da C\u00e2mara dos Deputados na quarta-feira (27), por 35 votos a 15. Isso, por\u00e9m, n\u00e3o significa que o caminho para a proposta se tornar norma seja r\u00e1pido ou f\u00e1cil","og:url":"https:\/\/newsinfoco.com.br\/inicio\/ccj-aprova-criminalizacao-de-aborto-apos-22-semanas-de-gestacao\/","article:published_time":"2024-11-28T15:36:45+00:00","article:modified_time":"2024-11-28T15:36:45+00:00","twitter:card":"summary_large_image","twitter:title":"CCJ aprova criminaliza\u00e7\u00e3o de aborto ap\u00f3s 22 semanas de gesta\u00e7\u00e3o - News In Foco - Editado por Caio Pimenta","twitter:description":"A Proposta de Emenda \u00e0 Constitui\u00e7\u00e3o (PEC) que acaba com o aborto legal no Brasil foi aprovada em sess\u00e3o da Comiss\u00e3o de Constitui\u00e7\u00e3o e Justi\u00e7a (CCJ) da C\u00e2mara dos Deputados na quarta-feira (27), por 35 votos a 15. Isso, por\u00e9m, n\u00e3o significa que o caminho para a proposta se tornar norma seja r\u00e1pido ou f\u00e1cil"},"aioseo_meta_data":{"post_id":"37057","title":null,"description":null,"keywords":null,"keyphrases":{"focus":{"keyphrase":"","score":0,"analysis":{"keyphraseInTitle":{"score":0,"maxScore":9,"error":1}}},"additional":[]},"primary_term":null,"canonical_url":null,"og_title":null,"og_description":null,"og_object_type":"default","og_image_type":"default","og_image_url":null,"og_image_width":null,"og_image_height":null,"og_image_custom_url":null,"og_image_custom_fields":null,"og_video":"","og_custom_url":null,"og_article_section":null,"og_article_tags":null,"twitter_use_og":false,"twitter_card":"default","twitter_image_type":"default","twitter_image_url":null,"twitter_image_custom_url":null,"twitter_image_custom_fields":null,"twitter_title":null,"twitter_description":null,"schema":{"blockGraphs":[],"customGraphs":[],"default":{"data":{"Article":[],"Course":[],"Dataset":[],"FAQPage":[],"Movie":[],"Person":[],"Product":[],"ProductReview":[],"Car":[],"Recipe":[],"Service":[],"SoftwareApplication":[],"WebPage":[]},"graphName":"BlogPosting","isEnabled":true},"graphs":[]},"schema_type":"default","schema_type_options":null,"pillar_content":false,"robots_default":true,"robots_noindex":false,"robots_noarchive":false,"robots_nosnippet":false,"robots_nofollow":false,"robots_noimageindex":false,"robots_noodp":false,"robots_notranslate":false,"robots_max_snippet":"-1","robots_max_videopreview":"-1","robots_max_imagepreview":"large","priority":null,"frequency":"default","local_seo":null,"breadcrumb_settings":null,"limit_modified_date":false,"ai":null,"created":"2024-11-28 15:36:45","updated":"2025-07-11 11:09:57","seo_analyzer_scan_date":null},"aioseo_breadcrumb":"<div class=\"aioseo-breadcrumbs\"><span class=\"aioseo-breadcrumb\">\n\t\t\t<a href=\"https:\/\/newsinfoco.com.br\/inicio\" title=\"In\u00edcio\">In\u00edcio<\/a>\n\t\t<\/span><span class=\"aioseo-breadcrumb-separator\">&raquo;<\/span><span class=\"aioseo-breadcrumb\">\n\t\t\t<a href=\"https:\/\/newsinfoco.com.br\/inicio\/category\/brasil\/\" title=\"Brasil\">Brasil<\/a>\n\t\t<\/span><span class=\"aioseo-breadcrumb-separator\">&raquo;<\/span><span class=\"aioseo-breadcrumb\">\n\t\t\tCCJ aprova criminaliza\u00e7\u00e3o de aborto ap\u00f3s 22 semanas de gesta\u00e7\u00e3o\n\t\t<\/span><\/div>","aioseo_breadcrumb_json":[{"label":"In\u00edcio","link":"https:\/\/newsinfoco.com.br\/inicio"},{"label":"Brasil","link":"https:\/\/newsinfoco.com.br\/inicio\/category\/brasil\/"},{"label":"CCJ aprova criminaliza\u00e7\u00e3o de aborto ap\u00f3s 22 semanas de gesta\u00e7\u00e3o","link":"https:\/\/newsinfoco.com.br\/inicio\/ccj-aprova-criminalizacao-de-aborto-apos-22-semanas-de-gestacao\/"}],"_links":{"self":[{"href":"https:\/\/newsinfoco.com.br\/inicio\/wp-json\/wp\/v2\/posts\/37057","targetHints":{"allow":["GET"]}}],"collection":[{"href":"https:\/\/newsinfoco.com.br\/inicio\/wp-json\/wp\/v2\/posts"}],"about":[{"href":"https:\/\/newsinfoco.com.br\/inicio\/wp-json\/wp\/v2\/types\/post"}],"author":[{"embeddable":true,"href":"https:\/\/newsinfoco.com.br\/inicio\/wp-json\/wp\/v2\/users\/1"}],"replies":[{"embeddable":true,"href":"https:\/\/newsinfoco.com.br\/inicio\/wp-json\/wp\/v2\/comments?post=37057"}],"version-history":[{"count":1,"href":"https:\/\/newsinfoco.com.br\/inicio\/wp-json\/wp\/v2\/posts\/37057\/revisions"}],"predecessor-version":[{"id":37059,"href":"https:\/\/newsinfoco.com.br\/inicio\/wp-json\/wp\/v2\/posts\/37057\/revisions\/37059"}],"wp:featuredmedia":[{"embeddable":true,"href":"https:\/\/newsinfoco.com.br\/inicio\/wp-json\/wp\/v2\/media\/37058"}],"wp:attachment":[{"href":"https:\/\/newsinfoco.com.br\/inicio\/wp-json\/wp\/v2\/media?parent=37057"}],"wp:term":[{"taxonomy":"category","embeddable":true,"href":"https:\/\/newsinfoco.com.br\/inicio\/wp-json\/wp\/v2\/categories?post=37057"},{"taxonomy":"post_tag","embeddable":true,"href":"https:\/\/newsinfoco.com.br\/inicio\/wp-json\/wp\/v2\/tags?post=37057"}],"curies":[{"name":"wp","href":"https:\/\/api.w.org\/{rel}","templated":true}]}}