{"id":37061,"date":"2024-11-28T12:46:02","date_gmt":"2024-11-28T15:46:02","guid":{"rendered":"https:\/\/newsinfoco.com.br\/inicio\/?p=37061"},"modified":"2024-11-28T12:46:02","modified_gmt":"2024-11-28T15:46:02","slug":"comissao-repudia-xingamento-de-janja-a-elon-musk","status":"publish","type":"post","link":"https:\/\/newsinfoco.com.br\/inicio\/comissao-repudia-xingamento-de-janja-a-elon-musk\/","title":{"rendered":"Comiss\u00e3o repudia xingamento de Janja a Elon Musk"},"content":{"rendered":"<p>A Comiss\u00e3o de Rela\u00e7\u00f5es Exteriores e de Defesa Nacional da C\u00e2mara aprovou, por 14 votos a 5, uma mo\u00e7\u00e3o de rep\u00fadio contra a primeira-dama Ros\u00e2ngela Lula da Silva, a Janja. A decis\u00e3o, determinada na quarta-feira (27), vem como resposta ao xingamento proferido por ela ao empres\u00e1rio Elon Musk enquanto participava de atividades relacionadas ao G-20.<\/p>\n<p>Segundo mat\u00e9ria do Estad\u00e3o, o pedido de rep\u00fadio \u00e9 de car\u00e1ter simb\u00f3lico e n\u00e3o possui consequ\u00eancias pr\u00e1ticas. Os deputados que apresentaram o requerimento, Zucco (PL-RS) e General Gir\u00e3o (PL-RN), al\u00e9m do deputado Luiz Philippe de Orleans e Bragan\u00e7a (PL-SP) que subscreveu o texto, argumentam que a postura adotada pela primeira-dama \u00e9 \u201cincompat\u00edvel com o decoro exigido em eventos oficiais\u201d e \u201cdemonstra falta de responsabilidade e sensibilidade em rela\u00e7\u00e3o ao papel que exerce como representante simb\u00f3lica da na\u00e7\u00e3o, em um evento de tamanha visibilidade\u201d.<\/p>\n<p>Embora a maioria dos votos favor\u00e1veis sejam provenientes de parlamentares da oposi\u00e7\u00e3o, membros de partidos com integrantes no governo, como Uni\u00e3o Brasil, PP e Republicanos, tamb\u00e9m apoiaram a mo\u00e7\u00e3o.<\/p>\n<p><strong>O xingamento<\/strong><\/p>\n<p>O epis\u00f3dio ocorreu em 16 de novembro, durante uma palestra sobre combate \u00e0 desinforma\u00e7\u00e3o no Cria G-20, realizada no Rio de Janeiro. Durante sua participa\u00e7\u00e3o, Janja foi interrompida por uma buzina de navio ao fundo e em resposta, comentou: \u201cAl\u00f4, acho que \u00e9 o Elon Musk\u2026 Eu n\u00e3o tenho medo de voc\u00ea, inclusive, fuck you, Elon Musk\u201d.<\/p>\n<div>\n<div>\n<div class=\"trv-player-container\">\n<div class=\"trv-wrapper\">\n<div id=\"br_video_player_ae56fa8efd2e07ce5aec1d5d558f2e9dc3c659f9\" class=\"trvd_video_player\">\n<div class=\"media-player\">\n<div class=\"trv-video\">\n<div id=\"truvid_ima_container95358\" class=\"truvid_ima_container\">\n<div>\n<div>\n<div>\n<p>O xingamento em ingl\u00eas foi proferido enquanto Janja defendia a regula\u00e7\u00e3o das plataformas digitais. Musk, propriet\u00e1rio do X (antigo Twitter), posiciona-se contra a medida. Em sua plataforma, ele rebateu dizendo que o governo atual vai \u201cperder a pr\u00f3xima elei\u00e7\u00e3o.\u201d<\/p>\n<p>No mesmo dia, Lula, sem citar diretamente o epis\u00f3dio, disse que n\u00e3o era preciso \u201cofender ningu\u00e9m\u201d. O presidente defendia o combate \u00e0 fome em um festival organizado por Janja no G-20. \u201cEu queria dizer para voc\u00eas que essa \u00e9 uma campanha em que a gente n\u00e3o tem que ofender ningu\u00e9m, n\u00e3o temos que xingar ningu\u00e9m. Precisamos apenas indignar a sociedade\u201d, disse.<\/p>\n<p>Bahia.ba<\/p>\n<\/div>\n<\/div>\n<\/div>\n<\/div>\n<\/div>\n<\/div>\n<\/div>\n<\/div>\n<\/div>\n<\/div>\n<\/div>\n<div class='share-to-whatsapp-wrapper'><div class='share-on-whsp'>Share on: <\/div><a data-text='Comiss\u00e3o repudia xingamento de Janja a Elon Musk' data-link='https:\/\/newsinfoco.com.br\/inicio\/comissao-repudia-xingamento-de-janja-a-elon-musk\/' class='whatsapp-button whatsapp-share'>WhatsApp<\/a><div class='clear '><\/div><\/div>","protected":false},"excerpt":{"rendered":"<p>A Comiss\u00e3o de Rela\u00e7\u00f5es Exteriores e de Defesa Nacional da C\u00e2mara aprovou, por 14 votos a 5, uma mo\u00e7\u00e3o de rep\u00fadio contra a primeira-dama Ros\u00e2ngela Lula da Silva, a Janja. A decis\u00e3o, determinada na quarta-feira (27), vem como resposta ao xingamento proferido por ela ao empres\u00e1rio Elon Musk enquanto participava de atividades relacionadas ao G-20. [&hellip;]<\/p>\n","protected":false},"author":1,"featured_media":37062,"comment_status":"closed","ping_status":"closed","sticky":false,"template":"","format":"standard","meta":{"om_disable_all_campaigns":false,"rop_custom_images_group":[],"rop_custom_messages_group":[],"rop_publish_now":"initial","rop_publish_now_accounts":[],"rop_publish_now_history":[],"rop_publish_now_status":"pending","_exactmetrics_skip_tracking":false,"footnotes":""},"categories":[21],"tags":[],"class_list":["post-37061","post","type-post","status-publish","format-standard","has-post-thumbnail","hentry","category-brasil"],"aioseo_notices":[],"aioseo_head":"\n\t\t<!-- All in One SEO 4.9.10 - aioseo.com -->\n\t<meta name=\"description\" content=\"A Comiss\u00e3o de Rela\u00e7\u00f5es Exteriores e de Defesa Nacional da C\u00e2mara aprovou, por 14 votos a 5, uma mo\u00e7\u00e3o de rep\u00fadio contra a primeira-dama Ros\u00e2ngela Lula da Silva, a Janja. A decis\u00e3o, determinada na quarta-feira (27), vem como resposta ao xingamento proferido por ela ao empres\u00e1rio Elon Musk enquanto participava de atividades relacionadas ao G-20.\" \/>\n\t<meta name=\"robots\" content=\"max-image-preview:large\" \/>\n\t<meta name=\"author\" content=\"administrador\"\/>\n\t<link rel=\"canonical\" href=\"https:\/\/newsinfoco.com.br\/inicio\/comissao-repudia-xingamento-de-janja-a-elon-musk\/\" \/>\n\t<meta name=\"generator\" content=\"All in One SEO (AIOSEO) 4.9.10\" \/>\n\t\t<meta property=\"og:locale\" content=\"pt_BR\" \/>\n\t\t<meta property=\"og:site_name\" content=\"News In Foco - Editado por Caio Pimenta - O principal site de noticias de Alagoinhas e regi\u00e3o\" \/>\n\t\t<meta property=\"og:type\" content=\"article\" \/>\n\t\t<meta property=\"og:title\" content=\"Comiss\u00e3o repudia xingamento de Janja a Elon Musk - News In Foco - Editado por Caio Pimenta\" \/>\n\t\t<meta property=\"og:description\" content=\"A Comiss\u00e3o de Rela\u00e7\u00f5es Exteriores e de Defesa Nacional da C\u00e2mara aprovou, por 14 votos a 5, uma mo\u00e7\u00e3o de rep\u00fadio contra a primeira-dama Ros\u00e2ngela Lula da Silva, a Janja. A decis\u00e3o, determinada na quarta-feira (27), vem como resposta ao xingamento proferido por ela ao empres\u00e1rio Elon Musk enquanto participava de atividades relacionadas ao G-20.\" \/>\n\t\t<meta property=\"og:url\" content=\"https:\/\/newsinfoco.com.br\/inicio\/comissao-repudia-xingamento-de-janja-a-elon-musk\/\" \/>\n\t\t<meta property=\"article:published_time\" content=\"2024-11-28T15:46:02+00:00\" \/>\n\t\t<meta property=\"article:modified_time\" content=\"2024-11-28T15:46:02+00:00\" \/>\n\t\t<meta name=\"twitter:card\" content=\"summary_large_image\" \/>\n\t\t<meta name=\"twitter:title\" content=\"Comiss\u00e3o repudia xingamento de Janja a Elon Musk - News In Foco - Editado por Caio Pimenta\" \/>\n\t\t<meta name=\"twitter:description\" content=\"A Comiss\u00e3o de Rela\u00e7\u00f5es Exteriores e de Defesa Nacional da C\u00e2mara aprovou, por 14 votos a 5, uma mo\u00e7\u00e3o de rep\u00fadio contra a primeira-dama Ros\u00e2ngela Lula da Silva, a Janja. A decis\u00e3o, determinada na quarta-feira (27), vem como resposta ao xingamento proferido por ela ao empres\u00e1rio Elon Musk enquanto participava de atividades relacionadas ao G-20.\" \/>\n\t\t<script type=\"application\/ld+json\" class=\"aioseo-schema\">\n\t\t\t{\"@context\":\"https:\\\/\\\/schema.org\",\"@graph\":[{\"@type\":\"BlogPosting\",\"@id\":\"https:\\\/\\\/newsinfoco.com.br\\\/inicio\\\/comissao-repudia-xingamento-de-janja-a-elon-musk\\\/#blogposting\",\"name\":\"Comiss\\u00e3o repudia xingamento de Janja a Elon Musk - News In Foco - Editado por Caio Pimenta\",\"headline\":\"Comiss\\u00e3o repudia xingamento de Janja a Elon Musk\",\"author\":{\"@id\":\"https:\\\/\\\/newsinfoco.com.br\\\/inicio\\\/author\\\/administrador\\\/#author\"},\"publisher\":{\"@id\":\"https:\\\/\\\/newsinfoco.com.br\\\/inicio\\\/#organization\"},\"image\":{\"@type\":\"ImageObject\",\"url\":\"https:\\\/\\\/newsinfoco.com.br\\\/inicio\\\/wp-content\\\/uploads\\\/2024\\\/11\\\/janja-fantastico.jpg\",\"width\":600,\"height\":420},\"datePublished\":\"2024-11-28T12:46:02-03:00\",\"dateModified\":\"2024-11-28T12:46:02-03:00\",\"inLanguage\":\"pt-BR\",\"mainEntityOfPage\":{\"@id\":\"https:\\\/\\\/newsinfoco.com.br\\\/inicio\\\/comissao-repudia-xingamento-de-janja-a-elon-musk\\\/#webpage\"},\"isPartOf\":{\"@id\":\"https:\\\/\\\/newsinfoco.com.br\\\/inicio\\\/comissao-repudia-xingamento-de-janja-a-elon-musk\\\/#webpage\"},\"articleSection\":\"Brasil\"},{\"@type\":\"BreadcrumbList\",\"@id\":\"https:\\\/\\\/newsinfoco.com.br\\\/inicio\\\/comissao-repudia-xingamento-de-janja-a-elon-musk\\\/#breadcrumblist\",\"itemListElement\":[{\"@type\":\"ListItem\",\"@id\":\"https:\\\/\\\/newsinfoco.com.br\\\/inicio#listItem\",\"position\":1,\"name\":\"In\\u00edcio\",\"item\":\"https:\\\/\\\/newsinfoco.com.br\\\/inicio\",\"nextItem\":{\"@type\":\"ListItem\",\"@id\":\"https:\\\/\\\/newsinfoco.com.br\\\/inicio\\\/category\\\/brasil\\\/#listItem\",\"name\":\"Brasil\"}},{\"@type\":\"ListItem\",\"@id\":\"https:\\\/\\\/newsinfoco.com.br\\\/inicio\\\/category\\\/brasil\\\/#listItem\",\"position\":2,\"name\":\"Brasil\",\"item\":\"https:\\\/\\\/newsinfoco.com.br\\\/inicio\\\/category\\\/brasil\\\/\",\"nextItem\":{\"@type\":\"ListItem\",\"@id\":\"https:\\\/\\\/newsinfoco.com.br\\\/inicio\\\/comissao-repudia-xingamento-de-janja-a-elon-musk\\\/#listItem\",\"name\":\"Comiss\\u00e3o repudia xingamento de Janja a Elon Musk\"},\"previousItem\":{\"@type\":\"ListItem\",\"@id\":\"https:\\\/\\\/newsinfoco.com.br\\\/inicio#listItem\",\"name\":\"In\\u00edcio\"}},{\"@type\":\"ListItem\",\"@id\":\"https:\\\/\\\/newsinfoco.com.br\\\/inicio\\\/comissao-repudia-xingamento-de-janja-a-elon-musk\\\/#listItem\",\"position\":3,\"name\":\"Comiss\\u00e3o repudia xingamento de Janja a Elon Musk\",\"previousItem\":{\"@type\":\"ListItem\",\"@id\":\"https:\\\/\\\/newsinfoco.com.br\\\/inicio\\\/category\\\/brasil\\\/#listItem\",\"name\":\"Brasil\"}}]},{\"@type\":\"Organization\",\"@id\":\"https:\\\/\\\/newsinfoco.com.br\\\/inicio\\\/#organization\",\"name\":\"News In Foco - Editado por Caio Pimenta\",\"description\":\"O principal site de noticias de Alagoinhas e regi\\u00e3o\",\"url\":\"https:\\\/\\\/newsinfoco.com.br\\\/inicio\\\/\"},{\"@type\":\"Person\",\"@id\":\"https:\\\/\\\/newsinfoco.com.br\\\/inicio\\\/author\\\/administrador\\\/#author\",\"url\":\"https:\\\/\\\/newsinfoco.com.br\\\/inicio\\\/author\\\/administrador\\\/\",\"name\":\"administrador\",\"image\":{\"@type\":\"ImageObject\",\"@id\":\"https:\\\/\\\/newsinfoco.com.br\\\/inicio\\\/comissao-repudia-xingamento-de-janja-a-elon-musk\\\/#authorImage\",\"url\":\"https:\\\/\\\/secure.gravatar.com\\\/avatar\\\/c17a617433de8c1dc9584bb79aab7563b46f5bb7e1728c9b17d9cc3ce6a08e49?s=96&d=mm&r=g\",\"width\":96,\"height\":96,\"caption\":\"administrador\"}},{\"@type\":\"WebPage\",\"@id\":\"https:\\\/\\\/newsinfoco.com.br\\\/inicio\\\/comissao-repudia-xingamento-de-janja-a-elon-musk\\\/#webpage\",\"url\":\"https:\\\/\\\/newsinfoco.com.br\\\/inicio\\\/comissao-repudia-xingamento-de-janja-a-elon-musk\\\/\",\"name\":\"Comiss\\u00e3o repudia xingamento de Janja a Elon Musk - News In Foco - Editado por Caio Pimenta\",\"description\":\"A Comiss\\u00e3o de Rela\\u00e7\\u00f5es Exteriores e de Defesa Nacional da C\\u00e2mara aprovou, por 14 votos a 5, uma mo\\u00e7\\u00e3o de rep\\u00fadio contra a primeira-dama Ros\\u00e2ngela Lula da Silva, a Janja. A decis\\u00e3o, determinada na quarta-feira (27), vem como resposta ao xingamento proferido por ela ao empres\\u00e1rio Elon Musk enquanto participava de atividades relacionadas ao G-20.\",\"inLanguage\":\"pt-BR\",\"isPartOf\":{\"@id\":\"https:\\\/\\\/newsinfoco.com.br\\\/inicio\\\/#website\"},\"breadcrumb\":{\"@id\":\"https:\\\/\\\/newsinfoco.com.br\\\/inicio\\\/comissao-repudia-xingamento-de-janja-a-elon-musk\\\/#breadcrumblist\"},\"author\":{\"@id\":\"https:\\\/\\\/newsinfoco.com.br\\\/inicio\\\/author\\\/administrador\\\/#author\"},\"creator\":{\"@id\":\"https:\\\/\\\/newsinfoco.com.br\\\/inicio\\\/author\\\/administrador\\\/#author\"},\"image\":{\"@type\":\"ImageObject\",\"url\":\"https:\\\/\\\/newsinfoco.com.br\\\/inicio\\\/wp-content\\\/uploads\\\/2024\\\/11\\\/janja-fantastico.jpg\",\"@id\":\"https:\\\/\\\/newsinfoco.com.br\\\/inicio\\\/comissao-repudia-xingamento-de-janja-a-elon-musk\\\/#mainImage\",\"width\":600,\"height\":420},\"primaryImageOfPage\":{\"@id\":\"https:\\\/\\\/newsinfoco.com.br\\\/inicio\\\/comissao-repudia-xingamento-de-janja-a-elon-musk\\\/#mainImage\"},\"datePublished\":\"2024-11-28T12:46:02-03:00\",\"dateModified\":\"2024-11-28T12:46:02-03:00\"},{\"@type\":\"WebSite\",\"@id\":\"https:\\\/\\\/newsinfoco.com.br\\\/inicio\\\/#website\",\"url\":\"https:\\\/\\\/newsinfoco.com.br\\\/inicio\\\/\",\"name\":\"News In Foco - Editado por Caio Pimenta\",\"description\":\"O principal site de noticias de Alagoinhas e regi\\u00e3o\",\"inLanguage\":\"pt-BR\",\"publisher\":{\"@id\":\"https:\\\/\\\/newsinfoco.com.br\\\/inicio\\\/#organization\"}}]}\n\t\t<\/script>\n\t\t<!-- All in One SEO -->\n\n","aioseo_head_json":{"title":"Comiss\u00e3o repudia xingamento de Janja a Elon Musk - News In Foco - Editado por Caio Pimenta","description":"A Comiss\u00e3o de Rela\u00e7\u00f5es Exteriores e de Defesa Nacional da C\u00e2mara aprovou, por 14 votos a 5, uma mo\u00e7\u00e3o de rep\u00fadio contra a primeira-dama Ros\u00e2ngela Lula da Silva, a Janja. A decis\u00e3o, determinada na quarta-feira (27), vem como resposta ao xingamento proferido por ela ao empres\u00e1rio Elon Musk enquanto participava de atividades relacionadas ao G-20.","canonical_url":"https:\/\/newsinfoco.com.br\/inicio\/comissao-repudia-xingamento-de-janja-a-elon-musk\/","robots":"max-image-preview:large","keywords":"","webmasterTools":{"miscellaneous":""},"schema":{"@context":"https:\/\/schema.org","@graph":[{"@type":"BlogPosting","@id":"https:\/\/newsinfoco.com.br\/inicio\/comissao-repudia-xingamento-de-janja-a-elon-musk\/#blogposting","name":"Comiss\u00e3o repudia xingamento de Janja a Elon Musk - News In Foco - Editado por Caio Pimenta","headline":"Comiss\u00e3o repudia xingamento de Janja a Elon Musk","author":{"@id":"https:\/\/newsinfoco.com.br\/inicio\/author\/administrador\/#author"},"publisher":{"@id":"https:\/\/newsinfoco.com.br\/inicio\/#organization"},"image":{"@type":"ImageObject","url":"https:\/\/newsinfoco.com.br\/inicio\/wp-content\/uploads\/2024\/11\/janja-fantastico.jpg","width":600,"height":420},"datePublished":"2024-11-28T12:46:02-03:00","dateModified":"2024-11-28T12:46:02-03:00","inLanguage":"pt-BR","mainEntityOfPage":{"@id":"https:\/\/newsinfoco.com.br\/inicio\/comissao-repudia-xingamento-de-janja-a-elon-musk\/#webpage"},"isPartOf":{"@id":"https:\/\/newsinfoco.com.br\/inicio\/comissao-repudia-xingamento-de-janja-a-elon-musk\/#webpage"},"articleSection":"Brasil"},{"@type":"BreadcrumbList","@id":"https:\/\/newsinfoco.com.br\/inicio\/comissao-repudia-xingamento-de-janja-a-elon-musk\/#breadcrumblist","itemListElement":[{"@type":"ListItem","@id":"https:\/\/newsinfoco.com.br\/inicio#listItem","position":1,"name":"In\u00edcio","item":"https:\/\/newsinfoco.com.br\/inicio","nextItem":{"@type":"ListItem","@id":"https:\/\/newsinfoco.com.br\/inicio\/category\/brasil\/#listItem","name":"Brasil"}},{"@type":"ListItem","@id":"https:\/\/newsinfoco.com.br\/inicio\/category\/brasil\/#listItem","position":2,"name":"Brasil","item":"https:\/\/newsinfoco.com.br\/inicio\/category\/brasil\/","nextItem":{"@type":"ListItem","@id":"https:\/\/newsinfoco.com.br\/inicio\/comissao-repudia-xingamento-de-janja-a-elon-musk\/#listItem","name":"Comiss\u00e3o repudia xingamento de Janja a Elon Musk"},"previousItem":{"@type":"ListItem","@id":"https:\/\/newsinfoco.com.br\/inicio#listItem","name":"In\u00edcio"}},{"@type":"ListItem","@id":"https:\/\/newsinfoco.com.br\/inicio\/comissao-repudia-xingamento-de-janja-a-elon-musk\/#listItem","position":3,"name":"Comiss\u00e3o repudia xingamento de Janja a Elon Musk","previousItem":{"@type":"ListItem","@id":"https:\/\/newsinfoco.com.br\/inicio\/category\/brasil\/#listItem","name":"Brasil"}}]},{"@type":"Organization","@id":"https:\/\/newsinfoco.com.br\/inicio\/#organization","name":"News In Foco - Editado por Caio Pimenta","description":"O principal site de noticias de Alagoinhas e regi\u00e3o","url":"https:\/\/newsinfoco.com.br\/inicio\/"},{"@type":"Person","@id":"https:\/\/newsinfoco.com.br\/inicio\/author\/administrador\/#author","url":"https:\/\/newsinfoco.com.br\/inicio\/author\/administrador\/","name":"administrador","image":{"@type":"ImageObject","@id":"https:\/\/newsinfoco.com.br\/inicio\/comissao-repudia-xingamento-de-janja-a-elon-musk\/#authorImage","url":"https:\/\/secure.gravatar.com\/avatar\/c17a617433de8c1dc9584bb79aab7563b46f5bb7e1728c9b17d9cc3ce6a08e49?s=96&d=mm&r=g","width":96,"height":96,"caption":"administrador"}},{"@type":"WebPage","@id":"https:\/\/newsinfoco.com.br\/inicio\/comissao-repudia-xingamento-de-janja-a-elon-musk\/#webpage","url":"https:\/\/newsinfoco.com.br\/inicio\/comissao-repudia-xingamento-de-janja-a-elon-musk\/","name":"Comiss\u00e3o repudia xingamento de Janja a Elon Musk - News In Foco - Editado por Caio Pimenta","description":"A Comiss\u00e3o de Rela\u00e7\u00f5es Exteriores e de Defesa Nacional da C\u00e2mara aprovou, por 14 votos a 5, uma mo\u00e7\u00e3o de rep\u00fadio contra a primeira-dama Ros\u00e2ngela Lula da Silva, a Janja. A decis\u00e3o, determinada na quarta-feira (27), vem como resposta ao xingamento proferido por ela ao empres\u00e1rio Elon Musk enquanto participava de atividades relacionadas ao G-20.","inLanguage":"pt-BR","isPartOf":{"@id":"https:\/\/newsinfoco.com.br\/inicio\/#website"},"breadcrumb":{"@id":"https:\/\/newsinfoco.com.br\/inicio\/comissao-repudia-xingamento-de-janja-a-elon-musk\/#breadcrumblist"},"author":{"@id":"https:\/\/newsinfoco.com.br\/inicio\/author\/administrador\/#author"},"creator":{"@id":"https:\/\/newsinfoco.com.br\/inicio\/author\/administrador\/#author"},"image":{"@type":"ImageObject","url":"https:\/\/newsinfoco.com.br\/inicio\/wp-content\/uploads\/2024\/11\/janja-fantastico.jpg","@id":"https:\/\/newsinfoco.com.br\/inicio\/comissao-repudia-xingamento-de-janja-a-elon-musk\/#mainImage","width":600,"height":420},"primaryImageOfPage":{"@id":"https:\/\/newsinfoco.com.br\/inicio\/comissao-repudia-xingamento-de-janja-a-elon-musk\/#mainImage"},"datePublished":"2024-11-28T12:46:02-03:00","dateModified":"2024-11-28T12:46:02-03:00"},{"@type":"WebSite","@id":"https:\/\/newsinfoco.com.br\/inicio\/#website","url":"https:\/\/newsinfoco.com.br\/inicio\/","name":"News In Foco - Editado por Caio Pimenta","description":"O principal site de noticias de Alagoinhas e regi\u00e3o","inLanguage":"pt-BR","publisher":{"@id":"https:\/\/newsinfoco.com.br\/inicio\/#organization"}}]},"og:locale":"pt_BR","og:site_name":"News In Foco - Editado por Caio Pimenta - O principal site de noticias de Alagoinhas e regi\u00e3o","og:type":"article","og:title":"Comiss\u00e3o repudia xingamento de Janja a Elon Musk - News In Foco - Editado por Caio Pimenta","og:description":"A Comiss\u00e3o de Rela\u00e7\u00f5es Exteriores e de Defesa Nacional da C\u00e2mara aprovou, por 14 votos a 5, uma mo\u00e7\u00e3o de rep\u00fadio contra a primeira-dama Ros\u00e2ngela Lula da Silva, a Janja. A decis\u00e3o, determinada na quarta-feira (27), vem como resposta ao xingamento proferido por ela ao empres\u00e1rio Elon Musk enquanto participava de atividades relacionadas ao G-20.","og:url":"https:\/\/newsinfoco.com.br\/inicio\/comissao-repudia-xingamento-de-janja-a-elon-musk\/","article:published_time":"2024-11-28T15:46:02+00:00","article:modified_time":"2024-11-28T15:46:02+00:00","twitter:card":"summary_large_image","twitter:title":"Comiss\u00e3o repudia xingamento de Janja a Elon Musk - News In Foco - Editado por Caio Pimenta","twitter:description":"A Comiss\u00e3o de Rela\u00e7\u00f5es Exteriores e de Defesa Nacional da C\u00e2mara aprovou, por 14 votos a 5, uma mo\u00e7\u00e3o de rep\u00fadio contra a primeira-dama Ros\u00e2ngela Lula da Silva, a Janja. A decis\u00e3o, determinada na quarta-feira (27), vem como resposta ao xingamento proferido por ela ao empres\u00e1rio Elon Musk enquanto participava de atividades relacionadas ao G-20."},"aioseo_meta_data":{"post_id":"37061","title":null,"description":null,"keywords":null,"keyphrases":{"focus":{"keyphrase":"","score":0,"analysis":{"keyphraseInTitle":{"score":0,"maxScore":9,"error":1}}},"additional":[]},"primary_term":null,"canonical_url":null,"og_title":null,"og_description":null,"og_object_type":"default","og_image_type":"default","og_image_url":null,"og_image_width":null,"og_image_height":null,"og_image_custom_url":null,"og_image_custom_fields":null,"og_video":"","og_custom_url":null,"og_article_section":null,"og_article_tags":null,"twitter_use_og":false,"twitter_card":"default","twitter_image_type":"default","twitter_image_url":null,"twitter_image_custom_url":null,"twitter_image_custom_fields":null,"twitter_title":null,"twitter_description":null,"schema":{"blockGraphs":[],"customGraphs":[],"default":{"data":{"Article":[],"Course":[],"Dataset":[],"FAQPage":[],"Movie":[],"Person":[],"Product":[],"ProductReview":[],"Car":[],"Recipe":[],"Service":[],"SoftwareApplication":[],"WebPage":[]},"graphName":"BlogPosting","isEnabled":true},"graphs":[]},"schema_type":"default","schema_type_options":null,"pillar_content":false,"robots_default":true,"robots_noindex":false,"robots_noarchive":false,"robots_nosnippet":false,"robots_nofollow":false,"robots_noimageindex":false,"robots_noodp":false,"robots_notranslate":false,"robots_max_snippet":"-1","robots_max_videopreview":"-1","robots_max_imagepreview":"large","priority":null,"frequency":"default","local_seo":null,"breadcrumb_settings":null,"limit_modified_date":false,"ai":null,"created":"2024-11-28 15:46:02","updated":"2025-07-11 11:09:57","seo_analyzer_scan_date":null},"aioseo_breadcrumb":"<div class=\"aioseo-breadcrumbs\"><span class=\"aioseo-breadcrumb\">\n\t\t\t<a href=\"https:\/\/newsinfoco.com.br\/inicio\" title=\"In\u00edcio\">In\u00edcio<\/a>\n\t\t<\/span><span class=\"aioseo-breadcrumb-separator\">&raquo;<\/span><span class=\"aioseo-breadcrumb\">\n\t\t\t<a href=\"https:\/\/newsinfoco.com.br\/inicio\/category\/brasil\/\" title=\"Brasil\">Brasil<\/a>\n\t\t<\/span><span class=\"aioseo-breadcrumb-separator\">&raquo;<\/span><span class=\"aioseo-breadcrumb\">\n\t\t\tComiss\u00e3o repudia xingamento de Janja a Elon Musk\n\t\t<\/span><\/div>","aioseo_breadcrumb_json":[{"label":"In\u00edcio","link":"https:\/\/newsinfoco.com.br\/inicio"},{"label":"Brasil","link":"https:\/\/newsinfoco.com.br\/inicio\/category\/brasil\/"},{"label":"Comiss\u00e3o repudia xingamento de Janja a Elon Musk","link":"https:\/\/newsinfoco.com.br\/inicio\/comissao-repudia-xingamento-de-janja-a-elon-musk\/"}],"_links":{"self":[{"href":"https:\/\/newsinfoco.com.br\/inicio\/wp-json\/wp\/v2\/posts\/37061","targetHints":{"allow":["GET"]}}],"collection":[{"href":"https:\/\/newsinfoco.com.br\/inicio\/wp-json\/wp\/v2\/posts"}],"about":[{"href":"https:\/\/newsinfoco.com.br\/inicio\/wp-json\/wp\/v2\/types\/post"}],"author":[{"embeddable":true,"href":"https:\/\/newsinfoco.com.br\/inicio\/wp-json\/wp\/v2\/users\/1"}],"replies":[{"embeddable":true,"href":"https:\/\/newsinfoco.com.br\/inicio\/wp-json\/wp\/v2\/comments?post=37061"}],"version-history":[{"count":1,"href":"https:\/\/newsinfoco.com.br\/inicio\/wp-json\/wp\/v2\/posts\/37061\/revisions"}],"predecessor-version":[{"id":37063,"href":"https:\/\/newsinfoco.com.br\/inicio\/wp-json\/wp\/v2\/posts\/37061\/revisions\/37063"}],"wp:featuredmedia":[{"embeddable":true,"href":"https:\/\/newsinfoco.com.br\/inicio\/wp-json\/wp\/v2\/media\/37062"}],"wp:attachment":[{"href":"https:\/\/newsinfoco.com.br\/inicio\/wp-json\/wp\/v2\/media?parent=37061"}],"wp:term":[{"taxonomy":"category","embeddable":true,"href":"https:\/\/newsinfoco.com.br\/inicio\/wp-json\/wp\/v2\/categories?post=37061"},{"taxonomy":"post_tag","embeddable":true,"href":"https:\/\/newsinfoco.com.br\/inicio\/wp-json\/wp\/v2\/tags?post=37061"}],"curies":[{"name":"wp","href":"https:\/\/api.w.org\/{rel}","templated":true}]}}