{"id":37067,"date":"2024-11-28T13:10:28","date_gmt":"2024-11-28T16:10:28","guid":{"rendered":"https:\/\/newsinfoco.com.br\/inicio\/?p=37067"},"modified":"2024-11-28T13:10:28","modified_gmt":"2024-11-28T16:10:28","slug":"agricultura-familiar-contara-com-r-500bi-para-fundo-garantidor","status":"publish","type":"post","link":"https:\/\/newsinfoco.com.br\/inicio\/agricultura-familiar-contara-com-r-500bi-para-fundo-garantidor\/","title":{"rendered":"Agricultura Familiar contar\u00e1 com R$ 500bi para fundo garantidor"},"content":{"rendered":"<p>O presidente Luiz In\u00e1cio Lula da Silva sancionou, nesta quarta-feira (27), a lei que autoriza o governo a aumentar a participa\u00e7\u00e3o em at\u00e9 R$ 500 milh\u00f5es no Fundo Garantidor de Opera\u00e7\u00f5es (FGO) no \u00e2mbito do Programa Nacional de Fortalecimento da Agricultura Familiar (Pronaf).<\/p>\n<p>O objetivo da Lei 2.750\/2024 \u00e9 refor\u00e7ar as garantias de acesso de financiamento para os agricultores. Uma cerim\u00f4nia no Pal\u00e1cio do Planalto celebrou a nova legisla\u00e7\u00e3o que pode beneficiar trabalhadores do campo em todo o pa\u00eds.<\/p><div class=\"newsi-conteudo_19\" id=\"newsi-3900715009\"><a href=\"https:\/\/www.instagram.com\/prefeituraalagoinhas?igsh=YzgzdDJ1bWR3aWI4\" aria-label=\"SAVE_20251006_221555\"><img loading=\"lazy\" decoding=\"async\" src=\"https:\/\/newsinfoco.com.br\/inicio\/wp-content\/uploads\/2025\/10\/SAVE_20251006_221555-rotated.jpg\" alt=\"\"  srcset=\"https:\/\/newsinfoco.com.br\/inicio\/wp-content\/uploads\/2025\/10\/SAVE_20251006_221555-rotated.jpg 1140w, https:\/\/newsinfoco.com.br\/inicio\/wp-content\/uploads\/2025\/10\/SAVE_20251006_221555-300x52.jpg 300w, https:\/\/newsinfoco.com.br\/inicio\/wp-content\/uploads\/2025\/10\/SAVE_20251006_221555-1024x177.jpg 1024w, https:\/\/newsinfoco.com.br\/inicio\/wp-content\/uploads\/2025\/10\/SAVE_20251006_221555-768x133.jpg 768w, https:\/\/newsinfoco.com.br\/inicio\/wp-content\/uploads\/2025\/10\/SAVE_20251006_221555-600x104.jpg 600w, https:\/\/newsinfoco.com.br\/inicio\/wp-content\/uploads\/2025\/10\/SAVE_20251006_221555-696x120.jpg 696w, https:\/\/newsinfoco.com.br\/inicio\/wp-content\/uploads\/2025\/10\/SAVE_20251006_221555-1068x185.jpg 1068w\" sizes=\"(max-width: 1140px) 100vw, 1140px\" width=\"1140\" height=\"197\"   \/><\/a><\/div>\n<p>Alimenta\u00e7\u00e3o saud\u00e1vel<\/p>\n<p>Na assinatura da lei, o ministro Paulo Teixeira, do Desenvolvimento Agr\u00e1rio e Agricultura Familiar, enfatizou que o investimento ser\u00e1 importante tamb\u00e9m para incentivar a alimenta\u00e7\u00e3o saud\u00e1vel ao beneficiar a agricultura ecol\u00f3gica e org\u00e2nica por linha de cr\u00e9dito do Pronaf.<\/p>\n<p>Teixeira citou que houve aumento do financiamento para a produ\u00e7\u00e3o de itens como feij\u00e3o (176%), cebola (56%), batata (24%), laranja (28%) e o a\u00e7a\u00ed (226%).<\/p>\n<p>Alta<\/p>\n<p>O governo defende que agricultura familiar \u00e9 uma prioridade de investimento. No Plano Safra da Agricultura Familiar 2023-2024, foram destinados R$ 71,6 bilh\u00f5es ao Pronaf, que foi 34% superior ao ano anterior e o maior da s\u00e9rie hist\u00f3rica, conforme foi divulgado em julho.<\/p>\n<p>Na safra 2022\/2023, ainda segundo o governo, foram realizados 1,4 milh\u00e3o de contratos de cr\u00e9dito pelo Pronaf. A quantidade foi maior na safra entre julho 2023 e junho de 2024, com 1,6 milh\u00e3o de opera\u00e7\u00f5es (aumento de 16,2%).<\/p>\n<div>\n<div class=\"trv-player-container\">\n<div class=\"trv-wrapper\">\n<div id=\"br_video_player_6eea55664a7a63244eaf1d5d558f2e9dc3c659f9\" class=\"trvd_video_player\">\n<div class=\"media-player\">\n<div class=\"trv-video\">\n<div id=\"truvid_ima_container40103\" class=\"truvid_ima_container trv-ima-container-hidden\">\n<div>\n<p>Tamb\u00e9m houve amplia\u00e7\u00e3o nos valores contratados por agricultores e produtores rurais familiares. Em 2022\/2023, foram R$ 53,2 bilh\u00f5es. J\u00e1 em 2023\/2024, o montante contratado por meio do Pronaf foi de R$ 59,6 bilh\u00f5es, 12,1% a mais.<\/p>\n<p>Criado em 1996, o Pronaf tem a finalidade promover o desenvolvimento sustent\u00e1vel do meio rural com a\u00e7\u00f5es para implementar o aumento da capacidade produtiva, e a gera\u00e7\u00e3o de empregos e renda.<\/p>\n<p>Bahia.ba<\/p>\n<\/div>\n<\/div>\n<\/div>\n<div class=\"trv-media-controls\">\n<div class=\"trv-bottom-controls\">\n<div class=\"bottom-right\">\n<div class=\"fullScreen trv-control\" title=\"Full Screen\"><\/div>\n<\/div>\n<\/div>\n<\/div>\n<div class=\"trv-poster\"><\/div>\n<div class=\"video-overlay\">\n<div class=\"overlayBtnWrapper\">\n<div class=\"overlay-backwards-wrapper\"><\/div>\n<div class=\"overlay-play-wrapper\">\n<div class=\"overlay-play-pause\"><\/div>\n<\/div>\n<div class=\"overlay-forward-wrapper\"><\/div>\n<\/div>\n<\/div>\n<\/div>\n<div class=\"trv-autoskip-container\">\n<div class=\"trv-autoskip-background\">\n<div class=\"trv-autoskip-line-top\">\n<div><\/div>\n<\/div>\n<div class=\"trv-autoskip-line-right\">\n<div><\/div>\n<\/div>\n<div class=\"trv-autoskip-line-bottom\">\n<div><\/div>\n<\/div>\n<div class=\"trv-autoskip-line-left\">\n<div><\/div>\n<\/div>\n<\/div>\n<div class=\"autoskip-btn autoskip-btn-blue\"><\/div>\n<div class=\"autoskip-btn autoskip-btn-gray\"><\/div>\n<\/div>\n<div><\/div>\n<p><img decoding=\"async\" src=\"https:\/\/ads.stickyadstv.com\/auto-user-sync?_fw_gdpr=0&amp;_fw_gdpr_consent=\" \/><img decoding=\"async\" src=\"https:\/\/ads.stickyadstv.com\/user-matching?id=2545&amp;_fw_gdpr=0&amp;_fw_gdpr_consent=\" \/><\/p>\n<div><\/div>\n<div><\/div>\n<p><img decoding=\"async\" src=\"https:\/\/ads.stickyadstv.com\/auto-user-sync?_fw_gdpr=0&amp;_fw_gdpr_consent=\" \/><img decoding=\"async\" src=\"https:\/\/ads.stickyadstv.com\/user-matching?id=2545&amp;_fw_gdpr=0&amp;_fw_gdpr_consent=\" \/><\/p>\n<div><\/div>\n<div class=\"loader-bg-transparent\">\n<div class=\"loader-bg-image-transparent\"><\/div>\n<div class=\"loader-transparent\"><\/div>\n<\/div>\n<\/div>\n<\/div>\n<\/div>\n<\/div>\n<div class='share-to-whatsapp-wrapper'><div class='share-on-whsp'>Share on: <\/div><a data-text='Agricultura Familiar contar\u00e1 com R$ 500bi para fundo garantidor' data-link='https:\/\/newsinfoco.com.br\/inicio\/agricultura-familiar-contara-com-r-500bi-para-fundo-garantidor\/' class='whatsapp-button whatsapp-share'>WhatsApp<\/a><div class='clear '><\/div><\/div>","protected":false},"excerpt":{"rendered":"<p>O presidente Luiz In\u00e1cio Lula da Silva sancionou, nesta quarta-feira (27), a lei que autoriza o governo a aumentar a participa\u00e7\u00e3o em at\u00e9 R$ 500 milh\u00f5es no Fundo Garantidor de Opera\u00e7\u00f5es (FGO) no \u00e2mbito do Programa Nacional de Fortalecimento da Agricultura Familiar (Pronaf). O objetivo da Lei 2.750\/2024 \u00e9 refor\u00e7ar as garantias de acesso de [&hellip;]<\/p>\n","protected":false},"author":1,"featured_media":37068,"comment_status":"closed","ping_status":"closed","sticky":false,"template":"","format":"standard","meta":{"om_disable_all_campaigns":false,"_exactmetrics_skip_tracking":false,"_exactmetrics_sitenote_active":false,"_exactmetrics_sitenote_note":"","_exactmetrics_sitenote_category":0,"footnotes":""},"categories":[21],"tags":[],"class_list":["post-37067","post","type-post","status-publish","format-standard","has-post-thumbnail","hentry","category-brasil"],"aioseo_notices":[],"_links":{"self":[{"href":"https:\/\/newsinfoco.com.br\/inicio\/wp-json\/wp\/v2\/posts\/37067","targetHints":{"allow":["GET"]}}],"collection":[{"href":"https:\/\/newsinfoco.com.br\/inicio\/wp-json\/wp\/v2\/posts"}],"about":[{"href":"https:\/\/newsinfoco.com.br\/inicio\/wp-json\/wp\/v2\/types\/post"}],"author":[{"embeddable":true,"href":"https:\/\/newsinfoco.com.br\/inicio\/wp-json\/wp\/v2\/users\/1"}],"replies":[{"embeddable":true,"href":"https:\/\/newsinfoco.com.br\/inicio\/wp-json\/wp\/v2\/comments?post=37067"}],"version-history":[{"count":1,"href":"https:\/\/newsinfoco.com.br\/inicio\/wp-json\/wp\/v2\/posts\/37067\/revisions"}],"predecessor-version":[{"id":37069,"href":"https:\/\/newsinfoco.com.br\/inicio\/wp-json\/wp\/v2\/posts\/37067\/revisions\/37069"}],"wp:featuredmedia":[{"embeddable":true,"href":"https:\/\/newsinfoco.com.br\/inicio\/wp-json\/wp\/v2\/media\/37068"}],"wp:attachment":[{"href":"https:\/\/newsinfoco.com.br\/inicio\/wp-json\/wp\/v2\/media?parent=37067"}],"wp:term":[{"taxonomy":"category","embeddable":true,"href":"https:\/\/newsinfoco.com.br\/inicio\/wp-json\/wp\/v2\/categories?post=37067"},{"taxonomy":"post_tag","embeddable":true,"href":"https:\/\/newsinfoco.com.br\/inicio\/wp-json\/wp\/v2\/tags?post=37067"}],"curies":[{"name":"wp","href":"https:\/\/api.w.org\/{rel}","templated":true}]}}