{"id":37070,"date":"2024-11-28T13:21:38","date_gmt":"2024-11-28T16:21:38","guid":{"rendered":"https:\/\/newsinfoco.com.br\/inicio\/?p=37070"},"modified":"2024-11-28T13:22:47","modified_gmt":"2024-11-28T16:22:47","slug":"marcos-catarina-canta-musicas-do-seu-irmao-vander-lee-em-salvador","status":"publish","type":"post","link":"https:\/\/newsinfoco.com.br\/inicio\/marcos-catarina-canta-musicas-do-seu-irmao-vander-lee-em-salvador\/","title":{"rendered":"Marcos Catarina canta m\u00fasicas do seu irm\u00e3o Vander Lee em Salvador"},"content":{"rendered":"<p>O show \u201cDe Irm\u00e3o para Irm\u00e3o: Marcos Catarina canta Vander Lee\u201d, no qual Marcos Catarina, irm\u00e3o do cantor e compositor mineiro, apresenta suas vers\u00f5es para as m\u00fasicas de Vander Lee, chega ao palco do Teatro Gamboa nesta quarta (27) e quinta-feira (28), \u00e0s 19h. Marcos relembrar\u00e1 grandes sucessos do irm\u00e3o, e apresentar\u00e1 ao p\u00fablico soteropolitano algumas de suas can\u00e7\u00f5es autorais, como \u201cLeve\u201d, \u201cReaboli\u00e7\u00e3o\u201d e \u201cUm Trem Chamado Desejo\u201d. Do repert\u00f3rio de Vander Lee, est\u00e3o \u201cEstrela\u201d (gravada por Maria Beth\u00e2nia), \u201cDo Brasil\u201d, \u201cEsperando Avi\u00f5es\u201d, \u201cIluminado\u201d, \u201cPra ela passar\u201d, \u201cGalo e Cruzeiro\u201d, \u201cRom\u00e2nticos\u201d, \u201cContra o Tempo\u201d, \u201cOnde Deus Possa Me Ouvir\u201d, entre outras. Os ingressos custam R$20\/R$40, \u00e0 venda antecipadamente no www.teatrogamboa.com.br, ou nos dias dos espet\u00e1culos, a partir das 15h na bilheteria do Gamboa.<\/p>\n<p>Depois de estrear em Porto (Portugal) no ano passado e circular por sete cidades do pa\u00eds, nesta sexta-feira (29), \u00e0s 19h, e s\u00e1bado (30), \u00e0s 17h, \u201cAbaet\u00e9\u201d chega ao palco do Teatro Gamboa. Trata-se do mais recente espet\u00e1culo do grupo Cegonha \u2013 Bando de Cria\u00e7\u00e3o, que conta a hist\u00f3ria de Mari, menina que brinca com seus amigos animais enquanto a m\u00e3e lava roupas e o pai pesca na Lagoa do Abaet\u00e9. Quando uma on\u00e7a parece estar amea\u00e7ando a paz do lugar, Mari decide partir com seus amigos em uma aventura transformadora que trar\u00e1 quest\u00f5es importantes sobre pertencimento, religiosidade, cuidados com o ambiente e o direito aos territ\u00f3rios. Os ingressos custam R$20\/R$40, \u00e0 venda antecipadamente no www.teatrogamboa.com.br, ou nos dias dos espet\u00e1culos, a partir das 15h na bilheteria do Gamboa.<\/p>\n<p>Bahia.ba<\/p>\n<div class='share-to-whatsapp-wrapper'><div class='share-on-whsp'>Share on: <\/div><a data-text='Marcos Catarina canta m\u00fasicas do seu irm\u00e3o Vander Lee em Salvador' data-link='https:\/\/newsinfoco.com.br\/inicio\/marcos-catarina-canta-musicas-do-seu-irmao-vander-lee-em-salvador\/' class='whatsapp-button whatsapp-share'>WhatsApp<\/a><div class='clear '><\/div><\/div>","protected":false},"excerpt":{"rendered":"<p>O show \u201cDe Irm\u00e3o para Irm\u00e3o: Marcos Catarina canta Vander Lee\u201d, no qual Marcos Catarina, irm\u00e3o do cantor e compositor mineiro, apresenta suas vers\u00f5es para as m\u00fasicas de Vander Lee, chega ao palco do Teatro Gamboa nesta quarta (27) e quinta-feira (28), \u00e0s 19h. Marcos relembrar\u00e1 grandes sucessos do irm\u00e3o, e apresentar\u00e1 ao p\u00fablico soteropolitano [&hellip;]<\/p>\n","protected":false},"author":1,"featured_media":37072,"comment_status":"closed","ping_status":"closed","sticky":false,"template":"","format":"standard","meta":{"om_disable_all_campaigns":false,"rop_custom_images_group":[],"rop_custom_messages_group":[],"rop_publish_now":"initial","rop_publish_now_accounts":[],"rop_publish_now_history":[],"rop_publish_now_status":"pending","_exactmetrics_skip_tracking":false,"footnotes":""},"categories":[19],"tags":[],"class_list":["post-37070","post","type-post","status-publish","format-standard","has-post-thumbnail","hentry","category-bahia"],"aioseo_notices":[],"aioseo_head":"\n\t\t<!-- All in One SEO 4.9.10 - aioseo.com -->\n\t<meta name=\"description\" content=\"O show \u201cDe Irm\u00e3o para Irm\u00e3o: Marcos Catarina canta Vander Lee\u201d, no qual Marcos Catarina, irm\u00e3o do cantor e compositor mineiro, apresenta suas vers\u00f5es para as m\u00fasicas de Vander Lee, chega ao palco do Teatro Gamboa nesta quarta (27) e quinta-feira (28), \u00e0s 19h. Marcos relembrar\u00e1 grandes sucessos do irm\u00e3o, e apresentar\u00e1 ao p\u00fablico soteropolitano\" \/>\n\t<meta name=\"robots\" content=\"max-image-preview:large\" \/>\n\t<meta name=\"author\" content=\"administrador\"\/>\n\t<link rel=\"canonical\" href=\"https:\/\/newsinfoco.com.br\/inicio\/marcos-catarina-canta-musicas-do-seu-irmao-vander-lee-em-salvador\/\" \/>\n\t<meta name=\"generator\" content=\"All in One SEO (AIOSEO) 4.9.10\" \/>\n\t\t<meta property=\"og:locale\" content=\"pt_BR\" \/>\n\t\t<meta property=\"og:site_name\" content=\"News In Foco - Editado por Caio Pimenta - O principal site de noticias de Alagoinhas e regi\u00e3o\" \/>\n\t\t<meta property=\"og:type\" content=\"article\" \/>\n\t\t<meta property=\"og:title\" content=\"Marcos Catarina canta m\u00fasicas do seu irm\u00e3o Vander Lee em Salvador - News In Foco - Editado por Caio Pimenta\" \/>\n\t\t<meta property=\"og:description\" content=\"O show \u201cDe Irm\u00e3o para Irm\u00e3o: Marcos Catarina canta Vander Lee\u201d, no qual Marcos Catarina, irm\u00e3o do cantor e compositor mineiro, apresenta suas vers\u00f5es para as m\u00fasicas de Vander Lee, chega ao palco do Teatro Gamboa nesta quarta (27) e quinta-feira (28), \u00e0s 19h. Marcos relembrar\u00e1 grandes sucessos do irm\u00e3o, e apresentar\u00e1 ao p\u00fablico soteropolitano\" \/>\n\t\t<meta property=\"og:url\" content=\"https:\/\/newsinfoco.com.br\/inicio\/marcos-catarina-canta-musicas-do-seu-irmao-vander-lee-em-salvador\/\" \/>\n\t\t<meta property=\"article:published_time\" content=\"2024-11-28T16:21:38+00:00\" \/>\n\t\t<meta property=\"article:modified_time\" content=\"2024-11-28T16:22:47+00:00\" \/>\n\t\t<meta name=\"twitter:card\" content=\"summary_large_image\" \/>\n\t\t<meta name=\"twitter:title\" content=\"Marcos Catarina canta m\u00fasicas do seu irm\u00e3o Vander Lee em Salvador - News In Foco - Editado por Caio Pimenta\" \/>\n\t\t<meta name=\"twitter:description\" content=\"O show \u201cDe Irm\u00e3o para Irm\u00e3o: Marcos Catarina canta Vander Lee\u201d, no qual Marcos Catarina, irm\u00e3o do cantor e compositor mineiro, apresenta suas vers\u00f5es para as m\u00fasicas de Vander Lee, chega ao palco do Teatro Gamboa nesta quarta (27) e quinta-feira (28), \u00e0s 19h. Marcos relembrar\u00e1 grandes sucessos do irm\u00e3o, e apresentar\u00e1 ao p\u00fablico soteropolitano\" \/>\n\t\t<script type=\"application\/ld+json\" class=\"aioseo-schema\">\n\t\t\t{\"@context\":\"https:\\\/\\\/schema.org\",\"@graph\":[{\"@type\":\"BlogPosting\",\"@id\":\"https:\\\/\\\/newsinfoco.com.br\\\/inicio\\\/marcos-catarina-canta-musicas-do-seu-irmao-vander-lee-em-salvador\\\/#blogposting\",\"name\":\"Marcos Catarina canta m\\u00fasicas do seu irm\\u00e3o Vander Lee em Salvador - News In Foco - Editado por Caio Pimenta\",\"headline\":\"Marcos Catarina canta m\\u00fasicas do seu irm\\u00e3o Vander Lee em Salvador\",\"author\":{\"@id\":\"https:\\\/\\\/newsinfoco.com.br\\\/inicio\\\/author\\\/administrador\\\/#author\"},\"publisher\":{\"@id\":\"https:\\\/\\\/newsinfoco.com.br\\\/inicio\\\/#organization\"},\"image\":{\"@type\":\"ImageObject\",\"url\":\"https:\\\/\\\/newsinfoco.com.br\\\/inicio\\\/wp-content\\\/uploads\\\/2024\\\/11\\\/3.-Marcos-Catarina-De-Irmao-para-Irmao_Marcos-Catarina-canta-Vander-Lee_Taty-Soares-2.jpg\",\"width\":600,\"height\":420},\"datePublished\":\"2024-11-28T13:21:38-03:00\",\"dateModified\":\"2024-11-28T13:22:47-03:00\",\"inLanguage\":\"pt-BR\",\"mainEntityOfPage\":{\"@id\":\"https:\\\/\\\/newsinfoco.com.br\\\/inicio\\\/marcos-catarina-canta-musicas-do-seu-irmao-vander-lee-em-salvador\\\/#webpage\"},\"isPartOf\":{\"@id\":\"https:\\\/\\\/newsinfoco.com.br\\\/inicio\\\/marcos-catarina-canta-musicas-do-seu-irmao-vander-lee-em-salvador\\\/#webpage\"},\"articleSection\":\"Bahia\"},{\"@type\":\"BreadcrumbList\",\"@id\":\"https:\\\/\\\/newsinfoco.com.br\\\/inicio\\\/marcos-catarina-canta-musicas-do-seu-irmao-vander-lee-em-salvador\\\/#breadcrumblist\",\"itemListElement\":[{\"@type\":\"ListItem\",\"@id\":\"https:\\\/\\\/newsinfoco.com.br\\\/inicio#listItem\",\"position\":1,\"name\":\"In\\u00edcio\",\"item\":\"https:\\\/\\\/newsinfoco.com.br\\\/inicio\",\"nextItem\":{\"@type\":\"ListItem\",\"@id\":\"https:\\\/\\\/newsinfoco.com.br\\\/inicio\\\/category\\\/bahia\\\/#listItem\",\"name\":\"Bahia\"}},{\"@type\":\"ListItem\",\"@id\":\"https:\\\/\\\/newsinfoco.com.br\\\/inicio\\\/category\\\/bahia\\\/#listItem\",\"position\":2,\"name\":\"Bahia\",\"item\":\"https:\\\/\\\/newsinfoco.com.br\\\/inicio\\\/category\\\/bahia\\\/\",\"nextItem\":{\"@type\":\"ListItem\",\"@id\":\"https:\\\/\\\/newsinfoco.com.br\\\/inicio\\\/marcos-catarina-canta-musicas-do-seu-irmao-vander-lee-em-salvador\\\/#listItem\",\"name\":\"Marcos Catarina canta m\\u00fasicas do seu irm\\u00e3o Vander Lee em Salvador\"},\"previousItem\":{\"@type\":\"ListItem\",\"@id\":\"https:\\\/\\\/newsinfoco.com.br\\\/inicio#listItem\",\"name\":\"In\\u00edcio\"}},{\"@type\":\"ListItem\",\"@id\":\"https:\\\/\\\/newsinfoco.com.br\\\/inicio\\\/marcos-catarina-canta-musicas-do-seu-irmao-vander-lee-em-salvador\\\/#listItem\",\"position\":3,\"name\":\"Marcos Catarina canta m\\u00fasicas do seu irm\\u00e3o Vander Lee em Salvador\",\"previousItem\":{\"@type\":\"ListItem\",\"@id\":\"https:\\\/\\\/newsinfoco.com.br\\\/inicio\\\/category\\\/bahia\\\/#listItem\",\"name\":\"Bahia\"}}]},{\"@type\":\"Organization\",\"@id\":\"https:\\\/\\\/newsinfoco.com.br\\\/inicio\\\/#organization\",\"name\":\"News In Foco - Editado por Caio Pimenta\",\"description\":\"O principal site de noticias de Alagoinhas e regi\\u00e3o\",\"url\":\"https:\\\/\\\/newsinfoco.com.br\\\/inicio\\\/\"},{\"@type\":\"Person\",\"@id\":\"https:\\\/\\\/newsinfoco.com.br\\\/inicio\\\/author\\\/administrador\\\/#author\",\"url\":\"https:\\\/\\\/newsinfoco.com.br\\\/inicio\\\/author\\\/administrador\\\/\",\"name\":\"administrador\",\"image\":{\"@type\":\"ImageObject\",\"@id\":\"https:\\\/\\\/newsinfoco.com.br\\\/inicio\\\/marcos-catarina-canta-musicas-do-seu-irmao-vander-lee-em-salvador\\\/#authorImage\",\"url\":\"https:\\\/\\\/secure.gravatar.com\\\/avatar\\\/c17a617433de8c1dc9584bb79aab7563b46f5bb7e1728c9b17d9cc3ce6a08e49?s=96&d=mm&r=g\",\"width\":96,\"height\":96,\"caption\":\"administrador\"}},{\"@type\":\"WebPage\",\"@id\":\"https:\\\/\\\/newsinfoco.com.br\\\/inicio\\\/marcos-catarina-canta-musicas-do-seu-irmao-vander-lee-em-salvador\\\/#webpage\",\"url\":\"https:\\\/\\\/newsinfoco.com.br\\\/inicio\\\/marcos-catarina-canta-musicas-do-seu-irmao-vander-lee-em-salvador\\\/\",\"name\":\"Marcos Catarina canta m\\u00fasicas do seu irm\\u00e3o Vander Lee em Salvador - News In Foco - Editado por Caio Pimenta\",\"description\":\"O show \\u201cDe Irm\\u00e3o para Irm\\u00e3o: Marcos Catarina canta Vander Lee\\u201d, no qual Marcos Catarina, irm\\u00e3o do cantor e compositor mineiro, apresenta suas vers\\u00f5es para as m\\u00fasicas de Vander Lee, chega ao palco do Teatro Gamboa nesta quarta (27) e quinta-feira (28), \\u00e0s 19h. Marcos relembrar\\u00e1 grandes sucessos do irm\\u00e3o, e apresentar\\u00e1 ao p\\u00fablico soteropolitano\",\"inLanguage\":\"pt-BR\",\"isPartOf\":{\"@id\":\"https:\\\/\\\/newsinfoco.com.br\\\/inicio\\\/#website\"},\"breadcrumb\":{\"@id\":\"https:\\\/\\\/newsinfoco.com.br\\\/inicio\\\/marcos-catarina-canta-musicas-do-seu-irmao-vander-lee-em-salvador\\\/#breadcrumblist\"},\"author\":{\"@id\":\"https:\\\/\\\/newsinfoco.com.br\\\/inicio\\\/author\\\/administrador\\\/#author\"},\"creator\":{\"@id\":\"https:\\\/\\\/newsinfoco.com.br\\\/inicio\\\/author\\\/administrador\\\/#author\"},\"image\":{\"@type\":\"ImageObject\",\"url\":\"https:\\\/\\\/newsinfoco.com.br\\\/inicio\\\/wp-content\\\/uploads\\\/2024\\\/11\\\/3.-Marcos-Catarina-De-Irmao-para-Irmao_Marcos-Catarina-canta-Vander-Lee_Taty-Soares-2.jpg\",\"@id\":\"https:\\\/\\\/newsinfoco.com.br\\\/inicio\\\/marcos-catarina-canta-musicas-do-seu-irmao-vander-lee-em-salvador\\\/#mainImage\",\"width\":600,\"height\":420},\"primaryImageOfPage\":{\"@id\":\"https:\\\/\\\/newsinfoco.com.br\\\/inicio\\\/marcos-catarina-canta-musicas-do-seu-irmao-vander-lee-em-salvador\\\/#mainImage\"},\"datePublished\":\"2024-11-28T13:21:38-03:00\",\"dateModified\":\"2024-11-28T13:22:47-03:00\"},{\"@type\":\"WebSite\",\"@id\":\"https:\\\/\\\/newsinfoco.com.br\\\/inicio\\\/#website\",\"url\":\"https:\\\/\\\/newsinfoco.com.br\\\/inicio\\\/\",\"name\":\"News In Foco - Editado por Caio Pimenta\",\"description\":\"O principal site de noticias de Alagoinhas e regi\\u00e3o\",\"inLanguage\":\"pt-BR\",\"publisher\":{\"@id\":\"https:\\\/\\\/newsinfoco.com.br\\\/inicio\\\/#organization\"}}]}\n\t\t<\/script>\n\t\t<!-- All in One SEO -->\n\n","aioseo_head_json":{"title":"Marcos Catarina canta m\u00fasicas do seu irm\u00e3o Vander Lee em Salvador - News In Foco - Editado por Caio Pimenta","description":"O show \u201cDe Irm\u00e3o para Irm\u00e3o: Marcos Catarina canta Vander Lee\u201d, no qual Marcos Catarina, irm\u00e3o do cantor e compositor mineiro, apresenta suas vers\u00f5es para as m\u00fasicas de Vander Lee, chega ao palco do Teatro Gamboa nesta quarta (27) e quinta-feira (28), \u00e0s 19h. Marcos relembrar\u00e1 grandes sucessos do irm\u00e3o, e apresentar\u00e1 ao p\u00fablico soteropolitano","canonical_url":"https:\/\/newsinfoco.com.br\/inicio\/marcos-catarina-canta-musicas-do-seu-irmao-vander-lee-em-salvador\/","robots":"max-image-preview:large","keywords":"","webmasterTools":{"miscellaneous":""},"schema":{"@context":"https:\/\/schema.org","@graph":[{"@type":"BlogPosting","@id":"https:\/\/newsinfoco.com.br\/inicio\/marcos-catarina-canta-musicas-do-seu-irmao-vander-lee-em-salvador\/#blogposting","name":"Marcos Catarina canta m\u00fasicas do seu irm\u00e3o Vander Lee em Salvador - News In Foco - Editado por Caio Pimenta","headline":"Marcos Catarina canta m\u00fasicas do seu irm\u00e3o Vander Lee em Salvador","author":{"@id":"https:\/\/newsinfoco.com.br\/inicio\/author\/administrador\/#author"},"publisher":{"@id":"https:\/\/newsinfoco.com.br\/inicio\/#organization"},"image":{"@type":"ImageObject","url":"https:\/\/newsinfoco.com.br\/inicio\/wp-content\/uploads\/2024\/11\/3.-Marcos-Catarina-De-Irmao-para-Irmao_Marcos-Catarina-canta-Vander-Lee_Taty-Soares-2.jpg","width":600,"height":420},"datePublished":"2024-11-28T13:21:38-03:00","dateModified":"2024-11-28T13:22:47-03:00","inLanguage":"pt-BR","mainEntityOfPage":{"@id":"https:\/\/newsinfoco.com.br\/inicio\/marcos-catarina-canta-musicas-do-seu-irmao-vander-lee-em-salvador\/#webpage"},"isPartOf":{"@id":"https:\/\/newsinfoco.com.br\/inicio\/marcos-catarina-canta-musicas-do-seu-irmao-vander-lee-em-salvador\/#webpage"},"articleSection":"Bahia"},{"@type":"BreadcrumbList","@id":"https:\/\/newsinfoco.com.br\/inicio\/marcos-catarina-canta-musicas-do-seu-irmao-vander-lee-em-salvador\/#breadcrumblist","itemListElement":[{"@type":"ListItem","@id":"https:\/\/newsinfoco.com.br\/inicio#listItem","position":1,"name":"In\u00edcio","item":"https:\/\/newsinfoco.com.br\/inicio","nextItem":{"@type":"ListItem","@id":"https:\/\/newsinfoco.com.br\/inicio\/category\/bahia\/#listItem","name":"Bahia"}},{"@type":"ListItem","@id":"https:\/\/newsinfoco.com.br\/inicio\/category\/bahia\/#listItem","position":2,"name":"Bahia","item":"https:\/\/newsinfoco.com.br\/inicio\/category\/bahia\/","nextItem":{"@type":"ListItem","@id":"https:\/\/newsinfoco.com.br\/inicio\/marcos-catarina-canta-musicas-do-seu-irmao-vander-lee-em-salvador\/#listItem","name":"Marcos Catarina canta m\u00fasicas do seu irm\u00e3o Vander Lee em Salvador"},"previousItem":{"@type":"ListItem","@id":"https:\/\/newsinfoco.com.br\/inicio#listItem","name":"In\u00edcio"}},{"@type":"ListItem","@id":"https:\/\/newsinfoco.com.br\/inicio\/marcos-catarina-canta-musicas-do-seu-irmao-vander-lee-em-salvador\/#listItem","position":3,"name":"Marcos Catarina canta m\u00fasicas do seu irm\u00e3o Vander Lee em Salvador","previousItem":{"@type":"ListItem","@id":"https:\/\/newsinfoco.com.br\/inicio\/category\/bahia\/#listItem","name":"Bahia"}}]},{"@type":"Organization","@id":"https:\/\/newsinfoco.com.br\/inicio\/#organization","name":"News In Foco - Editado por Caio Pimenta","description":"O principal site de noticias de Alagoinhas e regi\u00e3o","url":"https:\/\/newsinfoco.com.br\/inicio\/"},{"@type":"Person","@id":"https:\/\/newsinfoco.com.br\/inicio\/author\/administrador\/#author","url":"https:\/\/newsinfoco.com.br\/inicio\/author\/administrador\/","name":"administrador","image":{"@type":"ImageObject","@id":"https:\/\/newsinfoco.com.br\/inicio\/marcos-catarina-canta-musicas-do-seu-irmao-vander-lee-em-salvador\/#authorImage","url":"https:\/\/secure.gravatar.com\/avatar\/c17a617433de8c1dc9584bb79aab7563b46f5bb7e1728c9b17d9cc3ce6a08e49?s=96&d=mm&r=g","width":96,"height":96,"caption":"administrador"}},{"@type":"WebPage","@id":"https:\/\/newsinfoco.com.br\/inicio\/marcos-catarina-canta-musicas-do-seu-irmao-vander-lee-em-salvador\/#webpage","url":"https:\/\/newsinfoco.com.br\/inicio\/marcos-catarina-canta-musicas-do-seu-irmao-vander-lee-em-salvador\/","name":"Marcos Catarina canta m\u00fasicas do seu irm\u00e3o Vander Lee em Salvador - News In Foco - Editado por Caio Pimenta","description":"O show \u201cDe Irm\u00e3o para Irm\u00e3o: Marcos Catarina canta Vander Lee\u201d, no qual Marcos Catarina, irm\u00e3o do cantor e compositor mineiro, apresenta suas vers\u00f5es para as m\u00fasicas de Vander Lee, chega ao palco do Teatro Gamboa nesta quarta (27) e quinta-feira (28), \u00e0s 19h. Marcos relembrar\u00e1 grandes sucessos do irm\u00e3o, e apresentar\u00e1 ao p\u00fablico soteropolitano","inLanguage":"pt-BR","isPartOf":{"@id":"https:\/\/newsinfoco.com.br\/inicio\/#website"},"breadcrumb":{"@id":"https:\/\/newsinfoco.com.br\/inicio\/marcos-catarina-canta-musicas-do-seu-irmao-vander-lee-em-salvador\/#breadcrumblist"},"author":{"@id":"https:\/\/newsinfoco.com.br\/inicio\/author\/administrador\/#author"},"creator":{"@id":"https:\/\/newsinfoco.com.br\/inicio\/author\/administrador\/#author"},"image":{"@type":"ImageObject","url":"https:\/\/newsinfoco.com.br\/inicio\/wp-content\/uploads\/2024\/11\/3.-Marcos-Catarina-De-Irmao-para-Irmao_Marcos-Catarina-canta-Vander-Lee_Taty-Soares-2.jpg","@id":"https:\/\/newsinfoco.com.br\/inicio\/marcos-catarina-canta-musicas-do-seu-irmao-vander-lee-em-salvador\/#mainImage","width":600,"height":420},"primaryImageOfPage":{"@id":"https:\/\/newsinfoco.com.br\/inicio\/marcos-catarina-canta-musicas-do-seu-irmao-vander-lee-em-salvador\/#mainImage"},"datePublished":"2024-11-28T13:21:38-03:00","dateModified":"2024-11-28T13:22:47-03:00"},{"@type":"WebSite","@id":"https:\/\/newsinfoco.com.br\/inicio\/#website","url":"https:\/\/newsinfoco.com.br\/inicio\/","name":"News In Foco - Editado por Caio Pimenta","description":"O principal site de noticias de Alagoinhas e regi\u00e3o","inLanguage":"pt-BR","publisher":{"@id":"https:\/\/newsinfoco.com.br\/inicio\/#organization"}}]},"og:locale":"pt_BR","og:site_name":"News In Foco - Editado por Caio Pimenta - O principal site de noticias de Alagoinhas e regi\u00e3o","og:type":"article","og:title":"Marcos Catarina canta m\u00fasicas do seu irm\u00e3o Vander Lee em Salvador - News In Foco - Editado por Caio Pimenta","og:description":"O show \u201cDe Irm\u00e3o para Irm\u00e3o: Marcos Catarina canta Vander Lee\u201d, no qual Marcos Catarina, irm\u00e3o do cantor e compositor mineiro, apresenta suas vers\u00f5es para as m\u00fasicas de Vander Lee, chega ao palco do Teatro Gamboa nesta quarta (27) e quinta-feira (28), \u00e0s 19h. Marcos relembrar\u00e1 grandes sucessos do irm\u00e3o, e apresentar\u00e1 ao p\u00fablico soteropolitano","og:url":"https:\/\/newsinfoco.com.br\/inicio\/marcos-catarina-canta-musicas-do-seu-irmao-vander-lee-em-salvador\/","article:published_time":"2024-11-28T16:21:38+00:00","article:modified_time":"2024-11-28T16:22:47+00:00","twitter:card":"summary_large_image","twitter:title":"Marcos Catarina canta m\u00fasicas do seu irm\u00e3o Vander Lee em Salvador - News In Foco - Editado por Caio Pimenta","twitter:description":"O show \u201cDe Irm\u00e3o para Irm\u00e3o: Marcos Catarina canta Vander Lee\u201d, no qual Marcos Catarina, irm\u00e3o do cantor e compositor mineiro, apresenta suas vers\u00f5es para as m\u00fasicas de Vander Lee, chega ao palco do Teatro Gamboa nesta quarta (27) e quinta-feira (28), \u00e0s 19h. Marcos relembrar\u00e1 grandes sucessos do irm\u00e3o, e apresentar\u00e1 ao p\u00fablico soteropolitano"},"aioseo_meta_data":{"post_id":"37070","title":null,"description":null,"keywords":null,"keyphrases":{"focus":{"keyphrase":"","score":0,"analysis":{"keyphraseInTitle":{"score":0,"maxScore":9,"error":1}}},"additional":[]},"primary_term":null,"canonical_url":null,"og_title":null,"og_description":null,"og_object_type":"default","og_image_type":"default","og_image_url":null,"og_image_width":null,"og_image_height":null,"og_image_custom_url":null,"og_image_custom_fields":null,"og_video":"","og_custom_url":null,"og_article_section":null,"og_article_tags":null,"twitter_use_og":false,"twitter_card":"default","twitter_image_type":"default","twitter_image_url":null,"twitter_image_custom_url":null,"twitter_image_custom_fields":null,"twitter_title":null,"twitter_description":null,"schema":{"blockGraphs":[],"customGraphs":[],"default":{"data":{"Article":[],"Course":[],"Dataset":[],"FAQPage":[],"Movie":[],"Person":[],"Product":[],"ProductReview":[],"Car":[],"Recipe":[],"Service":[],"SoftwareApplication":[],"WebPage":[]},"graphName":"BlogPosting","isEnabled":true},"graphs":[]},"schema_type":"default","schema_type_options":null,"pillar_content":false,"robots_default":true,"robots_noindex":false,"robots_noarchive":false,"robots_nosnippet":false,"robots_nofollow":false,"robots_noimageindex":false,"robots_noodp":false,"robots_notranslate":false,"robots_max_snippet":"-1","robots_max_videopreview":"-1","robots_max_imagepreview":"large","priority":null,"frequency":"default","local_seo":null,"breadcrumb_settings":null,"limit_modified_date":false,"ai":null,"created":"2024-11-28 16:21:38","updated":"2025-07-11 11:09:57","seo_analyzer_scan_date":null},"aioseo_breadcrumb":"<div class=\"aioseo-breadcrumbs\"><span class=\"aioseo-breadcrumb\">\n\t\t\t<a href=\"https:\/\/newsinfoco.com.br\/inicio\" title=\"In\u00edcio\">In\u00edcio<\/a>\n\t\t<\/span><span class=\"aioseo-breadcrumb-separator\">&raquo;<\/span><span class=\"aioseo-breadcrumb\">\n\t\t\t<a href=\"https:\/\/newsinfoco.com.br\/inicio\/category\/bahia\/\" title=\"Bahia\">Bahia<\/a>\n\t\t<\/span><span class=\"aioseo-breadcrumb-separator\">&raquo;<\/span><span class=\"aioseo-breadcrumb\">\n\t\t\tMarcos Catarina canta m\u00fasicas do seu irm\u00e3o Vander Lee em Salvador\n\t\t<\/span><\/div>","aioseo_breadcrumb_json":[{"label":"In\u00edcio","link":"https:\/\/newsinfoco.com.br\/inicio"},{"label":"Bahia","link":"https:\/\/newsinfoco.com.br\/inicio\/category\/bahia\/"},{"label":"Marcos Catarina canta m\u00fasicas do seu irm\u00e3o Vander Lee em Salvador","link":"https:\/\/newsinfoco.com.br\/inicio\/marcos-catarina-canta-musicas-do-seu-irmao-vander-lee-em-salvador\/"}],"_links":{"self":[{"href":"https:\/\/newsinfoco.com.br\/inicio\/wp-json\/wp\/v2\/posts\/37070","targetHints":{"allow":["GET"]}}],"collection":[{"href":"https:\/\/newsinfoco.com.br\/inicio\/wp-json\/wp\/v2\/posts"}],"about":[{"href":"https:\/\/newsinfoco.com.br\/inicio\/wp-json\/wp\/v2\/types\/post"}],"author":[{"embeddable":true,"href":"https:\/\/newsinfoco.com.br\/inicio\/wp-json\/wp\/v2\/users\/1"}],"replies":[{"embeddable":true,"href":"https:\/\/newsinfoco.com.br\/inicio\/wp-json\/wp\/v2\/comments?post=37070"}],"version-history":[{"count":1,"href":"https:\/\/newsinfoco.com.br\/inicio\/wp-json\/wp\/v2\/posts\/37070\/revisions"}],"predecessor-version":[{"id":37071,"href":"https:\/\/newsinfoco.com.br\/inicio\/wp-json\/wp\/v2\/posts\/37070\/revisions\/37071"}],"wp:featuredmedia":[{"embeddable":true,"href":"https:\/\/newsinfoco.com.br\/inicio\/wp-json\/wp\/v2\/media\/37072"}],"wp:attachment":[{"href":"https:\/\/newsinfoco.com.br\/inicio\/wp-json\/wp\/v2\/media?parent=37070"}],"wp:term":[{"taxonomy":"category","embeddable":true,"href":"https:\/\/newsinfoco.com.br\/inicio\/wp-json\/wp\/v2\/categories?post=37070"},{"taxonomy":"post_tag","embeddable":true,"href":"https:\/\/newsinfoco.com.br\/inicio\/wp-json\/wp\/v2\/tags?post=37070"}],"curies":[{"name":"wp","href":"https:\/\/api.w.org\/{rel}","templated":true}]}}