{"id":37076,"date":"2024-11-28T13:56:56","date_gmt":"2024-11-28T16:56:56","guid":{"rendered":"https:\/\/newsinfoco.com.br\/inicio\/?p=37076"},"modified":"2024-11-28T13:59:19","modified_gmt":"2024-11-28T16:59:19","slug":"corte-de-gastos-nao-contem-tendencia-de-alta-e-dolar-chega-a-r600","status":"publish","type":"post","link":"https:\/\/newsinfoco.com.br\/inicio\/corte-de-gastos-nao-contem-tendencia-de-alta-e-dolar-chega-a-r600\/","title":{"rendered":"Corte de gastos n\u00e3o cont\u00e9m tend\u00eancia de alta e d\u00f3lar chega a R$6,00"},"content":{"rendered":"<div class=\"sc-81cf810-0 eyovxy\">\n<div class=\"sc-81cf810-1 bYubFg\">\n<div class=\"sc-81cf810-3 gCNTHg\">\n<p>Depois de ter disparado nesta quarta-feira (27), com alta de mais de 1,8%, e atingido o maior valor nominal da hist\u00f3ria (R$ 5,9124), o d\u00f3lar voltou a subir com for\u00e7a na manh\u00e3 desta quinta (28), e h\u00e1 a possibilidade de que registre novo recorde ao final do dia. O movimento de subida expressiva da moeda norte-americana acontece na esteira do an\u00fancio feito pelo ministro da Fazenda, Fernando Haddad, das medidas de corte de gastos junto com a isen\u00e7\u00e3o do Imposto de Renda para quem ganha at\u00e9 R$ 5 mil por m\u00eas.<\/p>\n<p>Na abertura das negocia\u00e7\u00f5es, a moeda logo subiu 1,30%, com o d\u00f3lar sendo cotado a R$ 5,990. \u00a0J\u00e1 por volta das 9h20, o d\u00f3lar subia 0,84% sendo negociado a R$ 5,962. No fechamento desta mat\u00e9ria, \u00e0s 10h30, o d\u00f3lar est\u00e1 no patamar de R$ 5,97.<\/p><div class=\"newsi-conteudo_19\" id=\"newsi-3471562554\"><a href=\"https:\/\/www.instagram.com\/prefeituraalagoinhas?igsh=YzgzdDJ1bWR3aWI4\" aria-label=\"SAVE_20251006_221555\"><img loading=\"lazy\" decoding=\"async\" src=\"https:\/\/newsinfoco.com.br\/inicio\/wp-content\/uploads\/2025\/10\/SAVE_20251006_221555-rotated.jpg\" alt=\"\"  srcset=\"https:\/\/newsinfoco.com.br\/inicio\/wp-content\/uploads\/2025\/10\/SAVE_20251006_221555-rotated.jpg 1140w, https:\/\/newsinfoco.com.br\/inicio\/wp-content\/uploads\/2025\/10\/SAVE_20251006_221555-300x52.jpg 300w, https:\/\/newsinfoco.com.br\/inicio\/wp-content\/uploads\/2025\/10\/SAVE_20251006_221555-1024x177.jpg 1024w, https:\/\/newsinfoco.com.br\/inicio\/wp-content\/uploads\/2025\/10\/SAVE_20251006_221555-768x133.jpg 768w, https:\/\/newsinfoco.com.br\/inicio\/wp-content\/uploads\/2025\/10\/SAVE_20251006_221555-600x104.jpg 600w, https:\/\/newsinfoco.com.br\/inicio\/wp-content\/uploads\/2025\/10\/SAVE_20251006_221555-696x120.jpg 696w, https:\/\/newsinfoco.com.br\/inicio\/wp-content\/uploads\/2025\/10\/SAVE_20251006_221555-1068x185.jpg 1068w\" sizes=\"(max-width: 1140px) 100vw, 1140px\" width=\"1140\" height=\"197\"   \/><\/a><\/div>\n<p>Nas redes sociais, o assunto &#8220;d\u00f3lar&#8221; vem escalando os trending topics da rede X na mesma velocidade da subida da cota\u00e7\u00e3o da moeda, com direito a muitas cr\u00edticas ao governo. O senador Fl\u00e1vio Bolsonaro (PL-RJ), por exemplo, disse que nunca antes na hist\u00f3ria do pa\u00eds o d\u00f3lar chegou a esse patamar.<\/p>\n<p>&#8220;Lula est\u00e1 derretendo o Brasil, com medidas sem sentido e com \u00fanico foco em garantir poder e benesses para os amigues. O pa\u00eds n\u00e3o merece isso. O povo n\u00e3o merece um governo t\u00e3o ruim assim&#8221;, afirmou o senador na rede X.<\/p>\n<p>J\u00e1 do lado do governo, o ministro Fernand Haddad, em entrevista coletiva nesta manh\u00e3 para detalhar as propostas que foram anunciadas em cadeira de r\u00e1dio e TV na noite de ontem, Haddad disse estar &#8220;muito seguro&#8221; de que o governo conseguir\u00e1 cumprir as metas fiscais em 2025.<\/p>\n<p>&#8220;No ano que vem, estou muito seguro de que, com as medidas que est\u00e3o sendo tomadas, tamb\u00e9m vamos ter \u00eaxito em cumprir as metas. Sabendo que, em caso de n\u00e3o cumprimento, tem uma s\u00e9rie de gatilhos que s\u00e3o disparados para que ela venha a ser respeitada&#8221;, colocou Haddad.<\/p>\n<p>Em rela\u00e7\u00e3o \u00e0s expectativas para o final de 2024, o ministro da Fazenda afirmou que o desafio era conseguir o equil\u00edbrio das contas p\u00fablicas, o que, segundo ele, est\u00e1 sendo conquistado. Haddad destacou as medidas tomadas neste ano e aifrmou que o pa\u00eds est\u00e1 alcan\u00e7ando a meta zero e banda de 0,25% do PIB.<\/p>\n<p>&#8220;Neste ano, j\u00e1 bloqueamos alguma coisa em torno de R$ 20 bilh\u00f5es para cumprir o arcabou\u00e7o fiscal. S\u00f3 de calote, n\u00f3s pagamos mais de R$ 100 bilh\u00f5es. Entre estados e precat\u00f3rios, tivemos que indenizar R$ 120 bilh\u00f5es de calote dado pelo governo anterior&#8221;, afirmou Haddad \u00e0 imprensa.<\/p>\n<p>Ainda na entrevista, o ministro Haddad explicou que o projeto de lei que prev\u00ea aumento da isen\u00e7\u00e3o de IR para pessoas que ganham at\u00e9 R$ 5 mil tramitar\u00e1 ao longo do pr\u00f3ximo ano. Para o ministro, como n\u00e3o \u00e9 um ano eleitoral, ele acredita que a agenda legislativa ser\u00e1 &#8220;mais leve&#8221; e desobstru\u00edda.<\/p>\n<p>&#8220;Entendemos que o projeto pode tramitar no ano que vem, com agenda legislativa mais leve e sem agenda eleitoral. A proposta tem um impacto de R$ 35 bilh\u00f5es e neutralizado pela compensa\u00e7\u00e3o prevista no pr\u00f3prio projeto. Esse projeto foi muito bem pensado pela Receita h\u00e1 mais de um ano&#8221;, disse.<\/p>\n<p>Segundo Haddad, duas medidas compensar\u00e3o a perda de arrecada\u00e7\u00e3o com a isen\u00e7\u00e3o do IR para pessoas com renda de at\u00e9 R$ 5.000. A primeira prev\u00ea um pagamento de uma al\u00edquota m\u00ednima de 10% para quem ganha mais de R$ 50 mil por m\u00eas, o equivalente a mais de R$ 600 mil por ano.<\/p>\n<p>A outra fonte de compensa\u00e7\u00e3o se dar\u00e1 pelo fim isen\u00e7\u00e3o \u00a0de Imposto de Renda Pessoa F\u00edsica por raz\u00f5es de sa\u00fade. Esse benef\u00edcio, de acordo com o ministro, ficar\u00e1 limitado para pessoas com renda mensal de at\u00e9 R$ 20.000. As regras para dedu\u00e7\u00e3o de despesas com sa\u00fade continuar\u00e1 valendo normalmente.<\/p>\n<\/div>\n<\/div>\n<div>\n<div class=\"sc-a2085f8e-0 gKIthy\">Bahia Not\u00edcias<\/div>\n<\/div>\n<\/div>\n<div>\n<div id=\"Div_Feed_Desktop_Mobile_Advision_9\" class=\"sc-c056192d-0 hHMtsr\" data-google-query-id=\"CO3jy5i5_4kDFRpc3QIdvrYCrA\"><\/div>\n<\/div>\n<div class='share-to-whatsapp-wrapper'><div class='share-on-whsp'>Share on: <\/div><a data-text='Corte de gastos n\u00e3o cont\u00e9m tend\u00eancia de alta e d\u00f3lar chega a R$6,00' data-link='https:\/\/newsinfoco.com.br\/inicio\/corte-de-gastos-nao-contem-tendencia-de-alta-e-dolar-chega-a-r600\/' class='whatsapp-button whatsapp-share'>WhatsApp<\/a><div class='clear '><\/div><\/div>","protected":false},"excerpt":{"rendered":"<p>Depois de ter disparado nesta quarta-feira (27), com alta de mais de 1,8%, e atingido o maior valor nominal da hist\u00f3ria (R$ 5,9124), o d\u00f3lar voltou a subir com for\u00e7a na manh\u00e3 desta quinta (28), e h\u00e1 a possibilidade de que registre novo recorde ao final do dia. O movimento de subida expressiva da moeda [&hellip;]<\/p>\n","protected":false},"author":1,"featured_media":37078,"comment_status":"closed","ping_status":"closed","sticky":false,"template":"","format":"standard","meta":{"om_disable_all_campaigns":false,"_exactmetrics_skip_tracking":false,"_exactmetrics_sitenote_active":false,"_exactmetrics_sitenote_note":"","_exactmetrics_sitenote_category":0,"footnotes":""},"categories":[21,1],"tags":[],"class_list":["post-37076","post","type-post","status-publish","format-standard","has-post-thumbnail","hentry","category-brasil","category-sem-categoria"],"aioseo_notices":[],"_links":{"self":[{"href":"https:\/\/newsinfoco.com.br\/inicio\/wp-json\/wp\/v2\/posts\/37076","targetHints":{"allow":["GET"]}}],"collection":[{"href":"https:\/\/newsinfoco.com.br\/inicio\/wp-json\/wp\/v2\/posts"}],"about":[{"href":"https:\/\/newsinfoco.com.br\/inicio\/wp-json\/wp\/v2\/types\/post"}],"author":[{"embeddable":true,"href":"https:\/\/newsinfoco.com.br\/inicio\/wp-json\/wp\/v2\/users\/1"}],"replies":[{"embeddable":true,"href":"https:\/\/newsinfoco.com.br\/inicio\/wp-json\/wp\/v2\/comments?post=37076"}],"version-history":[{"count":1,"href":"https:\/\/newsinfoco.com.br\/inicio\/wp-json\/wp\/v2\/posts\/37076\/revisions"}],"predecessor-version":[{"id":37077,"href":"https:\/\/newsinfoco.com.br\/inicio\/wp-json\/wp\/v2\/posts\/37076\/revisions\/37077"}],"wp:featuredmedia":[{"embeddable":true,"href":"https:\/\/newsinfoco.com.br\/inicio\/wp-json\/wp\/v2\/media\/37078"}],"wp:attachment":[{"href":"https:\/\/newsinfoco.com.br\/inicio\/wp-json\/wp\/v2\/media?parent=37076"}],"wp:term":[{"taxonomy":"category","embeddable":true,"href":"https:\/\/newsinfoco.com.br\/inicio\/wp-json\/wp\/v2\/categories?post=37076"},{"taxonomy":"post_tag","embeddable":true,"href":"https:\/\/newsinfoco.com.br\/inicio\/wp-json\/wp\/v2\/tags?post=37076"}],"curies":[{"name":"wp","href":"https:\/\/api.w.org\/{rel}","templated":true}]}}