{"id":37131,"date":"2024-11-30T14:32:57","date_gmt":"2024-11-30T17:32:57","guid":{"rendered":"https:\/\/newsinfoco.com.br\/inicio\/?p=37131"},"modified":"2024-11-30T14:32:57","modified_gmt":"2024-11-30T17:32:57","slug":"festival-apresenta-propostas-em-afrofuturismo","status":"publish","type":"post","link":"https:\/\/newsinfoco.com.br\/inicio\/festival-apresenta-propostas-em-afrofuturismo\/","title":{"rendered":"Festival apresenta propostas em afrofuturismo"},"content":{"rendered":"<div class=\"sc-81cf810-0 eyovxy\">\n<div class=\"sc-81cf810-1 bYubFg\">\n<div class=\"sc-81cf810-3 gCNTHg\">\n<p>O Centro Hist\u00f3rico de Salvador, mais especificamente o Pelourinho, recebe a 6\u00aa edi\u00e7\u00e3o do Festival Afrofuturismo a partir desta sexta-feira (29). O evento \u00e9 consolidado como um dos principais eventos de diversidade, tecnologia e inova\u00e7\u00e3o da Am\u00e9rica Latina. As festividades no Pelourinho possuem programa\u00e7\u00e3o at\u00e9 o pr\u00f3ximo s\u00e1bado (29).<\/p>\n<p>Com o tema \u201cAdinkras \u2013 O C\u00f3digo Fonte da Liberdade\u201d, o festival celebra os saberes ancestrais e a filosofia dos s\u00edmbolos Adinkras, criados pelo povo Asante, de Gana, pertencente ao grupo lingu\u00edstico Akan. O evento \u00e9 parte integrante do Novembro Salvador Capital Afro, programa\u00e7\u00e3o especial organizada pela Prefeitura em alus\u00e3o ao M\u00eas da Consci\u00eancia Negra.<\/p>\n<p>O Festival Afrofuturismo 2024 apresenta uma agenda diversa, com diversas palestras, rodas de conversa, exposi\u00e7\u00f5es, apresenta\u00e7\u00f5es culturais e art\u00edsticas, al\u00e9m de uma Feira de Empreendedores da Economia Criativa. Os interessados podem adquirir os passaportes para o evento pelo\u00a0<a href=\"https:\/\/www.sympla.com.br\/evento\/festival-afrofuturismo-ano-vi-adinkras-o-codigo-fonte-da-liberdade\/2680127\" target=\"_blank\" rel=\"noopener\"><strong>Sympla<\/strong><\/a>.<\/p>\n<p>PROGRAMA\u00c7\u00c3O<br \/>\nA abertura ser\u00e1 conduzida por Grazi Mendes, reconhecida como uma das 100 futuristas afrodescendentes mais influentes do mundo pela MIPAD (Most Influential People of African Descent). Ela vai ministrar a palestra &#8220;Ancestrais do Futuro: construindo uma cosmovis\u00e3o para o amanh\u00e3&#8221; e lan\u00e7ar\u00e1 seu livro &#8220;Ancestrais do futuro: qual a mudan\u00e7a que o seu movimento alcan\u00e7a?&#8221;.<\/p>\n<p>Entre os temas em destaque na programa\u00e7\u00e3o est\u00e3o pain\u00e9is que abordam empoderamento econ\u00f4mico negro, influ\u00eancia digital e antirracismo, acessibilidade e diversidade no mercado de games, e m\u00fasica na era da intelig\u00eancia artificial, al\u00e9m de discuss\u00f5es sobre literatura marginal, rob\u00f3tica no dia a dia e investimento social privado.<\/p>\n<p>O festival contar\u00e1 com a participa\u00e7\u00e3o de renomados convidados nacionais, como Rene Silva (fundador do Jornal Voz da Comunidade), Wanessa Fernandes (CEO do Grupo Africanize), Felipe Velozo (ator e rep\u00f3rter dos programas Encontro e \u00c9 de Casa) e os influencers PH Cort\u00eas e S\u00e1ra Zar\u00e2. Tamb\u00e9m estar\u00e3o presentes importantes nomes internacionais, como Liz Gomis (Diretora da MansA), Yuniya Khan (fundadora do The Emerge Project), Curtis T. Jewell, II (CEO da Jewell Strategy) e Marcos Jamir (fundador da plataforma AfricanDEV).<\/p>\n<p>As atividades ocorrem simultaneamente em diversos espa\u00e7os do Pelourinho, como a Casa Vale do Dend\u00ea, Museu Eug\u00eanio Teixeira, Teatro Sesc Pelourinho, Casa do Olodum, Pra\u00e7a Tereza Batista, Faculdade de Medicina da Bahia, Museu da Energia, Pra\u00e7a Quincas Berro D&#8217;\u00c1gua e Casa Ashanti. Os participantes do Festival poder\u00e3o escolher entre quatro \u201ctrilhas\u201d tem\u00e1ticas: Literatura, Arte, C\u00eanico-Musical e Corpo em Movimento.<\/p>\n<p>Na trilha de Literatura, haver\u00e1 lan\u00e7amentos de livros e pain\u00e9is sobre literatura afrofuturista e marginal. A trilha de Arte convida os participantes a explorar uma exposi\u00e7\u00e3o imersiva sobre os s\u00edmbolos Adinkras e a discutir arte e tecnologia, al\u00e9m de visitar museus e galerias no Centro Hist\u00f3rico de Salvador.<\/p>\n<p>A trilha C\u00eanico-Musical contar\u00e1 com apresenta\u00e7\u00f5es musicais, como os shows do Cortejo Afro e da banda Afrocidade, al\u00e9m de um espet\u00e1culo teatral, \u201cKoanza no Futuro\u201d, e discuss\u00f5es sobre o mercado musical e humor. Por fim, a Trilha Corpo em Movimento abordar\u00e1 temas como dan\u00e7a, liberdade simb\u00f3lica, sa\u00fade e bem-estar do corpo afro-americano, com workshops e uma mostra art\u00edstica seguida de bate-papo.<\/p>\n<\/div>\n<\/div>\n<div>\n<div class=\"sc-a2085f8e-0 gKIthy\">O Centro Hist\u00f3rico de Salvador, mais especificamente o Pelourinho, recebe a 6\u00aa edi\u00e7\u00e3o do Festival Afrofuturismo a partir desta sexta-feira (29). O evento \u00e9 consolidado como um dos principais eventos de diversidade, tecnologia e inova\u00e7\u00e3o da Am\u00e9rica Latina. As festividades no Pelourinho possuem programa\u00e7\u00e3o at\u00e9 o pr\u00f3ximo s\u00e1bado (29).<\/div>\n<\/div>\n<\/div>\n<div class=\"sc-81cf810-0 eyovxy\">\n<div class=\"sc-b4c8ccf3-0 fsXNOt\">\n<div class=\"sc-81cf810-0 eyovxy\">\n<div class=\"sc-81cf810-1 bYubFg\">\n<div class=\"sc-81cf810-3 gCNTHg\">\n<p>Com o tema \u201cAdinkras \u2013 O C\u00f3digo Fonte da Liberdade\u201d, o festival celebra os saberes ancestrais e a filosofia dos s\u00edmbolos Adinkras, criados pelo povo Asante, de Gana, pertencente ao grupo lingu\u00edstico Akan. O evento \u00e9 parte integrante do Novembro Salvador Capital Afro, programa\u00e7\u00e3o especial organizada pela Prefeitura em alus\u00e3o ao M\u00eas da Consci\u00eancia Negra.<\/p>\n<p>O Festival Afrofuturismo 2024 apresenta uma agenda diversa, com diversas palestras, rodas de conversa, exposi\u00e7\u00f5es, apresenta\u00e7\u00f5es culturais e art\u00edsticas, al\u00e9m de uma Feira de Empreendedores da Economia Criativa. Os interessados podem adquirir os passaportes para o evento pelo\u00a0<a href=\"https:\/\/www.sympla.com.br\/evento\/festival-afrofuturismo-ano-vi-adinkras-o-codigo-fonte-da-liberdade\/2680127\" target=\"_blank\" rel=\"noopener\"><strong>Sympla<\/strong><\/a>.<\/p>\n<\/div>\n<\/div>\n<div>\n<div class=\"sc-a2085f8e-0 gKIthy\"><\/div>\n<\/div>\n<\/div>\n<div class=\"sc-81cf810-0 eyovxy\">\n<div class=\"sc-b4c8ccf3-0 fsXNOt\">Bahia Not\u00edcias<\/div>\n<\/div>\n<\/div>\n<\/div>\n<div class='share-to-whatsapp-wrapper'><div class='share-on-whsp'>Share on: <\/div><a data-text='Festival apresenta propostas em afrofuturismo' data-link='https:\/\/newsinfoco.com.br\/inicio\/festival-apresenta-propostas-em-afrofuturismo\/' class='whatsapp-button whatsapp-share'>WhatsApp<\/a><div class='clear '><\/div><\/div>","protected":false},"excerpt":{"rendered":"<p>O Centro Hist\u00f3rico de Salvador, mais especificamente o Pelourinho, recebe a 6\u00aa edi\u00e7\u00e3o do Festival Afrofuturismo a partir desta sexta-feira (29). O evento \u00e9 consolidado como um dos principais eventos de diversidade, tecnologia e inova\u00e7\u00e3o da Am\u00e9rica Latina. As festividades no Pelourinho possuem programa\u00e7\u00e3o at\u00e9 o pr\u00f3ximo s\u00e1bado (29). Com o tema \u201cAdinkras \u2013 O [&hellip;]<\/p>\n","protected":false},"author":1,"featured_media":37132,"comment_status":"closed","ping_status":"closed","sticky":false,"template":"","format":"standard","meta":{"om_disable_all_campaigns":false,"rop_custom_images_group":[],"rop_custom_messages_group":[],"rop_publish_now":"initial","rop_publish_now_accounts":[],"rop_publish_now_history":[],"rop_publish_now_status":"pending","_exactmetrics_skip_tracking":false,"footnotes":""},"categories":[19],"tags":[],"class_list":["post-37131","post","type-post","status-publish","format-standard","has-post-thumbnail","hentry","category-bahia"],"aioseo_notices":[],"aioseo_head":"\n\t\t<!-- All in One SEO 4.9.10 - aioseo.com -->\n\t<meta name=\"description\" content=\"O Centro Hist\u00f3rico de Salvador, mais especificamente o Pelourinho, recebe a 6\u00aa edi\u00e7\u00e3o do Festival Afrofuturismo a partir desta sexta-feira (29). O evento \u00e9 consolidado como um dos principais eventos de diversidade, tecnologia e inova\u00e7\u00e3o da Am\u00e9rica Latina. As festividades no Pelourinho possuem programa\u00e7\u00e3o at\u00e9 o pr\u00f3ximo s\u00e1bado (29). Com o tema \u201cAdinkras \u2013 O\" \/>\n\t<meta name=\"robots\" content=\"max-image-preview:large\" \/>\n\t<meta name=\"author\" content=\"administrador\"\/>\n\t<link rel=\"canonical\" href=\"https:\/\/newsinfoco.com.br\/inicio\/festival-apresenta-propostas-em-afrofuturismo\/\" \/>\n\t<meta name=\"generator\" content=\"All in One SEO (AIOSEO) 4.9.10\" \/>\n\t\t<meta property=\"og:locale\" content=\"pt_BR\" \/>\n\t\t<meta property=\"og:site_name\" content=\"News In Foco - Editado por Caio Pimenta - O principal site de noticias de Alagoinhas e regi\u00e3o\" \/>\n\t\t<meta property=\"og:type\" content=\"article\" \/>\n\t\t<meta property=\"og:title\" content=\"Festival apresenta propostas em afrofuturismo - News In Foco - Editado por Caio Pimenta\" \/>\n\t\t<meta property=\"og:description\" content=\"O Centro Hist\u00f3rico de Salvador, mais especificamente o Pelourinho, recebe a 6\u00aa edi\u00e7\u00e3o do Festival Afrofuturismo a partir desta sexta-feira (29). O evento \u00e9 consolidado como um dos principais eventos de diversidade, tecnologia e inova\u00e7\u00e3o da Am\u00e9rica Latina. As festividades no Pelourinho possuem programa\u00e7\u00e3o at\u00e9 o pr\u00f3ximo s\u00e1bado (29). Com o tema \u201cAdinkras \u2013 O\" \/>\n\t\t<meta property=\"og:url\" content=\"https:\/\/newsinfoco.com.br\/inicio\/festival-apresenta-propostas-em-afrofuturismo\/\" \/>\n\t\t<meta property=\"article:published_time\" content=\"2024-11-30T17:32:57+00:00\" \/>\n\t\t<meta property=\"article:modified_time\" content=\"2024-11-30T17:32:57+00:00\" \/>\n\t\t<meta name=\"twitter:card\" content=\"summary_large_image\" \/>\n\t\t<meta name=\"twitter:title\" content=\"Festival apresenta propostas em afrofuturismo - News In Foco - Editado por Caio Pimenta\" \/>\n\t\t<meta name=\"twitter:description\" content=\"O Centro Hist\u00f3rico de Salvador, mais especificamente o Pelourinho, recebe a 6\u00aa edi\u00e7\u00e3o do Festival Afrofuturismo a partir desta sexta-feira (29). O evento \u00e9 consolidado como um dos principais eventos de diversidade, tecnologia e inova\u00e7\u00e3o da Am\u00e9rica Latina. As festividades no Pelourinho possuem programa\u00e7\u00e3o at\u00e9 o pr\u00f3ximo s\u00e1bado (29). Com o tema \u201cAdinkras \u2013 O\" \/>\n\t\t<script type=\"application\/ld+json\" class=\"aioseo-schema\">\n\t\t\t{\"@context\":\"https:\\\/\\\/schema.org\",\"@graph\":[{\"@type\":\"BlogPosting\",\"@id\":\"https:\\\/\\\/newsinfoco.com.br\\\/inicio\\\/festival-apresenta-propostas-em-afrofuturismo\\\/#blogposting\",\"name\":\"Festival apresenta propostas em afrofuturismo - News In Foco - Editado por Caio Pimenta\",\"headline\":\"Festival apresenta propostas em afrofuturismo\",\"author\":{\"@id\":\"https:\\\/\\\/newsinfoco.com.br\\\/inicio\\\/author\\\/administrador\\\/#author\"},\"publisher\":{\"@id\":\"https:\\\/\\\/newsinfoco.com.br\\\/inicio\\\/#organization\"},\"image\":{\"@type\":\"ImageObject\",\"url\":\"https:\\\/\\\/newsinfoco.com.br\\\/inicio\\\/wp-content\\\/uploads\\\/2024\\\/11\\\/IMAGEM_NOTICIA_9-16.webp\",\"width\":1200,\"height\":630},\"datePublished\":\"2024-11-30T14:32:57-03:00\",\"dateModified\":\"2024-11-30T14:32:57-03:00\",\"inLanguage\":\"pt-BR\",\"mainEntityOfPage\":{\"@id\":\"https:\\\/\\\/newsinfoco.com.br\\\/inicio\\\/festival-apresenta-propostas-em-afrofuturismo\\\/#webpage\"},\"isPartOf\":{\"@id\":\"https:\\\/\\\/newsinfoco.com.br\\\/inicio\\\/festival-apresenta-propostas-em-afrofuturismo\\\/#webpage\"},\"articleSection\":\"Bahia\"},{\"@type\":\"BreadcrumbList\",\"@id\":\"https:\\\/\\\/newsinfoco.com.br\\\/inicio\\\/festival-apresenta-propostas-em-afrofuturismo\\\/#breadcrumblist\",\"itemListElement\":[{\"@type\":\"ListItem\",\"@id\":\"https:\\\/\\\/newsinfoco.com.br\\\/inicio#listItem\",\"position\":1,\"name\":\"In\\u00edcio\",\"item\":\"https:\\\/\\\/newsinfoco.com.br\\\/inicio\",\"nextItem\":{\"@type\":\"ListItem\",\"@id\":\"https:\\\/\\\/newsinfoco.com.br\\\/inicio\\\/category\\\/bahia\\\/#listItem\",\"name\":\"Bahia\"}},{\"@type\":\"ListItem\",\"@id\":\"https:\\\/\\\/newsinfoco.com.br\\\/inicio\\\/category\\\/bahia\\\/#listItem\",\"position\":2,\"name\":\"Bahia\",\"item\":\"https:\\\/\\\/newsinfoco.com.br\\\/inicio\\\/category\\\/bahia\\\/\",\"nextItem\":{\"@type\":\"ListItem\",\"@id\":\"https:\\\/\\\/newsinfoco.com.br\\\/inicio\\\/festival-apresenta-propostas-em-afrofuturismo\\\/#listItem\",\"name\":\"Festival apresenta propostas em afrofuturismo\"},\"previousItem\":{\"@type\":\"ListItem\",\"@id\":\"https:\\\/\\\/newsinfoco.com.br\\\/inicio#listItem\",\"name\":\"In\\u00edcio\"}},{\"@type\":\"ListItem\",\"@id\":\"https:\\\/\\\/newsinfoco.com.br\\\/inicio\\\/festival-apresenta-propostas-em-afrofuturismo\\\/#listItem\",\"position\":3,\"name\":\"Festival apresenta propostas em afrofuturismo\",\"previousItem\":{\"@type\":\"ListItem\",\"@id\":\"https:\\\/\\\/newsinfoco.com.br\\\/inicio\\\/category\\\/bahia\\\/#listItem\",\"name\":\"Bahia\"}}]},{\"@type\":\"Organization\",\"@id\":\"https:\\\/\\\/newsinfoco.com.br\\\/inicio\\\/#organization\",\"name\":\"News In Foco - Editado por Caio Pimenta\",\"description\":\"O principal site de noticias de Alagoinhas e regi\\u00e3o\",\"url\":\"https:\\\/\\\/newsinfoco.com.br\\\/inicio\\\/\"},{\"@type\":\"Person\",\"@id\":\"https:\\\/\\\/newsinfoco.com.br\\\/inicio\\\/author\\\/administrador\\\/#author\",\"url\":\"https:\\\/\\\/newsinfoco.com.br\\\/inicio\\\/author\\\/administrador\\\/\",\"name\":\"administrador\",\"image\":{\"@type\":\"ImageObject\",\"@id\":\"https:\\\/\\\/newsinfoco.com.br\\\/inicio\\\/festival-apresenta-propostas-em-afrofuturismo\\\/#authorImage\",\"url\":\"https:\\\/\\\/secure.gravatar.com\\\/avatar\\\/c17a617433de8c1dc9584bb79aab7563b46f5bb7e1728c9b17d9cc3ce6a08e49?s=96&d=mm&r=g\",\"width\":96,\"height\":96,\"caption\":\"administrador\"}},{\"@type\":\"WebPage\",\"@id\":\"https:\\\/\\\/newsinfoco.com.br\\\/inicio\\\/festival-apresenta-propostas-em-afrofuturismo\\\/#webpage\",\"url\":\"https:\\\/\\\/newsinfoco.com.br\\\/inicio\\\/festival-apresenta-propostas-em-afrofuturismo\\\/\",\"name\":\"Festival apresenta propostas em afrofuturismo - News In Foco - Editado por Caio Pimenta\",\"description\":\"O Centro Hist\\u00f3rico de Salvador, mais especificamente o Pelourinho, recebe a 6\\u00aa edi\\u00e7\\u00e3o do Festival Afrofuturismo a partir desta sexta-feira (29). O evento \\u00e9 consolidado como um dos principais eventos de diversidade, tecnologia e inova\\u00e7\\u00e3o da Am\\u00e9rica Latina. As festividades no Pelourinho possuem programa\\u00e7\\u00e3o at\\u00e9 o pr\\u00f3ximo s\\u00e1bado (29). Com o tema \\u201cAdinkras \\u2013 O\",\"inLanguage\":\"pt-BR\",\"isPartOf\":{\"@id\":\"https:\\\/\\\/newsinfoco.com.br\\\/inicio\\\/#website\"},\"breadcrumb\":{\"@id\":\"https:\\\/\\\/newsinfoco.com.br\\\/inicio\\\/festival-apresenta-propostas-em-afrofuturismo\\\/#breadcrumblist\"},\"author\":{\"@id\":\"https:\\\/\\\/newsinfoco.com.br\\\/inicio\\\/author\\\/administrador\\\/#author\"},\"creator\":{\"@id\":\"https:\\\/\\\/newsinfoco.com.br\\\/inicio\\\/author\\\/administrador\\\/#author\"},\"image\":{\"@type\":\"ImageObject\",\"url\":\"https:\\\/\\\/newsinfoco.com.br\\\/inicio\\\/wp-content\\\/uploads\\\/2024\\\/11\\\/IMAGEM_NOTICIA_9-16.webp\",\"@id\":\"https:\\\/\\\/newsinfoco.com.br\\\/inicio\\\/festival-apresenta-propostas-em-afrofuturismo\\\/#mainImage\",\"width\":1200,\"height\":630},\"primaryImageOfPage\":{\"@id\":\"https:\\\/\\\/newsinfoco.com.br\\\/inicio\\\/festival-apresenta-propostas-em-afrofuturismo\\\/#mainImage\"},\"datePublished\":\"2024-11-30T14:32:57-03:00\",\"dateModified\":\"2024-11-30T14:32:57-03:00\"},{\"@type\":\"WebSite\",\"@id\":\"https:\\\/\\\/newsinfoco.com.br\\\/inicio\\\/#website\",\"url\":\"https:\\\/\\\/newsinfoco.com.br\\\/inicio\\\/\",\"name\":\"News In Foco - Editado por Caio Pimenta\",\"description\":\"O principal site de noticias de Alagoinhas e regi\\u00e3o\",\"inLanguage\":\"pt-BR\",\"publisher\":{\"@id\":\"https:\\\/\\\/newsinfoco.com.br\\\/inicio\\\/#organization\"}}]}\n\t\t<\/script>\n\t\t<!-- All in One SEO -->\n\n","aioseo_head_json":{"title":"Festival apresenta propostas em afrofuturismo - News In Foco - Editado por Caio Pimenta","description":"O Centro Hist\u00f3rico de Salvador, mais especificamente o Pelourinho, recebe a 6\u00aa edi\u00e7\u00e3o do Festival Afrofuturismo a partir desta sexta-feira (29). O evento \u00e9 consolidado como um dos principais eventos de diversidade, tecnologia e inova\u00e7\u00e3o da Am\u00e9rica Latina. As festividades no Pelourinho possuem programa\u00e7\u00e3o at\u00e9 o pr\u00f3ximo s\u00e1bado (29). Com o tema \u201cAdinkras \u2013 O","canonical_url":"https:\/\/newsinfoco.com.br\/inicio\/festival-apresenta-propostas-em-afrofuturismo\/","robots":"max-image-preview:large","keywords":"","webmasterTools":{"miscellaneous":""},"schema":{"@context":"https:\/\/schema.org","@graph":[{"@type":"BlogPosting","@id":"https:\/\/newsinfoco.com.br\/inicio\/festival-apresenta-propostas-em-afrofuturismo\/#blogposting","name":"Festival apresenta propostas em afrofuturismo - News In Foco - Editado por Caio Pimenta","headline":"Festival apresenta propostas em afrofuturismo","author":{"@id":"https:\/\/newsinfoco.com.br\/inicio\/author\/administrador\/#author"},"publisher":{"@id":"https:\/\/newsinfoco.com.br\/inicio\/#organization"},"image":{"@type":"ImageObject","url":"https:\/\/newsinfoco.com.br\/inicio\/wp-content\/uploads\/2024\/11\/IMAGEM_NOTICIA_9-16.webp","width":1200,"height":630},"datePublished":"2024-11-30T14:32:57-03:00","dateModified":"2024-11-30T14:32:57-03:00","inLanguage":"pt-BR","mainEntityOfPage":{"@id":"https:\/\/newsinfoco.com.br\/inicio\/festival-apresenta-propostas-em-afrofuturismo\/#webpage"},"isPartOf":{"@id":"https:\/\/newsinfoco.com.br\/inicio\/festival-apresenta-propostas-em-afrofuturismo\/#webpage"},"articleSection":"Bahia"},{"@type":"BreadcrumbList","@id":"https:\/\/newsinfoco.com.br\/inicio\/festival-apresenta-propostas-em-afrofuturismo\/#breadcrumblist","itemListElement":[{"@type":"ListItem","@id":"https:\/\/newsinfoco.com.br\/inicio#listItem","position":1,"name":"In\u00edcio","item":"https:\/\/newsinfoco.com.br\/inicio","nextItem":{"@type":"ListItem","@id":"https:\/\/newsinfoco.com.br\/inicio\/category\/bahia\/#listItem","name":"Bahia"}},{"@type":"ListItem","@id":"https:\/\/newsinfoco.com.br\/inicio\/category\/bahia\/#listItem","position":2,"name":"Bahia","item":"https:\/\/newsinfoco.com.br\/inicio\/category\/bahia\/","nextItem":{"@type":"ListItem","@id":"https:\/\/newsinfoco.com.br\/inicio\/festival-apresenta-propostas-em-afrofuturismo\/#listItem","name":"Festival apresenta propostas em afrofuturismo"},"previousItem":{"@type":"ListItem","@id":"https:\/\/newsinfoco.com.br\/inicio#listItem","name":"In\u00edcio"}},{"@type":"ListItem","@id":"https:\/\/newsinfoco.com.br\/inicio\/festival-apresenta-propostas-em-afrofuturismo\/#listItem","position":3,"name":"Festival apresenta propostas em afrofuturismo","previousItem":{"@type":"ListItem","@id":"https:\/\/newsinfoco.com.br\/inicio\/category\/bahia\/#listItem","name":"Bahia"}}]},{"@type":"Organization","@id":"https:\/\/newsinfoco.com.br\/inicio\/#organization","name":"News In Foco - Editado por Caio Pimenta","description":"O principal site de noticias de Alagoinhas e regi\u00e3o","url":"https:\/\/newsinfoco.com.br\/inicio\/"},{"@type":"Person","@id":"https:\/\/newsinfoco.com.br\/inicio\/author\/administrador\/#author","url":"https:\/\/newsinfoco.com.br\/inicio\/author\/administrador\/","name":"administrador","image":{"@type":"ImageObject","@id":"https:\/\/newsinfoco.com.br\/inicio\/festival-apresenta-propostas-em-afrofuturismo\/#authorImage","url":"https:\/\/secure.gravatar.com\/avatar\/c17a617433de8c1dc9584bb79aab7563b46f5bb7e1728c9b17d9cc3ce6a08e49?s=96&d=mm&r=g","width":96,"height":96,"caption":"administrador"}},{"@type":"WebPage","@id":"https:\/\/newsinfoco.com.br\/inicio\/festival-apresenta-propostas-em-afrofuturismo\/#webpage","url":"https:\/\/newsinfoco.com.br\/inicio\/festival-apresenta-propostas-em-afrofuturismo\/","name":"Festival apresenta propostas em afrofuturismo - News In Foco - Editado por Caio Pimenta","description":"O Centro Hist\u00f3rico de Salvador, mais especificamente o Pelourinho, recebe a 6\u00aa edi\u00e7\u00e3o do Festival Afrofuturismo a partir desta sexta-feira (29). O evento \u00e9 consolidado como um dos principais eventos de diversidade, tecnologia e inova\u00e7\u00e3o da Am\u00e9rica Latina. As festividades no Pelourinho possuem programa\u00e7\u00e3o at\u00e9 o pr\u00f3ximo s\u00e1bado (29). Com o tema \u201cAdinkras \u2013 O","inLanguage":"pt-BR","isPartOf":{"@id":"https:\/\/newsinfoco.com.br\/inicio\/#website"},"breadcrumb":{"@id":"https:\/\/newsinfoco.com.br\/inicio\/festival-apresenta-propostas-em-afrofuturismo\/#breadcrumblist"},"author":{"@id":"https:\/\/newsinfoco.com.br\/inicio\/author\/administrador\/#author"},"creator":{"@id":"https:\/\/newsinfoco.com.br\/inicio\/author\/administrador\/#author"},"image":{"@type":"ImageObject","url":"https:\/\/newsinfoco.com.br\/inicio\/wp-content\/uploads\/2024\/11\/IMAGEM_NOTICIA_9-16.webp","@id":"https:\/\/newsinfoco.com.br\/inicio\/festival-apresenta-propostas-em-afrofuturismo\/#mainImage","width":1200,"height":630},"primaryImageOfPage":{"@id":"https:\/\/newsinfoco.com.br\/inicio\/festival-apresenta-propostas-em-afrofuturismo\/#mainImage"},"datePublished":"2024-11-30T14:32:57-03:00","dateModified":"2024-11-30T14:32:57-03:00"},{"@type":"WebSite","@id":"https:\/\/newsinfoco.com.br\/inicio\/#website","url":"https:\/\/newsinfoco.com.br\/inicio\/","name":"News In Foco - Editado por Caio Pimenta","description":"O principal site de noticias de Alagoinhas e regi\u00e3o","inLanguage":"pt-BR","publisher":{"@id":"https:\/\/newsinfoco.com.br\/inicio\/#organization"}}]},"og:locale":"pt_BR","og:site_name":"News In Foco - Editado por Caio Pimenta - O principal site de noticias de Alagoinhas e regi\u00e3o","og:type":"article","og:title":"Festival apresenta propostas em afrofuturismo - News In Foco - Editado por Caio Pimenta","og:description":"O Centro Hist\u00f3rico de Salvador, mais especificamente o Pelourinho, recebe a 6\u00aa edi\u00e7\u00e3o do Festival Afrofuturismo a partir desta sexta-feira (29). O evento \u00e9 consolidado como um dos principais eventos de diversidade, tecnologia e inova\u00e7\u00e3o da Am\u00e9rica Latina. As festividades no Pelourinho possuem programa\u00e7\u00e3o at\u00e9 o pr\u00f3ximo s\u00e1bado (29). Com o tema \u201cAdinkras \u2013 O","og:url":"https:\/\/newsinfoco.com.br\/inicio\/festival-apresenta-propostas-em-afrofuturismo\/","article:published_time":"2024-11-30T17:32:57+00:00","article:modified_time":"2024-11-30T17:32:57+00:00","twitter:card":"summary_large_image","twitter:title":"Festival apresenta propostas em afrofuturismo - News In Foco - Editado por Caio Pimenta","twitter:description":"O Centro Hist\u00f3rico de Salvador, mais especificamente o Pelourinho, recebe a 6\u00aa edi\u00e7\u00e3o do Festival Afrofuturismo a partir desta sexta-feira (29). O evento \u00e9 consolidado como um dos principais eventos de diversidade, tecnologia e inova\u00e7\u00e3o da Am\u00e9rica Latina. As festividades no Pelourinho possuem programa\u00e7\u00e3o at\u00e9 o pr\u00f3ximo s\u00e1bado (29). Com o tema \u201cAdinkras \u2013 O"},"aioseo_meta_data":{"post_id":"37131","title":null,"description":null,"keywords":null,"keyphrases":{"focus":{"keyphrase":"","score":0,"analysis":{"keyphraseInTitle":{"score":0,"maxScore":9,"error":1}}},"additional":[]},"primary_term":null,"canonical_url":null,"og_title":null,"og_description":null,"og_object_type":"default","og_image_type":"default","og_image_url":null,"og_image_width":null,"og_image_height":null,"og_image_custom_url":null,"og_image_custom_fields":null,"og_video":"","og_custom_url":null,"og_article_section":null,"og_article_tags":null,"twitter_use_og":false,"twitter_card":"default","twitter_image_type":"default","twitter_image_url":null,"twitter_image_custom_url":null,"twitter_image_custom_fields":null,"twitter_title":null,"twitter_description":null,"schema":{"blockGraphs":[],"customGraphs":[],"default":{"data":{"Article":[],"Course":[],"Dataset":[],"FAQPage":[],"Movie":[],"Person":[],"Product":[],"ProductReview":[],"Car":[],"Recipe":[],"Service":[],"SoftwareApplication":[],"WebPage":[]},"graphName":"BlogPosting","isEnabled":true},"graphs":[]},"schema_type":"default","schema_type_options":null,"pillar_content":false,"robots_default":true,"robots_noindex":false,"robots_noarchive":false,"robots_nosnippet":false,"robots_nofollow":false,"robots_noimageindex":false,"robots_noodp":false,"robots_notranslate":false,"robots_max_snippet":"-1","robots_max_videopreview":"-1","robots_max_imagepreview":"large","priority":null,"frequency":"default","local_seo":null,"breadcrumb_settings":null,"limit_modified_date":false,"ai":null,"created":"2024-11-30 17:32:57","updated":"2025-07-11 11:11:49","seo_analyzer_scan_date":null},"aioseo_breadcrumb":"<div class=\"aioseo-breadcrumbs\"><span class=\"aioseo-breadcrumb\">\n\t\t\t<a href=\"https:\/\/newsinfoco.com.br\/inicio\" title=\"In\u00edcio\">In\u00edcio<\/a>\n\t\t<\/span><span class=\"aioseo-breadcrumb-separator\">&raquo;<\/span><span class=\"aioseo-breadcrumb\">\n\t\t\t<a href=\"https:\/\/newsinfoco.com.br\/inicio\/category\/bahia\/\" title=\"Bahia\">Bahia<\/a>\n\t\t<\/span><span class=\"aioseo-breadcrumb-separator\">&raquo;<\/span><span class=\"aioseo-breadcrumb\">\n\t\t\tFestival apresenta propostas em afrofuturismo\n\t\t<\/span><\/div>","aioseo_breadcrumb_json":[{"label":"In\u00edcio","link":"https:\/\/newsinfoco.com.br\/inicio"},{"label":"Bahia","link":"https:\/\/newsinfoco.com.br\/inicio\/category\/bahia\/"},{"label":"Festival apresenta propostas em afrofuturismo","link":"https:\/\/newsinfoco.com.br\/inicio\/festival-apresenta-propostas-em-afrofuturismo\/"}],"_links":{"self":[{"href":"https:\/\/newsinfoco.com.br\/inicio\/wp-json\/wp\/v2\/posts\/37131","targetHints":{"allow":["GET"]}}],"collection":[{"href":"https:\/\/newsinfoco.com.br\/inicio\/wp-json\/wp\/v2\/posts"}],"about":[{"href":"https:\/\/newsinfoco.com.br\/inicio\/wp-json\/wp\/v2\/types\/post"}],"author":[{"embeddable":true,"href":"https:\/\/newsinfoco.com.br\/inicio\/wp-json\/wp\/v2\/users\/1"}],"replies":[{"embeddable":true,"href":"https:\/\/newsinfoco.com.br\/inicio\/wp-json\/wp\/v2\/comments?post=37131"}],"version-history":[{"count":1,"href":"https:\/\/newsinfoco.com.br\/inicio\/wp-json\/wp\/v2\/posts\/37131\/revisions"}],"predecessor-version":[{"id":37133,"href":"https:\/\/newsinfoco.com.br\/inicio\/wp-json\/wp\/v2\/posts\/37131\/revisions\/37133"}],"wp:featuredmedia":[{"embeddable":true,"href":"https:\/\/newsinfoco.com.br\/inicio\/wp-json\/wp\/v2\/media\/37132"}],"wp:attachment":[{"href":"https:\/\/newsinfoco.com.br\/inicio\/wp-json\/wp\/v2\/media?parent=37131"}],"wp:term":[{"taxonomy":"category","embeddable":true,"href":"https:\/\/newsinfoco.com.br\/inicio\/wp-json\/wp\/v2\/categories?post=37131"},{"taxonomy":"post_tag","embeddable":true,"href":"https:\/\/newsinfoco.com.br\/inicio\/wp-json\/wp\/v2\/tags?post=37131"}],"curies":[{"name":"wp","href":"https:\/\/api.w.org\/{rel}","templated":true}]}}