{"id":37134,"date":"2024-11-30T15:00:09","date_gmt":"2024-11-30T18:00:09","guid":{"rendered":"https:\/\/newsinfoco.com.br\/inicio\/?p=37134"},"modified":"2024-11-30T15:00:09","modified_gmt":"2024-11-30T18:00:09","slug":"pec-que-extingue-a-escala-6x1-e-um-fankstein-diz-juiza","status":"publish","type":"post","link":"https:\/\/newsinfoco.com.br\/inicio\/pec-que-extingue-a-escala-6x1-e-um-fankstein-diz-juiza\/","title":{"rendered":"PEC que extingue a escala 6X1 \u00e9 um &#8220;Fankstein&#8221;, diz ju\u00edza"},"content":{"rendered":"<p>A ju\u00edza do Trabalho (TRT-5), Thais Mendon\u00e7a Aleluia, e a vice-presidente da OAB-BA, Christianne Gurgel, foram as convidadas desta quinta-feira (28) do JusPod, o podcast jur\u00eddico do Bahia Not\u00edcias. A Escala 6&#215;1 e direitos trabalhistas foram os assuntos debatidos com os apresentadores Karina Calixto e Matheus Biset.<\/p>\n<p>Durante a conversa, Thais Mendon\u00e7a avaliou que a Proposta de Emenda \u00e0 Constitui\u00e7\u00e3o (PEC), que prev\u00ea a redu\u00e7\u00e3o da jornada de trabalho, n\u00e3o tem como ser aprovada no seu atual escopo. Segundo a ju\u00edza, a proposi\u00e7\u00e3o se assemelha a um &#8220;Frankstein&#8221; do ponto de vista jur\u00eddico.<\/p>\n<p>&#8220;A PEC est\u00e1 tentando reformar um artigo que j\u00e1 existe em um Frankstein, colocando na Constitui\u00e7\u00e3o, e esse artigo n\u00e3o cabe onde est\u00e1 entrando. Ele [trabalhador] vai trabalhar 4 dias e vai ter 3 dias de descanso. Dois incisos depois o empregado s\u00f3 tem garantido um repouso semanal remunerado, ent\u00e3o os tr\u00eas dias ser\u00e3o como?&#8221;, questionou Mendon\u00e7a.<\/p>\n<p>Ela tamb\u00e9m pontuou que todo o sistema de jornada trabalhista precisaria ser revisto, j\u00e1 que a reforma do inciso impacta pontos importantes como regime de f\u00e9rias e emprego dom\u00e9stico.<\/p>\n<p>&#8220;A gente tem uma lei para falar de repouso semanal remunerado, essa lei vai ser revogada? A gente vai se pautar em qu\u00ea? Esse inciso gera consequ\u00eancias jur\u00eddicas enormes, n\u00e3o poderia reformar apenas o inciso e sim o sistema&#8221;, disse.<\/p>\n<p>&#8220;Eu vou mexer em todo o sistema com um inciso. A minha sensa\u00e7\u00e3o foi: algu\u00e9m quis gritar que isso precisa ser analisado, discutido e estudado, e gritou de uma maneira que n\u00e3o tem como passar como est\u00e1. Se passar, \u00e9 melhor entregar para o STF&#8221;, finalizou a magistrada.<\/p>\n<p>O JusPod vai ao ar quinzenalmente, \u00e0s quintas-feiras, a partir de 19h, no canal do Youtube do Bahia Not\u00edcias.<\/p>\n<p>Bahia Not\u00edcias<\/p>\n<div class='share-to-whatsapp-wrapper'><div class='share-on-whsp'>Share on: <\/div><a data-text='PEC que extingue a escala 6X1 \u00e9 um \"Fankstein\", diz ju\u00edza' data-link='https:\/\/newsinfoco.com.br\/inicio\/pec-que-extingue-a-escala-6x1-e-um-fankstein-diz-juiza\/' class='whatsapp-button whatsapp-share'>WhatsApp<\/a><div class='clear '><\/div><\/div>","protected":false},"excerpt":{"rendered":"<p>A ju\u00edza do Trabalho (TRT-5), Thais Mendon\u00e7a Aleluia, e a vice-presidente da OAB-BA, Christianne Gurgel, foram as convidadas desta quinta-feira (28) do JusPod, o podcast jur\u00eddico do Bahia Not\u00edcias. A Escala 6&#215;1 e direitos trabalhistas foram os assuntos debatidos com os apresentadores Karina Calixto e Matheus Biset. Durante a conversa, Thais Mendon\u00e7a avaliou que a [&hellip;]<\/p>\n","protected":false},"author":1,"featured_media":37136,"comment_status":"closed","ping_status":"closed","sticky":false,"template":"","format":"standard","meta":{"om_disable_all_campaigns":false,"rop_custom_images_group":[],"rop_custom_messages_group":[],"rop_publish_now":"initial","rop_publish_now_accounts":[],"rop_publish_now_history":[],"rop_publish_now_status":"pending","_exactmetrics_skip_tracking":false,"footnotes":""},"categories":[21],"tags":[],"class_list":["post-37134","post","type-post","status-publish","format-standard","has-post-thumbnail","hentry","category-brasil"],"aioseo_notices":[],"aioseo_head":"\n\t\t<!-- All in One SEO 4.9.10 - aioseo.com -->\n\t<meta name=\"description\" content=\"A ju\u00edza do Trabalho (TRT-5), Thais Mendon\u00e7a Aleluia, e a vice-presidente da OAB-BA, Christianne Gurgel, foram as convidadas desta quinta-feira (28) do JusPod, o podcast jur\u00eddico do Bahia Not\u00edcias. A Escala 6x1 e direitos trabalhistas foram os assuntos debatidos com os apresentadores Karina Calixto e Matheus Biset. Durante a conversa, Thais Mendon\u00e7a avaliou que a\" \/>\n\t<meta name=\"robots\" content=\"max-image-preview:large\" \/>\n\t<meta name=\"author\" content=\"administrador\"\/>\n\t<link rel=\"canonical\" href=\"https:\/\/newsinfoco.com.br\/inicio\/pec-que-extingue-a-escala-6x1-e-um-fankstein-diz-juiza\/\" \/>\n\t<meta name=\"generator\" content=\"All in One SEO (AIOSEO) 4.9.10\" \/>\n\t\t<meta property=\"og:locale\" content=\"pt_BR\" \/>\n\t\t<meta property=\"og:site_name\" content=\"News In Foco - Editado por Caio Pimenta - O principal site de noticias de Alagoinhas e regi\u00e3o\" \/>\n\t\t<meta property=\"og:type\" content=\"article\" \/>\n\t\t<meta property=\"og:title\" content=\"PEC que extingue a escala 6X1 \u00e9 um \u201cFankstein\u201d, diz ju\u00edza - News In Foco - Editado por Caio Pimenta\" \/>\n\t\t<meta property=\"og:description\" content=\"A ju\u00edza do Trabalho (TRT-5), Thais Mendon\u00e7a Aleluia, e a vice-presidente da OAB-BA, Christianne Gurgel, foram as convidadas desta quinta-feira (28) do JusPod, o podcast jur\u00eddico do Bahia Not\u00edcias. A Escala 6x1 e direitos trabalhistas foram os assuntos debatidos com os apresentadores Karina Calixto e Matheus Biset. Durante a conversa, Thais Mendon\u00e7a avaliou que a\" \/>\n\t\t<meta property=\"og:url\" content=\"https:\/\/newsinfoco.com.br\/inicio\/pec-que-extingue-a-escala-6x1-e-um-fankstein-diz-juiza\/\" \/>\n\t\t<meta property=\"article:published_time\" content=\"2024-11-30T18:00:09+00:00\" \/>\n\t\t<meta property=\"article:modified_time\" content=\"2024-11-30T18:00:09+00:00\" \/>\n\t\t<meta name=\"twitter:card\" content=\"summary_large_image\" \/>\n\t\t<meta name=\"twitter:title\" content=\"PEC que extingue a escala 6X1 \u00e9 um \u201cFankstein\u201d, diz ju\u00edza - News In Foco - Editado por Caio Pimenta\" \/>\n\t\t<meta name=\"twitter:description\" content=\"A ju\u00edza do Trabalho (TRT-5), Thais Mendon\u00e7a Aleluia, e a vice-presidente da OAB-BA, Christianne Gurgel, foram as convidadas desta quinta-feira (28) do JusPod, o podcast jur\u00eddico do Bahia Not\u00edcias. A Escala 6x1 e direitos trabalhistas foram os assuntos debatidos com os apresentadores Karina Calixto e Matheus Biset. Durante a conversa, Thais Mendon\u00e7a avaliou que a\" \/>\n\t\t<script type=\"application\/ld+json\" class=\"aioseo-schema\">\n\t\t\t{\"@context\":\"https:\\\/\\\/schema.org\",\"@graph\":[{\"@type\":\"BlogPosting\",\"@id\":\"https:\\\/\\\/newsinfoco.com.br\\\/inicio\\\/pec-que-extingue-a-escala-6x1-e-um-fankstein-diz-juiza\\\/#blogposting\",\"name\":\"PEC que extingue a escala 6X1 \\u00e9 um \\u201cFankstein\\u201d, diz ju\\u00edza - News In Foco - Editado por Caio Pimenta\",\"headline\":\"PEC que extingue a escala 6X1 \\u00e9 um &#8220;Fankstein&#8221;, diz ju\\u00edza\",\"author\":{\"@id\":\"https:\\\/\\\/newsinfoco.com.br\\\/inicio\\\/author\\\/administrador\\\/#author\"},\"publisher\":{\"@id\":\"https:\\\/\\\/newsinfoco.com.br\\\/inicio\\\/#organization\"},\"image\":{\"@type\":\"ImageObject\",\"url\":\"https:\\\/\\\/newsinfoco.com.br\\\/inicio\\\/wp-content\\\/uploads\\\/2024\\\/11\\\/IMAGEM_COLUNA_9-1.webp\",\"width\":1200,\"height\":630},\"datePublished\":\"2024-11-30T15:00:09-03:00\",\"dateModified\":\"2024-11-30T15:00:09-03:00\",\"inLanguage\":\"pt-BR\",\"mainEntityOfPage\":{\"@id\":\"https:\\\/\\\/newsinfoco.com.br\\\/inicio\\\/pec-que-extingue-a-escala-6x1-e-um-fankstein-diz-juiza\\\/#webpage\"},\"isPartOf\":{\"@id\":\"https:\\\/\\\/newsinfoco.com.br\\\/inicio\\\/pec-que-extingue-a-escala-6x1-e-um-fankstein-diz-juiza\\\/#webpage\"},\"articleSection\":\"Brasil\"},{\"@type\":\"BreadcrumbList\",\"@id\":\"https:\\\/\\\/newsinfoco.com.br\\\/inicio\\\/pec-que-extingue-a-escala-6x1-e-um-fankstein-diz-juiza\\\/#breadcrumblist\",\"itemListElement\":[{\"@type\":\"ListItem\",\"@id\":\"https:\\\/\\\/newsinfoco.com.br\\\/inicio#listItem\",\"position\":1,\"name\":\"In\\u00edcio\",\"item\":\"https:\\\/\\\/newsinfoco.com.br\\\/inicio\",\"nextItem\":{\"@type\":\"ListItem\",\"@id\":\"https:\\\/\\\/newsinfoco.com.br\\\/inicio\\\/category\\\/brasil\\\/#listItem\",\"name\":\"Brasil\"}},{\"@type\":\"ListItem\",\"@id\":\"https:\\\/\\\/newsinfoco.com.br\\\/inicio\\\/category\\\/brasil\\\/#listItem\",\"position\":2,\"name\":\"Brasil\",\"item\":\"https:\\\/\\\/newsinfoco.com.br\\\/inicio\\\/category\\\/brasil\\\/\",\"nextItem\":{\"@type\":\"ListItem\",\"@id\":\"https:\\\/\\\/newsinfoco.com.br\\\/inicio\\\/pec-que-extingue-a-escala-6x1-e-um-fankstein-diz-juiza\\\/#listItem\",\"name\":\"PEC que extingue a escala 6X1 \\u00e9 um &#8220;Fankstein&#8221;, diz ju\\u00edza\"},\"previousItem\":{\"@type\":\"ListItem\",\"@id\":\"https:\\\/\\\/newsinfoco.com.br\\\/inicio#listItem\",\"name\":\"In\\u00edcio\"}},{\"@type\":\"ListItem\",\"@id\":\"https:\\\/\\\/newsinfoco.com.br\\\/inicio\\\/pec-que-extingue-a-escala-6x1-e-um-fankstein-diz-juiza\\\/#listItem\",\"position\":3,\"name\":\"PEC que extingue a escala 6X1 \\u00e9 um &#8220;Fankstein&#8221;, diz ju\\u00edza\",\"previousItem\":{\"@type\":\"ListItem\",\"@id\":\"https:\\\/\\\/newsinfoco.com.br\\\/inicio\\\/category\\\/brasil\\\/#listItem\",\"name\":\"Brasil\"}}]},{\"@type\":\"Organization\",\"@id\":\"https:\\\/\\\/newsinfoco.com.br\\\/inicio\\\/#organization\",\"name\":\"News In Foco - Editado por Caio Pimenta\",\"description\":\"O principal site de noticias de Alagoinhas e regi\\u00e3o\",\"url\":\"https:\\\/\\\/newsinfoco.com.br\\\/inicio\\\/\"},{\"@type\":\"Person\",\"@id\":\"https:\\\/\\\/newsinfoco.com.br\\\/inicio\\\/author\\\/administrador\\\/#author\",\"url\":\"https:\\\/\\\/newsinfoco.com.br\\\/inicio\\\/author\\\/administrador\\\/\",\"name\":\"administrador\",\"image\":{\"@type\":\"ImageObject\",\"@id\":\"https:\\\/\\\/newsinfoco.com.br\\\/inicio\\\/pec-que-extingue-a-escala-6x1-e-um-fankstein-diz-juiza\\\/#authorImage\",\"url\":\"https:\\\/\\\/secure.gravatar.com\\\/avatar\\\/c17a617433de8c1dc9584bb79aab7563b46f5bb7e1728c9b17d9cc3ce6a08e49?s=96&d=mm&r=g\",\"width\":96,\"height\":96,\"caption\":\"administrador\"}},{\"@type\":\"WebPage\",\"@id\":\"https:\\\/\\\/newsinfoco.com.br\\\/inicio\\\/pec-que-extingue-a-escala-6x1-e-um-fankstein-diz-juiza\\\/#webpage\",\"url\":\"https:\\\/\\\/newsinfoco.com.br\\\/inicio\\\/pec-que-extingue-a-escala-6x1-e-um-fankstein-diz-juiza\\\/\",\"name\":\"PEC que extingue a escala 6X1 \\u00e9 um \\u201cFankstein\\u201d, diz ju\\u00edza - News In Foco - Editado por Caio Pimenta\",\"description\":\"A ju\\u00edza do Trabalho (TRT-5), Thais Mendon\\u00e7a Aleluia, e a vice-presidente da OAB-BA, Christianne Gurgel, foram as convidadas desta quinta-feira (28) do JusPod, o podcast jur\\u00eddico do Bahia Not\\u00edcias. A Escala 6x1 e direitos trabalhistas foram os assuntos debatidos com os apresentadores Karina Calixto e Matheus Biset. Durante a conversa, Thais Mendon\\u00e7a avaliou que a\",\"inLanguage\":\"pt-BR\",\"isPartOf\":{\"@id\":\"https:\\\/\\\/newsinfoco.com.br\\\/inicio\\\/#website\"},\"breadcrumb\":{\"@id\":\"https:\\\/\\\/newsinfoco.com.br\\\/inicio\\\/pec-que-extingue-a-escala-6x1-e-um-fankstein-diz-juiza\\\/#breadcrumblist\"},\"author\":{\"@id\":\"https:\\\/\\\/newsinfoco.com.br\\\/inicio\\\/author\\\/administrador\\\/#author\"},\"creator\":{\"@id\":\"https:\\\/\\\/newsinfoco.com.br\\\/inicio\\\/author\\\/administrador\\\/#author\"},\"image\":{\"@type\":\"ImageObject\",\"url\":\"https:\\\/\\\/newsinfoco.com.br\\\/inicio\\\/wp-content\\\/uploads\\\/2024\\\/11\\\/IMAGEM_COLUNA_9-1.webp\",\"@id\":\"https:\\\/\\\/newsinfoco.com.br\\\/inicio\\\/pec-que-extingue-a-escala-6x1-e-um-fankstein-diz-juiza\\\/#mainImage\",\"width\":1200,\"height\":630},\"primaryImageOfPage\":{\"@id\":\"https:\\\/\\\/newsinfoco.com.br\\\/inicio\\\/pec-que-extingue-a-escala-6x1-e-um-fankstein-diz-juiza\\\/#mainImage\"},\"datePublished\":\"2024-11-30T15:00:09-03:00\",\"dateModified\":\"2024-11-30T15:00:09-03:00\"},{\"@type\":\"WebSite\",\"@id\":\"https:\\\/\\\/newsinfoco.com.br\\\/inicio\\\/#website\",\"url\":\"https:\\\/\\\/newsinfoco.com.br\\\/inicio\\\/\",\"name\":\"News In Foco - Editado por Caio Pimenta\",\"description\":\"O principal site de noticias de Alagoinhas e regi\\u00e3o\",\"inLanguage\":\"pt-BR\",\"publisher\":{\"@id\":\"https:\\\/\\\/newsinfoco.com.br\\\/inicio\\\/#organization\"}}]}\n\t\t<\/script>\n\t\t<!-- All in One SEO -->\n\n","aioseo_head_json":{"title":"PEC que extingue a escala 6X1 \u00e9 um \u201cFankstein\u201d, diz ju\u00edza - News In Foco - Editado por Caio Pimenta","description":"A ju\u00edza do Trabalho (TRT-5), Thais Mendon\u00e7a Aleluia, e a vice-presidente da OAB-BA, Christianne Gurgel, foram as convidadas desta quinta-feira (28) do JusPod, o podcast jur\u00eddico do Bahia Not\u00edcias. A Escala 6x1 e direitos trabalhistas foram os assuntos debatidos com os apresentadores Karina Calixto e Matheus Biset. Durante a conversa, Thais Mendon\u00e7a avaliou que a","canonical_url":"https:\/\/newsinfoco.com.br\/inicio\/pec-que-extingue-a-escala-6x1-e-um-fankstein-diz-juiza\/","robots":"max-image-preview:large","keywords":"","webmasterTools":{"miscellaneous":""},"schema":{"@context":"https:\/\/schema.org","@graph":[{"@type":"BlogPosting","@id":"https:\/\/newsinfoco.com.br\/inicio\/pec-que-extingue-a-escala-6x1-e-um-fankstein-diz-juiza\/#blogposting","name":"PEC que extingue a escala 6X1 \u00e9 um \u201cFankstein\u201d, diz ju\u00edza - News In Foco - Editado por Caio Pimenta","headline":"PEC que extingue a escala 6X1 \u00e9 um &#8220;Fankstein&#8221;, diz ju\u00edza","author":{"@id":"https:\/\/newsinfoco.com.br\/inicio\/author\/administrador\/#author"},"publisher":{"@id":"https:\/\/newsinfoco.com.br\/inicio\/#organization"},"image":{"@type":"ImageObject","url":"https:\/\/newsinfoco.com.br\/inicio\/wp-content\/uploads\/2024\/11\/IMAGEM_COLUNA_9-1.webp","width":1200,"height":630},"datePublished":"2024-11-30T15:00:09-03:00","dateModified":"2024-11-30T15:00:09-03:00","inLanguage":"pt-BR","mainEntityOfPage":{"@id":"https:\/\/newsinfoco.com.br\/inicio\/pec-que-extingue-a-escala-6x1-e-um-fankstein-diz-juiza\/#webpage"},"isPartOf":{"@id":"https:\/\/newsinfoco.com.br\/inicio\/pec-que-extingue-a-escala-6x1-e-um-fankstein-diz-juiza\/#webpage"},"articleSection":"Brasil"},{"@type":"BreadcrumbList","@id":"https:\/\/newsinfoco.com.br\/inicio\/pec-que-extingue-a-escala-6x1-e-um-fankstein-diz-juiza\/#breadcrumblist","itemListElement":[{"@type":"ListItem","@id":"https:\/\/newsinfoco.com.br\/inicio#listItem","position":1,"name":"In\u00edcio","item":"https:\/\/newsinfoco.com.br\/inicio","nextItem":{"@type":"ListItem","@id":"https:\/\/newsinfoco.com.br\/inicio\/category\/brasil\/#listItem","name":"Brasil"}},{"@type":"ListItem","@id":"https:\/\/newsinfoco.com.br\/inicio\/category\/brasil\/#listItem","position":2,"name":"Brasil","item":"https:\/\/newsinfoco.com.br\/inicio\/category\/brasil\/","nextItem":{"@type":"ListItem","@id":"https:\/\/newsinfoco.com.br\/inicio\/pec-que-extingue-a-escala-6x1-e-um-fankstein-diz-juiza\/#listItem","name":"PEC que extingue a escala 6X1 \u00e9 um &#8220;Fankstein&#8221;, diz ju\u00edza"},"previousItem":{"@type":"ListItem","@id":"https:\/\/newsinfoco.com.br\/inicio#listItem","name":"In\u00edcio"}},{"@type":"ListItem","@id":"https:\/\/newsinfoco.com.br\/inicio\/pec-que-extingue-a-escala-6x1-e-um-fankstein-diz-juiza\/#listItem","position":3,"name":"PEC que extingue a escala 6X1 \u00e9 um &#8220;Fankstein&#8221;, diz ju\u00edza","previousItem":{"@type":"ListItem","@id":"https:\/\/newsinfoco.com.br\/inicio\/category\/brasil\/#listItem","name":"Brasil"}}]},{"@type":"Organization","@id":"https:\/\/newsinfoco.com.br\/inicio\/#organization","name":"News In Foco - Editado por Caio Pimenta","description":"O principal site de noticias de Alagoinhas e regi\u00e3o","url":"https:\/\/newsinfoco.com.br\/inicio\/"},{"@type":"Person","@id":"https:\/\/newsinfoco.com.br\/inicio\/author\/administrador\/#author","url":"https:\/\/newsinfoco.com.br\/inicio\/author\/administrador\/","name":"administrador","image":{"@type":"ImageObject","@id":"https:\/\/newsinfoco.com.br\/inicio\/pec-que-extingue-a-escala-6x1-e-um-fankstein-diz-juiza\/#authorImage","url":"https:\/\/secure.gravatar.com\/avatar\/c17a617433de8c1dc9584bb79aab7563b46f5bb7e1728c9b17d9cc3ce6a08e49?s=96&d=mm&r=g","width":96,"height":96,"caption":"administrador"}},{"@type":"WebPage","@id":"https:\/\/newsinfoco.com.br\/inicio\/pec-que-extingue-a-escala-6x1-e-um-fankstein-diz-juiza\/#webpage","url":"https:\/\/newsinfoco.com.br\/inicio\/pec-que-extingue-a-escala-6x1-e-um-fankstein-diz-juiza\/","name":"PEC que extingue a escala 6X1 \u00e9 um \u201cFankstein\u201d, diz ju\u00edza - News In Foco - Editado por Caio Pimenta","description":"A ju\u00edza do Trabalho (TRT-5), Thais Mendon\u00e7a Aleluia, e a vice-presidente da OAB-BA, Christianne Gurgel, foram as convidadas desta quinta-feira (28) do JusPod, o podcast jur\u00eddico do Bahia Not\u00edcias. A Escala 6x1 e direitos trabalhistas foram os assuntos debatidos com os apresentadores Karina Calixto e Matheus Biset. Durante a conversa, Thais Mendon\u00e7a avaliou que a","inLanguage":"pt-BR","isPartOf":{"@id":"https:\/\/newsinfoco.com.br\/inicio\/#website"},"breadcrumb":{"@id":"https:\/\/newsinfoco.com.br\/inicio\/pec-que-extingue-a-escala-6x1-e-um-fankstein-diz-juiza\/#breadcrumblist"},"author":{"@id":"https:\/\/newsinfoco.com.br\/inicio\/author\/administrador\/#author"},"creator":{"@id":"https:\/\/newsinfoco.com.br\/inicio\/author\/administrador\/#author"},"image":{"@type":"ImageObject","url":"https:\/\/newsinfoco.com.br\/inicio\/wp-content\/uploads\/2024\/11\/IMAGEM_COLUNA_9-1.webp","@id":"https:\/\/newsinfoco.com.br\/inicio\/pec-que-extingue-a-escala-6x1-e-um-fankstein-diz-juiza\/#mainImage","width":1200,"height":630},"primaryImageOfPage":{"@id":"https:\/\/newsinfoco.com.br\/inicio\/pec-que-extingue-a-escala-6x1-e-um-fankstein-diz-juiza\/#mainImage"},"datePublished":"2024-11-30T15:00:09-03:00","dateModified":"2024-11-30T15:00:09-03:00"},{"@type":"WebSite","@id":"https:\/\/newsinfoco.com.br\/inicio\/#website","url":"https:\/\/newsinfoco.com.br\/inicio\/","name":"News In Foco - Editado por Caio Pimenta","description":"O principal site de noticias de Alagoinhas e regi\u00e3o","inLanguage":"pt-BR","publisher":{"@id":"https:\/\/newsinfoco.com.br\/inicio\/#organization"}}]},"og:locale":"pt_BR","og:site_name":"News In Foco - Editado por Caio Pimenta - O principal site de noticias de Alagoinhas e regi\u00e3o","og:type":"article","og:title":"PEC que extingue a escala 6X1 \u00e9 um \u201cFankstein\u201d, diz ju\u00edza - News In Foco - Editado por Caio Pimenta","og:description":"A ju\u00edza do Trabalho (TRT-5), Thais Mendon\u00e7a Aleluia, e a vice-presidente da OAB-BA, Christianne Gurgel, foram as convidadas desta quinta-feira (28) do JusPod, o podcast jur\u00eddico do Bahia Not\u00edcias. A Escala 6x1 e direitos trabalhistas foram os assuntos debatidos com os apresentadores Karina Calixto e Matheus Biset. Durante a conversa, Thais Mendon\u00e7a avaliou que a","og:url":"https:\/\/newsinfoco.com.br\/inicio\/pec-que-extingue-a-escala-6x1-e-um-fankstein-diz-juiza\/","article:published_time":"2024-11-30T18:00:09+00:00","article:modified_time":"2024-11-30T18:00:09+00:00","twitter:card":"summary_large_image","twitter:title":"PEC que extingue a escala 6X1 \u00e9 um \u201cFankstein\u201d, diz ju\u00edza - News In Foco - Editado por Caio Pimenta","twitter:description":"A ju\u00edza do Trabalho (TRT-5), Thais Mendon\u00e7a Aleluia, e a vice-presidente da OAB-BA, Christianne Gurgel, foram as convidadas desta quinta-feira (28) do JusPod, o podcast jur\u00eddico do Bahia Not\u00edcias. A Escala 6x1 e direitos trabalhistas foram os assuntos debatidos com os apresentadores Karina Calixto e Matheus Biset. Durante a conversa, Thais Mendon\u00e7a avaliou que a"},"aioseo_meta_data":{"post_id":"37134","title":null,"description":null,"keywords":null,"keyphrases":{"focus":{"keyphrase":"","score":0,"analysis":{"keyphraseInTitle":{"score":0,"maxScore":9,"error":1}}},"additional":[]},"primary_term":null,"canonical_url":null,"og_title":null,"og_description":null,"og_object_type":"default","og_image_type":"default","og_image_url":null,"og_image_width":null,"og_image_height":null,"og_image_custom_url":null,"og_image_custom_fields":null,"og_video":"","og_custom_url":null,"og_article_section":null,"og_article_tags":null,"twitter_use_og":false,"twitter_card":"default","twitter_image_type":"default","twitter_image_url":null,"twitter_image_custom_url":null,"twitter_image_custom_fields":null,"twitter_title":null,"twitter_description":null,"schema":{"blockGraphs":[],"customGraphs":[],"default":{"data":{"Article":[],"Course":[],"Dataset":[],"FAQPage":[],"Movie":[],"Person":[],"Product":[],"ProductReview":[],"Car":[],"Recipe":[],"Service":[],"SoftwareApplication":[],"WebPage":[]},"graphName":"BlogPosting","isEnabled":true},"graphs":[]},"schema_type":"default","schema_type_options":null,"pillar_content":false,"robots_default":true,"robots_noindex":false,"robots_noarchive":false,"robots_nosnippet":false,"robots_nofollow":false,"robots_noimageindex":false,"robots_noodp":false,"robots_notranslate":false,"robots_max_snippet":"-1","robots_max_videopreview":"-1","robots_max_imagepreview":"large","priority":null,"frequency":"default","local_seo":null,"breadcrumb_settings":null,"limit_modified_date":false,"ai":null,"created":"2024-11-30 18:00:09","updated":"2025-07-11 11:11:49","seo_analyzer_scan_date":null},"aioseo_breadcrumb":"<div class=\"aioseo-breadcrumbs\"><span class=\"aioseo-breadcrumb\">\n\t\t\t<a href=\"https:\/\/newsinfoco.com.br\/inicio\" title=\"In\u00edcio\">In\u00edcio<\/a>\n\t\t<\/span><span class=\"aioseo-breadcrumb-separator\">&raquo;<\/span><span class=\"aioseo-breadcrumb\">\n\t\t\t<a href=\"https:\/\/newsinfoco.com.br\/inicio\/category\/brasil\/\" title=\"Brasil\">Brasil<\/a>\n\t\t<\/span><span class=\"aioseo-breadcrumb-separator\">&raquo;<\/span><span class=\"aioseo-breadcrumb\">\n\t\t\tPEC que extingue a escala 6X1 \u00e9 um \u201cFankstein\u201d, diz ju\u00edza\n\t\t<\/span><\/div>","aioseo_breadcrumb_json":[{"label":"In\u00edcio","link":"https:\/\/newsinfoco.com.br\/inicio"},{"label":"Brasil","link":"https:\/\/newsinfoco.com.br\/inicio\/category\/brasil\/"},{"label":"PEC que extingue a escala 6X1 \u00e9 um &#8220;Fankstein&#8221;, diz ju\u00edza","link":"https:\/\/newsinfoco.com.br\/inicio\/pec-que-extingue-a-escala-6x1-e-um-fankstein-diz-juiza\/"}],"_links":{"self":[{"href":"https:\/\/newsinfoco.com.br\/inicio\/wp-json\/wp\/v2\/posts\/37134","targetHints":{"allow":["GET"]}}],"collection":[{"href":"https:\/\/newsinfoco.com.br\/inicio\/wp-json\/wp\/v2\/posts"}],"about":[{"href":"https:\/\/newsinfoco.com.br\/inicio\/wp-json\/wp\/v2\/types\/post"}],"author":[{"embeddable":true,"href":"https:\/\/newsinfoco.com.br\/inicio\/wp-json\/wp\/v2\/users\/1"}],"replies":[{"embeddable":true,"href":"https:\/\/newsinfoco.com.br\/inicio\/wp-json\/wp\/v2\/comments?post=37134"}],"version-history":[{"count":1,"href":"https:\/\/newsinfoco.com.br\/inicio\/wp-json\/wp\/v2\/posts\/37134\/revisions"}],"predecessor-version":[{"id":37137,"href":"https:\/\/newsinfoco.com.br\/inicio\/wp-json\/wp\/v2\/posts\/37134\/revisions\/37137"}],"wp:featuredmedia":[{"embeddable":true,"href":"https:\/\/newsinfoco.com.br\/inicio\/wp-json\/wp\/v2\/media\/37136"}],"wp:attachment":[{"href":"https:\/\/newsinfoco.com.br\/inicio\/wp-json\/wp\/v2\/media?parent=37134"}],"wp:term":[{"taxonomy":"category","embeddable":true,"href":"https:\/\/newsinfoco.com.br\/inicio\/wp-json\/wp\/v2\/categories?post=37134"},{"taxonomy":"post_tag","embeddable":true,"href":"https:\/\/newsinfoco.com.br\/inicio\/wp-json\/wp\/v2\/tags?post=37134"}],"curies":[{"name":"wp","href":"https:\/\/api.w.org\/{rel}","templated":true}]}}