{"id":37176,"date":"2024-12-03T19:09:58","date_gmt":"2024-12-03T22:09:58","guid":{"rendered":"https:\/\/newsinfoco.com.br\/inicio\/?p=37176"},"modified":"2024-12-03T19:14:03","modified_gmt":"2024-12-03T22:14:03","slug":"inflacao-de-novembro-sobre-os-alimentos-foi-a-maior-dos-ultimos-dois-anos","status":"publish","type":"post","link":"https:\/\/newsinfoco.com.br\/inicio\/inflacao-de-novembro-sobre-os-alimentos-foi-a-maior-dos-ultimos-dois-anos\/","title":{"rendered":"Infla\u00e7\u00e3o de novembro sobre os alimentos foi a maior dos \u00faltimos dois anos"},"content":{"rendered":"<p>A infla\u00e7\u00e3o dos alimentos subiu para 2,29% no m\u00eas passado, a maior taxa mensal desde abril de 2022, quando o \u00cdndice de Pre\u00e7os ao Consumidor da Fipe (Funda\u00e7\u00e3o Instituto de Pesquisas Econ\u00f4micas) indicava 3,38%.<\/p>\n<p>A moeda americana, negociada no patamar m\u00e9dio de R$ 5,81 em novembro, d\u00e1 maior competitividade aos produtos brasileiros no exterior, ajuda a aumentar as exporta\u00e7\u00f5es, mas traz os pre\u00e7os altos do mercado externo para o interno.<\/p>\n<p>V\u00e1rios fatores impulsionam a taxa de infla\u00e7\u00e3o. Entre eles, a eleva\u00e7\u00e3o dos pre\u00e7os pagos ao produtor, provocada pelas aceleradas exporta\u00e7\u00f5es, c\u00e2mbio elevado, safra menor e demandas externa e interna aquecidas.<\/p>\n<p>\u00c9 o que ocorrem com as carnes. As exporta\u00e7\u00f5es recordes dos meses recentes, em um per\u00edodo de recupera\u00e7\u00e3o de pre\u00e7os no mercado externo, for\u00e7aram a alta interna.<\/p>\n<p>No m\u00eas passado, o Brasil exportou carne su\u00edna com pre\u00e7o pre\u00e7o 77% superior ao de igual m\u00eas de 2023, segundo a Secex (Secretaria de Com\u00e9rcio Exterior). As carnes bovina e de frango, que vinham em queda de pre\u00e7o no mercado externo, subiram 6%.<\/p>\n<p>Internamente, a Fipe apurou uma eleva\u00e7\u00e3o de 10,5% nas carnes bovina e su\u00edna e de 5% na de frango, em novembro. No acumulado do ano, os aumentos para os consumidores superam 20% para as duas primeiras e 10% para a de frango.<\/p>\n<p>Todas essas prote\u00ednas est\u00e3o atingindo volumes recordes nas exporta\u00e7\u00f5es. Em novembro, as vendas m\u00e9dias de carne bovina por dia \u00fatil somaram 13 mil toneladas, 37% acima do volume de h\u00e1 um ano.<\/p>\n<p><strong>Su\u00ednos \u2013<\/strong>\u00a0Neste mesmo per\u00edodo, as exporta\u00e7\u00f5es de carne su\u00edna subiram 106%, em volume, e as de frango, 42%. O Brasil colocou uma m\u00e9dia di\u00e1ria de 25 mil toneladas de carne de frango \u201cin natura\u201d no mercado externo no m\u00eas passado, segundo a Secex.<\/p>\n<p>Demanda externa forte e manuten\u00e7\u00e3o das vendas internas elevaram os pre\u00e7os m\u00e9dios da arroba de boi gordo para R$ 339 no mercado paulista, o maior valor desde mar\u00e7o de 2022. O quilo de su\u00edno foi a R$ 9,9 no pre\u00e7o pago ao produtor, e o do frango, a R$ 7,9.<\/p>\n<p>Outra press\u00e3o forte no bolso do consumidor vem do caf\u00e9. O clima afetou a produ\u00e7\u00e3o do Vietn\u00e3, l\u00edder no caf\u00e9 tipo robusta, e a do Brasil, maior produtor de caf\u00e9 ar\u00e1bica.<\/p>\n<p>A demanda externa est\u00e1 forte, impulsionando os pre\u00e7os no campo. A saca de caf\u00e9 ar\u00e1bica atingiu o recorde de R$ 1.777, na m\u00e9dia do m\u00eas passado, o dobro da de novembro de 2023, segundo o Cepea (Centro de Estudos Avan\u00e7ados em Economia Aplicada).<\/p>\n<p><strong>Caf\u00e9 e soja-<\/strong>\u00a0O caf\u00e9 can\u00e9fora (robusta e conilon) segue o mesmo ritmo. Os pre\u00e7os m\u00e9dios do m\u00eas passado subiram para o recorde de R$ 1.573, com alta de 138%, em rela\u00e7\u00e3o aos de h\u00e1 um ano.<\/p>\n<p>Os pre\u00e7os externos do caf\u00e9 est\u00e3o 52% acima dos de h\u00e1 um ano, e isso ocorre em um per\u00edodo em que as exporta\u00e7\u00f5es brasileiras subiram 33% no per\u00edodo. Internamente, o caf\u00e9 em p\u00f3 esteve 5,7% mais caro nos supermercados no m\u00eas passado, acumulando reajuste de 32% no ano, conforme dados da Fipe.<\/p>\n<p>As exporta\u00e7\u00f5es de soja tamb\u00e9m est\u00e3o aquecidas, e as previs\u00f5es indicam 97 milh\u00f5es de toneladas at\u00e9 novembro. Exporta\u00e7\u00f5es do gr\u00e3o e maior demanda interna pelo \u00f3leo fizeram os pre\u00e7os deste derivado da soja subir 15% para o consumidor nos supermercados, apenas em novembro.<\/p>\n<p><strong>A\u00e7\u00facar \u2013<\/strong>\u00a0O Brasil ganha mercado externo tamb\u00e9m no a\u00e7\u00facar. As exporta\u00e7\u00f5es dos dois \u00faltimos anos v\u00eam crescendo, mas a press\u00e3o externa dos pre\u00e7os diminuiu neste ano.<\/p>\n<p>No m\u00eas passado, o pa\u00eds negociou o a\u00e7\u00facar com 10% de queda, em rela\u00e7\u00e3o a novembro do ano passado, segundo a Secex. J\u00e1 a Fipe indica manuten\u00e7\u00e3o dos pre\u00e7os internos, que subiram 3,6% para o consumidor.<\/p>\n<div>\n<div>\n<div class=\"trv-player-container\">\n<div class=\"trv-wrapper\">\n<div id=\"br_video_player_55b2a519bcb8376975011d5d558f2e9dc3c659f9\" class=\"trvd_video_player trvdfloater trv-right\">\n<div class=\"media-player\">\n<div class=\"trv-video\">\n<div id=\"truvid_ima_container23310\" class=\"truvid_ima_container trv-ima-container-hidden\">\n<div>Bahia.ba<\/div>\n<\/div>\n<\/div>\n<div class=\"trv-poster\"><\/div>\n<\/div>\n<div class=\"trv-autoskip-container\">\n<div class=\"trv-autoskip-background\">\n<div class=\"trv-autoskip-line-top\">\n<div><\/div>\n<\/div>\n<div class=\"trv-autoskip-line-right\">\n<div><\/div>\n<\/div>\n<div class=\"trv-autoskip-line-bottom\">\n<div><\/div>\n<\/div>\n<div class=\"trv-autoskip-line-left\">\n<div><\/div>\n<\/div>\n<\/div>\n<div class=\"autoskip-btn autoskip-btn-blue\"><\/div>\n<div class=\"autoskip-btn autoskip-btn-gray\"><\/div>\n<\/div>\n<div><\/div>\n<p><img decoding=\"async\" src=\"https:\/\/ads.stickyadstv.com\/auto-user-sync?_fw_gdpr=0&amp;_fw_gdpr_consent=\" \/><img decoding=\"async\" src=\"https:\/\/ads.stickyadstv.com\/user-matching?id=2545&amp;_fw_gdpr=0&amp;_fw_gdpr_consent=\" \/><\/p>\n<div><\/div>\n<div><\/div>\n<p><img decoding=\"async\" src=\"https:\/\/ads.stickyadstv.com\/auto-user-sync?_fw_gdpr=0&amp;_fw_gdpr_consent=\" \/><img decoding=\"async\" src=\"https:\/\/ads.stickyadstv.com\/user-matching?id=2545&amp;_fw_gdpr=0&amp;_fw_gdpr_consent=\" \/><\/p>\n<div><\/div>\n<div id=\"br_video_player_55b2a519bcb8376975011d5d558f2e9dc3c659f9_close\" class=\"trv-close-container\">\n<div class=\"trv-close\"><\/div>\n<\/div>\n<\/div>\n<\/div>\n<\/div>\n<\/div>\n<\/div>\n<div class='share-to-whatsapp-wrapper'><div class='share-on-whsp'>Share on: <\/div><a data-text='Infla\u00e7\u00e3o de novembro sobre os alimentos foi a maior dos \u00faltimos dois anos' data-link='https:\/\/newsinfoco.com.br\/inicio\/inflacao-de-novembro-sobre-os-alimentos-foi-a-maior-dos-ultimos-dois-anos\/' class='whatsapp-button whatsapp-share'>WhatsApp<\/a><div class='clear '><\/div><\/div>","protected":false},"excerpt":{"rendered":"<p>A infla\u00e7\u00e3o dos alimentos subiu para 2,29% no m\u00eas passado, a maior taxa mensal desde abril de 2022, quando o \u00cdndice de Pre\u00e7os ao Consumidor da Fipe (Funda\u00e7\u00e3o Instituto de Pesquisas Econ\u00f4micas) indicava 3,38%. A moeda americana, negociada no patamar m\u00e9dio de R$ 5,81 em novembro, d\u00e1 maior competitividade aos produtos brasileiros no exterior, ajuda [&hellip;]<\/p>\n","protected":false},"author":1,"featured_media":37178,"comment_status":"closed","ping_status":"closed","sticky":false,"template":"","format":"standard","meta":{"om_disable_all_campaigns":false,"rop_custom_images_group":[],"rop_custom_messages_group":[],"rop_publish_now":"initial","rop_publish_now_accounts":[],"rop_publish_now_history":[],"rop_publish_now_status":"pending","_exactmetrics_skip_tracking":false,"footnotes":""},"categories":[21],"tags":[],"class_list":["post-37176","post","type-post","status-publish","format-standard","has-post-thumbnail","hentry","category-brasil"],"aioseo_notices":[],"aioseo_head":"\n\t\t<!-- All in One SEO 4.9.10 - aioseo.com -->\n\t<meta name=\"description\" content=\"A infla\u00e7\u00e3o dos alimentos subiu para 2,29% no m\u00eas passado, a maior taxa mensal desde abril de 2022, quando o \u00cdndice de Pre\u00e7os ao Consumidor da Fipe (Funda\u00e7\u00e3o Instituto de Pesquisas Econ\u00f4micas) indicava 3,38%. A moeda americana, negociada no patamar m\u00e9dio de R$ 5,81 em novembro, d\u00e1 maior competitividade aos produtos brasileiros no exterior, ajuda\" \/>\n\t<meta name=\"robots\" content=\"max-image-preview:large\" \/>\n\t<meta name=\"author\" content=\"administrador\"\/>\n\t<link rel=\"canonical\" href=\"https:\/\/newsinfoco.com.br\/inicio\/inflacao-de-novembro-sobre-os-alimentos-foi-a-maior-dos-ultimos-dois-anos\/\" \/>\n\t<meta name=\"generator\" content=\"All in One SEO (AIOSEO) 4.9.10\" \/>\n\t\t<meta property=\"og:locale\" content=\"pt_BR\" \/>\n\t\t<meta property=\"og:site_name\" content=\"News In Foco - Editado por Caio Pimenta - O principal site de noticias de Alagoinhas e regi\u00e3o\" \/>\n\t\t<meta property=\"og:type\" content=\"article\" \/>\n\t\t<meta property=\"og:title\" content=\"Infla\u00e7\u00e3o de novembro sobre os alimentos foi a maior dos \u00faltimos dois anos - News In Foco - Editado por Caio Pimenta\" \/>\n\t\t<meta property=\"og:description\" content=\"A infla\u00e7\u00e3o dos alimentos subiu para 2,29% no m\u00eas passado, a maior taxa mensal desde abril de 2022, quando o \u00cdndice de Pre\u00e7os ao Consumidor da Fipe (Funda\u00e7\u00e3o Instituto de Pesquisas Econ\u00f4micas) indicava 3,38%. A moeda americana, negociada no patamar m\u00e9dio de R$ 5,81 em novembro, d\u00e1 maior competitividade aos produtos brasileiros no exterior, ajuda\" \/>\n\t\t<meta property=\"og:url\" content=\"https:\/\/newsinfoco.com.br\/inicio\/inflacao-de-novembro-sobre-os-alimentos-foi-a-maior-dos-ultimos-dois-anos\/\" \/>\n\t\t<meta property=\"article:published_time\" content=\"2024-12-03T22:09:58+00:00\" \/>\n\t\t<meta property=\"article:modified_time\" content=\"2024-12-03T22:14:03+00:00\" \/>\n\t\t<meta name=\"twitter:card\" content=\"summary_large_image\" \/>\n\t\t<meta name=\"twitter:title\" content=\"Infla\u00e7\u00e3o de novembro sobre os alimentos foi a maior dos \u00faltimos dois anos - News In Foco - Editado por Caio Pimenta\" \/>\n\t\t<meta name=\"twitter:description\" content=\"A infla\u00e7\u00e3o dos alimentos subiu para 2,29% no m\u00eas passado, a maior taxa mensal desde abril de 2022, quando o \u00cdndice de Pre\u00e7os ao Consumidor da Fipe (Funda\u00e7\u00e3o Instituto de Pesquisas Econ\u00f4micas) indicava 3,38%. A moeda americana, negociada no patamar m\u00e9dio de R$ 5,81 em novembro, d\u00e1 maior competitividade aos produtos brasileiros no exterior, ajuda\" \/>\n\t\t<script type=\"application\/ld+json\" class=\"aioseo-schema\">\n\t\t\t{\"@context\":\"https:\\\/\\\/schema.org\",\"@graph\":[{\"@type\":\"BlogPosting\",\"@id\":\"https:\\\/\\\/newsinfoco.com.br\\\/inicio\\\/inflacao-de-novembro-sobre-os-alimentos-foi-a-maior-dos-ultimos-dois-anos\\\/#blogposting\",\"name\":\"Infla\\u00e7\\u00e3o de novembro sobre os alimentos foi a maior dos \\u00faltimos dois anos - News In Foco - Editado por Caio Pimenta\",\"headline\":\"Infla\\u00e7\\u00e3o de novembro sobre os alimentos foi a maior dos \\u00faltimos dois anos\",\"author\":{\"@id\":\"https:\\\/\\\/newsinfoco.com.br\\\/inicio\\\/author\\\/administrador\\\/#author\"},\"publisher\":{\"@id\":\"https:\\\/\\\/newsinfoco.com.br\\\/inicio\\\/#organization\"},\"image\":{\"@type\":\"ImageObject\",\"url\":\"https:\\\/\\\/newsinfoco.com.br\\\/inicio\\\/wp-content\\\/uploads\\\/2024\\\/12\\\/supermercados-inflacao-precos-alimentos.jpg\",\"width\":600,\"height\":420},\"datePublished\":\"2024-12-03T19:09:58-03:00\",\"dateModified\":\"2024-12-03T19:14:03-03:00\",\"inLanguage\":\"pt-BR\",\"mainEntityOfPage\":{\"@id\":\"https:\\\/\\\/newsinfoco.com.br\\\/inicio\\\/inflacao-de-novembro-sobre-os-alimentos-foi-a-maior-dos-ultimos-dois-anos\\\/#webpage\"},\"isPartOf\":{\"@id\":\"https:\\\/\\\/newsinfoco.com.br\\\/inicio\\\/inflacao-de-novembro-sobre-os-alimentos-foi-a-maior-dos-ultimos-dois-anos\\\/#webpage\"},\"articleSection\":\"Brasil\"},{\"@type\":\"BreadcrumbList\",\"@id\":\"https:\\\/\\\/newsinfoco.com.br\\\/inicio\\\/inflacao-de-novembro-sobre-os-alimentos-foi-a-maior-dos-ultimos-dois-anos\\\/#breadcrumblist\",\"itemListElement\":[{\"@type\":\"ListItem\",\"@id\":\"https:\\\/\\\/newsinfoco.com.br\\\/inicio#listItem\",\"position\":1,\"name\":\"In\\u00edcio\",\"item\":\"https:\\\/\\\/newsinfoco.com.br\\\/inicio\",\"nextItem\":{\"@type\":\"ListItem\",\"@id\":\"https:\\\/\\\/newsinfoco.com.br\\\/inicio\\\/category\\\/brasil\\\/#listItem\",\"name\":\"Brasil\"}},{\"@type\":\"ListItem\",\"@id\":\"https:\\\/\\\/newsinfoco.com.br\\\/inicio\\\/category\\\/brasil\\\/#listItem\",\"position\":2,\"name\":\"Brasil\",\"item\":\"https:\\\/\\\/newsinfoco.com.br\\\/inicio\\\/category\\\/brasil\\\/\",\"nextItem\":{\"@type\":\"ListItem\",\"@id\":\"https:\\\/\\\/newsinfoco.com.br\\\/inicio\\\/inflacao-de-novembro-sobre-os-alimentos-foi-a-maior-dos-ultimos-dois-anos\\\/#listItem\",\"name\":\"Infla\\u00e7\\u00e3o de novembro sobre os alimentos foi a maior dos \\u00faltimos dois anos\"},\"previousItem\":{\"@type\":\"ListItem\",\"@id\":\"https:\\\/\\\/newsinfoco.com.br\\\/inicio#listItem\",\"name\":\"In\\u00edcio\"}},{\"@type\":\"ListItem\",\"@id\":\"https:\\\/\\\/newsinfoco.com.br\\\/inicio\\\/inflacao-de-novembro-sobre-os-alimentos-foi-a-maior-dos-ultimos-dois-anos\\\/#listItem\",\"position\":3,\"name\":\"Infla\\u00e7\\u00e3o de novembro sobre os alimentos foi a maior dos \\u00faltimos dois anos\",\"previousItem\":{\"@type\":\"ListItem\",\"@id\":\"https:\\\/\\\/newsinfoco.com.br\\\/inicio\\\/category\\\/brasil\\\/#listItem\",\"name\":\"Brasil\"}}]},{\"@type\":\"Organization\",\"@id\":\"https:\\\/\\\/newsinfoco.com.br\\\/inicio\\\/#organization\",\"name\":\"News In Foco - Editado por Caio Pimenta\",\"description\":\"O principal site de noticias de Alagoinhas e regi\\u00e3o\",\"url\":\"https:\\\/\\\/newsinfoco.com.br\\\/inicio\\\/\"},{\"@type\":\"Person\",\"@id\":\"https:\\\/\\\/newsinfoco.com.br\\\/inicio\\\/author\\\/administrador\\\/#author\",\"url\":\"https:\\\/\\\/newsinfoco.com.br\\\/inicio\\\/author\\\/administrador\\\/\",\"name\":\"administrador\",\"image\":{\"@type\":\"ImageObject\",\"@id\":\"https:\\\/\\\/newsinfoco.com.br\\\/inicio\\\/inflacao-de-novembro-sobre-os-alimentos-foi-a-maior-dos-ultimos-dois-anos\\\/#authorImage\",\"url\":\"https:\\\/\\\/secure.gravatar.com\\\/avatar\\\/c17a617433de8c1dc9584bb79aab7563b46f5bb7e1728c9b17d9cc3ce6a08e49?s=96&d=mm&r=g\",\"width\":96,\"height\":96,\"caption\":\"administrador\"}},{\"@type\":\"WebPage\",\"@id\":\"https:\\\/\\\/newsinfoco.com.br\\\/inicio\\\/inflacao-de-novembro-sobre-os-alimentos-foi-a-maior-dos-ultimos-dois-anos\\\/#webpage\",\"url\":\"https:\\\/\\\/newsinfoco.com.br\\\/inicio\\\/inflacao-de-novembro-sobre-os-alimentos-foi-a-maior-dos-ultimos-dois-anos\\\/\",\"name\":\"Infla\\u00e7\\u00e3o de novembro sobre os alimentos foi a maior dos \\u00faltimos dois anos - News In Foco - Editado por Caio Pimenta\",\"description\":\"A infla\\u00e7\\u00e3o dos alimentos subiu para 2,29% no m\\u00eas passado, a maior taxa mensal desde abril de 2022, quando o \\u00cdndice de Pre\\u00e7os ao Consumidor da Fipe (Funda\\u00e7\\u00e3o Instituto de Pesquisas Econ\\u00f4micas) indicava 3,38%. A moeda americana, negociada no patamar m\\u00e9dio de R$ 5,81 em novembro, d\\u00e1 maior competitividade aos produtos brasileiros no exterior, ajuda\",\"inLanguage\":\"pt-BR\",\"isPartOf\":{\"@id\":\"https:\\\/\\\/newsinfoco.com.br\\\/inicio\\\/#website\"},\"breadcrumb\":{\"@id\":\"https:\\\/\\\/newsinfoco.com.br\\\/inicio\\\/inflacao-de-novembro-sobre-os-alimentos-foi-a-maior-dos-ultimos-dois-anos\\\/#breadcrumblist\"},\"author\":{\"@id\":\"https:\\\/\\\/newsinfoco.com.br\\\/inicio\\\/author\\\/administrador\\\/#author\"},\"creator\":{\"@id\":\"https:\\\/\\\/newsinfoco.com.br\\\/inicio\\\/author\\\/administrador\\\/#author\"},\"image\":{\"@type\":\"ImageObject\",\"url\":\"https:\\\/\\\/newsinfoco.com.br\\\/inicio\\\/wp-content\\\/uploads\\\/2024\\\/12\\\/supermercados-inflacao-precos-alimentos.jpg\",\"@id\":\"https:\\\/\\\/newsinfoco.com.br\\\/inicio\\\/inflacao-de-novembro-sobre-os-alimentos-foi-a-maior-dos-ultimos-dois-anos\\\/#mainImage\",\"width\":600,\"height\":420},\"primaryImageOfPage\":{\"@id\":\"https:\\\/\\\/newsinfoco.com.br\\\/inicio\\\/inflacao-de-novembro-sobre-os-alimentos-foi-a-maior-dos-ultimos-dois-anos\\\/#mainImage\"},\"datePublished\":\"2024-12-03T19:09:58-03:00\",\"dateModified\":\"2024-12-03T19:14:03-03:00\"},{\"@type\":\"WebSite\",\"@id\":\"https:\\\/\\\/newsinfoco.com.br\\\/inicio\\\/#website\",\"url\":\"https:\\\/\\\/newsinfoco.com.br\\\/inicio\\\/\",\"name\":\"News In Foco - Editado por Caio Pimenta\",\"description\":\"O principal site de noticias de Alagoinhas e regi\\u00e3o\",\"inLanguage\":\"pt-BR\",\"publisher\":{\"@id\":\"https:\\\/\\\/newsinfoco.com.br\\\/inicio\\\/#organization\"}}]}\n\t\t<\/script>\n\t\t<!-- All in One SEO -->\n\n","aioseo_head_json":{"title":"Infla\u00e7\u00e3o de novembro sobre os alimentos foi a maior dos \u00faltimos dois anos - News In Foco - Editado por Caio Pimenta","description":"A infla\u00e7\u00e3o dos alimentos subiu para 2,29% no m\u00eas passado, a maior taxa mensal desde abril de 2022, quando o \u00cdndice de Pre\u00e7os ao Consumidor da Fipe (Funda\u00e7\u00e3o Instituto de Pesquisas Econ\u00f4micas) indicava 3,38%. A moeda americana, negociada no patamar m\u00e9dio de R$ 5,81 em novembro, d\u00e1 maior competitividade aos produtos brasileiros no exterior, ajuda","canonical_url":"https:\/\/newsinfoco.com.br\/inicio\/inflacao-de-novembro-sobre-os-alimentos-foi-a-maior-dos-ultimos-dois-anos\/","robots":"max-image-preview:large","keywords":"","webmasterTools":{"miscellaneous":""},"schema":{"@context":"https:\/\/schema.org","@graph":[{"@type":"BlogPosting","@id":"https:\/\/newsinfoco.com.br\/inicio\/inflacao-de-novembro-sobre-os-alimentos-foi-a-maior-dos-ultimos-dois-anos\/#blogposting","name":"Infla\u00e7\u00e3o de novembro sobre os alimentos foi a maior dos \u00faltimos dois anos - News In Foco - Editado por Caio Pimenta","headline":"Infla\u00e7\u00e3o de novembro sobre os alimentos foi a maior dos \u00faltimos dois anos","author":{"@id":"https:\/\/newsinfoco.com.br\/inicio\/author\/administrador\/#author"},"publisher":{"@id":"https:\/\/newsinfoco.com.br\/inicio\/#organization"},"image":{"@type":"ImageObject","url":"https:\/\/newsinfoco.com.br\/inicio\/wp-content\/uploads\/2024\/12\/supermercados-inflacao-precos-alimentos.jpg","width":600,"height":420},"datePublished":"2024-12-03T19:09:58-03:00","dateModified":"2024-12-03T19:14:03-03:00","inLanguage":"pt-BR","mainEntityOfPage":{"@id":"https:\/\/newsinfoco.com.br\/inicio\/inflacao-de-novembro-sobre-os-alimentos-foi-a-maior-dos-ultimos-dois-anos\/#webpage"},"isPartOf":{"@id":"https:\/\/newsinfoco.com.br\/inicio\/inflacao-de-novembro-sobre-os-alimentos-foi-a-maior-dos-ultimos-dois-anos\/#webpage"},"articleSection":"Brasil"},{"@type":"BreadcrumbList","@id":"https:\/\/newsinfoco.com.br\/inicio\/inflacao-de-novembro-sobre-os-alimentos-foi-a-maior-dos-ultimos-dois-anos\/#breadcrumblist","itemListElement":[{"@type":"ListItem","@id":"https:\/\/newsinfoco.com.br\/inicio#listItem","position":1,"name":"In\u00edcio","item":"https:\/\/newsinfoco.com.br\/inicio","nextItem":{"@type":"ListItem","@id":"https:\/\/newsinfoco.com.br\/inicio\/category\/brasil\/#listItem","name":"Brasil"}},{"@type":"ListItem","@id":"https:\/\/newsinfoco.com.br\/inicio\/category\/brasil\/#listItem","position":2,"name":"Brasil","item":"https:\/\/newsinfoco.com.br\/inicio\/category\/brasil\/","nextItem":{"@type":"ListItem","@id":"https:\/\/newsinfoco.com.br\/inicio\/inflacao-de-novembro-sobre-os-alimentos-foi-a-maior-dos-ultimos-dois-anos\/#listItem","name":"Infla\u00e7\u00e3o de novembro sobre os alimentos foi a maior dos \u00faltimos dois anos"},"previousItem":{"@type":"ListItem","@id":"https:\/\/newsinfoco.com.br\/inicio#listItem","name":"In\u00edcio"}},{"@type":"ListItem","@id":"https:\/\/newsinfoco.com.br\/inicio\/inflacao-de-novembro-sobre-os-alimentos-foi-a-maior-dos-ultimos-dois-anos\/#listItem","position":3,"name":"Infla\u00e7\u00e3o de novembro sobre os alimentos foi a maior dos \u00faltimos dois anos","previousItem":{"@type":"ListItem","@id":"https:\/\/newsinfoco.com.br\/inicio\/category\/brasil\/#listItem","name":"Brasil"}}]},{"@type":"Organization","@id":"https:\/\/newsinfoco.com.br\/inicio\/#organization","name":"News In Foco - Editado por Caio Pimenta","description":"O principal site de noticias de Alagoinhas e regi\u00e3o","url":"https:\/\/newsinfoco.com.br\/inicio\/"},{"@type":"Person","@id":"https:\/\/newsinfoco.com.br\/inicio\/author\/administrador\/#author","url":"https:\/\/newsinfoco.com.br\/inicio\/author\/administrador\/","name":"administrador","image":{"@type":"ImageObject","@id":"https:\/\/newsinfoco.com.br\/inicio\/inflacao-de-novembro-sobre-os-alimentos-foi-a-maior-dos-ultimos-dois-anos\/#authorImage","url":"https:\/\/secure.gravatar.com\/avatar\/c17a617433de8c1dc9584bb79aab7563b46f5bb7e1728c9b17d9cc3ce6a08e49?s=96&d=mm&r=g","width":96,"height":96,"caption":"administrador"}},{"@type":"WebPage","@id":"https:\/\/newsinfoco.com.br\/inicio\/inflacao-de-novembro-sobre-os-alimentos-foi-a-maior-dos-ultimos-dois-anos\/#webpage","url":"https:\/\/newsinfoco.com.br\/inicio\/inflacao-de-novembro-sobre-os-alimentos-foi-a-maior-dos-ultimos-dois-anos\/","name":"Infla\u00e7\u00e3o de novembro sobre os alimentos foi a maior dos \u00faltimos dois anos - News In Foco - Editado por Caio Pimenta","description":"A infla\u00e7\u00e3o dos alimentos subiu para 2,29% no m\u00eas passado, a maior taxa mensal desde abril de 2022, quando o \u00cdndice de Pre\u00e7os ao Consumidor da Fipe (Funda\u00e7\u00e3o Instituto de Pesquisas Econ\u00f4micas) indicava 3,38%. A moeda americana, negociada no patamar m\u00e9dio de R$ 5,81 em novembro, d\u00e1 maior competitividade aos produtos brasileiros no exterior, ajuda","inLanguage":"pt-BR","isPartOf":{"@id":"https:\/\/newsinfoco.com.br\/inicio\/#website"},"breadcrumb":{"@id":"https:\/\/newsinfoco.com.br\/inicio\/inflacao-de-novembro-sobre-os-alimentos-foi-a-maior-dos-ultimos-dois-anos\/#breadcrumblist"},"author":{"@id":"https:\/\/newsinfoco.com.br\/inicio\/author\/administrador\/#author"},"creator":{"@id":"https:\/\/newsinfoco.com.br\/inicio\/author\/administrador\/#author"},"image":{"@type":"ImageObject","url":"https:\/\/newsinfoco.com.br\/inicio\/wp-content\/uploads\/2024\/12\/supermercados-inflacao-precos-alimentos.jpg","@id":"https:\/\/newsinfoco.com.br\/inicio\/inflacao-de-novembro-sobre-os-alimentos-foi-a-maior-dos-ultimos-dois-anos\/#mainImage","width":600,"height":420},"primaryImageOfPage":{"@id":"https:\/\/newsinfoco.com.br\/inicio\/inflacao-de-novembro-sobre-os-alimentos-foi-a-maior-dos-ultimos-dois-anos\/#mainImage"},"datePublished":"2024-12-03T19:09:58-03:00","dateModified":"2024-12-03T19:14:03-03:00"},{"@type":"WebSite","@id":"https:\/\/newsinfoco.com.br\/inicio\/#website","url":"https:\/\/newsinfoco.com.br\/inicio\/","name":"News In Foco - Editado por Caio Pimenta","description":"O principal site de noticias de Alagoinhas e regi\u00e3o","inLanguage":"pt-BR","publisher":{"@id":"https:\/\/newsinfoco.com.br\/inicio\/#organization"}}]},"og:locale":"pt_BR","og:site_name":"News In Foco - Editado por Caio Pimenta - O principal site de noticias de Alagoinhas e regi\u00e3o","og:type":"article","og:title":"Infla\u00e7\u00e3o de novembro sobre os alimentos foi a maior dos \u00faltimos dois anos - News In Foco - Editado por Caio Pimenta","og:description":"A infla\u00e7\u00e3o dos alimentos subiu para 2,29% no m\u00eas passado, a maior taxa mensal desde abril de 2022, quando o \u00cdndice de Pre\u00e7os ao Consumidor da Fipe (Funda\u00e7\u00e3o Instituto de Pesquisas Econ\u00f4micas) indicava 3,38%. A moeda americana, negociada no patamar m\u00e9dio de R$ 5,81 em novembro, d\u00e1 maior competitividade aos produtos brasileiros no exterior, ajuda","og:url":"https:\/\/newsinfoco.com.br\/inicio\/inflacao-de-novembro-sobre-os-alimentos-foi-a-maior-dos-ultimos-dois-anos\/","article:published_time":"2024-12-03T22:09:58+00:00","article:modified_time":"2024-12-03T22:14:03+00:00","twitter:card":"summary_large_image","twitter:title":"Infla\u00e7\u00e3o de novembro sobre os alimentos foi a maior dos \u00faltimos dois anos - News In Foco - Editado por Caio Pimenta","twitter:description":"A infla\u00e7\u00e3o dos alimentos subiu para 2,29% no m\u00eas passado, a maior taxa mensal desde abril de 2022, quando o \u00cdndice de Pre\u00e7os ao Consumidor da Fipe (Funda\u00e7\u00e3o Instituto de Pesquisas Econ\u00f4micas) indicava 3,38%. A moeda americana, negociada no patamar m\u00e9dio de R$ 5,81 em novembro, d\u00e1 maior competitividade aos produtos brasileiros no exterior, ajuda"},"aioseo_meta_data":{"post_id":"37176","title":null,"description":null,"keywords":null,"keyphrases":{"focus":{"keyphrase":"","score":0,"analysis":{"keyphraseInTitle":{"score":0,"maxScore":9,"error":1}}},"additional":[]},"primary_term":null,"canonical_url":null,"og_title":null,"og_description":null,"og_object_type":"default","og_image_type":"default","og_image_url":null,"og_image_width":null,"og_image_height":null,"og_image_custom_url":null,"og_image_custom_fields":null,"og_video":"","og_custom_url":null,"og_article_section":null,"og_article_tags":null,"twitter_use_og":false,"twitter_card":"default","twitter_image_type":"default","twitter_image_url":null,"twitter_image_custom_url":null,"twitter_image_custom_fields":null,"twitter_title":null,"twitter_description":null,"schema":{"blockGraphs":[],"customGraphs":[],"default":{"data":{"Article":[],"Course":[],"Dataset":[],"FAQPage":[],"Movie":[],"Person":[],"Product":[],"ProductReview":[],"Car":[],"Recipe":[],"Service":[],"SoftwareApplication":[],"WebPage":[]},"graphName":"BlogPosting","isEnabled":true},"graphs":[]},"schema_type":"default","schema_type_options":null,"pillar_content":false,"robots_default":true,"robots_noindex":false,"robots_noarchive":false,"robots_nosnippet":false,"robots_nofollow":false,"robots_noimageindex":false,"robots_noodp":false,"robots_notranslate":false,"robots_max_snippet":"-1","robots_max_videopreview":"-1","robots_max_imagepreview":"large","priority":null,"frequency":"default","local_seo":null,"breadcrumb_settings":null,"limit_modified_date":false,"ai":null,"created":"2024-12-03 22:09:58","updated":"2025-07-11 11:13:16","seo_analyzer_scan_date":null},"aioseo_breadcrumb":"<div class=\"aioseo-breadcrumbs\"><span class=\"aioseo-breadcrumb\">\n\t\t\t<a href=\"https:\/\/newsinfoco.com.br\/inicio\" title=\"In\u00edcio\">In\u00edcio<\/a>\n\t\t<\/span><span class=\"aioseo-breadcrumb-separator\">&raquo;<\/span><span class=\"aioseo-breadcrumb\">\n\t\t\t<a href=\"https:\/\/newsinfoco.com.br\/inicio\/category\/brasil\/\" title=\"Brasil\">Brasil<\/a>\n\t\t<\/span><span class=\"aioseo-breadcrumb-separator\">&raquo;<\/span><span class=\"aioseo-breadcrumb\">\n\t\t\tInfla\u00e7\u00e3o de novembro sobre os alimentos foi a maior dos \u00faltimos dois anos\n\t\t<\/span><\/div>","aioseo_breadcrumb_json":[{"label":"In\u00edcio","link":"https:\/\/newsinfoco.com.br\/inicio"},{"label":"Brasil","link":"https:\/\/newsinfoco.com.br\/inicio\/category\/brasil\/"},{"label":"Infla\u00e7\u00e3o de novembro sobre os alimentos foi a maior dos \u00faltimos dois anos","link":"https:\/\/newsinfoco.com.br\/inicio\/inflacao-de-novembro-sobre-os-alimentos-foi-a-maior-dos-ultimos-dois-anos\/"}],"_links":{"self":[{"href":"https:\/\/newsinfoco.com.br\/inicio\/wp-json\/wp\/v2\/posts\/37176","targetHints":{"allow":["GET"]}}],"collection":[{"href":"https:\/\/newsinfoco.com.br\/inicio\/wp-json\/wp\/v2\/posts"}],"about":[{"href":"https:\/\/newsinfoco.com.br\/inicio\/wp-json\/wp\/v2\/types\/post"}],"author":[{"embeddable":true,"href":"https:\/\/newsinfoco.com.br\/inicio\/wp-json\/wp\/v2\/users\/1"}],"replies":[{"embeddable":true,"href":"https:\/\/newsinfoco.com.br\/inicio\/wp-json\/wp\/v2\/comments?post=37176"}],"version-history":[{"count":3,"href":"https:\/\/newsinfoco.com.br\/inicio\/wp-json\/wp\/v2\/posts\/37176\/revisions"}],"predecessor-version":[{"id":37180,"href":"https:\/\/newsinfoco.com.br\/inicio\/wp-json\/wp\/v2\/posts\/37176\/revisions\/37180"}],"wp:featuredmedia":[{"embeddable":true,"href":"https:\/\/newsinfoco.com.br\/inicio\/wp-json\/wp\/v2\/media\/37178"}],"wp:attachment":[{"href":"https:\/\/newsinfoco.com.br\/inicio\/wp-json\/wp\/v2\/media?parent=37176"}],"wp:term":[{"taxonomy":"category","embeddable":true,"href":"https:\/\/newsinfoco.com.br\/inicio\/wp-json\/wp\/v2\/categories?post=37176"},{"taxonomy":"post_tag","embeddable":true,"href":"https:\/\/newsinfoco.com.br\/inicio\/wp-json\/wp\/v2\/tags?post=37176"}],"curies":[{"name":"wp","href":"https:\/\/api.w.org\/{rel}","templated":true}]}}