{"id":37239,"date":"2024-12-05T14:43:41","date_gmt":"2024-12-05T17:43:41","guid":{"rendered":"https:\/\/newsinfoco.com.br\/inicio\/?p=37239"},"modified":"2024-12-05T14:43:41","modified_gmt":"2024-12-05T17:43:41","slug":"amazonia-numero-de-queimadas-aumenta-e-ja-e-o-maior-em-duas-decadas","status":"publish","type":"post","link":"https:\/\/newsinfoco.com.br\/inicio\/amazonia-numero-de-queimadas-aumenta-e-ja-e-o-maior-em-duas-decadas\/","title":{"rendered":"Amaz\u00f4nia: N\u00famero de queimadas aumenta e j\u00e1 \u00e9 o maior em duas d\u00e9cadas"},"content":{"rendered":"<p>De acordo com os dados do Inpe (Programa Queimadas do Instituto Nacional de Pesquisas Espaciais), nos 11 primeiros meses do ano, o n\u00famero de focos de inc\u00eandio aumentou 43,7% na Amaz\u00f4nia, em compara\u00e7\u00e3o com 2023.<\/p>\n<p>Foram registrados, at\u00e9 o dia 30 de novembro, 134.979 focos de inc\u00eandio no bioma. Em 2023, no mesmo per\u00edodo, o n\u00famero foi de 93.938 focos.<\/p>\n<div class=\"conteudo_post\">\n<p>O recorde continua mantido em 2007, com 181 mil focos. Segundo o Inpe, considerando apenas o m\u00eas de novembro, foram registrados 14.158 focos de inc\u00eandios na Amaz\u00f4nia, o que representa um aumento de 1,5% em compara\u00e7\u00e3o aos 13.940 focos em novembro de 2023.<\/p>\n<p>O valor \u00e9 46,2% maior que a m\u00e9dia para o per\u00edodo nos cinco anos anteriores (2019-2023), que \u00e9 de 9.679 focos.<\/p>\n<\/div>\n<div id=\"div-share\">Bahia.ba<\/div>\n<div>\n<div>\n<div class=\"trv-player-container\">\n<div class=\"trv-wrapper\">\n<div id=\"br_video_player_1d8ff46b6bf134f476a71d5d558f2e9dc3c659f9\" class=\"trvd_video_player\">\n<div class=\"media-player\">\n<div class=\"trv-video\">\n<div id=\"truvid_ima_container34161\" class=\"truvid_ima_container\">\n<div>\n<div><\/div>\n<\/div>\n<\/div>\n<\/div>\n<\/div>\n<\/div>\n<\/div>\n<\/div>\n<\/div>\n<\/div>\n<div class='share-to-whatsapp-wrapper'><div class='share-on-whsp'>Share on: <\/div><a data-text='Amaz\u00f4nia: N\u00famero de queimadas aumenta e j\u00e1 \u00e9 o maior em duas d\u00e9cadas' data-link='https:\/\/newsinfoco.com.br\/inicio\/amazonia-numero-de-queimadas-aumenta-e-ja-e-o-maior-em-duas-decadas\/' class='whatsapp-button whatsapp-share'>WhatsApp<\/a><div class='clear '><\/div><\/div>","protected":false},"excerpt":{"rendered":"<p>De acordo com os dados do Inpe (Programa Queimadas do Instituto Nacional de Pesquisas Espaciais), nos 11 primeiros meses do ano, o n\u00famero de focos de inc\u00eandio aumentou 43,7% na Amaz\u00f4nia, em compara\u00e7\u00e3o com 2023. Foram registrados, at\u00e9 o dia 30 de novembro, 134.979 focos de inc\u00eandio no bioma. Em 2023, no mesmo per\u00edodo, o [&hellip;]<\/p>\n","protected":false},"author":1,"featured_media":37240,"comment_status":"closed","ping_status":"closed","sticky":false,"template":"","format":"standard","meta":{"om_disable_all_campaigns":false,"rop_custom_images_group":[],"rop_custom_messages_group":[],"rop_publish_now":"initial","rop_publish_now_accounts":[],"rop_publish_now_history":[],"rop_publish_now_status":"pending","_exactmetrics_skip_tracking":false,"footnotes":""},"categories":[21],"tags":[],"class_list":["post-37239","post","type-post","status-publish","format-standard","has-post-thumbnail","hentry","category-brasil"],"aioseo_notices":[],"aioseo_head":"\n\t\t<!-- All in One SEO 4.9.10 - aioseo.com -->\n\t<meta name=\"description\" content=\"De acordo com os dados do Inpe (Programa Queimadas do Instituto Nacional de Pesquisas Espaciais), nos 11 primeiros meses do ano, o n\u00famero de focos de inc\u00eandio aumentou 43,7% na Amaz\u00f4nia, em compara\u00e7\u00e3o com 2023. Foram registrados, at\u00e9 o dia 30 de novembro, 134.979 focos de inc\u00eandio no bioma. Em 2023, no mesmo per\u00edodo, o\" \/>\n\t<meta name=\"robots\" content=\"max-image-preview:large\" \/>\n\t<meta name=\"author\" content=\"administrador\"\/>\n\t<link rel=\"canonical\" href=\"https:\/\/newsinfoco.com.br\/inicio\/amazonia-numero-de-queimadas-aumenta-e-ja-e-o-maior-em-duas-decadas\/\" \/>\n\t<meta name=\"generator\" content=\"All in One SEO (AIOSEO) 4.9.10\" \/>\n\t\t<meta property=\"og:locale\" content=\"pt_BR\" \/>\n\t\t<meta property=\"og:site_name\" content=\"News In Foco - Editado por Caio Pimenta - O principal site de noticias de Alagoinhas e regi\u00e3o\" \/>\n\t\t<meta property=\"og:type\" content=\"article\" \/>\n\t\t<meta property=\"og:title\" content=\"Amaz\u00f4nia: N\u00famero de queimadas aumenta e j\u00e1 \u00e9 o maior em duas d\u00e9cadas - News In Foco - Editado por Caio Pimenta\" \/>\n\t\t<meta property=\"og:description\" content=\"De acordo com os dados do Inpe (Programa Queimadas do Instituto Nacional de Pesquisas Espaciais), nos 11 primeiros meses do ano, o n\u00famero de focos de inc\u00eandio aumentou 43,7% na Amaz\u00f4nia, em compara\u00e7\u00e3o com 2023. Foram registrados, at\u00e9 o dia 30 de novembro, 134.979 focos de inc\u00eandio no bioma. Em 2023, no mesmo per\u00edodo, o\" \/>\n\t\t<meta property=\"og:url\" content=\"https:\/\/newsinfoco.com.br\/inicio\/amazonia-numero-de-queimadas-aumenta-e-ja-e-o-maior-em-duas-decadas\/\" \/>\n\t\t<meta property=\"article:published_time\" content=\"2024-12-05T17:43:41+00:00\" \/>\n\t\t<meta property=\"article:modified_time\" content=\"2024-12-05T17:43:41+00:00\" \/>\n\t\t<meta name=\"twitter:card\" content=\"summary_large_image\" \/>\n\t\t<meta name=\"twitter:title\" content=\"Amaz\u00f4nia: N\u00famero de queimadas aumenta e j\u00e1 \u00e9 o maior em duas d\u00e9cadas - News In Foco - Editado por Caio Pimenta\" \/>\n\t\t<meta name=\"twitter:description\" content=\"De acordo com os dados do Inpe (Programa Queimadas do Instituto Nacional de Pesquisas Espaciais), nos 11 primeiros meses do ano, o n\u00famero de focos de inc\u00eandio aumentou 43,7% na Amaz\u00f4nia, em compara\u00e7\u00e3o com 2023. Foram registrados, at\u00e9 o dia 30 de novembro, 134.979 focos de inc\u00eandio no bioma. Em 2023, no mesmo per\u00edodo, o\" \/>\n\t\t<script type=\"application\/ld+json\" class=\"aioseo-schema\">\n\t\t\t{\"@context\":\"https:\\\/\\\/schema.org\",\"@graph\":[{\"@type\":\"BlogPosting\",\"@id\":\"https:\\\/\\\/newsinfoco.com.br\\\/inicio\\\/amazonia-numero-de-queimadas-aumenta-e-ja-e-o-maior-em-duas-decadas\\\/#blogposting\",\"name\":\"Amaz\\u00f4nia: N\\u00famero de queimadas aumenta e j\\u00e1 \\u00e9 o maior em duas d\\u00e9cadas - News In Foco - Editado por Caio Pimenta\",\"headline\":\"Amaz\\u00f4nia: N\\u00famero de queimadas aumenta e j\\u00e1 \\u00e9 o maior em duas d\\u00e9cadas\",\"author\":{\"@id\":\"https:\\\/\\\/newsinfoco.com.br\\\/inicio\\\/author\\\/administrador\\\/#author\"},\"publisher\":{\"@id\":\"https:\\\/\\\/newsinfoco.com.br\\\/inicio\\\/#organization\"},\"image\":{\"@type\":\"ImageObject\",\"url\":\"https:\\\/\\\/newsinfoco.com.br\\\/inicio\\\/wp-content\\\/uploads\\\/2024\\\/12\\\/incendio-amazonia.jpg\",\"width\":600,\"height\":420},\"datePublished\":\"2024-12-05T14:43:41-03:00\",\"dateModified\":\"2024-12-05T14:43:41-03:00\",\"inLanguage\":\"pt-BR\",\"mainEntityOfPage\":{\"@id\":\"https:\\\/\\\/newsinfoco.com.br\\\/inicio\\\/amazonia-numero-de-queimadas-aumenta-e-ja-e-o-maior-em-duas-decadas\\\/#webpage\"},\"isPartOf\":{\"@id\":\"https:\\\/\\\/newsinfoco.com.br\\\/inicio\\\/amazonia-numero-de-queimadas-aumenta-e-ja-e-o-maior-em-duas-decadas\\\/#webpage\"},\"articleSection\":\"Brasil\"},{\"@type\":\"BreadcrumbList\",\"@id\":\"https:\\\/\\\/newsinfoco.com.br\\\/inicio\\\/amazonia-numero-de-queimadas-aumenta-e-ja-e-o-maior-em-duas-decadas\\\/#breadcrumblist\",\"itemListElement\":[{\"@type\":\"ListItem\",\"@id\":\"https:\\\/\\\/newsinfoco.com.br\\\/inicio#listItem\",\"position\":1,\"name\":\"In\\u00edcio\",\"item\":\"https:\\\/\\\/newsinfoco.com.br\\\/inicio\",\"nextItem\":{\"@type\":\"ListItem\",\"@id\":\"https:\\\/\\\/newsinfoco.com.br\\\/inicio\\\/category\\\/brasil\\\/#listItem\",\"name\":\"Brasil\"}},{\"@type\":\"ListItem\",\"@id\":\"https:\\\/\\\/newsinfoco.com.br\\\/inicio\\\/category\\\/brasil\\\/#listItem\",\"position\":2,\"name\":\"Brasil\",\"item\":\"https:\\\/\\\/newsinfoco.com.br\\\/inicio\\\/category\\\/brasil\\\/\",\"nextItem\":{\"@type\":\"ListItem\",\"@id\":\"https:\\\/\\\/newsinfoco.com.br\\\/inicio\\\/amazonia-numero-de-queimadas-aumenta-e-ja-e-o-maior-em-duas-decadas\\\/#listItem\",\"name\":\"Amaz\\u00f4nia: N\\u00famero de queimadas aumenta e j\\u00e1 \\u00e9 o maior em duas d\\u00e9cadas\"},\"previousItem\":{\"@type\":\"ListItem\",\"@id\":\"https:\\\/\\\/newsinfoco.com.br\\\/inicio#listItem\",\"name\":\"In\\u00edcio\"}},{\"@type\":\"ListItem\",\"@id\":\"https:\\\/\\\/newsinfoco.com.br\\\/inicio\\\/amazonia-numero-de-queimadas-aumenta-e-ja-e-o-maior-em-duas-decadas\\\/#listItem\",\"position\":3,\"name\":\"Amaz\\u00f4nia: N\\u00famero de queimadas aumenta e j\\u00e1 \\u00e9 o maior em duas d\\u00e9cadas\",\"previousItem\":{\"@type\":\"ListItem\",\"@id\":\"https:\\\/\\\/newsinfoco.com.br\\\/inicio\\\/category\\\/brasil\\\/#listItem\",\"name\":\"Brasil\"}}]},{\"@type\":\"Organization\",\"@id\":\"https:\\\/\\\/newsinfoco.com.br\\\/inicio\\\/#organization\",\"name\":\"News In Foco - Editado por Caio Pimenta\",\"description\":\"O principal site de noticias de Alagoinhas e regi\\u00e3o\",\"url\":\"https:\\\/\\\/newsinfoco.com.br\\\/inicio\\\/\"},{\"@type\":\"Person\",\"@id\":\"https:\\\/\\\/newsinfoco.com.br\\\/inicio\\\/author\\\/administrador\\\/#author\",\"url\":\"https:\\\/\\\/newsinfoco.com.br\\\/inicio\\\/author\\\/administrador\\\/\",\"name\":\"administrador\",\"image\":{\"@type\":\"ImageObject\",\"@id\":\"https:\\\/\\\/newsinfoco.com.br\\\/inicio\\\/amazonia-numero-de-queimadas-aumenta-e-ja-e-o-maior-em-duas-decadas\\\/#authorImage\",\"url\":\"https:\\\/\\\/secure.gravatar.com\\\/avatar\\\/c17a617433de8c1dc9584bb79aab7563b46f5bb7e1728c9b17d9cc3ce6a08e49?s=96&d=mm&r=g\",\"width\":96,\"height\":96,\"caption\":\"administrador\"}},{\"@type\":\"WebPage\",\"@id\":\"https:\\\/\\\/newsinfoco.com.br\\\/inicio\\\/amazonia-numero-de-queimadas-aumenta-e-ja-e-o-maior-em-duas-decadas\\\/#webpage\",\"url\":\"https:\\\/\\\/newsinfoco.com.br\\\/inicio\\\/amazonia-numero-de-queimadas-aumenta-e-ja-e-o-maior-em-duas-decadas\\\/\",\"name\":\"Amaz\\u00f4nia: N\\u00famero de queimadas aumenta e j\\u00e1 \\u00e9 o maior em duas d\\u00e9cadas - News In Foco - Editado por Caio Pimenta\",\"description\":\"De acordo com os dados do Inpe (Programa Queimadas do Instituto Nacional de Pesquisas Espaciais), nos 11 primeiros meses do ano, o n\\u00famero de focos de inc\\u00eandio aumentou 43,7% na Amaz\\u00f4nia, em compara\\u00e7\\u00e3o com 2023. Foram registrados, at\\u00e9 o dia 30 de novembro, 134.979 focos de inc\\u00eandio no bioma. Em 2023, no mesmo per\\u00edodo, o\",\"inLanguage\":\"pt-BR\",\"isPartOf\":{\"@id\":\"https:\\\/\\\/newsinfoco.com.br\\\/inicio\\\/#website\"},\"breadcrumb\":{\"@id\":\"https:\\\/\\\/newsinfoco.com.br\\\/inicio\\\/amazonia-numero-de-queimadas-aumenta-e-ja-e-o-maior-em-duas-decadas\\\/#breadcrumblist\"},\"author\":{\"@id\":\"https:\\\/\\\/newsinfoco.com.br\\\/inicio\\\/author\\\/administrador\\\/#author\"},\"creator\":{\"@id\":\"https:\\\/\\\/newsinfoco.com.br\\\/inicio\\\/author\\\/administrador\\\/#author\"},\"image\":{\"@type\":\"ImageObject\",\"url\":\"https:\\\/\\\/newsinfoco.com.br\\\/inicio\\\/wp-content\\\/uploads\\\/2024\\\/12\\\/incendio-amazonia.jpg\",\"@id\":\"https:\\\/\\\/newsinfoco.com.br\\\/inicio\\\/amazonia-numero-de-queimadas-aumenta-e-ja-e-o-maior-em-duas-decadas\\\/#mainImage\",\"width\":600,\"height\":420},\"primaryImageOfPage\":{\"@id\":\"https:\\\/\\\/newsinfoco.com.br\\\/inicio\\\/amazonia-numero-de-queimadas-aumenta-e-ja-e-o-maior-em-duas-decadas\\\/#mainImage\"},\"datePublished\":\"2024-12-05T14:43:41-03:00\",\"dateModified\":\"2024-12-05T14:43:41-03:00\"},{\"@type\":\"WebSite\",\"@id\":\"https:\\\/\\\/newsinfoco.com.br\\\/inicio\\\/#website\",\"url\":\"https:\\\/\\\/newsinfoco.com.br\\\/inicio\\\/\",\"name\":\"News In Foco - Editado por Caio Pimenta\",\"description\":\"O principal site de noticias de Alagoinhas e regi\\u00e3o\",\"inLanguage\":\"pt-BR\",\"publisher\":{\"@id\":\"https:\\\/\\\/newsinfoco.com.br\\\/inicio\\\/#organization\"}}]}\n\t\t<\/script>\n\t\t<!-- All in One SEO -->\n\n","aioseo_head_json":{"title":"Amaz\u00f4nia: N\u00famero de queimadas aumenta e j\u00e1 \u00e9 o maior em duas d\u00e9cadas - News In Foco - Editado por Caio Pimenta","description":"De acordo com os dados do Inpe (Programa Queimadas do Instituto Nacional de Pesquisas Espaciais), nos 11 primeiros meses do ano, o n\u00famero de focos de inc\u00eandio aumentou 43,7% na Amaz\u00f4nia, em compara\u00e7\u00e3o com 2023. Foram registrados, at\u00e9 o dia 30 de novembro, 134.979 focos de inc\u00eandio no bioma. Em 2023, no mesmo per\u00edodo, o","canonical_url":"https:\/\/newsinfoco.com.br\/inicio\/amazonia-numero-de-queimadas-aumenta-e-ja-e-o-maior-em-duas-decadas\/","robots":"max-image-preview:large","keywords":"","webmasterTools":{"miscellaneous":""},"schema":{"@context":"https:\/\/schema.org","@graph":[{"@type":"BlogPosting","@id":"https:\/\/newsinfoco.com.br\/inicio\/amazonia-numero-de-queimadas-aumenta-e-ja-e-o-maior-em-duas-decadas\/#blogposting","name":"Amaz\u00f4nia: N\u00famero de queimadas aumenta e j\u00e1 \u00e9 o maior em duas d\u00e9cadas - News In Foco - Editado por Caio Pimenta","headline":"Amaz\u00f4nia: N\u00famero de queimadas aumenta e j\u00e1 \u00e9 o maior em duas d\u00e9cadas","author":{"@id":"https:\/\/newsinfoco.com.br\/inicio\/author\/administrador\/#author"},"publisher":{"@id":"https:\/\/newsinfoco.com.br\/inicio\/#organization"},"image":{"@type":"ImageObject","url":"https:\/\/newsinfoco.com.br\/inicio\/wp-content\/uploads\/2024\/12\/incendio-amazonia.jpg","width":600,"height":420},"datePublished":"2024-12-05T14:43:41-03:00","dateModified":"2024-12-05T14:43:41-03:00","inLanguage":"pt-BR","mainEntityOfPage":{"@id":"https:\/\/newsinfoco.com.br\/inicio\/amazonia-numero-de-queimadas-aumenta-e-ja-e-o-maior-em-duas-decadas\/#webpage"},"isPartOf":{"@id":"https:\/\/newsinfoco.com.br\/inicio\/amazonia-numero-de-queimadas-aumenta-e-ja-e-o-maior-em-duas-decadas\/#webpage"},"articleSection":"Brasil"},{"@type":"BreadcrumbList","@id":"https:\/\/newsinfoco.com.br\/inicio\/amazonia-numero-de-queimadas-aumenta-e-ja-e-o-maior-em-duas-decadas\/#breadcrumblist","itemListElement":[{"@type":"ListItem","@id":"https:\/\/newsinfoco.com.br\/inicio#listItem","position":1,"name":"In\u00edcio","item":"https:\/\/newsinfoco.com.br\/inicio","nextItem":{"@type":"ListItem","@id":"https:\/\/newsinfoco.com.br\/inicio\/category\/brasil\/#listItem","name":"Brasil"}},{"@type":"ListItem","@id":"https:\/\/newsinfoco.com.br\/inicio\/category\/brasil\/#listItem","position":2,"name":"Brasil","item":"https:\/\/newsinfoco.com.br\/inicio\/category\/brasil\/","nextItem":{"@type":"ListItem","@id":"https:\/\/newsinfoco.com.br\/inicio\/amazonia-numero-de-queimadas-aumenta-e-ja-e-o-maior-em-duas-decadas\/#listItem","name":"Amaz\u00f4nia: N\u00famero de queimadas aumenta e j\u00e1 \u00e9 o maior em duas d\u00e9cadas"},"previousItem":{"@type":"ListItem","@id":"https:\/\/newsinfoco.com.br\/inicio#listItem","name":"In\u00edcio"}},{"@type":"ListItem","@id":"https:\/\/newsinfoco.com.br\/inicio\/amazonia-numero-de-queimadas-aumenta-e-ja-e-o-maior-em-duas-decadas\/#listItem","position":3,"name":"Amaz\u00f4nia: N\u00famero de queimadas aumenta e j\u00e1 \u00e9 o maior em duas d\u00e9cadas","previousItem":{"@type":"ListItem","@id":"https:\/\/newsinfoco.com.br\/inicio\/category\/brasil\/#listItem","name":"Brasil"}}]},{"@type":"Organization","@id":"https:\/\/newsinfoco.com.br\/inicio\/#organization","name":"News In Foco - Editado por Caio Pimenta","description":"O principal site de noticias de Alagoinhas e regi\u00e3o","url":"https:\/\/newsinfoco.com.br\/inicio\/"},{"@type":"Person","@id":"https:\/\/newsinfoco.com.br\/inicio\/author\/administrador\/#author","url":"https:\/\/newsinfoco.com.br\/inicio\/author\/administrador\/","name":"administrador","image":{"@type":"ImageObject","@id":"https:\/\/newsinfoco.com.br\/inicio\/amazonia-numero-de-queimadas-aumenta-e-ja-e-o-maior-em-duas-decadas\/#authorImage","url":"https:\/\/secure.gravatar.com\/avatar\/c17a617433de8c1dc9584bb79aab7563b46f5bb7e1728c9b17d9cc3ce6a08e49?s=96&d=mm&r=g","width":96,"height":96,"caption":"administrador"}},{"@type":"WebPage","@id":"https:\/\/newsinfoco.com.br\/inicio\/amazonia-numero-de-queimadas-aumenta-e-ja-e-o-maior-em-duas-decadas\/#webpage","url":"https:\/\/newsinfoco.com.br\/inicio\/amazonia-numero-de-queimadas-aumenta-e-ja-e-o-maior-em-duas-decadas\/","name":"Amaz\u00f4nia: N\u00famero de queimadas aumenta e j\u00e1 \u00e9 o maior em duas d\u00e9cadas - News In Foco - Editado por Caio Pimenta","description":"De acordo com os dados do Inpe (Programa Queimadas do Instituto Nacional de Pesquisas Espaciais), nos 11 primeiros meses do ano, o n\u00famero de focos de inc\u00eandio aumentou 43,7% na Amaz\u00f4nia, em compara\u00e7\u00e3o com 2023. Foram registrados, at\u00e9 o dia 30 de novembro, 134.979 focos de inc\u00eandio no bioma. Em 2023, no mesmo per\u00edodo, o","inLanguage":"pt-BR","isPartOf":{"@id":"https:\/\/newsinfoco.com.br\/inicio\/#website"},"breadcrumb":{"@id":"https:\/\/newsinfoco.com.br\/inicio\/amazonia-numero-de-queimadas-aumenta-e-ja-e-o-maior-em-duas-decadas\/#breadcrumblist"},"author":{"@id":"https:\/\/newsinfoco.com.br\/inicio\/author\/administrador\/#author"},"creator":{"@id":"https:\/\/newsinfoco.com.br\/inicio\/author\/administrador\/#author"},"image":{"@type":"ImageObject","url":"https:\/\/newsinfoco.com.br\/inicio\/wp-content\/uploads\/2024\/12\/incendio-amazonia.jpg","@id":"https:\/\/newsinfoco.com.br\/inicio\/amazonia-numero-de-queimadas-aumenta-e-ja-e-o-maior-em-duas-decadas\/#mainImage","width":600,"height":420},"primaryImageOfPage":{"@id":"https:\/\/newsinfoco.com.br\/inicio\/amazonia-numero-de-queimadas-aumenta-e-ja-e-o-maior-em-duas-decadas\/#mainImage"},"datePublished":"2024-12-05T14:43:41-03:00","dateModified":"2024-12-05T14:43:41-03:00"},{"@type":"WebSite","@id":"https:\/\/newsinfoco.com.br\/inicio\/#website","url":"https:\/\/newsinfoco.com.br\/inicio\/","name":"News In Foco - Editado por Caio Pimenta","description":"O principal site de noticias de Alagoinhas e regi\u00e3o","inLanguage":"pt-BR","publisher":{"@id":"https:\/\/newsinfoco.com.br\/inicio\/#organization"}}]},"og:locale":"pt_BR","og:site_name":"News In Foco - Editado por Caio Pimenta - O principal site de noticias de Alagoinhas e regi\u00e3o","og:type":"article","og:title":"Amaz\u00f4nia: N\u00famero de queimadas aumenta e j\u00e1 \u00e9 o maior em duas d\u00e9cadas - News In Foco - Editado por Caio Pimenta","og:description":"De acordo com os dados do Inpe (Programa Queimadas do Instituto Nacional de Pesquisas Espaciais), nos 11 primeiros meses do ano, o n\u00famero de focos de inc\u00eandio aumentou 43,7% na Amaz\u00f4nia, em compara\u00e7\u00e3o com 2023. Foram registrados, at\u00e9 o dia 30 de novembro, 134.979 focos de inc\u00eandio no bioma. Em 2023, no mesmo per\u00edodo, o","og:url":"https:\/\/newsinfoco.com.br\/inicio\/amazonia-numero-de-queimadas-aumenta-e-ja-e-o-maior-em-duas-decadas\/","article:published_time":"2024-12-05T17:43:41+00:00","article:modified_time":"2024-12-05T17:43:41+00:00","twitter:card":"summary_large_image","twitter:title":"Amaz\u00f4nia: N\u00famero de queimadas aumenta e j\u00e1 \u00e9 o maior em duas d\u00e9cadas - News In Foco - Editado por Caio Pimenta","twitter:description":"De acordo com os dados do Inpe (Programa Queimadas do Instituto Nacional de Pesquisas Espaciais), nos 11 primeiros meses do ano, o n\u00famero de focos de inc\u00eandio aumentou 43,7% na Amaz\u00f4nia, em compara\u00e7\u00e3o com 2023. Foram registrados, at\u00e9 o dia 30 de novembro, 134.979 focos de inc\u00eandio no bioma. Em 2023, no mesmo per\u00edodo, o"},"aioseo_meta_data":{"post_id":"37239","title":null,"description":null,"keywords":null,"keyphrases":{"focus":{"keyphrase":"","score":0,"analysis":{"keyphraseInTitle":{"score":0,"maxScore":9,"error":1}}},"additional":[]},"primary_term":null,"canonical_url":null,"og_title":null,"og_description":null,"og_object_type":"default","og_image_type":"default","og_image_url":null,"og_image_width":null,"og_image_height":null,"og_image_custom_url":null,"og_image_custom_fields":null,"og_video":"","og_custom_url":null,"og_article_section":null,"og_article_tags":null,"twitter_use_og":false,"twitter_card":"default","twitter_image_type":"default","twitter_image_url":null,"twitter_image_custom_url":null,"twitter_image_custom_fields":null,"twitter_title":null,"twitter_description":null,"schema":{"blockGraphs":[],"customGraphs":[],"default":{"data":{"Article":[],"Course":[],"Dataset":[],"FAQPage":[],"Movie":[],"Person":[],"Product":[],"ProductReview":[],"Car":[],"Recipe":[],"Service":[],"SoftwareApplication":[],"WebPage":[]},"graphName":"BlogPosting","isEnabled":true},"graphs":[]},"schema_type":"default","schema_type_options":null,"pillar_content":false,"robots_default":true,"robots_noindex":false,"robots_noarchive":false,"robots_nosnippet":false,"robots_nofollow":false,"robots_noimageindex":false,"robots_noodp":false,"robots_notranslate":false,"robots_max_snippet":"-1","robots_max_videopreview":"-1","robots_max_imagepreview":"large","priority":null,"frequency":"default","local_seo":null,"breadcrumb_settings":null,"limit_modified_date":false,"ai":null,"created":"2024-12-05 17:43:41","updated":"2025-07-11 11:14:55","seo_analyzer_scan_date":null},"aioseo_breadcrumb":"<div class=\"aioseo-breadcrumbs\"><span class=\"aioseo-breadcrumb\">\n\t\t\t<a href=\"https:\/\/newsinfoco.com.br\/inicio\" title=\"In\u00edcio\">In\u00edcio<\/a>\n\t\t<\/span><span class=\"aioseo-breadcrumb-separator\">&raquo;<\/span><span class=\"aioseo-breadcrumb\">\n\t\t\t<a href=\"https:\/\/newsinfoco.com.br\/inicio\/category\/brasil\/\" title=\"Brasil\">Brasil<\/a>\n\t\t<\/span><span class=\"aioseo-breadcrumb-separator\">&raquo;<\/span><span class=\"aioseo-breadcrumb\">\n\t\t\tAmaz\u00f4nia: N\u00famero de queimadas aumenta e j\u00e1 \u00e9 o maior em duas d\u00e9cadas\n\t\t<\/span><\/div>","aioseo_breadcrumb_json":[{"label":"In\u00edcio","link":"https:\/\/newsinfoco.com.br\/inicio"},{"label":"Brasil","link":"https:\/\/newsinfoco.com.br\/inicio\/category\/brasil\/"},{"label":"Amaz\u00f4nia: N\u00famero de queimadas aumenta e j\u00e1 \u00e9 o maior em duas d\u00e9cadas","link":"https:\/\/newsinfoco.com.br\/inicio\/amazonia-numero-de-queimadas-aumenta-e-ja-e-o-maior-em-duas-decadas\/"}],"_links":{"self":[{"href":"https:\/\/newsinfoco.com.br\/inicio\/wp-json\/wp\/v2\/posts\/37239","targetHints":{"allow":["GET"]}}],"collection":[{"href":"https:\/\/newsinfoco.com.br\/inicio\/wp-json\/wp\/v2\/posts"}],"about":[{"href":"https:\/\/newsinfoco.com.br\/inicio\/wp-json\/wp\/v2\/types\/post"}],"author":[{"embeddable":true,"href":"https:\/\/newsinfoco.com.br\/inicio\/wp-json\/wp\/v2\/users\/1"}],"replies":[{"embeddable":true,"href":"https:\/\/newsinfoco.com.br\/inicio\/wp-json\/wp\/v2\/comments?post=37239"}],"version-history":[{"count":1,"href":"https:\/\/newsinfoco.com.br\/inicio\/wp-json\/wp\/v2\/posts\/37239\/revisions"}],"predecessor-version":[{"id":37241,"href":"https:\/\/newsinfoco.com.br\/inicio\/wp-json\/wp\/v2\/posts\/37239\/revisions\/37241"}],"wp:featuredmedia":[{"embeddable":true,"href":"https:\/\/newsinfoco.com.br\/inicio\/wp-json\/wp\/v2\/media\/37240"}],"wp:attachment":[{"href":"https:\/\/newsinfoco.com.br\/inicio\/wp-json\/wp\/v2\/media?parent=37239"}],"wp:term":[{"taxonomy":"category","embeddable":true,"href":"https:\/\/newsinfoco.com.br\/inicio\/wp-json\/wp\/v2\/categories?post=37239"},{"taxonomy":"post_tag","embeddable":true,"href":"https:\/\/newsinfoco.com.br\/inicio\/wp-json\/wp\/v2\/tags?post=37239"}],"curies":[{"name":"wp","href":"https:\/\/api.w.org\/{rel}","templated":true}]}}