{"id":37250,"date":"2024-12-06T12:09:31","date_gmt":"2024-12-06T15:09:31","guid":{"rendered":"https:\/\/newsinfoco.com.br\/inicio\/?p=37250"},"modified":"2024-12-06T12:09:31","modified_gmt":"2024-12-06T15:09:31","slug":"1a-expo-afro-evidenciou-o-empreendedorismo-negro-e-feminino-em-salvador","status":"publish","type":"post","link":"https:\/\/newsinfoco.com.br\/inicio\/1a-expo-afro-evidenciou-o-empreendedorismo-negro-e-feminino-em-salvador\/","title":{"rendered":"1\u00aa EXPO AFRO evidenciou o empreendedorismo negro e feminino em Salvador"},"content":{"rendered":"<p>De 28 a 30 de novembro, Salvador recebeu a 1\u00aa EXPO AFRO, um evento significativo que ocorreu no Bahia Outlet Center, localizado no bairro do Uruguai. A iniciativa foi promovida pela Redes Emunde e pelo Bahia Outlet Center, em uma celebra\u00e7\u00e3o ao Novembro Negro e ao Dia Mundial do Empreendedorismo Feminino. A EXPO AFRO trouxe uma vitrine especial para afroempreendedores baianos, abrangendo setores como moda, sa\u00fade, beleza, arte, m\u00fasica e gastronomia.<\/p>\n<p>O evento contou com o apoio de diversas institui\u00e7\u00f5es, incluindo o Sebrae Bahia e a Prefeitura de Salvador, visando promover o empoderamento e a autonomia financeira dos empreendedores negros. A programa\u00e7\u00e3o incluiu feiras de cr\u00e9dito, palestras e oficinas pr\u00e1ticas, todas voltadas para o fortalecimento do empreendedorismo \u00e9tnico. Nomes destacados, como M\u00e1rio Nelson e Edson Costa, compartilharam suas experi\u00eancias e conhecimentos com os participantes.<\/p>\n<p>Rosemma Maluf, superintendente do Bahia Outlet Center, afirmou: \u201cO engajamento do Bahia Outlet Center na 1\u00aa Expo Afro 2024 reflete o nosso compromisso com a responsabilidade social e empresarial.\u201d O evento tamb\u00e9m destacou a import\u00e2ncia do empreendedorismo feminino e do afroturismo, buscando qualificar e mobilizar a juventude negra e as mulheres negras para superarem a vulnerabilidade.<\/p>\n<p>Evil\u00e1sio Bou\u00e7as, Presidente do Conselho Municipal das Comunidades Negras, elogiou a iniciativa, afirmando que a EXPO AFRO \u201cchama a aten\u00e7\u00e3o dos gestores p\u00fablicos para a necessidade de incentivar essa \u00e1rea de atua\u00e7\u00e3o da popula\u00e7\u00e3o.\u201d Ele ressaltou a relev\u00e2ncia do empreendedorismo como forma de sobreviv\u00eancia para muitas fam\u00edlias e a import\u00e2ncia de pol\u00edticas p\u00fablicas de apoio.<\/p>\n<div>\n<div>\n<div class=\"trv-player-container\">\n<div class=\"trv-wrapper\">\n<div id=\"br_video_player_96081ec5f774946c77661d5d558f2e9dc3c659f9\" class=\"trvd_video_player\">\n<div class=\"media-player\">\n<div class=\"trv-video\">\n<div id=\"truvid_ima_container21888\" class=\"truvid_ima_container\">\n<div>\n<div class=\"conteudo_post\">\n<p>\u201cA Expo Afro representa um marco no fortalecimento do afroempreendedorismo, afroturismo e do empreendedorismo feminino nas comunidades da Pen\u00ednsula Itapagipana. O evento foi um espa\u00e7o de capacita\u00e7\u00e3o e mobiliza\u00e7\u00e3o, onde talentos e saberes foram valorizados. A participa\u00e7\u00e3o ativa da juventude negra e das mulheres negras foi fundamental para promover a autonomia e a redu\u00e7\u00e3o da vulnerabilidade. A troca de experi\u00eancias e a troca de saberes nas mesas de debate e oficinas evidenciaram a for\u00e7a e a riqueza da cultura afro-brasileira. Estamos apenas come\u00e7ando uma jornada promissora em dire\u00e7\u00e3o ao desenvolvimento e \u00e0 igualdade\u201d, afirmou Edson Costa, da Rede Emunde.<\/p>\n<p>Mad\u00e1, CEO da marca Negrif, compartilhou sua empolga\u00e7\u00e3o com o evento, dizendo: \u201c\u00c9 super importante estar aqui. Acredito que a Expo Afro ter\u00e1 vida longa.\u201d O evento foi um marco na promo\u00e7\u00e3o do empreendedorismo negro e na valoriza\u00e7\u00e3o da cultura afro-brasileira, contribuindo para a constru\u00e7\u00e3o de um futuro mais justo e igualit\u00e1rio.<\/p>\n<\/div>\n<div id=\"div-share\">Bahia.ba<\/div>\n<\/div>\n<\/div>\n<\/div>\n<div class=\"trv-poster\"><\/div>\n<\/div>\n<div class=\"trv-autoskip-container\">\n<div class=\"trv-autoskip-background\">\n<div class=\"trv-autoskip-line-top\">\n<div><\/div>\n<\/div>\n<div class=\"trv-autoskip-line-right\">\n<div><\/div>\n<\/div>\n<div class=\"trv-autoskip-line-bottom\">\n<div><\/div>\n<\/div>\n<div class=\"trv-autoskip-line-left\">\n<div><\/div>\n<\/div>\n<\/div>\n<div class=\"autoskip-btn autoskip-btn-blue\"><\/div>\n<div class=\"autoskip-btn autoskip-btn-gray\"><\/div>\n<\/div>\n<div><\/div>\n<p><img decoding=\"async\" src=\"https:\/\/ads.stickyadstv.com\/auto-user-sync?_fw_gdpr=0&amp;_fw_gdpr_consent=\" \/><img decoding=\"async\" src=\"https:\/\/ads.stickyadstv.com\/user-matching?id=2545&amp;_fw_gdpr=0&amp;_fw_gdpr_consent=\" \/><\/p>\n<div><\/div>\n<div><\/div>\n<p><img decoding=\"async\" src=\"https:\/\/ads.stickyadstv.com\/auto-user-sync?_fw_gdpr=0&amp;_fw_gdpr_consent=\" \/><img decoding=\"async\" src=\"https:\/\/ads.stickyadstv.com\/user-matching?id=2545&amp;_fw_gdpr=0&amp;_fw_gdpr_consent=\" \/><\/p>\n<div><\/div>\n<\/div>\n<\/div>\n<\/div>\n<\/div>\n<\/div>\n<div class='share-to-whatsapp-wrapper'><div class='share-on-whsp'>Share on: <\/div><a data-text='1\u00aa EXPO AFRO evidenciou o empreendedorismo negro e feminino em Salvador' data-link='https:\/\/newsinfoco.com.br\/inicio\/1a-expo-afro-evidenciou-o-empreendedorismo-negro-e-feminino-em-salvador\/' class='whatsapp-button whatsapp-share'>WhatsApp<\/a><div class='clear '><\/div><\/div>","protected":false},"excerpt":{"rendered":"<p>De 28 a 30 de novembro, Salvador recebeu a 1\u00aa EXPO AFRO, um evento significativo que ocorreu no Bahia Outlet Center, localizado no bairro do Uruguai. A iniciativa foi promovida pela Redes Emunde e pelo Bahia Outlet Center, em uma celebra\u00e7\u00e3o ao Novembro Negro e ao Dia Mundial do Empreendedorismo Feminino. A EXPO AFRO trouxe [&hellip;]<\/p>\n","protected":false},"author":1,"featured_media":37251,"comment_status":"closed","ping_status":"closed","sticky":false,"template":"","format":"standard","meta":{"om_disable_all_campaigns":false,"rop_custom_images_group":[],"rop_custom_messages_group":[],"rop_publish_now":"initial","rop_publish_now_accounts":[],"rop_publish_now_history":[],"rop_publish_now_status":"pending","_exactmetrics_skip_tracking":false,"footnotes":""},"categories":[19],"tags":[],"class_list":["post-37250","post","type-post","status-publish","format-standard","has-post-thumbnail","hentry","category-bahia"],"aioseo_notices":[],"aioseo_head":"\n\t\t<!-- All in One SEO 4.9.10 - aioseo.com -->\n\t<meta name=\"description\" content=\"De 28 a 30 de novembro, Salvador recebeu a 1\u00aa EXPO AFRO, um evento significativo que ocorreu no Bahia Outlet Center, localizado no bairro do Uruguai. A iniciativa foi promovida pela Redes Emunde e pelo Bahia Outlet Center, em uma celebra\u00e7\u00e3o ao Novembro Negro e ao Dia Mundial do Empreendedorismo Feminino. A EXPO AFRO trouxe\" \/>\n\t<meta name=\"robots\" content=\"max-image-preview:large\" \/>\n\t<meta name=\"author\" content=\"administrador\"\/>\n\t<link rel=\"canonical\" href=\"https:\/\/newsinfoco.com.br\/inicio\/1a-expo-afro-evidenciou-o-empreendedorismo-negro-e-feminino-em-salvador\/\" \/>\n\t<meta name=\"generator\" content=\"All in One SEO (AIOSEO) 4.9.10\" \/>\n\t\t<meta property=\"og:locale\" content=\"pt_BR\" \/>\n\t\t<meta property=\"og:site_name\" content=\"News In Foco - Editado por Caio Pimenta - O principal site de noticias de Alagoinhas e regi\u00e3o\" \/>\n\t\t<meta property=\"og:type\" content=\"article\" \/>\n\t\t<meta property=\"og:title\" content=\"1\u00aa EXPO AFRO evidenciou o empreendedorismo negro e feminino em Salvador - News In Foco - Editado por Caio Pimenta\" \/>\n\t\t<meta property=\"og:description\" content=\"De 28 a 30 de novembro, Salvador recebeu a 1\u00aa EXPO AFRO, um evento significativo que ocorreu no Bahia Outlet Center, localizado no bairro do Uruguai. A iniciativa foi promovida pela Redes Emunde e pelo Bahia Outlet Center, em uma celebra\u00e7\u00e3o ao Novembro Negro e ao Dia Mundial do Empreendedorismo Feminino. A EXPO AFRO trouxe\" \/>\n\t\t<meta property=\"og:url\" content=\"https:\/\/newsinfoco.com.br\/inicio\/1a-expo-afro-evidenciou-o-empreendedorismo-negro-e-feminino-em-salvador\/\" \/>\n\t\t<meta property=\"article:published_time\" content=\"2024-12-06T15:09:31+00:00\" \/>\n\t\t<meta property=\"article:modified_time\" content=\"2024-12-06T15:09:31+00:00\" \/>\n\t\t<meta name=\"twitter:card\" content=\"summary_large_image\" \/>\n\t\t<meta name=\"twitter:title\" content=\"1\u00aa EXPO AFRO evidenciou o empreendedorismo negro e feminino em Salvador - News In Foco - Editado por Caio Pimenta\" \/>\n\t\t<meta name=\"twitter:description\" content=\"De 28 a 30 de novembro, Salvador recebeu a 1\u00aa EXPO AFRO, um evento significativo que ocorreu no Bahia Outlet Center, localizado no bairro do Uruguai. A iniciativa foi promovida pela Redes Emunde e pelo Bahia Outlet Center, em uma celebra\u00e7\u00e3o ao Novembro Negro e ao Dia Mundial do Empreendedorismo Feminino. A EXPO AFRO trouxe\" \/>\n\t\t<script type=\"application\/ld+json\" class=\"aioseo-schema\">\n\t\t\t{\"@context\":\"https:\\\/\\\/schema.org\",\"@graph\":[{\"@type\":\"BlogPosting\",\"@id\":\"https:\\\/\\\/newsinfoco.com.br\\\/inicio\\\/1a-expo-afro-evidenciou-o-empreendedorismo-negro-e-feminino-em-salvador\\\/#blogposting\",\"name\":\"1\\u00aa EXPO AFRO evidenciou o empreendedorismo negro e feminino em Salvador - News In Foco - Editado por Caio Pimenta\",\"headline\":\"1\\u00aa EXPO AFRO evidenciou o empreendedorismo negro e feminino em Salvador\",\"author\":{\"@id\":\"https:\\\/\\\/newsinfoco.com.br\\\/inicio\\\/author\\\/administrador\\\/#author\"},\"publisher\":{\"@id\":\"https:\\\/\\\/newsinfoco.com.br\\\/inicio\\\/#organization\"},\"image\":{\"@type\":\"ImageObject\",\"url\":\"https:\\\/\\\/newsinfoco.com.br\\\/inicio\\\/wp-content\\\/uploads\\\/2024\\\/12\\\/Design-sem-nome-220.jpg\",\"width\":600,\"height\":420},\"datePublished\":\"2024-12-06T12:09:31-03:00\",\"dateModified\":\"2024-12-06T12:09:31-03:00\",\"inLanguage\":\"pt-BR\",\"mainEntityOfPage\":{\"@id\":\"https:\\\/\\\/newsinfoco.com.br\\\/inicio\\\/1a-expo-afro-evidenciou-o-empreendedorismo-negro-e-feminino-em-salvador\\\/#webpage\"},\"isPartOf\":{\"@id\":\"https:\\\/\\\/newsinfoco.com.br\\\/inicio\\\/1a-expo-afro-evidenciou-o-empreendedorismo-negro-e-feminino-em-salvador\\\/#webpage\"},\"articleSection\":\"Bahia\"},{\"@type\":\"BreadcrumbList\",\"@id\":\"https:\\\/\\\/newsinfoco.com.br\\\/inicio\\\/1a-expo-afro-evidenciou-o-empreendedorismo-negro-e-feminino-em-salvador\\\/#breadcrumblist\",\"itemListElement\":[{\"@type\":\"ListItem\",\"@id\":\"https:\\\/\\\/newsinfoco.com.br\\\/inicio#listItem\",\"position\":1,\"name\":\"In\\u00edcio\",\"item\":\"https:\\\/\\\/newsinfoco.com.br\\\/inicio\",\"nextItem\":{\"@type\":\"ListItem\",\"@id\":\"https:\\\/\\\/newsinfoco.com.br\\\/inicio\\\/category\\\/bahia\\\/#listItem\",\"name\":\"Bahia\"}},{\"@type\":\"ListItem\",\"@id\":\"https:\\\/\\\/newsinfoco.com.br\\\/inicio\\\/category\\\/bahia\\\/#listItem\",\"position\":2,\"name\":\"Bahia\",\"item\":\"https:\\\/\\\/newsinfoco.com.br\\\/inicio\\\/category\\\/bahia\\\/\",\"nextItem\":{\"@type\":\"ListItem\",\"@id\":\"https:\\\/\\\/newsinfoco.com.br\\\/inicio\\\/1a-expo-afro-evidenciou-o-empreendedorismo-negro-e-feminino-em-salvador\\\/#listItem\",\"name\":\"1\\u00aa EXPO AFRO evidenciou o empreendedorismo negro e feminino em Salvador\"},\"previousItem\":{\"@type\":\"ListItem\",\"@id\":\"https:\\\/\\\/newsinfoco.com.br\\\/inicio#listItem\",\"name\":\"In\\u00edcio\"}},{\"@type\":\"ListItem\",\"@id\":\"https:\\\/\\\/newsinfoco.com.br\\\/inicio\\\/1a-expo-afro-evidenciou-o-empreendedorismo-negro-e-feminino-em-salvador\\\/#listItem\",\"position\":3,\"name\":\"1\\u00aa EXPO AFRO evidenciou o empreendedorismo negro e feminino em Salvador\",\"previousItem\":{\"@type\":\"ListItem\",\"@id\":\"https:\\\/\\\/newsinfoco.com.br\\\/inicio\\\/category\\\/bahia\\\/#listItem\",\"name\":\"Bahia\"}}]},{\"@type\":\"Organization\",\"@id\":\"https:\\\/\\\/newsinfoco.com.br\\\/inicio\\\/#organization\",\"name\":\"News In Foco - Editado por Caio Pimenta\",\"description\":\"O principal site de noticias de Alagoinhas e regi\\u00e3o\",\"url\":\"https:\\\/\\\/newsinfoco.com.br\\\/inicio\\\/\"},{\"@type\":\"Person\",\"@id\":\"https:\\\/\\\/newsinfoco.com.br\\\/inicio\\\/author\\\/administrador\\\/#author\",\"url\":\"https:\\\/\\\/newsinfoco.com.br\\\/inicio\\\/author\\\/administrador\\\/\",\"name\":\"administrador\",\"image\":{\"@type\":\"ImageObject\",\"@id\":\"https:\\\/\\\/newsinfoco.com.br\\\/inicio\\\/1a-expo-afro-evidenciou-o-empreendedorismo-negro-e-feminino-em-salvador\\\/#authorImage\",\"url\":\"https:\\\/\\\/secure.gravatar.com\\\/avatar\\\/c17a617433de8c1dc9584bb79aab7563b46f5bb7e1728c9b17d9cc3ce6a08e49?s=96&d=mm&r=g\",\"width\":96,\"height\":96,\"caption\":\"administrador\"}},{\"@type\":\"WebPage\",\"@id\":\"https:\\\/\\\/newsinfoco.com.br\\\/inicio\\\/1a-expo-afro-evidenciou-o-empreendedorismo-negro-e-feminino-em-salvador\\\/#webpage\",\"url\":\"https:\\\/\\\/newsinfoco.com.br\\\/inicio\\\/1a-expo-afro-evidenciou-o-empreendedorismo-negro-e-feminino-em-salvador\\\/\",\"name\":\"1\\u00aa EXPO AFRO evidenciou o empreendedorismo negro e feminino em Salvador - News In Foco - Editado por Caio Pimenta\",\"description\":\"De 28 a 30 de novembro, Salvador recebeu a 1\\u00aa EXPO AFRO, um evento significativo que ocorreu no Bahia Outlet Center, localizado no bairro do Uruguai. A iniciativa foi promovida pela Redes Emunde e pelo Bahia Outlet Center, em uma celebra\\u00e7\\u00e3o ao Novembro Negro e ao Dia Mundial do Empreendedorismo Feminino. A EXPO AFRO trouxe\",\"inLanguage\":\"pt-BR\",\"isPartOf\":{\"@id\":\"https:\\\/\\\/newsinfoco.com.br\\\/inicio\\\/#website\"},\"breadcrumb\":{\"@id\":\"https:\\\/\\\/newsinfoco.com.br\\\/inicio\\\/1a-expo-afro-evidenciou-o-empreendedorismo-negro-e-feminino-em-salvador\\\/#breadcrumblist\"},\"author\":{\"@id\":\"https:\\\/\\\/newsinfoco.com.br\\\/inicio\\\/author\\\/administrador\\\/#author\"},\"creator\":{\"@id\":\"https:\\\/\\\/newsinfoco.com.br\\\/inicio\\\/author\\\/administrador\\\/#author\"},\"image\":{\"@type\":\"ImageObject\",\"url\":\"https:\\\/\\\/newsinfoco.com.br\\\/inicio\\\/wp-content\\\/uploads\\\/2024\\\/12\\\/Design-sem-nome-220.jpg\",\"@id\":\"https:\\\/\\\/newsinfoco.com.br\\\/inicio\\\/1a-expo-afro-evidenciou-o-empreendedorismo-negro-e-feminino-em-salvador\\\/#mainImage\",\"width\":600,\"height\":420},\"primaryImageOfPage\":{\"@id\":\"https:\\\/\\\/newsinfoco.com.br\\\/inicio\\\/1a-expo-afro-evidenciou-o-empreendedorismo-negro-e-feminino-em-salvador\\\/#mainImage\"},\"datePublished\":\"2024-12-06T12:09:31-03:00\",\"dateModified\":\"2024-12-06T12:09:31-03:00\"},{\"@type\":\"WebSite\",\"@id\":\"https:\\\/\\\/newsinfoco.com.br\\\/inicio\\\/#website\",\"url\":\"https:\\\/\\\/newsinfoco.com.br\\\/inicio\\\/\",\"name\":\"News In Foco - Editado por Caio Pimenta\",\"description\":\"O principal site de noticias de Alagoinhas e regi\\u00e3o\",\"inLanguage\":\"pt-BR\",\"publisher\":{\"@id\":\"https:\\\/\\\/newsinfoco.com.br\\\/inicio\\\/#organization\"}}]}\n\t\t<\/script>\n\t\t<!-- All in One SEO -->\n\n","aioseo_head_json":{"title":"1\u00aa EXPO AFRO evidenciou o empreendedorismo negro e feminino em Salvador - News In Foco - Editado por Caio Pimenta","description":"De 28 a 30 de novembro, Salvador recebeu a 1\u00aa EXPO AFRO, um evento significativo que ocorreu no Bahia Outlet Center, localizado no bairro do Uruguai. A iniciativa foi promovida pela Redes Emunde e pelo Bahia Outlet Center, em uma celebra\u00e7\u00e3o ao Novembro Negro e ao Dia Mundial do Empreendedorismo Feminino. A EXPO AFRO trouxe","canonical_url":"https:\/\/newsinfoco.com.br\/inicio\/1a-expo-afro-evidenciou-o-empreendedorismo-negro-e-feminino-em-salvador\/","robots":"max-image-preview:large","keywords":"","webmasterTools":{"miscellaneous":""},"schema":{"@context":"https:\/\/schema.org","@graph":[{"@type":"BlogPosting","@id":"https:\/\/newsinfoco.com.br\/inicio\/1a-expo-afro-evidenciou-o-empreendedorismo-negro-e-feminino-em-salvador\/#blogposting","name":"1\u00aa EXPO AFRO evidenciou o empreendedorismo negro e feminino em Salvador - News In Foco - Editado por Caio Pimenta","headline":"1\u00aa EXPO AFRO evidenciou o empreendedorismo negro e feminino em Salvador","author":{"@id":"https:\/\/newsinfoco.com.br\/inicio\/author\/administrador\/#author"},"publisher":{"@id":"https:\/\/newsinfoco.com.br\/inicio\/#organization"},"image":{"@type":"ImageObject","url":"https:\/\/newsinfoco.com.br\/inicio\/wp-content\/uploads\/2024\/12\/Design-sem-nome-220.jpg","width":600,"height":420},"datePublished":"2024-12-06T12:09:31-03:00","dateModified":"2024-12-06T12:09:31-03:00","inLanguage":"pt-BR","mainEntityOfPage":{"@id":"https:\/\/newsinfoco.com.br\/inicio\/1a-expo-afro-evidenciou-o-empreendedorismo-negro-e-feminino-em-salvador\/#webpage"},"isPartOf":{"@id":"https:\/\/newsinfoco.com.br\/inicio\/1a-expo-afro-evidenciou-o-empreendedorismo-negro-e-feminino-em-salvador\/#webpage"},"articleSection":"Bahia"},{"@type":"BreadcrumbList","@id":"https:\/\/newsinfoco.com.br\/inicio\/1a-expo-afro-evidenciou-o-empreendedorismo-negro-e-feminino-em-salvador\/#breadcrumblist","itemListElement":[{"@type":"ListItem","@id":"https:\/\/newsinfoco.com.br\/inicio#listItem","position":1,"name":"In\u00edcio","item":"https:\/\/newsinfoco.com.br\/inicio","nextItem":{"@type":"ListItem","@id":"https:\/\/newsinfoco.com.br\/inicio\/category\/bahia\/#listItem","name":"Bahia"}},{"@type":"ListItem","@id":"https:\/\/newsinfoco.com.br\/inicio\/category\/bahia\/#listItem","position":2,"name":"Bahia","item":"https:\/\/newsinfoco.com.br\/inicio\/category\/bahia\/","nextItem":{"@type":"ListItem","@id":"https:\/\/newsinfoco.com.br\/inicio\/1a-expo-afro-evidenciou-o-empreendedorismo-negro-e-feminino-em-salvador\/#listItem","name":"1\u00aa EXPO AFRO evidenciou o empreendedorismo negro e feminino em Salvador"},"previousItem":{"@type":"ListItem","@id":"https:\/\/newsinfoco.com.br\/inicio#listItem","name":"In\u00edcio"}},{"@type":"ListItem","@id":"https:\/\/newsinfoco.com.br\/inicio\/1a-expo-afro-evidenciou-o-empreendedorismo-negro-e-feminino-em-salvador\/#listItem","position":3,"name":"1\u00aa EXPO AFRO evidenciou o empreendedorismo negro e feminino em Salvador","previousItem":{"@type":"ListItem","@id":"https:\/\/newsinfoco.com.br\/inicio\/category\/bahia\/#listItem","name":"Bahia"}}]},{"@type":"Organization","@id":"https:\/\/newsinfoco.com.br\/inicio\/#organization","name":"News In Foco - Editado por Caio Pimenta","description":"O principal site de noticias de Alagoinhas e regi\u00e3o","url":"https:\/\/newsinfoco.com.br\/inicio\/"},{"@type":"Person","@id":"https:\/\/newsinfoco.com.br\/inicio\/author\/administrador\/#author","url":"https:\/\/newsinfoco.com.br\/inicio\/author\/administrador\/","name":"administrador","image":{"@type":"ImageObject","@id":"https:\/\/newsinfoco.com.br\/inicio\/1a-expo-afro-evidenciou-o-empreendedorismo-negro-e-feminino-em-salvador\/#authorImage","url":"https:\/\/secure.gravatar.com\/avatar\/c17a617433de8c1dc9584bb79aab7563b46f5bb7e1728c9b17d9cc3ce6a08e49?s=96&d=mm&r=g","width":96,"height":96,"caption":"administrador"}},{"@type":"WebPage","@id":"https:\/\/newsinfoco.com.br\/inicio\/1a-expo-afro-evidenciou-o-empreendedorismo-negro-e-feminino-em-salvador\/#webpage","url":"https:\/\/newsinfoco.com.br\/inicio\/1a-expo-afro-evidenciou-o-empreendedorismo-negro-e-feminino-em-salvador\/","name":"1\u00aa EXPO AFRO evidenciou o empreendedorismo negro e feminino em Salvador - News In Foco - Editado por Caio Pimenta","description":"De 28 a 30 de novembro, Salvador recebeu a 1\u00aa EXPO AFRO, um evento significativo que ocorreu no Bahia Outlet Center, localizado no bairro do Uruguai. A iniciativa foi promovida pela Redes Emunde e pelo Bahia Outlet Center, em uma celebra\u00e7\u00e3o ao Novembro Negro e ao Dia Mundial do Empreendedorismo Feminino. A EXPO AFRO trouxe","inLanguage":"pt-BR","isPartOf":{"@id":"https:\/\/newsinfoco.com.br\/inicio\/#website"},"breadcrumb":{"@id":"https:\/\/newsinfoco.com.br\/inicio\/1a-expo-afro-evidenciou-o-empreendedorismo-negro-e-feminino-em-salvador\/#breadcrumblist"},"author":{"@id":"https:\/\/newsinfoco.com.br\/inicio\/author\/administrador\/#author"},"creator":{"@id":"https:\/\/newsinfoco.com.br\/inicio\/author\/administrador\/#author"},"image":{"@type":"ImageObject","url":"https:\/\/newsinfoco.com.br\/inicio\/wp-content\/uploads\/2024\/12\/Design-sem-nome-220.jpg","@id":"https:\/\/newsinfoco.com.br\/inicio\/1a-expo-afro-evidenciou-o-empreendedorismo-negro-e-feminino-em-salvador\/#mainImage","width":600,"height":420},"primaryImageOfPage":{"@id":"https:\/\/newsinfoco.com.br\/inicio\/1a-expo-afro-evidenciou-o-empreendedorismo-negro-e-feminino-em-salvador\/#mainImage"},"datePublished":"2024-12-06T12:09:31-03:00","dateModified":"2024-12-06T12:09:31-03:00"},{"@type":"WebSite","@id":"https:\/\/newsinfoco.com.br\/inicio\/#website","url":"https:\/\/newsinfoco.com.br\/inicio\/","name":"News In Foco - Editado por Caio Pimenta","description":"O principal site de noticias de Alagoinhas e regi\u00e3o","inLanguage":"pt-BR","publisher":{"@id":"https:\/\/newsinfoco.com.br\/inicio\/#organization"}}]},"og:locale":"pt_BR","og:site_name":"News In Foco - Editado por Caio Pimenta - O principal site de noticias de Alagoinhas e regi\u00e3o","og:type":"article","og:title":"1\u00aa EXPO AFRO evidenciou o empreendedorismo negro e feminino em Salvador - News In Foco - Editado por Caio Pimenta","og:description":"De 28 a 30 de novembro, Salvador recebeu a 1\u00aa EXPO AFRO, um evento significativo que ocorreu no Bahia Outlet Center, localizado no bairro do Uruguai. A iniciativa foi promovida pela Redes Emunde e pelo Bahia Outlet Center, em uma celebra\u00e7\u00e3o ao Novembro Negro e ao Dia Mundial do Empreendedorismo Feminino. A EXPO AFRO trouxe","og:url":"https:\/\/newsinfoco.com.br\/inicio\/1a-expo-afro-evidenciou-o-empreendedorismo-negro-e-feminino-em-salvador\/","article:published_time":"2024-12-06T15:09:31+00:00","article:modified_time":"2024-12-06T15:09:31+00:00","twitter:card":"summary_large_image","twitter:title":"1\u00aa EXPO AFRO evidenciou o empreendedorismo negro e feminino em Salvador - News In Foco - Editado por Caio Pimenta","twitter:description":"De 28 a 30 de novembro, Salvador recebeu a 1\u00aa EXPO AFRO, um evento significativo que ocorreu no Bahia Outlet Center, localizado no bairro do Uruguai. A iniciativa foi promovida pela Redes Emunde e pelo Bahia Outlet Center, em uma celebra\u00e7\u00e3o ao Novembro Negro e ao Dia Mundial do Empreendedorismo Feminino. A EXPO AFRO trouxe"},"aioseo_meta_data":{"post_id":"37250","title":null,"description":null,"keywords":null,"keyphrases":{"focus":{"keyphrase":"","score":0,"analysis":{"keyphraseInTitle":{"score":0,"maxScore":9,"error":1}}},"additional":[]},"primary_term":null,"canonical_url":null,"og_title":null,"og_description":null,"og_object_type":"default","og_image_type":"default","og_image_url":null,"og_image_width":null,"og_image_height":null,"og_image_custom_url":null,"og_image_custom_fields":null,"og_video":"","og_custom_url":null,"og_article_section":null,"og_article_tags":null,"twitter_use_og":false,"twitter_card":"default","twitter_image_type":"default","twitter_image_url":null,"twitter_image_custom_url":null,"twitter_image_custom_fields":null,"twitter_title":null,"twitter_description":null,"schema":{"blockGraphs":[],"customGraphs":[],"default":{"data":{"Article":[],"Course":[],"Dataset":[],"FAQPage":[],"Movie":[],"Person":[],"Product":[],"ProductReview":[],"Car":[],"Recipe":[],"Service":[],"SoftwareApplication":[],"WebPage":[]},"graphName":"BlogPosting","isEnabled":true},"graphs":[]},"schema_type":"default","schema_type_options":null,"pillar_content":false,"robots_default":true,"robots_noindex":false,"robots_noarchive":false,"robots_nosnippet":false,"robots_nofollow":false,"robots_noimageindex":false,"robots_noodp":false,"robots_notranslate":false,"robots_max_snippet":"-1","robots_max_videopreview":"-1","robots_max_imagepreview":"large","priority":null,"frequency":"default","local_seo":null,"breadcrumb_settings":null,"limit_modified_date":false,"ai":null,"created":"2024-12-06 15:09:31","updated":"2025-07-11 11:14:55","seo_analyzer_scan_date":null},"aioseo_breadcrumb":"<div class=\"aioseo-breadcrumbs\"><span class=\"aioseo-breadcrumb\">\n\t\t\t<a href=\"https:\/\/newsinfoco.com.br\/inicio\" title=\"In\u00edcio\">In\u00edcio<\/a>\n\t\t<\/span><span class=\"aioseo-breadcrumb-separator\">&raquo;<\/span><span class=\"aioseo-breadcrumb\">\n\t\t\t<a href=\"https:\/\/newsinfoco.com.br\/inicio\/category\/bahia\/\" title=\"Bahia\">Bahia<\/a>\n\t\t<\/span><span class=\"aioseo-breadcrumb-separator\">&raquo;<\/span><span class=\"aioseo-breadcrumb\">\n\t\t\t1\u00aa EXPO AFRO evidenciou o empreendedorismo negro e feminino em Salvador\n\t\t<\/span><\/div>","aioseo_breadcrumb_json":[{"label":"In\u00edcio","link":"https:\/\/newsinfoco.com.br\/inicio"},{"label":"Bahia","link":"https:\/\/newsinfoco.com.br\/inicio\/category\/bahia\/"},{"label":"1\u00aa EXPO AFRO evidenciou o empreendedorismo negro e feminino em Salvador","link":"https:\/\/newsinfoco.com.br\/inicio\/1a-expo-afro-evidenciou-o-empreendedorismo-negro-e-feminino-em-salvador\/"}],"_links":{"self":[{"href":"https:\/\/newsinfoco.com.br\/inicio\/wp-json\/wp\/v2\/posts\/37250","targetHints":{"allow":["GET"]}}],"collection":[{"href":"https:\/\/newsinfoco.com.br\/inicio\/wp-json\/wp\/v2\/posts"}],"about":[{"href":"https:\/\/newsinfoco.com.br\/inicio\/wp-json\/wp\/v2\/types\/post"}],"author":[{"embeddable":true,"href":"https:\/\/newsinfoco.com.br\/inicio\/wp-json\/wp\/v2\/users\/1"}],"replies":[{"embeddable":true,"href":"https:\/\/newsinfoco.com.br\/inicio\/wp-json\/wp\/v2\/comments?post=37250"}],"version-history":[{"count":1,"href":"https:\/\/newsinfoco.com.br\/inicio\/wp-json\/wp\/v2\/posts\/37250\/revisions"}],"predecessor-version":[{"id":37252,"href":"https:\/\/newsinfoco.com.br\/inicio\/wp-json\/wp\/v2\/posts\/37250\/revisions\/37252"}],"wp:featuredmedia":[{"embeddable":true,"href":"https:\/\/newsinfoco.com.br\/inicio\/wp-json\/wp\/v2\/media\/37251"}],"wp:attachment":[{"href":"https:\/\/newsinfoco.com.br\/inicio\/wp-json\/wp\/v2\/media?parent=37250"}],"wp:term":[{"taxonomy":"category","embeddable":true,"href":"https:\/\/newsinfoco.com.br\/inicio\/wp-json\/wp\/v2\/categories?post=37250"},{"taxonomy":"post_tag","embeddable":true,"href":"https:\/\/newsinfoco.com.br\/inicio\/wp-json\/wp\/v2\/tags?post=37250"}],"curies":[{"name":"wp","href":"https:\/\/api.w.org\/{rel}","templated":true}]}}