{"id":37253,"date":"2024-12-06T12:24:56","date_gmt":"2024-12-06T15:24:56","guid":{"rendered":"https:\/\/newsinfoco.com.br\/inicio\/?p=37253"},"modified":"2024-12-06T12:24:56","modified_gmt":"2024-12-06T15:24:56","slug":"comissoes-do-senado-propoem-emendas-ao-orcamento-no-valor-de-r-48bi","status":"publish","type":"post","link":"https:\/\/newsinfoco.com.br\/inicio\/comissoes-do-senado-propoem-emendas-ao-orcamento-no-valor-de-r-48bi\/","title":{"rendered":"Comiss\u00f5es do Senado prop\u00f5em emendas ao or\u00e7amento no valor de R$ 48bi"},"content":{"rendered":"<p>As comiss\u00f5es permanentes do Senado definiram nesta semana as emendas a serem apresentadas ao projeto de Lei Or\u00e7ament\u00e1ria Anual de 2025 (PLOA \u2014 PLN 26\/2024).\u00a0 O prazo para a entrega das proposi\u00e7\u00f5es \u00e0 Comiss\u00e3o Mista de Or\u00e7amento (CMO) terminou na quarta-feira (4).<\/p>\n<p>As sugest\u00f5es de despesas ultrapassam R$ 48 bilh\u00f5es e ser\u00e3o analisadas pelo relator-geral do Or\u00e7amento, senador\u00a0Angelo Coronel (PSD-BA). As emendas de comiss\u00e3o n\u00e3o s\u00e3o de execu\u00e7\u00e3o obrigat\u00f3ria.<\/p>\n<p>Segundo mat\u00e9ria da Ag\u00eancia Senado, todas as comiss\u00f5es permanentes podem oferecer emendas coletivas \u00e0 proposta or\u00e7ament\u00e1ria. S\u00e3o oito emendas, sendo quatro de apropria\u00e7\u00e3o e quatro de remanejamento para cada colegiado.<\/p>\n<p>Os dois tipos de emendas t\u00eam como objetivo o acr\u00e9scimo de dota\u00e7\u00e3o em programa\u00e7\u00e3o j\u00e1 existente no PLOA ou a inclus\u00e3o de nova programa\u00e7\u00e3o. A diferen\u00e7a entre elas est\u00e1 na fonte dos recursos.<\/p>\n<p>As emendas de apropria\u00e7\u00e3o usam uma reserva prevista no parecer preliminar, enquanto as de remanejamento t\u00eam como fonte exclusiva a anula\u00e7\u00e3o de dota\u00e7\u00f5es constantes do projeto de lei. Outra diferen\u00e7a \u00e9 que as emendas de remanejamento s\u00f3 podem propor acr\u00e9scimos ou cancelamentos no \u00e2mbito do mesmo \u00f3rg\u00e3o or\u00e7ament\u00e1rio e no mesmo tipo de despesa.<\/p>\n<p>A vota\u00e7\u00e3o do PLN 26\/2024 na CMO est\u00e1 prevista para o dia 12 de dezembro. A mat\u00e9ria deve ser levada ao Plen\u00e1rio do Congresso Nacional no dia seguinte.<\/p>\n<p>LDO<br \/>\nAlguns dos colegiados tamb\u00e9m aprovaram emendas ao projeto de Lei de Diretrizes Or\u00e7ament\u00e1rias (LDO) de 2025 (PLN 3\/2024), que orienta a elabora\u00e7\u00e3o do Or\u00e7amento.\u00a0 \u00c9 o caso\u00a0 da Comiss\u00e3o de Ci\u00eancia e Tecnologia (CCT), da Comiss\u00e3o de Esporte (CEsp) e da Comiss\u00e3o de Meio Ambiente (CMA).<\/p>\n<div>\n<div class=\"trv-player-container\">\n<div class=\"trv-wrapper\">\n<div id=\"br_video_player_410f98ef97d9258c99711d5d558f2e9dc3c659f9\" class=\"trvd_video_player\">\n<div class=\"media-player\">\n<div class=\"trv-poster\">\n<div class=\"conteudo_post\">\n<p>A CMA, por exemplo, aprovou iniciativas como\u00a0 \u201cPreven\u00e7\u00e3o e Controle de Inc\u00eandios Florestais nas \u00c1reas Federais Priorit\u00e1rias\u201d; \u201cGest\u00e3o do Uso Sustent\u00e1vel da Biodiversidade e Recupera\u00e7\u00e3o Ambiental\u201d;\u00a0 e \u201cImplementa\u00e7\u00e3o de Programas, Planos e A\u00e7\u00f5es para Melhoria da Qualidade Ambiental\u201d.<\/p>\n<p>As demais devem concluir at\u00e9 o dia 10, prazo final definido pelo relator da LDO, senador Conf\u00facio Moura (MDB-RO). Cada comiss\u00e3o pode apresentar tr\u00eas sugest\u00f5es de metas.<\/p>\n<\/div>\n<div id=\"div-share\">Bahia.ba<\/div>\n<\/div>\n<\/div>\n<div class=\"trv-autoskip-container\">\n<div class=\"trv-autoskip-background\">\n<div class=\"trv-autoskip-line-right\">\n<div><\/div>\n<\/div>\n<div class=\"trv-autoskip-line-bottom\">\n<div><\/div>\n<\/div>\n<div class=\"trv-autoskip-line-left\">\n<div><\/div>\n<\/div>\n<\/div>\n<div class=\"autoskip-btn autoskip-btn-blue\"><\/div>\n<div class=\"autoskip-btn autoskip-btn-gray\"><\/div>\n<\/div>\n<div><\/div>\n<p><img decoding=\"async\" src=\"https:\/\/ads.stickyadstv.com\/auto-user-sync?_fw_gdpr=0&amp;_fw_gdpr_consent=\" \/><img decoding=\"async\" src=\"https:\/\/ads.stickyadstv.com\/user-matching?id=2545&amp;_fw_gdpr=0&amp;_fw_gdpr_consent=\" \/><\/div>\n<\/div>\n<\/div>\n<\/div>\n<div class='share-to-whatsapp-wrapper'><div class='share-on-whsp'>Share on: <\/div><a data-text='Comiss\u00f5es do Senado prop\u00f5em emendas ao or\u00e7amento no valor de R$ 48bi' data-link='https:\/\/newsinfoco.com.br\/inicio\/comissoes-do-senado-propoem-emendas-ao-orcamento-no-valor-de-r-48bi\/' class='whatsapp-button whatsapp-share'>WhatsApp<\/a><div class='clear '><\/div><\/div>","protected":false},"excerpt":{"rendered":"<p>As comiss\u00f5es permanentes do Senado definiram nesta semana as emendas a serem apresentadas ao projeto de Lei Or\u00e7ament\u00e1ria Anual de 2025 (PLOA \u2014 PLN 26\/2024).\u00a0 O prazo para a entrega das proposi\u00e7\u00f5es \u00e0 Comiss\u00e3o Mista de Or\u00e7amento (CMO) terminou na quarta-feira (4). As sugest\u00f5es de despesas ultrapassam R$ 48 bilh\u00f5es e ser\u00e3o analisadas pelo relator-geral [&hellip;]<\/p>\n","protected":false},"author":1,"featured_media":37254,"comment_status":"closed","ping_status":"closed","sticky":false,"template":"","format":"standard","meta":{"om_disable_all_campaigns":false,"rop_custom_images_group":[],"rop_custom_messages_group":[],"rop_publish_now":"initial","rop_publish_now_accounts":[],"rop_publish_now_history":[],"rop_publish_now_status":"pending","_exactmetrics_skip_tracking":false,"footnotes":""},"categories":[21],"tags":[],"class_list":["post-37253","post","type-post","status-publish","format-standard","has-post-thumbnail","hentry","category-brasil"],"aioseo_notices":[],"aioseo_head":"\n\t\t<!-- All in One SEO 4.9.10 - aioseo.com -->\n\t<meta name=\"description\" content=\"As comiss\u00f5es permanentes do Senado definiram nesta semana as emendas a serem apresentadas ao projeto de Lei Or\u00e7ament\u00e1ria Anual de 2025 (PLOA \u2014 PLN 26\/2024). O prazo para a entrega das proposi\u00e7\u00f5es \u00e0 Comiss\u00e3o Mista de Or\u00e7amento (CMO) terminou na quarta-feira (4). As sugest\u00f5es de despesas ultrapassam R$ 48 bilh\u00f5es e ser\u00e3o analisadas pelo relator-geral\" \/>\n\t<meta name=\"robots\" content=\"max-image-preview:large\" \/>\n\t<meta name=\"author\" content=\"administrador\"\/>\n\t<link rel=\"canonical\" href=\"https:\/\/newsinfoco.com.br\/inicio\/comissoes-do-senado-propoem-emendas-ao-orcamento-no-valor-de-r-48bi\/\" \/>\n\t<meta name=\"generator\" content=\"All in One SEO (AIOSEO) 4.9.10\" \/>\n\t\t<meta property=\"og:locale\" content=\"pt_BR\" \/>\n\t\t<meta property=\"og:site_name\" content=\"News In Foco - Editado por Caio Pimenta - O principal site de noticias de Alagoinhas e regi\u00e3o\" \/>\n\t\t<meta property=\"og:type\" content=\"article\" \/>\n\t\t<meta property=\"og:title\" content=\"Comiss\u00f5es do Senado prop\u00f5em emendas ao or\u00e7amento no valor de R$ 48bi - News In Foco - Editado por Caio Pimenta\" \/>\n\t\t<meta property=\"og:description\" content=\"As comiss\u00f5es permanentes do Senado definiram nesta semana as emendas a serem apresentadas ao projeto de Lei Or\u00e7ament\u00e1ria Anual de 2025 (PLOA \u2014 PLN 26\/2024). O prazo para a entrega das proposi\u00e7\u00f5es \u00e0 Comiss\u00e3o Mista de Or\u00e7amento (CMO) terminou na quarta-feira (4). As sugest\u00f5es de despesas ultrapassam R$ 48 bilh\u00f5es e ser\u00e3o analisadas pelo relator-geral\" \/>\n\t\t<meta property=\"og:url\" content=\"https:\/\/newsinfoco.com.br\/inicio\/comissoes-do-senado-propoem-emendas-ao-orcamento-no-valor-de-r-48bi\/\" \/>\n\t\t<meta property=\"article:published_time\" content=\"2024-12-06T15:24:56+00:00\" \/>\n\t\t<meta property=\"article:modified_time\" content=\"2024-12-06T15:24:56+00:00\" \/>\n\t\t<meta name=\"twitter:card\" content=\"summary_large_image\" \/>\n\t\t<meta name=\"twitter:title\" content=\"Comiss\u00f5es do Senado prop\u00f5em emendas ao or\u00e7amento no valor de R$ 48bi - News In Foco - Editado por Caio Pimenta\" \/>\n\t\t<meta name=\"twitter:description\" content=\"As comiss\u00f5es permanentes do Senado definiram nesta semana as emendas a serem apresentadas ao projeto de Lei Or\u00e7ament\u00e1ria Anual de 2025 (PLOA \u2014 PLN 26\/2024). O prazo para a entrega das proposi\u00e7\u00f5es \u00e0 Comiss\u00e3o Mista de Or\u00e7amento (CMO) terminou na quarta-feira (4). As sugest\u00f5es de despesas ultrapassam R$ 48 bilh\u00f5es e ser\u00e3o analisadas pelo relator-geral\" \/>\n\t\t<script type=\"application\/ld+json\" class=\"aioseo-schema\">\n\t\t\t{\"@context\":\"https:\\\/\\\/schema.org\",\"@graph\":[{\"@type\":\"BlogPosting\",\"@id\":\"https:\\\/\\\/newsinfoco.com.br\\\/inicio\\\/comissoes-do-senado-propoem-emendas-ao-orcamento-no-valor-de-r-48bi\\\/#blogposting\",\"name\":\"Comiss\\u00f5es do Senado prop\\u00f5em emendas ao or\\u00e7amento no valor de R$ 48bi - News In Foco - Editado por Caio Pimenta\",\"headline\":\"Comiss\\u00f5es do Senado prop\\u00f5em emendas ao or\\u00e7amento no valor de R$ 48bi\",\"author\":{\"@id\":\"https:\\\/\\\/newsinfoco.com.br\\\/inicio\\\/author\\\/administrador\\\/#author\"},\"publisher\":{\"@id\":\"https:\\\/\\\/newsinfoco.com.br\\\/inicio\\\/#organization\"},\"image\":{\"@type\":\"ImageObject\",\"url\":\"https:\\\/\\\/newsinfoco.com.br\\\/inicio\\\/wp-content\\\/uploads\\\/2024\\\/12\\\/angelo-coronel.png\",\"width\":600,\"height\":420},\"datePublished\":\"2024-12-06T12:24:56-03:00\",\"dateModified\":\"2024-12-06T12:24:56-03:00\",\"inLanguage\":\"pt-BR\",\"mainEntityOfPage\":{\"@id\":\"https:\\\/\\\/newsinfoco.com.br\\\/inicio\\\/comissoes-do-senado-propoem-emendas-ao-orcamento-no-valor-de-r-48bi\\\/#webpage\"},\"isPartOf\":{\"@id\":\"https:\\\/\\\/newsinfoco.com.br\\\/inicio\\\/comissoes-do-senado-propoem-emendas-ao-orcamento-no-valor-de-r-48bi\\\/#webpage\"},\"articleSection\":\"Brasil\"},{\"@type\":\"BreadcrumbList\",\"@id\":\"https:\\\/\\\/newsinfoco.com.br\\\/inicio\\\/comissoes-do-senado-propoem-emendas-ao-orcamento-no-valor-de-r-48bi\\\/#breadcrumblist\",\"itemListElement\":[{\"@type\":\"ListItem\",\"@id\":\"https:\\\/\\\/newsinfoco.com.br\\\/inicio#listItem\",\"position\":1,\"name\":\"In\\u00edcio\",\"item\":\"https:\\\/\\\/newsinfoco.com.br\\\/inicio\",\"nextItem\":{\"@type\":\"ListItem\",\"@id\":\"https:\\\/\\\/newsinfoco.com.br\\\/inicio\\\/category\\\/brasil\\\/#listItem\",\"name\":\"Brasil\"}},{\"@type\":\"ListItem\",\"@id\":\"https:\\\/\\\/newsinfoco.com.br\\\/inicio\\\/category\\\/brasil\\\/#listItem\",\"position\":2,\"name\":\"Brasil\",\"item\":\"https:\\\/\\\/newsinfoco.com.br\\\/inicio\\\/category\\\/brasil\\\/\",\"nextItem\":{\"@type\":\"ListItem\",\"@id\":\"https:\\\/\\\/newsinfoco.com.br\\\/inicio\\\/comissoes-do-senado-propoem-emendas-ao-orcamento-no-valor-de-r-48bi\\\/#listItem\",\"name\":\"Comiss\\u00f5es do Senado prop\\u00f5em emendas ao or\\u00e7amento no valor de R$ 48bi\"},\"previousItem\":{\"@type\":\"ListItem\",\"@id\":\"https:\\\/\\\/newsinfoco.com.br\\\/inicio#listItem\",\"name\":\"In\\u00edcio\"}},{\"@type\":\"ListItem\",\"@id\":\"https:\\\/\\\/newsinfoco.com.br\\\/inicio\\\/comissoes-do-senado-propoem-emendas-ao-orcamento-no-valor-de-r-48bi\\\/#listItem\",\"position\":3,\"name\":\"Comiss\\u00f5es do Senado prop\\u00f5em emendas ao or\\u00e7amento no valor de R$ 48bi\",\"previousItem\":{\"@type\":\"ListItem\",\"@id\":\"https:\\\/\\\/newsinfoco.com.br\\\/inicio\\\/category\\\/brasil\\\/#listItem\",\"name\":\"Brasil\"}}]},{\"@type\":\"Organization\",\"@id\":\"https:\\\/\\\/newsinfoco.com.br\\\/inicio\\\/#organization\",\"name\":\"News In Foco - Editado por Caio Pimenta\",\"description\":\"O principal site de noticias de Alagoinhas e regi\\u00e3o\",\"url\":\"https:\\\/\\\/newsinfoco.com.br\\\/inicio\\\/\"},{\"@type\":\"Person\",\"@id\":\"https:\\\/\\\/newsinfoco.com.br\\\/inicio\\\/author\\\/administrador\\\/#author\",\"url\":\"https:\\\/\\\/newsinfoco.com.br\\\/inicio\\\/author\\\/administrador\\\/\",\"name\":\"administrador\",\"image\":{\"@type\":\"ImageObject\",\"@id\":\"https:\\\/\\\/newsinfoco.com.br\\\/inicio\\\/comissoes-do-senado-propoem-emendas-ao-orcamento-no-valor-de-r-48bi\\\/#authorImage\",\"url\":\"https:\\\/\\\/secure.gravatar.com\\\/avatar\\\/c17a617433de8c1dc9584bb79aab7563b46f5bb7e1728c9b17d9cc3ce6a08e49?s=96&d=mm&r=g\",\"width\":96,\"height\":96,\"caption\":\"administrador\"}},{\"@type\":\"WebPage\",\"@id\":\"https:\\\/\\\/newsinfoco.com.br\\\/inicio\\\/comissoes-do-senado-propoem-emendas-ao-orcamento-no-valor-de-r-48bi\\\/#webpage\",\"url\":\"https:\\\/\\\/newsinfoco.com.br\\\/inicio\\\/comissoes-do-senado-propoem-emendas-ao-orcamento-no-valor-de-r-48bi\\\/\",\"name\":\"Comiss\\u00f5es do Senado prop\\u00f5em emendas ao or\\u00e7amento no valor de R$ 48bi - News In Foco - Editado por Caio Pimenta\",\"description\":\"As comiss\\u00f5es permanentes do Senado definiram nesta semana as emendas a serem apresentadas ao projeto de Lei Or\\u00e7ament\\u00e1ria Anual de 2025 (PLOA \\u2014 PLN 26\\\/2024). O prazo para a entrega das proposi\\u00e7\\u00f5es \\u00e0 Comiss\\u00e3o Mista de Or\\u00e7amento (CMO) terminou na quarta-feira (4). As sugest\\u00f5es de despesas ultrapassam R$ 48 bilh\\u00f5es e ser\\u00e3o analisadas pelo relator-geral\",\"inLanguage\":\"pt-BR\",\"isPartOf\":{\"@id\":\"https:\\\/\\\/newsinfoco.com.br\\\/inicio\\\/#website\"},\"breadcrumb\":{\"@id\":\"https:\\\/\\\/newsinfoco.com.br\\\/inicio\\\/comissoes-do-senado-propoem-emendas-ao-orcamento-no-valor-de-r-48bi\\\/#breadcrumblist\"},\"author\":{\"@id\":\"https:\\\/\\\/newsinfoco.com.br\\\/inicio\\\/author\\\/administrador\\\/#author\"},\"creator\":{\"@id\":\"https:\\\/\\\/newsinfoco.com.br\\\/inicio\\\/author\\\/administrador\\\/#author\"},\"image\":{\"@type\":\"ImageObject\",\"url\":\"https:\\\/\\\/newsinfoco.com.br\\\/inicio\\\/wp-content\\\/uploads\\\/2024\\\/12\\\/angelo-coronel.png\",\"@id\":\"https:\\\/\\\/newsinfoco.com.br\\\/inicio\\\/comissoes-do-senado-propoem-emendas-ao-orcamento-no-valor-de-r-48bi\\\/#mainImage\",\"width\":600,\"height\":420},\"primaryImageOfPage\":{\"@id\":\"https:\\\/\\\/newsinfoco.com.br\\\/inicio\\\/comissoes-do-senado-propoem-emendas-ao-orcamento-no-valor-de-r-48bi\\\/#mainImage\"},\"datePublished\":\"2024-12-06T12:24:56-03:00\",\"dateModified\":\"2024-12-06T12:24:56-03:00\"},{\"@type\":\"WebSite\",\"@id\":\"https:\\\/\\\/newsinfoco.com.br\\\/inicio\\\/#website\",\"url\":\"https:\\\/\\\/newsinfoco.com.br\\\/inicio\\\/\",\"name\":\"News In Foco - Editado por Caio Pimenta\",\"description\":\"O principal site de noticias de Alagoinhas e regi\\u00e3o\",\"inLanguage\":\"pt-BR\",\"publisher\":{\"@id\":\"https:\\\/\\\/newsinfoco.com.br\\\/inicio\\\/#organization\"}}]}\n\t\t<\/script>\n\t\t<!-- All in One SEO -->\n\n","aioseo_head_json":{"title":"Comiss\u00f5es do Senado prop\u00f5em emendas ao or\u00e7amento no valor de R$ 48bi - News In Foco - Editado por Caio Pimenta","description":"As comiss\u00f5es permanentes do Senado definiram nesta semana as emendas a serem apresentadas ao projeto de Lei Or\u00e7ament\u00e1ria Anual de 2025 (PLOA \u2014 PLN 26\/2024). O prazo para a entrega das proposi\u00e7\u00f5es \u00e0 Comiss\u00e3o Mista de Or\u00e7amento (CMO) terminou na quarta-feira (4). As sugest\u00f5es de despesas ultrapassam R$ 48 bilh\u00f5es e ser\u00e3o analisadas pelo relator-geral","canonical_url":"https:\/\/newsinfoco.com.br\/inicio\/comissoes-do-senado-propoem-emendas-ao-orcamento-no-valor-de-r-48bi\/","robots":"max-image-preview:large","keywords":"","webmasterTools":{"miscellaneous":""},"schema":{"@context":"https:\/\/schema.org","@graph":[{"@type":"BlogPosting","@id":"https:\/\/newsinfoco.com.br\/inicio\/comissoes-do-senado-propoem-emendas-ao-orcamento-no-valor-de-r-48bi\/#blogposting","name":"Comiss\u00f5es do Senado prop\u00f5em emendas ao or\u00e7amento no valor de R$ 48bi - News In Foco - Editado por Caio Pimenta","headline":"Comiss\u00f5es do Senado prop\u00f5em emendas ao or\u00e7amento no valor de R$ 48bi","author":{"@id":"https:\/\/newsinfoco.com.br\/inicio\/author\/administrador\/#author"},"publisher":{"@id":"https:\/\/newsinfoco.com.br\/inicio\/#organization"},"image":{"@type":"ImageObject","url":"https:\/\/newsinfoco.com.br\/inicio\/wp-content\/uploads\/2024\/12\/angelo-coronel.png","width":600,"height":420},"datePublished":"2024-12-06T12:24:56-03:00","dateModified":"2024-12-06T12:24:56-03:00","inLanguage":"pt-BR","mainEntityOfPage":{"@id":"https:\/\/newsinfoco.com.br\/inicio\/comissoes-do-senado-propoem-emendas-ao-orcamento-no-valor-de-r-48bi\/#webpage"},"isPartOf":{"@id":"https:\/\/newsinfoco.com.br\/inicio\/comissoes-do-senado-propoem-emendas-ao-orcamento-no-valor-de-r-48bi\/#webpage"},"articleSection":"Brasil"},{"@type":"BreadcrumbList","@id":"https:\/\/newsinfoco.com.br\/inicio\/comissoes-do-senado-propoem-emendas-ao-orcamento-no-valor-de-r-48bi\/#breadcrumblist","itemListElement":[{"@type":"ListItem","@id":"https:\/\/newsinfoco.com.br\/inicio#listItem","position":1,"name":"In\u00edcio","item":"https:\/\/newsinfoco.com.br\/inicio","nextItem":{"@type":"ListItem","@id":"https:\/\/newsinfoco.com.br\/inicio\/category\/brasil\/#listItem","name":"Brasil"}},{"@type":"ListItem","@id":"https:\/\/newsinfoco.com.br\/inicio\/category\/brasil\/#listItem","position":2,"name":"Brasil","item":"https:\/\/newsinfoco.com.br\/inicio\/category\/brasil\/","nextItem":{"@type":"ListItem","@id":"https:\/\/newsinfoco.com.br\/inicio\/comissoes-do-senado-propoem-emendas-ao-orcamento-no-valor-de-r-48bi\/#listItem","name":"Comiss\u00f5es do Senado prop\u00f5em emendas ao or\u00e7amento no valor de R$ 48bi"},"previousItem":{"@type":"ListItem","@id":"https:\/\/newsinfoco.com.br\/inicio#listItem","name":"In\u00edcio"}},{"@type":"ListItem","@id":"https:\/\/newsinfoco.com.br\/inicio\/comissoes-do-senado-propoem-emendas-ao-orcamento-no-valor-de-r-48bi\/#listItem","position":3,"name":"Comiss\u00f5es do Senado prop\u00f5em emendas ao or\u00e7amento no valor de R$ 48bi","previousItem":{"@type":"ListItem","@id":"https:\/\/newsinfoco.com.br\/inicio\/category\/brasil\/#listItem","name":"Brasil"}}]},{"@type":"Organization","@id":"https:\/\/newsinfoco.com.br\/inicio\/#organization","name":"News In Foco - Editado por Caio Pimenta","description":"O principal site de noticias de Alagoinhas e regi\u00e3o","url":"https:\/\/newsinfoco.com.br\/inicio\/"},{"@type":"Person","@id":"https:\/\/newsinfoco.com.br\/inicio\/author\/administrador\/#author","url":"https:\/\/newsinfoco.com.br\/inicio\/author\/administrador\/","name":"administrador","image":{"@type":"ImageObject","@id":"https:\/\/newsinfoco.com.br\/inicio\/comissoes-do-senado-propoem-emendas-ao-orcamento-no-valor-de-r-48bi\/#authorImage","url":"https:\/\/secure.gravatar.com\/avatar\/c17a617433de8c1dc9584bb79aab7563b46f5bb7e1728c9b17d9cc3ce6a08e49?s=96&d=mm&r=g","width":96,"height":96,"caption":"administrador"}},{"@type":"WebPage","@id":"https:\/\/newsinfoco.com.br\/inicio\/comissoes-do-senado-propoem-emendas-ao-orcamento-no-valor-de-r-48bi\/#webpage","url":"https:\/\/newsinfoco.com.br\/inicio\/comissoes-do-senado-propoem-emendas-ao-orcamento-no-valor-de-r-48bi\/","name":"Comiss\u00f5es do Senado prop\u00f5em emendas ao or\u00e7amento no valor de R$ 48bi - News In Foco - Editado por Caio Pimenta","description":"As comiss\u00f5es permanentes do Senado definiram nesta semana as emendas a serem apresentadas ao projeto de Lei Or\u00e7ament\u00e1ria Anual de 2025 (PLOA \u2014 PLN 26\/2024). O prazo para a entrega das proposi\u00e7\u00f5es \u00e0 Comiss\u00e3o Mista de Or\u00e7amento (CMO) terminou na quarta-feira (4). As sugest\u00f5es de despesas ultrapassam R$ 48 bilh\u00f5es e ser\u00e3o analisadas pelo relator-geral","inLanguage":"pt-BR","isPartOf":{"@id":"https:\/\/newsinfoco.com.br\/inicio\/#website"},"breadcrumb":{"@id":"https:\/\/newsinfoco.com.br\/inicio\/comissoes-do-senado-propoem-emendas-ao-orcamento-no-valor-de-r-48bi\/#breadcrumblist"},"author":{"@id":"https:\/\/newsinfoco.com.br\/inicio\/author\/administrador\/#author"},"creator":{"@id":"https:\/\/newsinfoco.com.br\/inicio\/author\/administrador\/#author"},"image":{"@type":"ImageObject","url":"https:\/\/newsinfoco.com.br\/inicio\/wp-content\/uploads\/2024\/12\/angelo-coronel.png","@id":"https:\/\/newsinfoco.com.br\/inicio\/comissoes-do-senado-propoem-emendas-ao-orcamento-no-valor-de-r-48bi\/#mainImage","width":600,"height":420},"primaryImageOfPage":{"@id":"https:\/\/newsinfoco.com.br\/inicio\/comissoes-do-senado-propoem-emendas-ao-orcamento-no-valor-de-r-48bi\/#mainImage"},"datePublished":"2024-12-06T12:24:56-03:00","dateModified":"2024-12-06T12:24:56-03:00"},{"@type":"WebSite","@id":"https:\/\/newsinfoco.com.br\/inicio\/#website","url":"https:\/\/newsinfoco.com.br\/inicio\/","name":"News In Foco - Editado por Caio Pimenta","description":"O principal site de noticias de Alagoinhas e regi\u00e3o","inLanguage":"pt-BR","publisher":{"@id":"https:\/\/newsinfoco.com.br\/inicio\/#organization"}}]},"og:locale":"pt_BR","og:site_name":"News In Foco - Editado por Caio Pimenta - O principal site de noticias de Alagoinhas e regi\u00e3o","og:type":"article","og:title":"Comiss\u00f5es do Senado prop\u00f5em emendas ao or\u00e7amento no valor de R$ 48bi - News In Foco - Editado por Caio Pimenta","og:description":"As comiss\u00f5es permanentes do Senado definiram nesta semana as emendas a serem apresentadas ao projeto de Lei Or\u00e7ament\u00e1ria Anual de 2025 (PLOA \u2014 PLN 26\/2024). O prazo para a entrega das proposi\u00e7\u00f5es \u00e0 Comiss\u00e3o Mista de Or\u00e7amento (CMO) terminou na quarta-feira (4). As sugest\u00f5es de despesas ultrapassam R$ 48 bilh\u00f5es e ser\u00e3o analisadas pelo relator-geral","og:url":"https:\/\/newsinfoco.com.br\/inicio\/comissoes-do-senado-propoem-emendas-ao-orcamento-no-valor-de-r-48bi\/","article:published_time":"2024-12-06T15:24:56+00:00","article:modified_time":"2024-12-06T15:24:56+00:00","twitter:card":"summary_large_image","twitter:title":"Comiss\u00f5es do Senado prop\u00f5em emendas ao or\u00e7amento no valor de R$ 48bi - News In Foco - Editado por Caio Pimenta","twitter:description":"As comiss\u00f5es permanentes do Senado definiram nesta semana as emendas a serem apresentadas ao projeto de Lei Or\u00e7ament\u00e1ria Anual de 2025 (PLOA \u2014 PLN 26\/2024). O prazo para a entrega das proposi\u00e7\u00f5es \u00e0 Comiss\u00e3o Mista de Or\u00e7amento (CMO) terminou na quarta-feira (4). As sugest\u00f5es de despesas ultrapassam R$ 48 bilh\u00f5es e ser\u00e3o analisadas pelo relator-geral"},"aioseo_meta_data":{"post_id":"37253","title":null,"description":null,"keywords":null,"keyphrases":{"focus":{"keyphrase":"","score":0,"analysis":{"keyphraseInTitle":{"score":0,"maxScore":9,"error":1}}},"additional":[]},"primary_term":null,"canonical_url":null,"og_title":null,"og_description":null,"og_object_type":"default","og_image_type":"default","og_image_url":null,"og_image_width":null,"og_image_height":null,"og_image_custom_url":null,"og_image_custom_fields":null,"og_video":"","og_custom_url":null,"og_article_section":null,"og_article_tags":null,"twitter_use_og":false,"twitter_card":"default","twitter_image_type":"default","twitter_image_url":null,"twitter_image_custom_url":null,"twitter_image_custom_fields":null,"twitter_title":null,"twitter_description":null,"schema":{"blockGraphs":[],"customGraphs":[],"default":{"data":{"Article":[],"Course":[],"Dataset":[],"FAQPage":[],"Movie":[],"Person":[],"Product":[],"ProductReview":[],"Car":[],"Recipe":[],"Service":[],"SoftwareApplication":[],"WebPage":[]},"graphName":"BlogPosting","isEnabled":true},"graphs":[]},"schema_type":"default","schema_type_options":null,"pillar_content":false,"robots_default":true,"robots_noindex":false,"robots_noarchive":false,"robots_nosnippet":false,"robots_nofollow":false,"robots_noimageindex":false,"robots_noodp":false,"robots_notranslate":false,"robots_max_snippet":"-1","robots_max_videopreview":"-1","robots_max_imagepreview":"large","priority":null,"frequency":"default","local_seo":null,"breadcrumb_settings":null,"limit_modified_date":false,"ai":null,"created":"2024-12-06 15:24:56","updated":"2025-07-11 11:14:55","seo_analyzer_scan_date":null},"aioseo_breadcrumb":"<div class=\"aioseo-breadcrumbs\"><span class=\"aioseo-breadcrumb\">\n\t\t\t<a href=\"https:\/\/newsinfoco.com.br\/inicio\" title=\"In\u00edcio\">In\u00edcio<\/a>\n\t\t<\/span><span class=\"aioseo-breadcrumb-separator\">&raquo;<\/span><span class=\"aioseo-breadcrumb\">\n\t\t\t<a href=\"https:\/\/newsinfoco.com.br\/inicio\/category\/brasil\/\" title=\"Brasil\">Brasil<\/a>\n\t\t<\/span><span class=\"aioseo-breadcrumb-separator\">&raquo;<\/span><span class=\"aioseo-breadcrumb\">\n\t\t\tComiss\u00f5es do Senado prop\u00f5em emendas ao or\u00e7amento no valor de R$ 48bi\n\t\t<\/span><\/div>","aioseo_breadcrumb_json":[{"label":"In\u00edcio","link":"https:\/\/newsinfoco.com.br\/inicio"},{"label":"Brasil","link":"https:\/\/newsinfoco.com.br\/inicio\/category\/brasil\/"},{"label":"Comiss\u00f5es do Senado prop\u00f5em emendas ao or\u00e7amento no valor de R$ 48bi","link":"https:\/\/newsinfoco.com.br\/inicio\/comissoes-do-senado-propoem-emendas-ao-orcamento-no-valor-de-r-48bi\/"}],"_links":{"self":[{"href":"https:\/\/newsinfoco.com.br\/inicio\/wp-json\/wp\/v2\/posts\/37253","targetHints":{"allow":["GET"]}}],"collection":[{"href":"https:\/\/newsinfoco.com.br\/inicio\/wp-json\/wp\/v2\/posts"}],"about":[{"href":"https:\/\/newsinfoco.com.br\/inicio\/wp-json\/wp\/v2\/types\/post"}],"author":[{"embeddable":true,"href":"https:\/\/newsinfoco.com.br\/inicio\/wp-json\/wp\/v2\/users\/1"}],"replies":[{"embeddable":true,"href":"https:\/\/newsinfoco.com.br\/inicio\/wp-json\/wp\/v2\/comments?post=37253"}],"version-history":[{"count":1,"href":"https:\/\/newsinfoco.com.br\/inicio\/wp-json\/wp\/v2\/posts\/37253\/revisions"}],"predecessor-version":[{"id":37255,"href":"https:\/\/newsinfoco.com.br\/inicio\/wp-json\/wp\/v2\/posts\/37253\/revisions\/37255"}],"wp:featuredmedia":[{"embeddable":true,"href":"https:\/\/newsinfoco.com.br\/inicio\/wp-json\/wp\/v2\/media\/37254"}],"wp:attachment":[{"href":"https:\/\/newsinfoco.com.br\/inicio\/wp-json\/wp\/v2\/media?parent=37253"}],"wp:term":[{"taxonomy":"category","embeddable":true,"href":"https:\/\/newsinfoco.com.br\/inicio\/wp-json\/wp\/v2\/categories?post=37253"},{"taxonomy":"post_tag","embeddable":true,"href":"https:\/\/newsinfoco.com.br\/inicio\/wp-json\/wp\/v2\/tags?post=37253"}],"curies":[{"name":"wp","href":"https:\/\/api.w.org\/{rel}","templated":true}]}}