{"id":37263,"date":"2024-12-06T16:39:05","date_gmt":"2024-12-06T19:39:05","guid":{"rendered":"https:\/\/newsinfoco.com.br\/inicio\/?p=37263"},"modified":"2024-12-06T16:39:05","modified_gmt":"2024-12-06T19:39:05","slug":"ifood-contestara-obrigacao-de-vinculo-trabalhista","status":"publish","type":"post","link":"https:\/\/newsinfoco.com.br\/inicio\/ifood-contestara-obrigacao-de-vinculo-trabalhista\/","title":{"rendered":"Ifood contestar\u00e1 obriga\u00e7\u00e3o de v\u00ednculo trabalhista"},"content":{"rendered":"<p>A maior empresa de delivery da Am\u00e9rica Latina, iFood, afirmou nesta quinta-feira (5) que vai recorrer da decis\u00e3o do Tribunal Regional do Trabalho de S\u00e3o Paulo que decidiu pelo estabelecimento de v\u00ednculo empregat\u00edcio dos entregadores cadastrados na plataforma da companhia com base em hora trabalhada, de acordo com informa\u00e7\u00f5es do portal InfoMoney.<\/p>\n<p>A decis\u00e3o, segundo a companhia, \u201cn\u00e3o tem previs\u00e3o na legisla\u00e7\u00e3o atual\u201d e \u201cn\u00e3o seria vi\u00e1vel diante da din\u00e2mica flex\u00edvel e aut\u00f4noma do trabalho por aplicativo\u201d.<\/p>\n<p>O entendimento foi proferido nesta quinta-feira pela 14\u00aa turma do Tribunal Regional do Trabalho da 2\u00aa Regi\u00e3o (TRT2) e marca mais uma decis\u00e3o que entra em choque com outras j\u00e1 tomadas pela Justi\u00e7a em inst\u00e2ncias superiores.<\/p>\n<p>O reconhecimento de v\u00ednculo trabalhista dos entregadores cadastrados em plataformas como a operada pelo iFood est\u00e1 no Supremo Tribunal Federal (STF) desde o in\u00edcio deste ano, \u00e0 espera de uma decis\u00e3o com poder de repercuss\u00e3o geral diante dos milhares processos que tramitam na Justi\u00e7a do pa\u00eds sobre o assunto.<\/p>\n<div>\n<div class=\"trv-player-container\">\n<div class=\"trv-wrapper\">\n<div id=\"br_video_player_28956b8215a7f1649b501d5d558f2e9dc3c659f9\" class=\"trvd_video_player trvdinstream\">\n<div class=\"media-player\">\n<div class=\"trv-poster\">\n<p>Por\u00e9m, no in\u00edcio de agosto a Primeira Turma do STF manteve decis\u00e3o do Tribunal Regional do Trabalho do Rio de Janeiro, que reconheceu o v\u00ednculo de emprego entre um entregador e uma empresa que presta servi\u00e7os para o iFood.<\/p>\n<p>\u201cA determina\u00e7\u00e3o do TRT2 imp\u00f5e a uma \u00fanica empresa obriga\u00e7\u00f5es que, se cab\u00edveis, deveriam ser discutidas para todo o setor, o que atrapalha a competitividade do mercado, cria assimetrias e prejudica o modelo de neg\u00f3cio do iFood\u201d, afirmou a companhia, cobrando a cria\u00e7\u00e3o de um marco regulat\u00f3rio para o setor.<\/p>\n<p>Bahia.ba<\/p>\n<\/div>\n<\/div>\n<div class=\"trv-autoskip-container-compact\">\n<div class=\"trv-autoskip-background-compact\">\n<div class=\"trv-autoskip-line-right\">\n<div class=\"\"><\/div>\n<\/div>\n<div class=\"trv-autoskip-line-bottom\">\n<div class=\"\"><\/div>\n<\/div>\n<div class=\"trv-autoskip-line-left\">\n<div class=\"\"><\/div>\n<\/div>\n<\/div>\n<div class=\"autoskip-btn autoskip-btn-blue-compact autoskip-btn-compact\"><\/div>\n<div class=\"autoskip-btn autoskip-btn-gray-compact autoskip-btn-compact\"><\/div>\n<\/div>\n<div><\/div>\n<p><img decoding=\"async\" src=\"https:\/\/ads.stickyadstv.com\/auto-user-sync?_fw_gdpr=0&amp;_fw_gdpr_consent=\" \/><img decoding=\"async\" src=\"https:\/\/ads.stickyadstv.com\/user-matching?id=2545&amp;_fw_gdpr=0&amp;_fw_gdpr_consent=\" \/><\/div>\n<\/div>\n<\/div>\n<\/div>\n<div class='share-to-whatsapp-wrapper'><div class='share-on-whsp'>Share on: <\/div><a data-text='Ifood contestar\u00e1 obriga\u00e7\u00e3o de v\u00ednculo trabalhista' data-link='https:\/\/newsinfoco.com.br\/inicio\/ifood-contestara-obrigacao-de-vinculo-trabalhista\/' class='whatsapp-button whatsapp-share'>WhatsApp<\/a><div class='clear '><\/div><\/div>","protected":false},"excerpt":{"rendered":"<p>A maior empresa de delivery da Am\u00e9rica Latina, iFood, afirmou nesta quinta-feira (5) que vai recorrer da decis\u00e3o do Tribunal Regional do Trabalho de S\u00e3o Paulo que decidiu pelo estabelecimento de v\u00ednculo empregat\u00edcio dos entregadores cadastrados na plataforma da companhia com base em hora trabalhada, de acordo com informa\u00e7\u00f5es do portal InfoMoney. A decis\u00e3o, segundo [&hellip;]<\/p>\n","protected":false},"author":1,"featured_media":37264,"comment_status":"closed","ping_status":"closed","sticky":false,"template":"","format":"standard","meta":{"om_disable_all_campaigns":false,"rop_custom_images_group":[],"rop_custom_messages_group":[],"rop_publish_now":"initial","rop_publish_now_accounts":[],"rop_publish_now_history":[],"rop_publish_now_status":"pending","_exactmetrics_skip_tracking":false,"footnotes":""},"categories":[21],"tags":[],"class_list":["post-37263","post","type-post","status-publish","format-standard","has-post-thumbnail","hentry","category-brasil"],"aioseo_notices":[],"aioseo_head":"\n\t\t<!-- All in One SEO 4.9.10 - aioseo.com -->\n\t<meta name=\"description\" content=\"A maior empresa de delivery da Am\u00e9rica Latina, iFood, afirmou nesta quinta-feira (5) que vai recorrer da decis\u00e3o do Tribunal Regional do Trabalho de S\u00e3o Paulo que decidiu pelo estabelecimento de v\u00ednculo empregat\u00edcio dos entregadores cadastrados na plataforma da companhia com base em hora trabalhada, de acordo com informa\u00e7\u00f5es do portal InfoMoney. A decis\u00e3o, segundo\" \/>\n\t<meta name=\"robots\" content=\"max-image-preview:large\" \/>\n\t<meta name=\"author\" content=\"administrador\"\/>\n\t<link rel=\"canonical\" href=\"https:\/\/newsinfoco.com.br\/inicio\/ifood-contestara-obrigacao-de-vinculo-trabalhista\/\" \/>\n\t<meta name=\"generator\" content=\"All in One SEO (AIOSEO) 4.9.10\" \/>\n\t\t<meta property=\"og:locale\" content=\"pt_BR\" \/>\n\t\t<meta property=\"og:site_name\" content=\"News In Foco - Editado por Caio Pimenta - O principal site de noticias de Alagoinhas e regi\u00e3o\" \/>\n\t\t<meta property=\"og:type\" content=\"article\" \/>\n\t\t<meta property=\"og:title\" content=\"Ifood contestar\u00e1 obriga\u00e7\u00e3o de v\u00ednculo trabalhista - News In Foco - Editado por Caio Pimenta\" \/>\n\t\t<meta property=\"og:description\" content=\"A maior empresa de delivery da Am\u00e9rica Latina, iFood, afirmou nesta quinta-feira (5) que vai recorrer da decis\u00e3o do Tribunal Regional do Trabalho de S\u00e3o Paulo que decidiu pelo estabelecimento de v\u00ednculo empregat\u00edcio dos entregadores cadastrados na plataforma da companhia com base em hora trabalhada, de acordo com informa\u00e7\u00f5es do portal InfoMoney. A decis\u00e3o, segundo\" \/>\n\t\t<meta property=\"og:url\" content=\"https:\/\/newsinfoco.com.br\/inicio\/ifood-contestara-obrigacao-de-vinculo-trabalhista\/\" \/>\n\t\t<meta property=\"article:published_time\" content=\"2024-12-06T19:39:05+00:00\" \/>\n\t\t<meta property=\"article:modified_time\" content=\"2024-12-06T19:39:05+00:00\" \/>\n\t\t<meta name=\"twitter:card\" content=\"summary_large_image\" \/>\n\t\t<meta name=\"twitter:title\" content=\"Ifood contestar\u00e1 obriga\u00e7\u00e3o de v\u00ednculo trabalhista - News In Foco - Editado por Caio Pimenta\" \/>\n\t\t<meta name=\"twitter:description\" content=\"A maior empresa de delivery da Am\u00e9rica Latina, iFood, afirmou nesta quinta-feira (5) que vai recorrer da decis\u00e3o do Tribunal Regional do Trabalho de S\u00e3o Paulo que decidiu pelo estabelecimento de v\u00ednculo empregat\u00edcio dos entregadores cadastrados na plataforma da companhia com base em hora trabalhada, de acordo com informa\u00e7\u00f5es do portal InfoMoney. A decis\u00e3o, segundo\" \/>\n\t\t<script type=\"application\/ld+json\" class=\"aioseo-schema\">\n\t\t\t{\"@context\":\"https:\\\/\\\/schema.org\",\"@graph\":[{\"@type\":\"BlogPosting\",\"@id\":\"https:\\\/\\\/newsinfoco.com.br\\\/inicio\\\/ifood-contestara-obrigacao-de-vinculo-trabalhista\\\/#blogposting\",\"name\":\"Ifood contestar\\u00e1 obriga\\u00e7\\u00e3o de v\\u00ednculo trabalhista - News In Foco - Editado por Caio Pimenta\",\"headline\":\"Ifood contestar\\u00e1 obriga\\u00e7\\u00e3o de v\\u00ednculo trabalhista\",\"author\":{\"@id\":\"https:\\\/\\\/newsinfoco.com.br\\\/inicio\\\/author\\\/administrador\\\/#author\"},\"publisher\":{\"@id\":\"https:\\\/\\\/newsinfoco.com.br\\\/inicio\\\/#organization\"},\"image\":{\"@type\":\"ImageObject\",\"url\":\"https:\\\/\\\/newsinfoco.com.br\\\/inicio\\\/wp-content\\\/uploads\\\/2024\\\/12\\\/iFood.png\",\"width\":600,\"height\":420},\"datePublished\":\"2024-12-06T16:39:05-03:00\",\"dateModified\":\"2024-12-06T16:39:05-03:00\",\"inLanguage\":\"pt-BR\",\"mainEntityOfPage\":{\"@id\":\"https:\\\/\\\/newsinfoco.com.br\\\/inicio\\\/ifood-contestara-obrigacao-de-vinculo-trabalhista\\\/#webpage\"},\"isPartOf\":{\"@id\":\"https:\\\/\\\/newsinfoco.com.br\\\/inicio\\\/ifood-contestara-obrigacao-de-vinculo-trabalhista\\\/#webpage\"},\"articleSection\":\"Brasil\"},{\"@type\":\"BreadcrumbList\",\"@id\":\"https:\\\/\\\/newsinfoco.com.br\\\/inicio\\\/ifood-contestara-obrigacao-de-vinculo-trabalhista\\\/#breadcrumblist\",\"itemListElement\":[{\"@type\":\"ListItem\",\"@id\":\"https:\\\/\\\/newsinfoco.com.br\\\/inicio#listItem\",\"position\":1,\"name\":\"In\\u00edcio\",\"item\":\"https:\\\/\\\/newsinfoco.com.br\\\/inicio\",\"nextItem\":{\"@type\":\"ListItem\",\"@id\":\"https:\\\/\\\/newsinfoco.com.br\\\/inicio\\\/category\\\/brasil\\\/#listItem\",\"name\":\"Brasil\"}},{\"@type\":\"ListItem\",\"@id\":\"https:\\\/\\\/newsinfoco.com.br\\\/inicio\\\/category\\\/brasil\\\/#listItem\",\"position\":2,\"name\":\"Brasil\",\"item\":\"https:\\\/\\\/newsinfoco.com.br\\\/inicio\\\/category\\\/brasil\\\/\",\"nextItem\":{\"@type\":\"ListItem\",\"@id\":\"https:\\\/\\\/newsinfoco.com.br\\\/inicio\\\/ifood-contestara-obrigacao-de-vinculo-trabalhista\\\/#listItem\",\"name\":\"Ifood contestar\\u00e1 obriga\\u00e7\\u00e3o de v\\u00ednculo trabalhista\"},\"previousItem\":{\"@type\":\"ListItem\",\"@id\":\"https:\\\/\\\/newsinfoco.com.br\\\/inicio#listItem\",\"name\":\"In\\u00edcio\"}},{\"@type\":\"ListItem\",\"@id\":\"https:\\\/\\\/newsinfoco.com.br\\\/inicio\\\/ifood-contestara-obrigacao-de-vinculo-trabalhista\\\/#listItem\",\"position\":3,\"name\":\"Ifood contestar\\u00e1 obriga\\u00e7\\u00e3o de v\\u00ednculo trabalhista\",\"previousItem\":{\"@type\":\"ListItem\",\"@id\":\"https:\\\/\\\/newsinfoco.com.br\\\/inicio\\\/category\\\/brasil\\\/#listItem\",\"name\":\"Brasil\"}}]},{\"@type\":\"Organization\",\"@id\":\"https:\\\/\\\/newsinfoco.com.br\\\/inicio\\\/#organization\",\"name\":\"News In Foco - Editado por Caio Pimenta\",\"description\":\"O principal site de noticias de Alagoinhas e regi\\u00e3o\",\"url\":\"https:\\\/\\\/newsinfoco.com.br\\\/inicio\\\/\"},{\"@type\":\"Person\",\"@id\":\"https:\\\/\\\/newsinfoco.com.br\\\/inicio\\\/author\\\/administrador\\\/#author\",\"url\":\"https:\\\/\\\/newsinfoco.com.br\\\/inicio\\\/author\\\/administrador\\\/\",\"name\":\"administrador\",\"image\":{\"@type\":\"ImageObject\",\"@id\":\"https:\\\/\\\/newsinfoco.com.br\\\/inicio\\\/ifood-contestara-obrigacao-de-vinculo-trabalhista\\\/#authorImage\",\"url\":\"https:\\\/\\\/secure.gravatar.com\\\/avatar\\\/c17a617433de8c1dc9584bb79aab7563b46f5bb7e1728c9b17d9cc3ce6a08e49?s=96&d=mm&r=g\",\"width\":96,\"height\":96,\"caption\":\"administrador\"}},{\"@type\":\"WebPage\",\"@id\":\"https:\\\/\\\/newsinfoco.com.br\\\/inicio\\\/ifood-contestara-obrigacao-de-vinculo-trabalhista\\\/#webpage\",\"url\":\"https:\\\/\\\/newsinfoco.com.br\\\/inicio\\\/ifood-contestara-obrigacao-de-vinculo-trabalhista\\\/\",\"name\":\"Ifood contestar\\u00e1 obriga\\u00e7\\u00e3o de v\\u00ednculo trabalhista - News In Foco - Editado por Caio Pimenta\",\"description\":\"A maior empresa de delivery da Am\\u00e9rica Latina, iFood, afirmou nesta quinta-feira (5) que vai recorrer da decis\\u00e3o do Tribunal Regional do Trabalho de S\\u00e3o Paulo que decidiu pelo estabelecimento de v\\u00ednculo empregat\\u00edcio dos entregadores cadastrados na plataforma da companhia com base em hora trabalhada, de acordo com informa\\u00e7\\u00f5es do portal InfoMoney. A decis\\u00e3o, segundo\",\"inLanguage\":\"pt-BR\",\"isPartOf\":{\"@id\":\"https:\\\/\\\/newsinfoco.com.br\\\/inicio\\\/#website\"},\"breadcrumb\":{\"@id\":\"https:\\\/\\\/newsinfoco.com.br\\\/inicio\\\/ifood-contestara-obrigacao-de-vinculo-trabalhista\\\/#breadcrumblist\"},\"author\":{\"@id\":\"https:\\\/\\\/newsinfoco.com.br\\\/inicio\\\/author\\\/administrador\\\/#author\"},\"creator\":{\"@id\":\"https:\\\/\\\/newsinfoco.com.br\\\/inicio\\\/author\\\/administrador\\\/#author\"},\"image\":{\"@type\":\"ImageObject\",\"url\":\"https:\\\/\\\/newsinfoco.com.br\\\/inicio\\\/wp-content\\\/uploads\\\/2024\\\/12\\\/iFood.png\",\"@id\":\"https:\\\/\\\/newsinfoco.com.br\\\/inicio\\\/ifood-contestara-obrigacao-de-vinculo-trabalhista\\\/#mainImage\",\"width\":600,\"height\":420},\"primaryImageOfPage\":{\"@id\":\"https:\\\/\\\/newsinfoco.com.br\\\/inicio\\\/ifood-contestara-obrigacao-de-vinculo-trabalhista\\\/#mainImage\"},\"datePublished\":\"2024-12-06T16:39:05-03:00\",\"dateModified\":\"2024-12-06T16:39:05-03:00\"},{\"@type\":\"WebSite\",\"@id\":\"https:\\\/\\\/newsinfoco.com.br\\\/inicio\\\/#website\",\"url\":\"https:\\\/\\\/newsinfoco.com.br\\\/inicio\\\/\",\"name\":\"News In Foco - Editado por Caio Pimenta\",\"description\":\"O principal site de noticias de Alagoinhas e regi\\u00e3o\",\"inLanguage\":\"pt-BR\",\"publisher\":{\"@id\":\"https:\\\/\\\/newsinfoco.com.br\\\/inicio\\\/#organization\"}}]}\n\t\t<\/script>\n\t\t<!-- All in One SEO -->\n\n","aioseo_head_json":{"title":"Ifood contestar\u00e1 obriga\u00e7\u00e3o de v\u00ednculo trabalhista - News In Foco - Editado por Caio Pimenta","description":"A maior empresa de delivery da Am\u00e9rica Latina, iFood, afirmou nesta quinta-feira (5) que vai recorrer da decis\u00e3o do Tribunal Regional do Trabalho de S\u00e3o Paulo que decidiu pelo estabelecimento de v\u00ednculo empregat\u00edcio dos entregadores cadastrados na plataforma da companhia com base em hora trabalhada, de acordo com informa\u00e7\u00f5es do portal InfoMoney. A decis\u00e3o, segundo","canonical_url":"https:\/\/newsinfoco.com.br\/inicio\/ifood-contestara-obrigacao-de-vinculo-trabalhista\/","robots":"max-image-preview:large","keywords":"","webmasterTools":{"miscellaneous":""},"schema":{"@context":"https:\/\/schema.org","@graph":[{"@type":"BlogPosting","@id":"https:\/\/newsinfoco.com.br\/inicio\/ifood-contestara-obrigacao-de-vinculo-trabalhista\/#blogposting","name":"Ifood contestar\u00e1 obriga\u00e7\u00e3o de v\u00ednculo trabalhista - News In Foco - Editado por Caio Pimenta","headline":"Ifood contestar\u00e1 obriga\u00e7\u00e3o de v\u00ednculo trabalhista","author":{"@id":"https:\/\/newsinfoco.com.br\/inicio\/author\/administrador\/#author"},"publisher":{"@id":"https:\/\/newsinfoco.com.br\/inicio\/#organization"},"image":{"@type":"ImageObject","url":"https:\/\/newsinfoco.com.br\/inicio\/wp-content\/uploads\/2024\/12\/iFood.png","width":600,"height":420},"datePublished":"2024-12-06T16:39:05-03:00","dateModified":"2024-12-06T16:39:05-03:00","inLanguage":"pt-BR","mainEntityOfPage":{"@id":"https:\/\/newsinfoco.com.br\/inicio\/ifood-contestara-obrigacao-de-vinculo-trabalhista\/#webpage"},"isPartOf":{"@id":"https:\/\/newsinfoco.com.br\/inicio\/ifood-contestara-obrigacao-de-vinculo-trabalhista\/#webpage"},"articleSection":"Brasil"},{"@type":"BreadcrumbList","@id":"https:\/\/newsinfoco.com.br\/inicio\/ifood-contestara-obrigacao-de-vinculo-trabalhista\/#breadcrumblist","itemListElement":[{"@type":"ListItem","@id":"https:\/\/newsinfoco.com.br\/inicio#listItem","position":1,"name":"In\u00edcio","item":"https:\/\/newsinfoco.com.br\/inicio","nextItem":{"@type":"ListItem","@id":"https:\/\/newsinfoco.com.br\/inicio\/category\/brasil\/#listItem","name":"Brasil"}},{"@type":"ListItem","@id":"https:\/\/newsinfoco.com.br\/inicio\/category\/brasil\/#listItem","position":2,"name":"Brasil","item":"https:\/\/newsinfoco.com.br\/inicio\/category\/brasil\/","nextItem":{"@type":"ListItem","@id":"https:\/\/newsinfoco.com.br\/inicio\/ifood-contestara-obrigacao-de-vinculo-trabalhista\/#listItem","name":"Ifood contestar\u00e1 obriga\u00e7\u00e3o de v\u00ednculo trabalhista"},"previousItem":{"@type":"ListItem","@id":"https:\/\/newsinfoco.com.br\/inicio#listItem","name":"In\u00edcio"}},{"@type":"ListItem","@id":"https:\/\/newsinfoco.com.br\/inicio\/ifood-contestara-obrigacao-de-vinculo-trabalhista\/#listItem","position":3,"name":"Ifood contestar\u00e1 obriga\u00e7\u00e3o de v\u00ednculo trabalhista","previousItem":{"@type":"ListItem","@id":"https:\/\/newsinfoco.com.br\/inicio\/category\/brasil\/#listItem","name":"Brasil"}}]},{"@type":"Organization","@id":"https:\/\/newsinfoco.com.br\/inicio\/#organization","name":"News In Foco - Editado por Caio Pimenta","description":"O principal site de noticias de Alagoinhas e regi\u00e3o","url":"https:\/\/newsinfoco.com.br\/inicio\/"},{"@type":"Person","@id":"https:\/\/newsinfoco.com.br\/inicio\/author\/administrador\/#author","url":"https:\/\/newsinfoco.com.br\/inicio\/author\/administrador\/","name":"administrador","image":{"@type":"ImageObject","@id":"https:\/\/newsinfoco.com.br\/inicio\/ifood-contestara-obrigacao-de-vinculo-trabalhista\/#authorImage","url":"https:\/\/secure.gravatar.com\/avatar\/c17a617433de8c1dc9584bb79aab7563b46f5bb7e1728c9b17d9cc3ce6a08e49?s=96&d=mm&r=g","width":96,"height":96,"caption":"administrador"}},{"@type":"WebPage","@id":"https:\/\/newsinfoco.com.br\/inicio\/ifood-contestara-obrigacao-de-vinculo-trabalhista\/#webpage","url":"https:\/\/newsinfoco.com.br\/inicio\/ifood-contestara-obrigacao-de-vinculo-trabalhista\/","name":"Ifood contestar\u00e1 obriga\u00e7\u00e3o de v\u00ednculo trabalhista - News In Foco - Editado por Caio Pimenta","description":"A maior empresa de delivery da Am\u00e9rica Latina, iFood, afirmou nesta quinta-feira (5) que vai recorrer da decis\u00e3o do Tribunal Regional do Trabalho de S\u00e3o Paulo que decidiu pelo estabelecimento de v\u00ednculo empregat\u00edcio dos entregadores cadastrados na plataforma da companhia com base em hora trabalhada, de acordo com informa\u00e7\u00f5es do portal InfoMoney. A decis\u00e3o, segundo","inLanguage":"pt-BR","isPartOf":{"@id":"https:\/\/newsinfoco.com.br\/inicio\/#website"},"breadcrumb":{"@id":"https:\/\/newsinfoco.com.br\/inicio\/ifood-contestara-obrigacao-de-vinculo-trabalhista\/#breadcrumblist"},"author":{"@id":"https:\/\/newsinfoco.com.br\/inicio\/author\/administrador\/#author"},"creator":{"@id":"https:\/\/newsinfoco.com.br\/inicio\/author\/administrador\/#author"},"image":{"@type":"ImageObject","url":"https:\/\/newsinfoco.com.br\/inicio\/wp-content\/uploads\/2024\/12\/iFood.png","@id":"https:\/\/newsinfoco.com.br\/inicio\/ifood-contestara-obrigacao-de-vinculo-trabalhista\/#mainImage","width":600,"height":420},"primaryImageOfPage":{"@id":"https:\/\/newsinfoco.com.br\/inicio\/ifood-contestara-obrigacao-de-vinculo-trabalhista\/#mainImage"},"datePublished":"2024-12-06T16:39:05-03:00","dateModified":"2024-12-06T16:39:05-03:00"},{"@type":"WebSite","@id":"https:\/\/newsinfoco.com.br\/inicio\/#website","url":"https:\/\/newsinfoco.com.br\/inicio\/","name":"News In Foco - Editado por Caio Pimenta","description":"O principal site de noticias de Alagoinhas e regi\u00e3o","inLanguage":"pt-BR","publisher":{"@id":"https:\/\/newsinfoco.com.br\/inicio\/#organization"}}]},"og:locale":"pt_BR","og:site_name":"News In Foco - Editado por Caio Pimenta - O principal site de noticias de Alagoinhas e regi\u00e3o","og:type":"article","og:title":"Ifood contestar\u00e1 obriga\u00e7\u00e3o de v\u00ednculo trabalhista - News In Foco - Editado por Caio Pimenta","og:description":"A maior empresa de delivery da Am\u00e9rica Latina, iFood, afirmou nesta quinta-feira (5) que vai recorrer da decis\u00e3o do Tribunal Regional do Trabalho de S\u00e3o Paulo que decidiu pelo estabelecimento de v\u00ednculo empregat\u00edcio dos entregadores cadastrados na plataforma da companhia com base em hora trabalhada, de acordo com informa\u00e7\u00f5es do portal InfoMoney. A decis\u00e3o, segundo","og:url":"https:\/\/newsinfoco.com.br\/inicio\/ifood-contestara-obrigacao-de-vinculo-trabalhista\/","article:published_time":"2024-12-06T19:39:05+00:00","article:modified_time":"2024-12-06T19:39:05+00:00","twitter:card":"summary_large_image","twitter:title":"Ifood contestar\u00e1 obriga\u00e7\u00e3o de v\u00ednculo trabalhista - News In Foco - Editado por Caio Pimenta","twitter:description":"A maior empresa de delivery da Am\u00e9rica Latina, iFood, afirmou nesta quinta-feira (5) que vai recorrer da decis\u00e3o do Tribunal Regional do Trabalho de S\u00e3o Paulo que decidiu pelo estabelecimento de v\u00ednculo empregat\u00edcio dos entregadores cadastrados na plataforma da companhia com base em hora trabalhada, de acordo com informa\u00e7\u00f5es do portal InfoMoney. A decis\u00e3o, segundo"},"aioseo_meta_data":{"post_id":"37263","title":null,"description":null,"keywords":null,"keyphrases":{"focus":{"keyphrase":"","score":0,"analysis":{"keyphraseInTitle":{"score":0,"maxScore":9,"error":1}}},"additional":[]},"primary_term":null,"canonical_url":null,"og_title":null,"og_description":null,"og_object_type":"default","og_image_type":"default","og_image_url":null,"og_image_width":null,"og_image_height":null,"og_image_custom_url":null,"og_image_custom_fields":null,"og_video":"","og_custom_url":null,"og_article_section":null,"og_article_tags":null,"twitter_use_og":false,"twitter_card":"default","twitter_image_type":"default","twitter_image_url":null,"twitter_image_custom_url":null,"twitter_image_custom_fields":null,"twitter_title":null,"twitter_description":null,"schema":{"blockGraphs":[],"customGraphs":[],"default":{"data":{"Article":[],"Course":[],"Dataset":[],"FAQPage":[],"Movie":[],"Person":[],"Product":[],"ProductReview":[],"Car":[],"Recipe":[],"Service":[],"SoftwareApplication":[],"WebPage":[]},"graphName":"BlogPosting","isEnabled":true},"graphs":[]},"schema_type":"default","schema_type_options":null,"pillar_content":false,"robots_default":true,"robots_noindex":false,"robots_noarchive":false,"robots_nosnippet":false,"robots_nofollow":false,"robots_noimageindex":false,"robots_noodp":false,"robots_notranslate":false,"robots_max_snippet":"-1","robots_max_videopreview":"-1","robots_max_imagepreview":"large","priority":null,"frequency":"default","local_seo":null,"breadcrumb_settings":null,"limit_modified_date":false,"ai":null,"created":"2024-12-06 19:39:06","updated":"2025-07-11 11:16:04","seo_analyzer_scan_date":null},"aioseo_breadcrumb":"<div class=\"aioseo-breadcrumbs\"><span class=\"aioseo-breadcrumb\">\n\t\t\t<a href=\"https:\/\/newsinfoco.com.br\/inicio\" title=\"In\u00edcio\">In\u00edcio<\/a>\n\t\t<\/span><span class=\"aioseo-breadcrumb-separator\">&raquo;<\/span><span class=\"aioseo-breadcrumb\">\n\t\t\t<a href=\"https:\/\/newsinfoco.com.br\/inicio\/category\/brasil\/\" title=\"Brasil\">Brasil<\/a>\n\t\t<\/span><span class=\"aioseo-breadcrumb-separator\">&raquo;<\/span><span class=\"aioseo-breadcrumb\">\n\t\t\tIfood contestar\u00e1 obriga\u00e7\u00e3o de v\u00ednculo trabalhista\n\t\t<\/span><\/div>","aioseo_breadcrumb_json":[{"label":"In\u00edcio","link":"https:\/\/newsinfoco.com.br\/inicio"},{"label":"Brasil","link":"https:\/\/newsinfoco.com.br\/inicio\/category\/brasil\/"},{"label":"Ifood contestar\u00e1 obriga\u00e7\u00e3o de v\u00ednculo trabalhista","link":"https:\/\/newsinfoco.com.br\/inicio\/ifood-contestara-obrigacao-de-vinculo-trabalhista\/"}],"_links":{"self":[{"href":"https:\/\/newsinfoco.com.br\/inicio\/wp-json\/wp\/v2\/posts\/37263","targetHints":{"allow":["GET"]}}],"collection":[{"href":"https:\/\/newsinfoco.com.br\/inicio\/wp-json\/wp\/v2\/posts"}],"about":[{"href":"https:\/\/newsinfoco.com.br\/inicio\/wp-json\/wp\/v2\/types\/post"}],"author":[{"embeddable":true,"href":"https:\/\/newsinfoco.com.br\/inicio\/wp-json\/wp\/v2\/users\/1"}],"replies":[{"embeddable":true,"href":"https:\/\/newsinfoco.com.br\/inicio\/wp-json\/wp\/v2\/comments?post=37263"}],"version-history":[{"count":1,"href":"https:\/\/newsinfoco.com.br\/inicio\/wp-json\/wp\/v2\/posts\/37263\/revisions"}],"predecessor-version":[{"id":37265,"href":"https:\/\/newsinfoco.com.br\/inicio\/wp-json\/wp\/v2\/posts\/37263\/revisions\/37265"}],"wp:featuredmedia":[{"embeddable":true,"href":"https:\/\/newsinfoco.com.br\/inicio\/wp-json\/wp\/v2\/media\/37264"}],"wp:attachment":[{"href":"https:\/\/newsinfoco.com.br\/inicio\/wp-json\/wp\/v2\/media?parent=37263"}],"wp:term":[{"taxonomy":"category","embeddable":true,"href":"https:\/\/newsinfoco.com.br\/inicio\/wp-json\/wp\/v2\/categories?post=37263"},{"taxonomy":"post_tag","embeddable":true,"href":"https:\/\/newsinfoco.com.br\/inicio\/wp-json\/wp\/v2\/tags?post=37263"}],"curies":[{"name":"wp","href":"https:\/\/api.w.org\/{rel}","templated":true}]}}