{"id":37312,"date":"2024-12-08T16:14:26","date_gmt":"2024-12-08T19:14:26","guid":{"rendered":"https:\/\/newsinfoco.com.br\/inicio\/?p=37312"},"modified":"2024-12-08T16:16:16","modified_gmt":"2024-12-08T19:16:16","slug":"marqueteiro-baiano-sidonio-palmeira-pode-substituir-paulo-pimenta-no-ministerio-de-comunicacao","status":"publish","type":"post","link":"https:\/\/newsinfoco.com.br\/inicio\/marqueteiro-baiano-sidonio-palmeira-pode-substituir-paulo-pimenta-no-ministerio-de-comunicacao\/","title":{"rendered":"Marqueteiro baiano Sid\u00f4nio Palmeira pode substituir Paulo Pimenta no Minist\u00e9rio de Comunica\u00e7\u00e3o"},"content":{"rendered":"<article id=\"article\">Um dos nomes ventilados nos bastidores para substituiro ministro da Comunica\u00e7\u00e3o Paulo Pimenta \u00e9 o do marqueteiro baiano, Sid\u00f4nio Palmeira, respons\u00e1vel pela campanha que elegeu Lula em 2022.Na transi\u00e7\u00e3o de governo, em dezembro de 2022, Lula chegou a convidar Palmeira para conduzir a comunica\u00e7\u00e3o do Planalto, mas ele recusou. Apesar de n\u00e3o ter interesse em participar do governo, o marqueteiro tem desempenhado um papel de conselheiro informal e circulado com mais frequ\u00eancia por Bras\u00edlia, segundo o jornal O Globo. Para alguns ministros, ele seria o melhor nome para substituir Pimenta, que est\u00e1 desgastado no cargo. Procurado pela reportagem, o ministro n\u00e3o respondeu as especula\u00e7\u00f5es.<\/p>\n<\/article>\n<div id=\"dm-h-destaque2\" class=\"jba filled\" data-google-query-id=\"CJ2n3d3umIoDFRpU3QIdDa8UmA\">A Tarde<\/div>\n<div class='share-to-whatsapp-wrapper'><div class='share-on-whsp'>Share on: <\/div><a data-text='Marqueteiro baiano Sid\u00f4nio Palmeira pode substituir Paulo Pimenta no Minist\u00e9rio de Comunica\u00e7\u00e3o' data-link='https:\/\/newsinfoco.com.br\/inicio\/marqueteiro-baiano-sidonio-palmeira-pode-substituir-paulo-pimenta-no-ministerio-de-comunicacao\/' class='whatsapp-button whatsapp-share'>WhatsApp<\/a><div class='clear '><\/div><\/div>","protected":false},"excerpt":{"rendered":"<p>Um dos nomes ventilados nos bastidores para substituiro ministro da Comunica\u00e7\u00e3o Paulo Pimenta \u00e9 o do marqueteiro baiano, Sid\u00f4nio Palmeira, respons\u00e1vel pela campanha que elegeu Lula em 2022.Na transi\u00e7\u00e3o de governo, em dezembro de 2022, Lula chegou a convidar Palmeira para conduzir a comunica\u00e7\u00e3o do Planalto, mas ele recusou. Apesar de n\u00e3o ter interesse em [&hellip;]<\/p>\n","protected":false},"author":1,"featured_media":37313,"comment_status":"closed","ping_status":"closed","sticky":false,"template":"","format":"standard","meta":{"om_disable_all_campaigns":false,"_exactmetrics_skip_tracking":false,"_exactmetrics_sitenote_active":false,"_exactmetrics_sitenote_note":"","_exactmetrics_sitenote_category":0,"footnotes":""},"categories":[19,1],"tags":[],"class_list":["post-37312","post","type-post","status-publish","format-standard","has-post-thumbnail","hentry","category-bahia","category-sem-categoria"],"aioseo_notices":[],"_links":{"self":[{"href":"https:\/\/newsinfoco.com.br\/inicio\/wp-json\/wp\/v2\/posts\/37312","targetHints":{"allow":["GET"]}}],"collection":[{"href":"https:\/\/newsinfoco.com.br\/inicio\/wp-json\/wp\/v2\/posts"}],"about":[{"href":"https:\/\/newsinfoco.com.br\/inicio\/wp-json\/wp\/v2\/types\/post"}],"author":[{"embeddable":true,"href":"https:\/\/newsinfoco.com.br\/inicio\/wp-json\/wp\/v2\/users\/1"}],"replies":[{"embeddable":true,"href":"https:\/\/newsinfoco.com.br\/inicio\/wp-json\/wp\/v2\/comments?post=37312"}],"version-history":[{"count":2,"href":"https:\/\/newsinfoco.com.br\/inicio\/wp-json\/wp\/v2\/posts\/37312\/revisions"}],"predecessor-version":[{"id":37315,"href":"https:\/\/newsinfoco.com.br\/inicio\/wp-json\/wp\/v2\/posts\/37312\/revisions\/37315"}],"wp:featuredmedia":[{"embeddable":true,"href":"https:\/\/newsinfoco.com.br\/inicio\/wp-json\/wp\/v2\/media\/37313"}],"wp:attachment":[{"href":"https:\/\/newsinfoco.com.br\/inicio\/wp-json\/wp\/v2\/media?parent=37312"}],"wp:term":[{"taxonomy":"category","embeddable":true,"href":"https:\/\/newsinfoco.com.br\/inicio\/wp-json\/wp\/v2\/categories?post=37312"},{"taxonomy":"post_tag","embeddable":true,"href":"https:\/\/newsinfoco.com.br\/inicio\/wp-json\/wp\/v2\/tags?post=37312"}],"curies":[{"name":"wp","href":"https:\/\/api.w.org\/{rel}","templated":true}]}}