{"id":37836,"date":"2024-12-30T15:55:21","date_gmt":"2024-12-30T18:55:21","guid":{"rendered":"https:\/\/newsinfoco.com.br\/inicio\/?p=37836"},"modified":"2024-12-30T15:55:21","modified_gmt":"2024-12-30T18:55:21","slug":"alagoinhas-iniciara-2025-pagando-mais-a-prefeito-vice-secretarios-municipais-e-vereadores-por-caio-pimenta","status":"publish","type":"post","link":"https:\/\/newsinfoco.com.br\/inicio\/alagoinhas-iniciara-2025-pagando-mais-a-prefeito-vice-secretarios-municipais-e-vereadores-por-caio-pimenta\/","title":{"rendered":"Alagoinhas iniciar\u00e1 2025 pagando mais \u00e0 prefeito, vice, secret\u00e1rios municipais e vereadores &#8211; Por Caio Pimenta"},"content":{"rendered":"<p>Pois \u00e9 minha gente, sabe aqueles discursos de necessidade de austeridade para 2025, dificuldade or\u00e7ament\u00e1ria, peso dos empr\u00e9stimos nas contas da prefeitura de Alagoinhas&#8230; Essas coisas todas propaladas tanto por GOVERNISTAS, como por &#8220;OPOSICIONISTAS&#8221;( Se \u00e9 que algu\u00e9m acredita realmente que existe oposi\u00e7\u00e3o nessa cidade)?<\/p>\n<p>Isso s\u00f3 deve valer mesmo para investimentos em saude, educa\u00e7\u00e3o, infraestrutura e manuten\u00e7\u00e3o da cidade, porque para os &#8220;chefes&#8221; do executivo e do legislativo o ano de 2025 ser\u00e1 bem farto.<\/p><div class=\"newsi-conteudo_19\" id=\"newsi-3999472250\"><a href=\"https:\/\/www.instagram.com\/prefeituraalagoinhas?igsh=YzgzdDJ1bWR3aWI4\" aria-label=\"SAVE_20251006_221555\"><img loading=\"lazy\" decoding=\"async\" src=\"https:\/\/newsinfoco.com.br\/inicio\/wp-content\/uploads\/2025\/10\/SAVE_20251006_221555-rotated.jpg\" alt=\"\"  srcset=\"https:\/\/newsinfoco.com.br\/inicio\/wp-content\/uploads\/2025\/10\/SAVE_20251006_221555-rotated.jpg 1140w, https:\/\/newsinfoco.com.br\/inicio\/wp-content\/uploads\/2025\/10\/SAVE_20251006_221555-300x52.jpg 300w, https:\/\/newsinfoco.com.br\/inicio\/wp-content\/uploads\/2025\/10\/SAVE_20251006_221555-1024x177.jpg 1024w, https:\/\/newsinfoco.com.br\/inicio\/wp-content\/uploads\/2025\/10\/SAVE_20251006_221555-768x133.jpg 768w, https:\/\/newsinfoco.com.br\/inicio\/wp-content\/uploads\/2025\/10\/SAVE_20251006_221555-600x104.jpg 600w, https:\/\/newsinfoco.com.br\/inicio\/wp-content\/uploads\/2025\/10\/SAVE_20251006_221555-696x120.jpg 696w, https:\/\/newsinfoco.com.br\/inicio\/wp-content\/uploads\/2025\/10\/SAVE_20251006_221555-1068x185.jpg 1068w\" sizes=\"(max-width: 1140px) 100vw, 1140px\" width=\"1140\" height=\"197\"   \/><\/a><\/div>\n<p>Duas leis aprovadas pela C\u00e2mara Municipal e sancionada pelo prefeito Joaquim Neto nesta \u00faltima semana garantiram aos detentores de mandato da pr\u00f3xima gest\u00e3o(tanto no executivo, quanto do legislativo) um farto aumento em seus subs\u00eddios, leia-se sal\u00e1rios.<\/p>\n<p>A partir de 1 de janeiro de 2025, que \u00e9 logo ali, vereadores passar\u00e3o a receber R$ 17.350,00 por m\u00eas, fora verba de gabinete, gasolina, carro e outras benesses entregues aos pol\u00edticos e renegadas ao povo.<\/p>\n<p>J\u00e1 no executivo, o prefeito passar\u00e1 a receber R$ 29.500,00 e o vice e os secret\u00e1rios municipais R$ 20.500,00, fora tamb\u00e9m as regalias impostas aos referidos cargos.<\/p>\n<p>Para o trabalhador comum, restar\u00e1 a partir de 1 de janeiro um sal\u00e1rio m\u00ednimo no valor de R$ 1518,00.<\/p>\n<p>\u00c9 v\u00e1lido destacar que de acordo com o Departamento Intersindical de Estat\u00edstica e Estudos Socioecon\u00f4micos(DIEESE), o sal\u00e1rio m\u00ednimo necess\u00e1rio para a manuten\u00e7\u00e3o de uma fam\u00edlia de quatro pessoas no Brasil deveria estar em R$ 6.769,87!<\/p>\n<p>Cabe obviamente ao cidad\u00e3o alagoinhense refletir sobre o custo benef\u00edcio de nossos governantes e se h\u00e1 justi\u00e7a nessa diferen\u00e7a salarial<\/p>\n<p>Mas confesso que toda essa situa\u00e7\u00e3o me faz lembrar de um dos serm\u00f5es de Jesus Cristo e que est\u00e1 presente na b\u00edblia sagrada &#8220;\u00c9 mais f\u00e1cil um camelo passar pelo fundo de uma agulha, do que um rico entrar no Reino de DEUS&#8221;.<\/p>\n<p>Na minha humilde opini\u00e3o, carece aos pol\u00edticos da cidade consultarem as escrituras sagradas, antes de suas delibera\u00e7\u00f5es<\/p>\n<p>Por Caio Pimenta para o site News Infoco<\/p>\n<div class='share-to-whatsapp-wrapper'><div class='share-on-whsp'>Share on: <\/div><a data-text='Alagoinhas iniciar\u00e1 2025 pagando mais \u00e0 prefeito, vice, secret\u00e1rios municipais e vereadores - Por Caio Pimenta' data-link='https:\/\/newsinfoco.com.br\/inicio\/alagoinhas-iniciara-2025-pagando-mais-a-prefeito-vice-secretarios-municipais-e-vereadores-por-caio-pimenta\/' class='whatsapp-button whatsapp-share'>WhatsApp<\/a><div class='clear '><\/div><\/div>","protected":false},"excerpt":{"rendered":"<p>Pois \u00e9 minha gente, sabe aqueles discursos de necessidade de austeridade para 2025, dificuldade or\u00e7ament\u00e1ria, peso dos empr\u00e9stimos nas contas da prefeitura de Alagoinhas&#8230; Essas coisas todas propaladas tanto por GOVERNISTAS, como por &#8220;OPOSICIONISTAS&#8221;( Se \u00e9 que algu\u00e9m acredita realmente que existe oposi\u00e7\u00e3o nessa cidade)? Isso s\u00f3 deve valer mesmo para investimentos em saude, educa\u00e7\u00e3o, [&hellip;]<\/p>\n","protected":false},"author":1,"featured_media":1068,"comment_status":"closed","ping_status":"closed","sticky":false,"template":"","format":"standard","meta":{"om_disable_all_campaigns":false,"_exactmetrics_skip_tracking":false,"_exactmetrics_sitenote_active":false,"_exactmetrics_sitenote_note":"","_exactmetrics_sitenote_category":0,"footnotes":""},"categories":[26],"tags":[],"class_list":["post-37836","post","type-post","status-publish","format-standard","has-post-thumbnail","hentry","category-caio-pimenta"],"aioseo_notices":[],"_links":{"self":[{"href":"https:\/\/newsinfoco.com.br\/inicio\/wp-json\/wp\/v2\/posts\/37836","targetHints":{"allow":["GET"]}}],"collection":[{"href":"https:\/\/newsinfoco.com.br\/inicio\/wp-json\/wp\/v2\/posts"}],"about":[{"href":"https:\/\/newsinfoco.com.br\/inicio\/wp-json\/wp\/v2\/types\/post"}],"author":[{"embeddable":true,"href":"https:\/\/newsinfoco.com.br\/inicio\/wp-json\/wp\/v2\/users\/1"}],"replies":[{"embeddable":true,"href":"https:\/\/newsinfoco.com.br\/inicio\/wp-json\/wp\/v2\/comments?post=37836"}],"version-history":[{"count":1,"href":"https:\/\/newsinfoco.com.br\/inicio\/wp-json\/wp\/v2\/posts\/37836\/revisions"}],"predecessor-version":[{"id":37837,"href":"https:\/\/newsinfoco.com.br\/inicio\/wp-json\/wp\/v2\/posts\/37836\/revisions\/37837"}],"wp:featuredmedia":[{"embeddable":true,"href":"https:\/\/newsinfoco.com.br\/inicio\/wp-json\/wp\/v2\/media\/1068"}],"wp:attachment":[{"href":"https:\/\/newsinfoco.com.br\/inicio\/wp-json\/wp\/v2\/media?parent=37836"}],"wp:term":[{"taxonomy":"category","embeddable":true,"href":"https:\/\/newsinfoco.com.br\/inicio\/wp-json\/wp\/v2\/categories?post=37836"},{"taxonomy":"post_tag","embeddable":true,"href":"https:\/\/newsinfoco.com.br\/inicio\/wp-json\/wp\/v2\/tags?post=37836"}],"curies":[{"name":"wp","href":"https:\/\/api.w.org\/{rel}","templated":true}]}}