{"id":38102,"date":"2025-01-09T14:58:55","date_gmt":"2025-01-09T17:58:55","guid":{"rendered":"https:\/\/newsinfoco.com.br\/inicio\/?p=38102"},"modified":"2025-01-09T14:58:55","modified_gmt":"2025-01-09T17:58:55","slug":"mais-de-2-mil-presos-nao-retornaram-apos-saidinha-do-natal","status":"publish","type":"post","link":"https:\/\/newsinfoco.com.br\/inicio\/mais-de-2-mil-presos-nao-retornaram-apos-saidinha-do-natal\/","title":{"rendered":"Mais de 2 mil presos n\u00e3o retornaram ap\u00f3s saidinha do Natal"},"content":{"rendered":"<p>Mais de dois mil presos que tiveram direito \u00e0<a href=\"https:\/\/atarde.com.br\/?q=saidinha+de+natal&amp;d=1\" target=\"_blank\" rel=\"noopener\" data-rel-defined=\"\">\u00a0saidinha de Natal\u00a0<\/a>ainda n\u00e3o retornaram aos pres\u00eddios brasileiros. De acordo com levantamento feito pela coluna de T\u00e1cio Lorran do portal Metr\u00f3poles, 48.179 presos de 14 estados (S\u00e3o Paulo, Rio de Janeiro, Esp\u00edrito Santo, Rio Grande do Sul, Santa Catarina, Paran\u00e1, Mato Grosso do Sul, Par\u00e1, Amap\u00e1, Roraima, Sergipe, Cear\u00e1, Para\u00edba e Piau\u00ed) e do Distrito Federal foram beneficiados com a medida. Desses, 2.084 n\u00e3o retornaram, o equivalente a 4,3%.<\/p>\n<p>Proporcionalmente, o Rio de Janeiro foi o estado que registrou a maior taxa de detentos que n\u00e3o retornaram. Dos 1.494 beneficiados, 260 (cerca de 14%) est\u00e3o foragidos. J\u00e1 em n\u00fameros absolutos, S\u00e3o Paulo lidera o ranking, com 1.334 \u201cfuj\u00f5es\u201d.<\/p>\n<article id=\"article\">Acre, Amazonas, Goi\u00e1s, Mato Grosso, Pernambuco e Tocantins informaram que n\u00e3o concederam a sa\u00edda tempor\u00e1ria. Alagoas, Bahia, Maranh\u00e3o, Rio Grande do Norte e Rond\u00f4nia n\u00e3o responderam e Minas Gerais informou n\u00e3o ter compilado os dados ainda.<\/p>\n<p>A saidinha \u00e9 concedida apenas a detentos que estejam no regime semiaberto, que possuam bom comportamento e que tenham cumprido parte da pena (1\/6 para r\u00e9us que est\u00e3o cumprindo a primeira condena\u00e7\u00e3o, e 1\/4 para reincidentes). Tamb\u00e9m n\u00e3o podem ter praticado faltas graves no \u00faltimo ano. A decis\u00e3o \u00e9 tomada pela Justi\u00e7a, e o direito est\u00e1 previsto na Lei de Execu\u00e7\u00f5es Penais.<\/p>\n<p>Quando o preso n\u00e3o retorna \u00e0 unidade prisional, ap\u00f3s a sa\u00edda tempor\u00e1ria, ele \u00e9 considerado foragido e perde o benef\u00edcio do regime semiaberto. Sendo recapturado, portanto, volta ao regime fechado.<\/p>\n<\/article>\n<div id=\"dm-h-destaque2\" class=\"jba\" data-google-query-id=\"CPWJs7aa6YoDFRxZuAQd0DEeRQ\">\n<div id=\"google_ads_iframe_\/21715141650,22666819895\/atarde.com.br_4__container__\">A Tarde<\/div>\n<\/div>\n<section class=\"article-compartilhe\"><\/section>\n<div class='share-to-whatsapp-wrapper'><div class='share-on-whsp'>Share on: <\/div><a data-text='Mais de 2 mil presos n\u00e3o retornaram ap\u00f3s saidinha do Natal' data-link='https:\/\/newsinfoco.com.br\/inicio\/mais-de-2-mil-presos-nao-retornaram-apos-saidinha-do-natal\/' class='whatsapp-button whatsapp-share'>WhatsApp<\/a><div class='clear '><\/div><\/div>","protected":false},"excerpt":{"rendered":"<p>Mais de dois mil presos que tiveram direito \u00e0\u00a0saidinha de Natal\u00a0ainda n\u00e3o retornaram aos pres\u00eddios brasileiros. De acordo com levantamento feito pela coluna de T\u00e1cio Lorran do portal Metr\u00f3poles, 48.179 presos de 14 estados (S\u00e3o Paulo, Rio de Janeiro, Esp\u00edrito Santo, Rio Grande do Sul, Santa Catarina, Paran\u00e1, Mato Grosso do Sul, Par\u00e1, Amap\u00e1, Roraima, [&hellip;]<\/p>\n","protected":false},"author":1,"featured_media":38103,"comment_status":"closed","ping_status":"closed","sticky":false,"template":"","format":"standard","meta":{"om_disable_all_campaigns":false,"rop_custom_images_group":[],"rop_custom_messages_group":[],"rop_publish_now":"initial","rop_publish_now_accounts":[],"rop_publish_now_history":[],"rop_publish_now_status":"pending","_exactmetrics_skip_tracking":false,"footnotes":""},"categories":[21],"tags":[],"class_list":["post-38102","post","type-post","status-publish","format-standard","has-post-thumbnail","hentry","category-brasil"],"aioseo_notices":[],"aioseo_head":"\n\t\t<!-- All in One SEO 4.9.10 - aioseo.com -->\n\t<meta name=\"description\" content=\"Mais de dois mil presos que tiveram direito \u00e0 saidinha de Natal ainda n\u00e3o retornaram aos pres\u00eddios brasileiros. De acordo com levantamento feito pela coluna de T\u00e1cio Lorran do portal Metr\u00f3poles, 48.179 presos de 14 estados (S\u00e3o Paulo, Rio de Janeiro, Esp\u00edrito Santo, Rio Grande do Sul, Santa Catarina, Paran\u00e1, Mato Grosso do Sul, Par\u00e1, Amap\u00e1, Roraima,\" \/>\n\t<meta name=\"robots\" content=\"max-image-preview:large\" \/>\n\t<meta name=\"author\" content=\"administrador\"\/>\n\t<link rel=\"canonical\" href=\"https:\/\/newsinfoco.com.br\/inicio\/mais-de-2-mil-presos-nao-retornaram-apos-saidinha-do-natal\/\" \/>\n\t<meta name=\"generator\" content=\"All in One SEO (AIOSEO) 4.9.10\" \/>\n\t\t<meta property=\"og:locale\" content=\"pt_BR\" \/>\n\t\t<meta property=\"og:site_name\" content=\"News In Foco - Editado por Caio Pimenta - O principal site de noticias de Alagoinhas e regi\u00e3o\" \/>\n\t\t<meta property=\"og:type\" content=\"article\" \/>\n\t\t<meta property=\"og:title\" content=\"Mais de 2 mil presos n\u00e3o retornaram ap\u00f3s saidinha do Natal - News In Foco - Editado por Caio Pimenta\" \/>\n\t\t<meta property=\"og:description\" content=\"Mais de dois mil presos que tiveram direito \u00e0 saidinha de Natal ainda n\u00e3o retornaram aos pres\u00eddios brasileiros. De acordo com levantamento feito pela coluna de T\u00e1cio Lorran do portal Metr\u00f3poles, 48.179 presos de 14 estados (S\u00e3o Paulo, Rio de Janeiro, Esp\u00edrito Santo, Rio Grande do Sul, Santa Catarina, Paran\u00e1, Mato Grosso do Sul, Par\u00e1, Amap\u00e1, Roraima,\" \/>\n\t\t<meta property=\"og:url\" content=\"https:\/\/newsinfoco.com.br\/inicio\/mais-de-2-mil-presos-nao-retornaram-apos-saidinha-do-natal\/\" \/>\n\t\t<meta property=\"article:published_time\" content=\"2025-01-09T17:58:55+00:00\" \/>\n\t\t<meta property=\"article:modified_time\" content=\"2025-01-09T17:58:55+00:00\" \/>\n\t\t<meta name=\"twitter:card\" content=\"summary_large_image\" \/>\n\t\t<meta name=\"twitter:title\" content=\"Mais de 2 mil presos n\u00e3o retornaram ap\u00f3s saidinha do Natal - News In Foco - Editado por Caio Pimenta\" \/>\n\t\t<meta name=\"twitter:description\" content=\"Mais de dois mil presos que tiveram direito \u00e0 saidinha de Natal ainda n\u00e3o retornaram aos pres\u00eddios brasileiros. De acordo com levantamento feito pela coluna de T\u00e1cio Lorran do portal Metr\u00f3poles, 48.179 presos de 14 estados (S\u00e3o Paulo, Rio de Janeiro, Esp\u00edrito Santo, Rio Grande do Sul, Santa Catarina, Paran\u00e1, Mato Grosso do Sul, Par\u00e1, Amap\u00e1, Roraima,\" \/>\n\t\t<script type=\"application\/ld+json\" class=\"aioseo-schema\">\n\t\t\t{\"@context\":\"https:\\\/\\\/schema.org\",\"@graph\":[{\"@type\":\"BlogPosting\",\"@id\":\"https:\\\/\\\/newsinfoco.com.br\\\/inicio\\\/mais-de-2-mil-presos-nao-retornaram-apos-saidinha-do-natal\\\/#blogposting\",\"name\":\"Mais de 2 mil presos n\\u00e3o retornaram ap\\u00f3s saidinha do Natal - News In Foco - Editado por Caio Pimenta\",\"headline\":\"Mais de 2 mil presos n\\u00e3o retornaram ap\\u00f3s saidinha do Natal\",\"author\":{\"@id\":\"https:\\\/\\\/newsinfoco.com.br\\\/inicio\\\/author\\\/administrador\\\/#author\"},\"publisher\":{\"@id\":\"https:\\\/\\\/newsinfoco.com.br\\\/inicio\\\/#organization\"},\"image\":{\"@type\":\"ImageObject\",\"url\":\"https:\\\/\\\/newsinfoco.com.br\\\/inicio\\\/wp-content\\\/uploads\\\/2025\\\/01\\\/Homem-e-condenado-a-53-anos-apos-matar-vitima-com-0128631800202409092228-ScaleDownProportional.webp\",\"width\":900,\"height\":500},\"datePublished\":\"2025-01-09T14:58:55-03:00\",\"dateModified\":\"2025-01-09T14:58:55-03:00\",\"inLanguage\":\"pt-BR\",\"mainEntityOfPage\":{\"@id\":\"https:\\\/\\\/newsinfoco.com.br\\\/inicio\\\/mais-de-2-mil-presos-nao-retornaram-apos-saidinha-do-natal\\\/#webpage\"},\"isPartOf\":{\"@id\":\"https:\\\/\\\/newsinfoco.com.br\\\/inicio\\\/mais-de-2-mil-presos-nao-retornaram-apos-saidinha-do-natal\\\/#webpage\"},\"articleSection\":\"Brasil\"},{\"@type\":\"BreadcrumbList\",\"@id\":\"https:\\\/\\\/newsinfoco.com.br\\\/inicio\\\/mais-de-2-mil-presos-nao-retornaram-apos-saidinha-do-natal\\\/#breadcrumblist\",\"itemListElement\":[{\"@type\":\"ListItem\",\"@id\":\"https:\\\/\\\/newsinfoco.com.br\\\/inicio#listItem\",\"position\":1,\"name\":\"In\\u00edcio\",\"item\":\"https:\\\/\\\/newsinfoco.com.br\\\/inicio\",\"nextItem\":{\"@type\":\"ListItem\",\"@id\":\"https:\\\/\\\/newsinfoco.com.br\\\/inicio\\\/category\\\/brasil\\\/#listItem\",\"name\":\"Brasil\"}},{\"@type\":\"ListItem\",\"@id\":\"https:\\\/\\\/newsinfoco.com.br\\\/inicio\\\/category\\\/brasil\\\/#listItem\",\"position\":2,\"name\":\"Brasil\",\"item\":\"https:\\\/\\\/newsinfoco.com.br\\\/inicio\\\/category\\\/brasil\\\/\",\"nextItem\":{\"@type\":\"ListItem\",\"@id\":\"https:\\\/\\\/newsinfoco.com.br\\\/inicio\\\/mais-de-2-mil-presos-nao-retornaram-apos-saidinha-do-natal\\\/#listItem\",\"name\":\"Mais de 2 mil presos n\\u00e3o retornaram ap\\u00f3s saidinha do Natal\"},\"previousItem\":{\"@type\":\"ListItem\",\"@id\":\"https:\\\/\\\/newsinfoco.com.br\\\/inicio#listItem\",\"name\":\"In\\u00edcio\"}},{\"@type\":\"ListItem\",\"@id\":\"https:\\\/\\\/newsinfoco.com.br\\\/inicio\\\/mais-de-2-mil-presos-nao-retornaram-apos-saidinha-do-natal\\\/#listItem\",\"position\":3,\"name\":\"Mais de 2 mil presos n\\u00e3o retornaram ap\\u00f3s saidinha do Natal\",\"previousItem\":{\"@type\":\"ListItem\",\"@id\":\"https:\\\/\\\/newsinfoco.com.br\\\/inicio\\\/category\\\/brasil\\\/#listItem\",\"name\":\"Brasil\"}}]},{\"@type\":\"Organization\",\"@id\":\"https:\\\/\\\/newsinfoco.com.br\\\/inicio\\\/#organization\",\"name\":\"News In Foco - Editado por Caio Pimenta\",\"description\":\"O principal site de noticias de Alagoinhas e regi\\u00e3o\",\"url\":\"https:\\\/\\\/newsinfoco.com.br\\\/inicio\\\/\"},{\"@type\":\"Person\",\"@id\":\"https:\\\/\\\/newsinfoco.com.br\\\/inicio\\\/author\\\/administrador\\\/#author\",\"url\":\"https:\\\/\\\/newsinfoco.com.br\\\/inicio\\\/author\\\/administrador\\\/\",\"name\":\"administrador\",\"image\":{\"@type\":\"ImageObject\",\"@id\":\"https:\\\/\\\/newsinfoco.com.br\\\/inicio\\\/mais-de-2-mil-presos-nao-retornaram-apos-saidinha-do-natal\\\/#authorImage\",\"url\":\"https:\\\/\\\/secure.gravatar.com\\\/avatar\\\/c17a617433de8c1dc9584bb79aab7563b46f5bb7e1728c9b17d9cc3ce6a08e49?s=96&d=mm&r=g\",\"width\":96,\"height\":96,\"caption\":\"administrador\"}},{\"@type\":\"WebPage\",\"@id\":\"https:\\\/\\\/newsinfoco.com.br\\\/inicio\\\/mais-de-2-mil-presos-nao-retornaram-apos-saidinha-do-natal\\\/#webpage\",\"url\":\"https:\\\/\\\/newsinfoco.com.br\\\/inicio\\\/mais-de-2-mil-presos-nao-retornaram-apos-saidinha-do-natal\\\/\",\"name\":\"Mais de 2 mil presos n\\u00e3o retornaram ap\\u00f3s saidinha do Natal - News In Foco - Editado por Caio Pimenta\",\"description\":\"Mais de dois mil presos que tiveram direito \\u00e0 saidinha de Natal ainda n\\u00e3o retornaram aos pres\\u00eddios brasileiros. De acordo com levantamento feito pela coluna de T\\u00e1cio Lorran do portal Metr\\u00f3poles, 48.179 presos de 14 estados (S\\u00e3o Paulo, Rio de Janeiro, Esp\\u00edrito Santo, Rio Grande do Sul, Santa Catarina, Paran\\u00e1, Mato Grosso do Sul, Par\\u00e1, Amap\\u00e1, Roraima,\",\"inLanguage\":\"pt-BR\",\"isPartOf\":{\"@id\":\"https:\\\/\\\/newsinfoco.com.br\\\/inicio\\\/#website\"},\"breadcrumb\":{\"@id\":\"https:\\\/\\\/newsinfoco.com.br\\\/inicio\\\/mais-de-2-mil-presos-nao-retornaram-apos-saidinha-do-natal\\\/#breadcrumblist\"},\"author\":{\"@id\":\"https:\\\/\\\/newsinfoco.com.br\\\/inicio\\\/author\\\/administrador\\\/#author\"},\"creator\":{\"@id\":\"https:\\\/\\\/newsinfoco.com.br\\\/inicio\\\/author\\\/administrador\\\/#author\"},\"image\":{\"@type\":\"ImageObject\",\"url\":\"https:\\\/\\\/newsinfoco.com.br\\\/inicio\\\/wp-content\\\/uploads\\\/2025\\\/01\\\/Homem-e-condenado-a-53-anos-apos-matar-vitima-com-0128631800202409092228-ScaleDownProportional.webp\",\"@id\":\"https:\\\/\\\/newsinfoco.com.br\\\/inicio\\\/mais-de-2-mil-presos-nao-retornaram-apos-saidinha-do-natal\\\/#mainImage\",\"width\":900,\"height\":500},\"primaryImageOfPage\":{\"@id\":\"https:\\\/\\\/newsinfoco.com.br\\\/inicio\\\/mais-de-2-mil-presos-nao-retornaram-apos-saidinha-do-natal\\\/#mainImage\"},\"datePublished\":\"2025-01-09T14:58:55-03:00\",\"dateModified\":\"2025-01-09T14:58:55-03:00\"},{\"@type\":\"WebSite\",\"@id\":\"https:\\\/\\\/newsinfoco.com.br\\\/inicio\\\/#website\",\"url\":\"https:\\\/\\\/newsinfoco.com.br\\\/inicio\\\/\",\"name\":\"News In Foco - Editado por Caio Pimenta\",\"description\":\"O principal site de noticias de Alagoinhas e regi\\u00e3o\",\"inLanguage\":\"pt-BR\",\"publisher\":{\"@id\":\"https:\\\/\\\/newsinfoco.com.br\\\/inicio\\\/#organization\"}}]}\n\t\t<\/script>\n\t\t<!-- All in One SEO -->\n\n","aioseo_head_json":{"title":"Mais de 2 mil presos n\u00e3o retornaram ap\u00f3s saidinha do Natal - News In Foco - Editado por Caio Pimenta","description":"Mais de dois mil presos que tiveram direito \u00e0 saidinha de Natal ainda n\u00e3o retornaram aos pres\u00eddios brasileiros. De acordo com levantamento feito pela coluna de T\u00e1cio Lorran do portal Metr\u00f3poles, 48.179 presos de 14 estados (S\u00e3o Paulo, Rio de Janeiro, Esp\u00edrito Santo, Rio Grande do Sul, Santa Catarina, Paran\u00e1, Mato Grosso do Sul, Par\u00e1, Amap\u00e1, Roraima,","canonical_url":"https:\/\/newsinfoco.com.br\/inicio\/mais-de-2-mil-presos-nao-retornaram-apos-saidinha-do-natal\/","robots":"max-image-preview:large","keywords":"","webmasterTools":{"miscellaneous":""},"schema":{"@context":"https:\/\/schema.org","@graph":[{"@type":"BlogPosting","@id":"https:\/\/newsinfoco.com.br\/inicio\/mais-de-2-mil-presos-nao-retornaram-apos-saidinha-do-natal\/#blogposting","name":"Mais de 2 mil presos n\u00e3o retornaram ap\u00f3s saidinha do Natal - News In Foco - Editado por Caio Pimenta","headline":"Mais de 2 mil presos n\u00e3o retornaram ap\u00f3s saidinha do Natal","author":{"@id":"https:\/\/newsinfoco.com.br\/inicio\/author\/administrador\/#author"},"publisher":{"@id":"https:\/\/newsinfoco.com.br\/inicio\/#organization"},"image":{"@type":"ImageObject","url":"https:\/\/newsinfoco.com.br\/inicio\/wp-content\/uploads\/2025\/01\/Homem-e-condenado-a-53-anos-apos-matar-vitima-com-0128631800202409092228-ScaleDownProportional.webp","width":900,"height":500},"datePublished":"2025-01-09T14:58:55-03:00","dateModified":"2025-01-09T14:58:55-03:00","inLanguage":"pt-BR","mainEntityOfPage":{"@id":"https:\/\/newsinfoco.com.br\/inicio\/mais-de-2-mil-presos-nao-retornaram-apos-saidinha-do-natal\/#webpage"},"isPartOf":{"@id":"https:\/\/newsinfoco.com.br\/inicio\/mais-de-2-mil-presos-nao-retornaram-apos-saidinha-do-natal\/#webpage"},"articleSection":"Brasil"},{"@type":"BreadcrumbList","@id":"https:\/\/newsinfoco.com.br\/inicio\/mais-de-2-mil-presos-nao-retornaram-apos-saidinha-do-natal\/#breadcrumblist","itemListElement":[{"@type":"ListItem","@id":"https:\/\/newsinfoco.com.br\/inicio#listItem","position":1,"name":"In\u00edcio","item":"https:\/\/newsinfoco.com.br\/inicio","nextItem":{"@type":"ListItem","@id":"https:\/\/newsinfoco.com.br\/inicio\/category\/brasil\/#listItem","name":"Brasil"}},{"@type":"ListItem","@id":"https:\/\/newsinfoco.com.br\/inicio\/category\/brasil\/#listItem","position":2,"name":"Brasil","item":"https:\/\/newsinfoco.com.br\/inicio\/category\/brasil\/","nextItem":{"@type":"ListItem","@id":"https:\/\/newsinfoco.com.br\/inicio\/mais-de-2-mil-presos-nao-retornaram-apos-saidinha-do-natal\/#listItem","name":"Mais de 2 mil presos n\u00e3o retornaram ap\u00f3s saidinha do Natal"},"previousItem":{"@type":"ListItem","@id":"https:\/\/newsinfoco.com.br\/inicio#listItem","name":"In\u00edcio"}},{"@type":"ListItem","@id":"https:\/\/newsinfoco.com.br\/inicio\/mais-de-2-mil-presos-nao-retornaram-apos-saidinha-do-natal\/#listItem","position":3,"name":"Mais de 2 mil presos n\u00e3o retornaram ap\u00f3s saidinha do Natal","previousItem":{"@type":"ListItem","@id":"https:\/\/newsinfoco.com.br\/inicio\/category\/brasil\/#listItem","name":"Brasil"}}]},{"@type":"Organization","@id":"https:\/\/newsinfoco.com.br\/inicio\/#organization","name":"News In Foco - Editado por Caio Pimenta","description":"O principal site de noticias de Alagoinhas e regi\u00e3o","url":"https:\/\/newsinfoco.com.br\/inicio\/"},{"@type":"Person","@id":"https:\/\/newsinfoco.com.br\/inicio\/author\/administrador\/#author","url":"https:\/\/newsinfoco.com.br\/inicio\/author\/administrador\/","name":"administrador","image":{"@type":"ImageObject","@id":"https:\/\/newsinfoco.com.br\/inicio\/mais-de-2-mil-presos-nao-retornaram-apos-saidinha-do-natal\/#authorImage","url":"https:\/\/secure.gravatar.com\/avatar\/c17a617433de8c1dc9584bb79aab7563b46f5bb7e1728c9b17d9cc3ce6a08e49?s=96&d=mm&r=g","width":96,"height":96,"caption":"administrador"}},{"@type":"WebPage","@id":"https:\/\/newsinfoco.com.br\/inicio\/mais-de-2-mil-presos-nao-retornaram-apos-saidinha-do-natal\/#webpage","url":"https:\/\/newsinfoco.com.br\/inicio\/mais-de-2-mil-presos-nao-retornaram-apos-saidinha-do-natal\/","name":"Mais de 2 mil presos n\u00e3o retornaram ap\u00f3s saidinha do Natal - News In Foco - Editado por Caio Pimenta","description":"Mais de dois mil presos que tiveram direito \u00e0 saidinha de Natal ainda n\u00e3o retornaram aos pres\u00eddios brasileiros. De acordo com levantamento feito pela coluna de T\u00e1cio Lorran do portal Metr\u00f3poles, 48.179 presos de 14 estados (S\u00e3o Paulo, Rio de Janeiro, Esp\u00edrito Santo, Rio Grande do Sul, Santa Catarina, Paran\u00e1, Mato Grosso do Sul, Par\u00e1, Amap\u00e1, Roraima,","inLanguage":"pt-BR","isPartOf":{"@id":"https:\/\/newsinfoco.com.br\/inicio\/#website"},"breadcrumb":{"@id":"https:\/\/newsinfoco.com.br\/inicio\/mais-de-2-mil-presos-nao-retornaram-apos-saidinha-do-natal\/#breadcrumblist"},"author":{"@id":"https:\/\/newsinfoco.com.br\/inicio\/author\/administrador\/#author"},"creator":{"@id":"https:\/\/newsinfoco.com.br\/inicio\/author\/administrador\/#author"},"image":{"@type":"ImageObject","url":"https:\/\/newsinfoco.com.br\/inicio\/wp-content\/uploads\/2025\/01\/Homem-e-condenado-a-53-anos-apos-matar-vitima-com-0128631800202409092228-ScaleDownProportional.webp","@id":"https:\/\/newsinfoco.com.br\/inicio\/mais-de-2-mil-presos-nao-retornaram-apos-saidinha-do-natal\/#mainImage","width":900,"height":500},"primaryImageOfPage":{"@id":"https:\/\/newsinfoco.com.br\/inicio\/mais-de-2-mil-presos-nao-retornaram-apos-saidinha-do-natal\/#mainImage"},"datePublished":"2025-01-09T14:58:55-03:00","dateModified":"2025-01-09T14:58:55-03:00"},{"@type":"WebSite","@id":"https:\/\/newsinfoco.com.br\/inicio\/#website","url":"https:\/\/newsinfoco.com.br\/inicio\/","name":"News In Foco - Editado por Caio Pimenta","description":"O principal site de noticias de Alagoinhas e regi\u00e3o","inLanguage":"pt-BR","publisher":{"@id":"https:\/\/newsinfoco.com.br\/inicio\/#organization"}}]},"og:locale":"pt_BR","og:site_name":"News In Foco - Editado por Caio Pimenta - O principal site de noticias de Alagoinhas e regi\u00e3o","og:type":"article","og:title":"Mais de 2 mil presos n\u00e3o retornaram ap\u00f3s saidinha do Natal - News In Foco - Editado por Caio Pimenta","og:description":"Mais de dois mil presos que tiveram direito \u00e0 saidinha de Natal ainda n\u00e3o retornaram aos pres\u00eddios brasileiros. De acordo com levantamento feito pela coluna de T\u00e1cio Lorran do portal Metr\u00f3poles, 48.179 presos de 14 estados (S\u00e3o Paulo, Rio de Janeiro, Esp\u00edrito Santo, Rio Grande do Sul, Santa Catarina, Paran\u00e1, Mato Grosso do Sul, Par\u00e1, Amap\u00e1, Roraima,","og:url":"https:\/\/newsinfoco.com.br\/inicio\/mais-de-2-mil-presos-nao-retornaram-apos-saidinha-do-natal\/","article:published_time":"2025-01-09T17:58:55+00:00","article:modified_time":"2025-01-09T17:58:55+00:00","twitter:card":"summary_large_image","twitter:title":"Mais de 2 mil presos n\u00e3o retornaram ap\u00f3s saidinha do Natal - News In Foco - Editado por Caio Pimenta","twitter:description":"Mais de dois mil presos que tiveram direito \u00e0 saidinha de Natal ainda n\u00e3o retornaram aos pres\u00eddios brasileiros. De acordo com levantamento feito pela coluna de T\u00e1cio Lorran do portal Metr\u00f3poles, 48.179 presos de 14 estados (S\u00e3o Paulo, Rio de Janeiro, Esp\u00edrito Santo, Rio Grande do Sul, Santa Catarina, Paran\u00e1, Mato Grosso do Sul, Par\u00e1, Amap\u00e1, Roraima,"},"aioseo_meta_data":{"post_id":"38102","title":null,"description":null,"keywords":null,"keyphrases":{"focus":{"keyphrase":"","score":0,"analysis":{"keyphraseInTitle":{"score":0,"maxScore":9,"error":1}}},"additional":[]},"primary_term":null,"canonical_url":null,"og_title":null,"og_description":null,"og_object_type":"default","og_image_type":"default","og_image_url":null,"og_image_width":null,"og_image_height":null,"og_image_custom_url":null,"og_image_custom_fields":null,"og_video":"","og_custom_url":null,"og_article_section":null,"og_article_tags":null,"twitter_use_og":false,"twitter_card":"default","twitter_image_type":"default","twitter_image_url":null,"twitter_image_custom_url":null,"twitter_image_custom_fields":null,"twitter_title":null,"twitter_description":null,"schema":{"blockGraphs":[],"customGraphs":[],"default":{"data":{"Article":[],"Course":[],"Dataset":[],"FAQPage":[],"Movie":[],"Person":[],"Product":[],"ProductReview":[],"Car":[],"Recipe":[],"Service":[],"SoftwareApplication":[],"WebPage":[]},"graphName":"BlogPosting","isEnabled":true},"graphs":[]},"schema_type":"default","schema_type_options":null,"pillar_content":false,"robots_default":true,"robots_noindex":false,"robots_noarchive":false,"robots_nosnippet":false,"robots_nofollow":false,"robots_noimageindex":false,"robots_noodp":false,"robots_notranslate":false,"robots_max_snippet":"-1","robots_max_videopreview":"-1","robots_max_imagepreview":"large","priority":null,"frequency":"default","local_seo":null,"breadcrumb_settings":null,"limit_modified_date":false,"ai":null,"created":"2025-01-09 17:58:55","updated":"2025-07-11 11:42:44","seo_analyzer_scan_date":null},"aioseo_breadcrumb":"<div class=\"aioseo-breadcrumbs\"><span class=\"aioseo-breadcrumb\">\n\t\t\t<a href=\"https:\/\/newsinfoco.com.br\/inicio\" title=\"In\u00edcio\">In\u00edcio<\/a>\n\t\t<\/span><span class=\"aioseo-breadcrumb-separator\">&raquo;<\/span><span class=\"aioseo-breadcrumb\">\n\t\t\t<a href=\"https:\/\/newsinfoco.com.br\/inicio\/category\/brasil\/\" title=\"Brasil\">Brasil<\/a>\n\t\t<\/span><span class=\"aioseo-breadcrumb-separator\">&raquo;<\/span><span class=\"aioseo-breadcrumb\">\n\t\t\tMais de 2 mil presos n\u00e3o retornaram ap\u00f3s saidinha do Natal\n\t\t<\/span><\/div>","aioseo_breadcrumb_json":[{"label":"In\u00edcio","link":"https:\/\/newsinfoco.com.br\/inicio"},{"label":"Brasil","link":"https:\/\/newsinfoco.com.br\/inicio\/category\/brasil\/"},{"label":"Mais de 2 mil presos n\u00e3o retornaram ap\u00f3s saidinha do Natal","link":"https:\/\/newsinfoco.com.br\/inicio\/mais-de-2-mil-presos-nao-retornaram-apos-saidinha-do-natal\/"}],"_links":{"self":[{"href":"https:\/\/newsinfoco.com.br\/inicio\/wp-json\/wp\/v2\/posts\/38102","targetHints":{"allow":["GET"]}}],"collection":[{"href":"https:\/\/newsinfoco.com.br\/inicio\/wp-json\/wp\/v2\/posts"}],"about":[{"href":"https:\/\/newsinfoco.com.br\/inicio\/wp-json\/wp\/v2\/types\/post"}],"author":[{"embeddable":true,"href":"https:\/\/newsinfoco.com.br\/inicio\/wp-json\/wp\/v2\/users\/1"}],"replies":[{"embeddable":true,"href":"https:\/\/newsinfoco.com.br\/inicio\/wp-json\/wp\/v2\/comments?post=38102"}],"version-history":[{"count":1,"href":"https:\/\/newsinfoco.com.br\/inicio\/wp-json\/wp\/v2\/posts\/38102\/revisions"}],"predecessor-version":[{"id":38104,"href":"https:\/\/newsinfoco.com.br\/inicio\/wp-json\/wp\/v2\/posts\/38102\/revisions\/38104"}],"wp:featuredmedia":[{"embeddable":true,"href":"https:\/\/newsinfoco.com.br\/inicio\/wp-json\/wp\/v2\/media\/38103"}],"wp:attachment":[{"href":"https:\/\/newsinfoco.com.br\/inicio\/wp-json\/wp\/v2\/media?parent=38102"}],"wp:term":[{"taxonomy":"category","embeddable":true,"href":"https:\/\/newsinfoco.com.br\/inicio\/wp-json\/wp\/v2\/categories?post=38102"},{"taxonomy":"post_tag","embeddable":true,"href":"https:\/\/newsinfoco.com.br\/inicio\/wp-json\/wp\/v2\/tags?post=38102"}],"curies":[{"name":"wp","href":"https:\/\/api.w.org\/{rel}","templated":true}]}}