{"id":38357,"date":"2025-01-17T13:03:16","date_gmt":"2025-01-17T16:03:16","guid":{"rendered":"https:\/\/newsinfoco.com.br\/inicio\/?p=38357"},"modified":"2025-01-17T13:03:16","modified_gmt":"2025-01-17T16:03:16","slug":"prazo-para-municipios-e-estados-regularizar-obras-na-saude-encerra-nesta-sexta-17","status":"publish","type":"post","link":"https:\/\/newsinfoco.com.br\/inicio\/prazo-para-municipios-e-estados-regularizar-obras-na-saude-encerra-nesta-sexta-17\/","title":{"rendered":"Prazo para munic\u00edpios e estados regularizar obras na sa\u00fade encerra nesta sexta (17)"},"content":{"rendered":"<p>O gestores estaduais e municipais t\u00eam at\u00e9 esta sexta-feira (17) para regularizar e assinar o Termo de Repactua\u00e7\u00e3o para Retomada de Obras na Sa\u00fade (TRR), conforme anunciado pelo Minist\u00e9rio da Sa\u00fade. O objetivo da medida \u00e9 assegurar a retomada das obras de infraestrutura na sa\u00fade em todo o Brasil. Inicialmente, o prazo para a regulariza\u00e7\u00e3o se encerraria no dia 3 de janeiro, mas foi estendido at\u00e9 esta sexta-feira.<\/p>\n<p>De acordo com o \u00faltimo balan\u00e7o do Minist\u00e9rio da Sa\u00fade, 178 das 203 obras que aderiram ao programa j\u00e1 possuem o TRR assinado e est\u00e3o aptas para licita\u00e7\u00e3o e recebimento de recursos federais. Outras 25 obras ainda aguardam a assinatura do termo. Para regularizar o cadastro e aderir \u00e0 retomada das obras, os gestores devem utilizar os sistemas de monitoramento\u00a0<a href=\"https:\/\/portalfns.saude.gov.br\/sismob-2-0\/\" target=\"_blank\" rel=\"noopener\">Sismob<\/a>\u00a0e\u00a0<a href=\"https:\/\/investsus.saude.gov.br\/\" target=\"_blank\" rel=\"noopener\">InvestSUS<\/a>.<\/p>\n<div>\n<div>\n<div class=\"trv-player-container\">\n<div class=\"trv-wrapper\">\n<div id=\"br_video_player_40c20aa8a5b82abd105b9fd89793ca9dc3c659f9\" class=\"trvd_video_player\">\n<div class=\"media-player\">\n<div class=\"trv-video\">\n<div class=\"conteudo_post\">\n<p>O minist\u00e9rio destacou que, apesar da disponibilidade dos materiais de f\u00e1cil acesso, algumas obras que j\u00e1 est\u00e3o aptas para rein\u00edcio continuam paralisadas devido a pend\u00eancias por parte dos entes federados. A regulariza\u00e7\u00e3o tamb\u00e9m permite a conclus\u00e3o de projetos interrompidos ou paralisados, al\u00e9m da regulariza\u00e7\u00e3o de obras j\u00e1 conclu\u00eddas.<\/p>\n<p>A iniciativa, regulamentada pela Portaria GM\/MS n\u00ba 5.426\/2024, conta com um investimento superior a R$ 353 milh\u00f5es. Entre as obras previstas est\u00e3o 137 academias de sa\u00fade, 10 centros de aten\u00e7\u00e3o psicossocial (Caps), 808 unidades b\u00e1sicas de sa\u00fade (UBSs), 28 unidades de pronto atendimento (UPAs), al\u00e9m de outros projetos de sa\u00fade essenciais para o atendimento da popula\u00e7\u00e3o.<\/p>\n<\/div>\n<div id=\"div-share\">Bahia.Ba<\/div>\n<\/div>\n<div class=\"trv-poster\"><\/div>\n<div class=\"video-overlay\"><\/div>\n<\/div>\n<div class=\"trv-autoskip-container\">\n<div class=\"trv-autoskip-background\">\n<div class=\"trv-autoskip-line-top\">\n<div><\/div>\n<\/div>\n<div class=\"trv-autoskip-line-right\">\n<div><\/div>\n<\/div>\n<div class=\"trv-autoskip-line-bottom\">\n<div><\/div>\n<\/div>\n<div class=\"trv-autoskip-line-left\">\n<div><\/div>\n<\/div>\n<\/div>\n<div class=\"autoskip-btn autoskip-btn-blue\"><\/div>\n<div class=\"autoskip-btn autoskip-btn-gray\"><\/div>\n<\/div>\n<div><\/div>\n<p><img decoding=\"async\" src=\"https:\/\/ads.stickyadstv.com\/auto-user-sync?_fw_gdpr=0&amp;_fw_gdpr_consent=\" \/><img decoding=\"async\" src=\"https:\/\/ads.stickyadstv.com\/user-matching?id=2545&amp;_fw_gdpr=0&amp;_fw_gdpr_consent=\" \/><\/div>\n<\/div>\n<\/div>\n<\/div>\n<\/div>\n<div class='share-to-whatsapp-wrapper'><div class='share-on-whsp'>Share on: <\/div><a data-text='Prazo para munic\u00edpios e estados regularizar obras na sa\u00fade encerra nesta sexta (17)' data-link='https:\/\/newsinfoco.com.br\/inicio\/prazo-para-municipios-e-estados-regularizar-obras-na-saude-encerra-nesta-sexta-17\/' class='whatsapp-button whatsapp-share'>WhatsApp<\/a><div class='clear '><\/div><\/div>","protected":false},"excerpt":{"rendered":"<p>O gestores estaduais e municipais t\u00eam at\u00e9 esta sexta-feira (17) para regularizar e assinar o Termo de Repactua\u00e7\u00e3o para Retomada de Obras na Sa\u00fade (TRR), conforme anunciado pelo Minist\u00e9rio da Sa\u00fade. O objetivo da medida \u00e9 assegurar a retomada das obras de infraestrutura na sa\u00fade em todo o Brasil. Inicialmente, o prazo para a regulariza\u00e7\u00e3o [&hellip;]<\/p>\n","protected":false},"author":1,"featured_media":38358,"comment_status":"closed","ping_status":"closed","sticky":false,"template":"","format":"standard","meta":{"om_disable_all_campaigns":false,"rop_custom_images_group":[],"rop_custom_messages_group":[],"rop_publish_now":"initial","rop_publish_now_accounts":[],"rop_publish_now_history":[],"rop_publish_now_status":"pending","_exactmetrics_skip_tracking":false,"footnotes":""},"categories":[21],"tags":[],"class_list":["post-38357","post","type-post","status-publish","format-standard","has-post-thumbnail","hentry","category-brasil"],"aioseo_notices":[],"aioseo_head":"\n\t\t<!-- All in One SEO 4.9.10 - aioseo.com -->\n\t<meta name=\"description\" content=\"O gestores estaduais e municipais t\u00eam at\u00e9 esta sexta-feira (17) para regularizar e assinar o Termo de Repactua\u00e7\u00e3o para Retomada de Obras na Sa\u00fade (TRR), conforme anunciado pelo Minist\u00e9rio da Sa\u00fade. O objetivo da medida \u00e9 assegurar a retomada das obras de infraestrutura na sa\u00fade em todo o Brasil. Inicialmente, o prazo para a regulariza\u00e7\u00e3o\" \/>\n\t<meta name=\"robots\" content=\"max-image-preview:large\" \/>\n\t<meta name=\"author\" content=\"administrador\"\/>\n\t<link rel=\"canonical\" href=\"https:\/\/newsinfoco.com.br\/inicio\/prazo-para-municipios-e-estados-regularizar-obras-na-saude-encerra-nesta-sexta-17\/\" \/>\n\t<meta name=\"generator\" content=\"All in One SEO (AIOSEO) 4.9.10\" \/>\n\t\t<meta property=\"og:locale\" content=\"pt_BR\" \/>\n\t\t<meta property=\"og:site_name\" content=\"News In Foco - Editado por Caio Pimenta - O principal site de noticias de Alagoinhas e regi\u00e3o\" \/>\n\t\t<meta property=\"og:type\" content=\"article\" \/>\n\t\t<meta property=\"og:title\" content=\"Prazo para munic\u00edpios e estados regularizar obras na sa\u00fade encerra nesta sexta (17) - News In Foco - Editado por Caio Pimenta\" \/>\n\t\t<meta property=\"og:description\" content=\"O gestores estaduais e municipais t\u00eam at\u00e9 esta sexta-feira (17) para regularizar e assinar o Termo de Repactua\u00e7\u00e3o para Retomada de Obras na Sa\u00fade (TRR), conforme anunciado pelo Minist\u00e9rio da Sa\u00fade. O objetivo da medida \u00e9 assegurar a retomada das obras de infraestrutura na sa\u00fade em todo o Brasil. Inicialmente, o prazo para a regulariza\u00e7\u00e3o\" \/>\n\t\t<meta property=\"og:url\" content=\"https:\/\/newsinfoco.com.br\/inicio\/prazo-para-municipios-e-estados-regularizar-obras-na-saude-encerra-nesta-sexta-17\/\" \/>\n\t\t<meta property=\"article:published_time\" content=\"2025-01-17T16:03:16+00:00\" \/>\n\t\t<meta property=\"article:modified_time\" content=\"2025-01-17T16:03:16+00:00\" \/>\n\t\t<meta name=\"twitter:card\" content=\"summary_large_image\" \/>\n\t\t<meta name=\"twitter:title\" content=\"Prazo para munic\u00edpios e estados regularizar obras na sa\u00fade encerra nesta sexta (17) - News In Foco - Editado por Caio Pimenta\" \/>\n\t\t<meta name=\"twitter:description\" content=\"O gestores estaduais e municipais t\u00eam at\u00e9 esta sexta-feira (17) para regularizar e assinar o Termo de Repactua\u00e7\u00e3o para Retomada de Obras na Sa\u00fade (TRR), conforme anunciado pelo Minist\u00e9rio da Sa\u00fade. O objetivo da medida \u00e9 assegurar a retomada das obras de infraestrutura na sa\u00fade em todo o Brasil. Inicialmente, o prazo para a regulariza\u00e7\u00e3o\" \/>\n\t\t<script type=\"application\/ld+json\" class=\"aioseo-schema\">\n\t\t\t{\"@context\":\"https:\\\/\\\/schema.org\",\"@graph\":[{\"@type\":\"BlogPosting\",\"@id\":\"https:\\\/\\\/newsinfoco.com.br\\\/inicio\\\/prazo-para-municipios-e-estados-regularizar-obras-na-saude-encerra-nesta-sexta-17\\\/#blogposting\",\"name\":\"Prazo para munic\\u00edpios e estados regularizar obras na sa\\u00fade encerra nesta sexta (17) - News In Foco - Editado por Caio Pimenta\",\"headline\":\"Prazo para munic\\u00edpios e estados regularizar obras na sa\\u00fade encerra nesta sexta (17)\",\"author\":{\"@id\":\"https:\\\/\\\/newsinfoco.com.br\\\/inicio\\\/author\\\/administrador\\\/#author\"},\"publisher\":{\"@id\":\"https:\\\/\\\/newsinfoco.com.br\\\/inicio\\\/#organization\"},\"image\":{\"@type\":\"ImageObject\",\"url\":\"https:\\\/\\\/newsinfoco.com.br\\\/inicio\\\/wp-content\\\/uploads\\\/2025\\\/01\\\/lucho-rodriguez-bahia-2025-01-17T110741.629.png\",\"width\":600,\"height\":420},\"datePublished\":\"2025-01-17T13:03:16-03:00\",\"dateModified\":\"2025-01-17T13:03:16-03:00\",\"inLanguage\":\"pt-BR\",\"mainEntityOfPage\":{\"@id\":\"https:\\\/\\\/newsinfoco.com.br\\\/inicio\\\/prazo-para-municipios-e-estados-regularizar-obras-na-saude-encerra-nesta-sexta-17\\\/#webpage\"},\"isPartOf\":{\"@id\":\"https:\\\/\\\/newsinfoco.com.br\\\/inicio\\\/prazo-para-municipios-e-estados-regularizar-obras-na-saude-encerra-nesta-sexta-17\\\/#webpage\"},\"articleSection\":\"Brasil\"},{\"@type\":\"BreadcrumbList\",\"@id\":\"https:\\\/\\\/newsinfoco.com.br\\\/inicio\\\/prazo-para-municipios-e-estados-regularizar-obras-na-saude-encerra-nesta-sexta-17\\\/#breadcrumblist\",\"itemListElement\":[{\"@type\":\"ListItem\",\"@id\":\"https:\\\/\\\/newsinfoco.com.br\\\/inicio#listItem\",\"position\":1,\"name\":\"In\\u00edcio\",\"item\":\"https:\\\/\\\/newsinfoco.com.br\\\/inicio\",\"nextItem\":{\"@type\":\"ListItem\",\"@id\":\"https:\\\/\\\/newsinfoco.com.br\\\/inicio\\\/category\\\/brasil\\\/#listItem\",\"name\":\"Brasil\"}},{\"@type\":\"ListItem\",\"@id\":\"https:\\\/\\\/newsinfoco.com.br\\\/inicio\\\/category\\\/brasil\\\/#listItem\",\"position\":2,\"name\":\"Brasil\",\"item\":\"https:\\\/\\\/newsinfoco.com.br\\\/inicio\\\/category\\\/brasil\\\/\",\"nextItem\":{\"@type\":\"ListItem\",\"@id\":\"https:\\\/\\\/newsinfoco.com.br\\\/inicio\\\/prazo-para-municipios-e-estados-regularizar-obras-na-saude-encerra-nesta-sexta-17\\\/#listItem\",\"name\":\"Prazo para munic\\u00edpios e estados regularizar obras na sa\\u00fade encerra nesta sexta (17)\"},\"previousItem\":{\"@type\":\"ListItem\",\"@id\":\"https:\\\/\\\/newsinfoco.com.br\\\/inicio#listItem\",\"name\":\"In\\u00edcio\"}},{\"@type\":\"ListItem\",\"@id\":\"https:\\\/\\\/newsinfoco.com.br\\\/inicio\\\/prazo-para-municipios-e-estados-regularizar-obras-na-saude-encerra-nesta-sexta-17\\\/#listItem\",\"position\":3,\"name\":\"Prazo para munic\\u00edpios e estados regularizar obras na sa\\u00fade encerra nesta sexta (17)\",\"previousItem\":{\"@type\":\"ListItem\",\"@id\":\"https:\\\/\\\/newsinfoco.com.br\\\/inicio\\\/category\\\/brasil\\\/#listItem\",\"name\":\"Brasil\"}}]},{\"@type\":\"Organization\",\"@id\":\"https:\\\/\\\/newsinfoco.com.br\\\/inicio\\\/#organization\",\"name\":\"News In Foco - Editado por Caio Pimenta\",\"description\":\"O principal site de noticias de Alagoinhas e regi\\u00e3o\",\"url\":\"https:\\\/\\\/newsinfoco.com.br\\\/inicio\\\/\"},{\"@type\":\"Person\",\"@id\":\"https:\\\/\\\/newsinfoco.com.br\\\/inicio\\\/author\\\/administrador\\\/#author\",\"url\":\"https:\\\/\\\/newsinfoco.com.br\\\/inicio\\\/author\\\/administrador\\\/\",\"name\":\"administrador\",\"image\":{\"@type\":\"ImageObject\",\"@id\":\"https:\\\/\\\/newsinfoco.com.br\\\/inicio\\\/prazo-para-municipios-e-estados-regularizar-obras-na-saude-encerra-nesta-sexta-17\\\/#authorImage\",\"url\":\"https:\\\/\\\/secure.gravatar.com\\\/avatar\\\/c17a617433de8c1dc9584bb79aab7563b46f5bb7e1728c9b17d9cc3ce6a08e49?s=96&d=mm&r=g\",\"width\":96,\"height\":96,\"caption\":\"administrador\"}},{\"@type\":\"WebPage\",\"@id\":\"https:\\\/\\\/newsinfoco.com.br\\\/inicio\\\/prazo-para-municipios-e-estados-regularizar-obras-na-saude-encerra-nesta-sexta-17\\\/#webpage\",\"url\":\"https:\\\/\\\/newsinfoco.com.br\\\/inicio\\\/prazo-para-municipios-e-estados-regularizar-obras-na-saude-encerra-nesta-sexta-17\\\/\",\"name\":\"Prazo para munic\\u00edpios e estados regularizar obras na sa\\u00fade encerra nesta sexta (17) - News In Foco - Editado por Caio Pimenta\",\"description\":\"O gestores estaduais e municipais t\\u00eam at\\u00e9 esta sexta-feira (17) para regularizar e assinar o Termo de Repactua\\u00e7\\u00e3o para Retomada de Obras na Sa\\u00fade (TRR), conforme anunciado pelo Minist\\u00e9rio da Sa\\u00fade. O objetivo da medida \\u00e9 assegurar a retomada das obras de infraestrutura na sa\\u00fade em todo o Brasil. Inicialmente, o prazo para a regulariza\\u00e7\\u00e3o\",\"inLanguage\":\"pt-BR\",\"isPartOf\":{\"@id\":\"https:\\\/\\\/newsinfoco.com.br\\\/inicio\\\/#website\"},\"breadcrumb\":{\"@id\":\"https:\\\/\\\/newsinfoco.com.br\\\/inicio\\\/prazo-para-municipios-e-estados-regularizar-obras-na-saude-encerra-nesta-sexta-17\\\/#breadcrumblist\"},\"author\":{\"@id\":\"https:\\\/\\\/newsinfoco.com.br\\\/inicio\\\/author\\\/administrador\\\/#author\"},\"creator\":{\"@id\":\"https:\\\/\\\/newsinfoco.com.br\\\/inicio\\\/author\\\/administrador\\\/#author\"},\"image\":{\"@type\":\"ImageObject\",\"url\":\"https:\\\/\\\/newsinfoco.com.br\\\/inicio\\\/wp-content\\\/uploads\\\/2025\\\/01\\\/lucho-rodriguez-bahia-2025-01-17T110741.629.png\",\"@id\":\"https:\\\/\\\/newsinfoco.com.br\\\/inicio\\\/prazo-para-municipios-e-estados-regularizar-obras-na-saude-encerra-nesta-sexta-17\\\/#mainImage\",\"width\":600,\"height\":420},\"primaryImageOfPage\":{\"@id\":\"https:\\\/\\\/newsinfoco.com.br\\\/inicio\\\/prazo-para-municipios-e-estados-regularizar-obras-na-saude-encerra-nesta-sexta-17\\\/#mainImage\"},\"datePublished\":\"2025-01-17T13:03:16-03:00\",\"dateModified\":\"2025-01-17T13:03:16-03:00\"},{\"@type\":\"WebSite\",\"@id\":\"https:\\\/\\\/newsinfoco.com.br\\\/inicio\\\/#website\",\"url\":\"https:\\\/\\\/newsinfoco.com.br\\\/inicio\\\/\",\"name\":\"News In Foco - Editado por Caio Pimenta\",\"description\":\"O principal site de noticias de Alagoinhas e regi\\u00e3o\",\"inLanguage\":\"pt-BR\",\"publisher\":{\"@id\":\"https:\\\/\\\/newsinfoco.com.br\\\/inicio\\\/#organization\"}}]}\n\t\t<\/script>\n\t\t<!-- All in One SEO -->\n\n","aioseo_head_json":{"title":"Prazo para munic\u00edpios e estados regularizar obras na sa\u00fade encerra nesta sexta (17) - News In Foco - Editado por Caio Pimenta","description":"O gestores estaduais e municipais t\u00eam at\u00e9 esta sexta-feira (17) para regularizar e assinar o Termo de Repactua\u00e7\u00e3o para Retomada de Obras na Sa\u00fade (TRR), conforme anunciado pelo Minist\u00e9rio da Sa\u00fade. O objetivo da medida \u00e9 assegurar a retomada das obras de infraestrutura na sa\u00fade em todo o Brasil. Inicialmente, o prazo para a regulariza\u00e7\u00e3o","canonical_url":"https:\/\/newsinfoco.com.br\/inicio\/prazo-para-municipios-e-estados-regularizar-obras-na-saude-encerra-nesta-sexta-17\/","robots":"max-image-preview:large","keywords":"","webmasterTools":{"miscellaneous":""},"schema":{"@context":"https:\/\/schema.org","@graph":[{"@type":"BlogPosting","@id":"https:\/\/newsinfoco.com.br\/inicio\/prazo-para-municipios-e-estados-regularizar-obras-na-saude-encerra-nesta-sexta-17\/#blogposting","name":"Prazo para munic\u00edpios e estados regularizar obras na sa\u00fade encerra nesta sexta (17) - News In Foco - Editado por Caio Pimenta","headline":"Prazo para munic\u00edpios e estados regularizar obras na sa\u00fade encerra nesta sexta (17)","author":{"@id":"https:\/\/newsinfoco.com.br\/inicio\/author\/administrador\/#author"},"publisher":{"@id":"https:\/\/newsinfoco.com.br\/inicio\/#organization"},"image":{"@type":"ImageObject","url":"https:\/\/newsinfoco.com.br\/inicio\/wp-content\/uploads\/2025\/01\/lucho-rodriguez-bahia-2025-01-17T110741.629.png","width":600,"height":420},"datePublished":"2025-01-17T13:03:16-03:00","dateModified":"2025-01-17T13:03:16-03:00","inLanguage":"pt-BR","mainEntityOfPage":{"@id":"https:\/\/newsinfoco.com.br\/inicio\/prazo-para-municipios-e-estados-regularizar-obras-na-saude-encerra-nesta-sexta-17\/#webpage"},"isPartOf":{"@id":"https:\/\/newsinfoco.com.br\/inicio\/prazo-para-municipios-e-estados-regularizar-obras-na-saude-encerra-nesta-sexta-17\/#webpage"},"articleSection":"Brasil"},{"@type":"BreadcrumbList","@id":"https:\/\/newsinfoco.com.br\/inicio\/prazo-para-municipios-e-estados-regularizar-obras-na-saude-encerra-nesta-sexta-17\/#breadcrumblist","itemListElement":[{"@type":"ListItem","@id":"https:\/\/newsinfoco.com.br\/inicio#listItem","position":1,"name":"In\u00edcio","item":"https:\/\/newsinfoco.com.br\/inicio","nextItem":{"@type":"ListItem","@id":"https:\/\/newsinfoco.com.br\/inicio\/category\/brasil\/#listItem","name":"Brasil"}},{"@type":"ListItem","@id":"https:\/\/newsinfoco.com.br\/inicio\/category\/brasil\/#listItem","position":2,"name":"Brasil","item":"https:\/\/newsinfoco.com.br\/inicio\/category\/brasil\/","nextItem":{"@type":"ListItem","@id":"https:\/\/newsinfoco.com.br\/inicio\/prazo-para-municipios-e-estados-regularizar-obras-na-saude-encerra-nesta-sexta-17\/#listItem","name":"Prazo para munic\u00edpios e estados regularizar obras na sa\u00fade encerra nesta sexta (17)"},"previousItem":{"@type":"ListItem","@id":"https:\/\/newsinfoco.com.br\/inicio#listItem","name":"In\u00edcio"}},{"@type":"ListItem","@id":"https:\/\/newsinfoco.com.br\/inicio\/prazo-para-municipios-e-estados-regularizar-obras-na-saude-encerra-nesta-sexta-17\/#listItem","position":3,"name":"Prazo para munic\u00edpios e estados regularizar obras na sa\u00fade encerra nesta sexta (17)","previousItem":{"@type":"ListItem","@id":"https:\/\/newsinfoco.com.br\/inicio\/category\/brasil\/#listItem","name":"Brasil"}}]},{"@type":"Organization","@id":"https:\/\/newsinfoco.com.br\/inicio\/#organization","name":"News In Foco - Editado por Caio Pimenta","description":"O principal site de noticias de Alagoinhas e regi\u00e3o","url":"https:\/\/newsinfoco.com.br\/inicio\/"},{"@type":"Person","@id":"https:\/\/newsinfoco.com.br\/inicio\/author\/administrador\/#author","url":"https:\/\/newsinfoco.com.br\/inicio\/author\/administrador\/","name":"administrador","image":{"@type":"ImageObject","@id":"https:\/\/newsinfoco.com.br\/inicio\/prazo-para-municipios-e-estados-regularizar-obras-na-saude-encerra-nesta-sexta-17\/#authorImage","url":"https:\/\/secure.gravatar.com\/avatar\/c17a617433de8c1dc9584bb79aab7563b46f5bb7e1728c9b17d9cc3ce6a08e49?s=96&d=mm&r=g","width":96,"height":96,"caption":"administrador"}},{"@type":"WebPage","@id":"https:\/\/newsinfoco.com.br\/inicio\/prazo-para-municipios-e-estados-regularizar-obras-na-saude-encerra-nesta-sexta-17\/#webpage","url":"https:\/\/newsinfoco.com.br\/inicio\/prazo-para-municipios-e-estados-regularizar-obras-na-saude-encerra-nesta-sexta-17\/","name":"Prazo para munic\u00edpios e estados regularizar obras na sa\u00fade encerra nesta sexta (17) - News In Foco - Editado por Caio Pimenta","description":"O gestores estaduais e municipais t\u00eam at\u00e9 esta sexta-feira (17) para regularizar e assinar o Termo de Repactua\u00e7\u00e3o para Retomada de Obras na Sa\u00fade (TRR), conforme anunciado pelo Minist\u00e9rio da Sa\u00fade. O objetivo da medida \u00e9 assegurar a retomada das obras de infraestrutura na sa\u00fade em todo o Brasil. Inicialmente, o prazo para a regulariza\u00e7\u00e3o","inLanguage":"pt-BR","isPartOf":{"@id":"https:\/\/newsinfoco.com.br\/inicio\/#website"},"breadcrumb":{"@id":"https:\/\/newsinfoco.com.br\/inicio\/prazo-para-municipios-e-estados-regularizar-obras-na-saude-encerra-nesta-sexta-17\/#breadcrumblist"},"author":{"@id":"https:\/\/newsinfoco.com.br\/inicio\/author\/administrador\/#author"},"creator":{"@id":"https:\/\/newsinfoco.com.br\/inicio\/author\/administrador\/#author"},"image":{"@type":"ImageObject","url":"https:\/\/newsinfoco.com.br\/inicio\/wp-content\/uploads\/2025\/01\/lucho-rodriguez-bahia-2025-01-17T110741.629.png","@id":"https:\/\/newsinfoco.com.br\/inicio\/prazo-para-municipios-e-estados-regularizar-obras-na-saude-encerra-nesta-sexta-17\/#mainImage","width":600,"height":420},"primaryImageOfPage":{"@id":"https:\/\/newsinfoco.com.br\/inicio\/prazo-para-municipios-e-estados-regularizar-obras-na-saude-encerra-nesta-sexta-17\/#mainImage"},"datePublished":"2025-01-17T13:03:16-03:00","dateModified":"2025-01-17T13:03:16-03:00"},{"@type":"WebSite","@id":"https:\/\/newsinfoco.com.br\/inicio\/#website","url":"https:\/\/newsinfoco.com.br\/inicio\/","name":"News In Foco - Editado por Caio Pimenta","description":"O principal site de noticias de Alagoinhas e regi\u00e3o","inLanguage":"pt-BR","publisher":{"@id":"https:\/\/newsinfoco.com.br\/inicio\/#organization"}}]},"og:locale":"pt_BR","og:site_name":"News In Foco - Editado por Caio Pimenta - O principal site de noticias de Alagoinhas e regi\u00e3o","og:type":"article","og:title":"Prazo para munic\u00edpios e estados regularizar obras na sa\u00fade encerra nesta sexta (17) - News In Foco - Editado por Caio Pimenta","og:description":"O gestores estaduais e municipais t\u00eam at\u00e9 esta sexta-feira (17) para regularizar e assinar o Termo de Repactua\u00e7\u00e3o para Retomada de Obras na Sa\u00fade (TRR), conforme anunciado pelo Minist\u00e9rio da Sa\u00fade. O objetivo da medida \u00e9 assegurar a retomada das obras de infraestrutura na sa\u00fade em todo o Brasil. Inicialmente, o prazo para a regulariza\u00e7\u00e3o","og:url":"https:\/\/newsinfoco.com.br\/inicio\/prazo-para-municipios-e-estados-regularizar-obras-na-saude-encerra-nesta-sexta-17\/","article:published_time":"2025-01-17T16:03:16+00:00","article:modified_time":"2025-01-17T16:03:16+00:00","twitter:card":"summary_large_image","twitter:title":"Prazo para munic\u00edpios e estados regularizar obras na sa\u00fade encerra nesta sexta (17) - News In Foco - Editado por Caio Pimenta","twitter:description":"O gestores estaduais e municipais t\u00eam at\u00e9 esta sexta-feira (17) para regularizar e assinar o Termo de Repactua\u00e7\u00e3o para Retomada de Obras na Sa\u00fade (TRR), conforme anunciado pelo Minist\u00e9rio da Sa\u00fade. O objetivo da medida \u00e9 assegurar a retomada das obras de infraestrutura na sa\u00fade em todo o Brasil. Inicialmente, o prazo para a regulariza\u00e7\u00e3o"},"aioseo_meta_data":{"post_id":"38357","title":null,"description":null,"keywords":null,"keyphrases":{"focus":{"keyphrase":"","score":0,"analysis":{"keyphraseInTitle":{"score":0,"maxScore":9,"error":1}}},"additional":[]},"primary_term":null,"canonical_url":null,"og_title":null,"og_description":null,"og_object_type":"default","og_image_type":"default","og_image_url":null,"og_image_width":null,"og_image_height":null,"og_image_custom_url":null,"og_image_custom_fields":null,"og_video":"","og_custom_url":null,"og_article_section":null,"og_article_tags":null,"twitter_use_og":false,"twitter_card":"default","twitter_image_type":"default","twitter_image_url":null,"twitter_image_custom_url":null,"twitter_image_custom_fields":null,"twitter_title":null,"twitter_description":null,"schema":{"blockGraphs":[],"customGraphs":[],"default":{"data":{"Article":[],"Course":[],"Dataset":[],"FAQPage":[],"Movie":[],"Person":[],"Product":[],"ProductReview":[],"Car":[],"Recipe":[],"Service":[],"SoftwareApplication":[],"WebPage":[]},"graphName":"BlogPosting","isEnabled":true},"graphs":[]},"schema_type":"default","schema_type_options":null,"pillar_content":false,"robots_default":true,"robots_noindex":false,"robots_noarchive":false,"robots_nosnippet":false,"robots_nofollow":false,"robots_noimageindex":false,"robots_noodp":false,"robots_notranslate":false,"robots_max_snippet":"-1","robots_max_videopreview":"-1","robots_max_imagepreview":"large","priority":null,"frequency":"default","local_seo":null,"breadcrumb_settings":null,"limit_modified_date":false,"ai":null,"created":"2025-01-17 16:03:16","updated":"2025-07-11 11:49:49","seo_analyzer_scan_date":null},"aioseo_breadcrumb":"<div class=\"aioseo-breadcrumbs\"><span class=\"aioseo-breadcrumb\">\n\t\t\t<a href=\"https:\/\/newsinfoco.com.br\/inicio\" title=\"In\u00edcio\">In\u00edcio<\/a>\n\t\t<\/span><span class=\"aioseo-breadcrumb-separator\">&raquo;<\/span><span class=\"aioseo-breadcrumb\">\n\t\t\t<a href=\"https:\/\/newsinfoco.com.br\/inicio\/category\/brasil\/\" title=\"Brasil\">Brasil<\/a>\n\t\t<\/span><span class=\"aioseo-breadcrumb-separator\">&raquo;<\/span><span class=\"aioseo-breadcrumb\">\n\t\t\tPrazo para munic\u00edpios e estados regularizar obras na sa\u00fade encerra nesta sexta (17)\n\t\t<\/span><\/div>","aioseo_breadcrumb_json":[{"label":"In\u00edcio","link":"https:\/\/newsinfoco.com.br\/inicio"},{"label":"Brasil","link":"https:\/\/newsinfoco.com.br\/inicio\/category\/brasil\/"},{"label":"Prazo para munic\u00edpios e estados regularizar obras na sa\u00fade encerra nesta sexta (17)","link":"https:\/\/newsinfoco.com.br\/inicio\/prazo-para-municipios-e-estados-regularizar-obras-na-saude-encerra-nesta-sexta-17\/"}],"_links":{"self":[{"href":"https:\/\/newsinfoco.com.br\/inicio\/wp-json\/wp\/v2\/posts\/38357","targetHints":{"allow":["GET"]}}],"collection":[{"href":"https:\/\/newsinfoco.com.br\/inicio\/wp-json\/wp\/v2\/posts"}],"about":[{"href":"https:\/\/newsinfoco.com.br\/inicio\/wp-json\/wp\/v2\/types\/post"}],"author":[{"embeddable":true,"href":"https:\/\/newsinfoco.com.br\/inicio\/wp-json\/wp\/v2\/users\/1"}],"replies":[{"embeddable":true,"href":"https:\/\/newsinfoco.com.br\/inicio\/wp-json\/wp\/v2\/comments?post=38357"}],"version-history":[{"count":1,"href":"https:\/\/newsinfoco.com.br\/inicio\/wp-json\/wp\/v2\/posts\/38357\/revisions"}],"predecessor-version":[{"id":38359,"href":"https:\/\/newsinfoco.com.br\/inicio\/wp-json\/wp\/v2\/posts\/38357\/revisions\/38359"}],"wp:featuredmedia":[{"embeddable":true,"href":"https:\/\/newsinfoco.com.br\/inicio\/wp-json\/wp\/v2\/media\/38358"}],"wp:attachment":[{"href":"https:\/\/newsinfoco.com.br\/inicio\/wp-json\/wp\/v2\/media?parent=38357"}],"wp:term":[{"taxonomy":"category","embeddable":true,"href":"https:\/\/newsinfoco.com.br\/inicio\/wp-json\/wp\/v2\/categories?post=38357"},{"taxonomy":"post_tag","embeddable":true,"href":"https:\/\/newsinfoco.com.br\/inicio\/wp-json\/wp\/v2\/tags?post=38357"}],"curies":[{"name":"wp","href":"https:\/\/api.w.org\/{rel}","templated":true}]}}