{"id":38394,"date":"2025-01-18T14:20:49","date_gmt":"2025-01-18T17:20:49","guid":{"rendered":"https:\/\/newsinfoco.com.br\/inicio\/?p=38394"},"modified":"2025-01-18T14:20:49","modified_gmt":"2025-01-18T17:20:49","slug":"cresce-movimento-em-favor-do-ingresso-de-caetano-veloso-na-abl","status":"publish","type":"post","link":"https:\/\/newsinfoco.com.br\/inicio\/cresce-movimento-em-favor-do-ingresso-de-caetano-veloso-na-abl\/","title":{"rendered":"Cresce movimento em favor do ingresso de Caetano Veloso na ABL"},"content":{"rendered":"<p>Depois do cantor e compositor baiano Gilberto Gil, come\u00e7ou dentro da Academia Brasileira de Letras (ABL) um movimento para eleger o tamb\u00e9m baiano Caetano Veloso numa pr\u00f3xima vaga para \u201cimortal\u201d. A informa\u00e7\u00e3o \u00e9 da coluna de Ancelmo Gois, do jornal O Globo.<\/p>\n<p>Gil tomou posse na ABL em abril de 2022, quando passou a ocupar a Cadeira 20 da Academia, sucedendo o acad\u00eamico Murilo Melo Filho, que foi advogado, escritor e um dos grandes jornalistas brasileiros da segunda metade do s\u00e9culo XX.<\/p>\n<div class='share-to-whatsapp-wrapper'><div class='share-on-whsp'>Share on: <\/div><a data-text='Cresce movimento em favor do ingresso de Caetano Veloso na ABL' data-link='https:\/\/newsinfoco.com.br\/inicio\/cresce-movimento-em-favor-do-ingresso-de-caetano-veloso-na-abl\/' class='whatsapp-button whatsapp-share'>WhatsApp<\/a><div class='clear '><\/div><\/div>","protected":false},"excerpt":{"rendered":"<p>Depois do cantor e compositor baiano Gilberto Gil, come\u00e7ou dentro da Academia Brasileira de Letras (ABL) um movimento para eleger o tamb\u00e9m baiano Caetano Veloso numa pr\u00f3xima vaga para \u201cimortal\u201d. A informa\u00e7\u00e3o \u00e9 da coluna de Ancelmo Gois, do jornal O Globo. Gil tomou posse na ABL em abril de 2022, quando passou a ocupar [&hellip;]<\/p>\n","protected":false},"author":1,"featured_media":38395,"comment_status":"closed","ping_status":"closed","sticky":false,"template":"","format":"standard","meta":{"om_disable_all_campaigns":false,"rop_custom_images_group":[],"rop_custom_messages_group":[],"rop_publish_now":"initial","rop_publish_now_accounts":[],"rop_publish_now_history":[],"rop_publish_now_status":"pending","_exactmetrics_skip_tracking":false,"footnotes":""},"categories":[19],"tags":[],"class_list":["post-38394","post","type-post","status-publish","format-standard","has-post-thumbnail","hentry","category-bahia"],"aioseo_notices":[],"aioseo_head":"\n\t\t<!-- All in One SEO 4.9.10 - aioseo.com -->\n\t<meta name=\"description\" content=\"Depois do cantor e compositor baiano Gilberto Gil, come\u00e7ou dentro da Academia Brasileira de Letras (ABL) um movimento para eleger o tamb\u00e9m baiano Caetano Veloso numa pr\u00f3xima vaga para \u201cimortal\u201d. A informa\u00e7\u00e3o \u00e9 da coluna de Ancelmo Gois, do jornal O Globo. Gil tomou posse na ABL em abril de 2022, quando passou a ocupar\" \/>\n\t<meta name=\"robots\" content=\"max-image-preview:large\" \/>\n\t<meta name=\"author\" content=\"administrador\"\/>\n\t<link rel=\"canonical\" href=\"https:\/\/newsinfoco.com.br\/inicio\/cresce-movimento-em-favor-do-ingresso-de-caetano-veloso-na-abl\/\" \/>\n\t<meta name=\"generator\" content=\"All in One SEO (AIOSEO) 4.9.10\" \/>\n\t\t<meta property=\"og:locale\" content=\"pt_BR\" \/>\n\t\t<meta property=\"og:site_name\" content=\"News In Foco - Editado por Caio Pimenta - O principal site de noticias de Alagoinhas e regi\u00e3o\" \/>\n\t\t<meta property=\"og:type\" content=\"article\" \/>\n\t\t<meta property=\"og:title\" content=\"Cresce movimento em favor do ingresso de Caetano Veloso na ABL - News In Foco - Editado por Caio Pimenta\" \/>\n\t\t<meta property=\"og:description\" content=\"Depois do cantor e compositor baiano Gilberto Gil, come\u00e7ou dentro da Academia Brasileira de Letras (ABL) um movimento para eleger o tamb\u00e9m baiano Caetano Veloso numa pr\u00f3xima vaga para \u201cimortal\u201d. A informa\u00e7\u00e3o \u00e9 da coluna de Ancelmo Gois, do jornal O Globo. Gil tomou posse na ABL em abril de 2022, quando passou a ocupar\" \/>\n\t\t<meta property=\"og:url\" content=\"https:\/\/newsinfoco.com.br\/inicio\/cresce-movimento-em-favor-do-ingresso-de-caetano-veloso-na-abl\/\" \/>\n\t\t<meta property=\"article:published_time\" content=\"2025-01-18T17:20:49+00:00\" \/>\n\t\t<meta property=\"article:modified_time\" content=\"2025-01-18T17:20:49+00:00\" \/>\n\t\t<meta name=\"twitter:card\" content=\"summary_large_image\" \/>\n\t\t<meta name=\"twitter:title\" content=\"Cresce movimento em favor do ingresso de Caetano Veloso na ABL - News In Foco - Editado por Caio Pimenta\" \/>\n\t\t<meta name=\"twitter:description\" content=\"Depois do cantor e compositor baiano Gilberto Gil, come\u00e7ou dentro da Academia Brasileira de Letras (ABL) um movimento para eleger o tamb\u00e9m baiano Caetano Veloso numa pr\u00f3xima vaga para \u201cimortal\u201d. A informa\u00e7\u00e3o \u00e9 da coluna de Ancelmo Gois, do jornal O Globo. Gil tomou posse na ABL em abril de 2022, quando passou a ocupar\" \/>\n\t\t<script type=\"application\/ld+json\" class=\"aioseo-schema\">\n\t\t\t{\"@context\":\"https:\\\/\\\/schema.org\",\"@graph\":[{\"@type\":\"BlogPosting\",\"@id\":\"https:\\\/\\\/newsinfoco.com.br\\\/inicio\\\/cresce-movimento-em-favor-do-ingresso-de-caetano-veloso-na-abl\\\/#blogposting\",\"name\":\"Cresce movimento em favor do ingresso de Caetano Veloso na ABL - News In Foco - Editado por Caio Pimenta\",\"headline\":\"Cresce movimento em favor do ingresso de Caetano Veloso na ABL\",\"author\":{\"@id\":\"https:\\\/\\\/newsinfoco.com.br\\\/inicio\\\/author\\\/administrador\\\/#author\"},\"publisher\":{\"@id\":\"https:\\\/\\\/newsinfoco.com.br\\\/inicio\\\/#organization\"},\"image\":{\"@type\":\"ImageObject\",\"url\":\"https:\\\/\\\/newsinfoco.com.br\\\/inicio\\\/wp-content\\\/uploads\\\/2025\\\/01\\\/Caetano-Veloso1.jpg\",\"width\":600,\"height\":420},\"datePublished\":\"2025-01-18T14:20:49-03:00\",\"dateModified\":\"2025-01-18T14:20:49-03:00\",\"inLanguage\":\"pt-BR\",\"mainEntityOfPage\":{\"@id\":\"https:\\\/\\\/newsinfoco.com.br\\\/inicio\\\/cresce-movimento-em-favor-do-ingresso-de-caetano-veloso-na-abl\\\/#webpage\"},\"isPartOf\":{\"@id\":\"https:\\\/\\\/newsinfoco.com.br\\\/inicio\\\/cresce-movimento-em-favor-do-ingresso-de-caetano-veloso-na-abl\\\/#webpage\"},\"articleSection\":\"Bahia\"},{\"@type\":\"BreadcrumbList\",\"@id\":\"https:\\\/\\\/newsinfoco.com.br\\\/inicio\\\/cresce-movimento-em-favor-do-ingresso-de-caetano-veloso-na-abl\\\/#breadcrumblist\",\"itemListElement\":[{\"@type\":\"ListItem\",\"@id\":\"https:\\\/\\\/newsinfoco.com.br\\\/inicio#listItem\",\"position\":1,\"name\":\"In\\u00edcio\",\"item\":\"https:\\\/\\\/newsinfoco.com.br\\\/inicio\",\"nextItem\":{\"@type\":\"ListItem\",\"@id\":\"https:\\\/\\\/newsinfoco.com.br\\\/inicio\\\/category\\\/bahia\\\/#listItem\",\"name\":\"Bahia\"}},{\"@type\":\"ListItem\",\"@id\":\"https:\\\/\\\/newsinfoco.com.br\\\/inicio\\\/category\\\/bahia\\\/#listItem\",\"position\":2,\"name\":\"Bahia\",\"item\":\"https:\\\/\\\/newsinfoco.com.br\\\/inicio\\\/category\\\/bahia\\\/\",\"nextItem\":{\"@type\":\"ListItem\",\"@id\":\"https:\\\/\\\/newsinfoco.com.br\\\/inicio\\\/cresce-movimento-em-favor-do-ingresso-de-caetano-veloso-na-abl\\\/#listItem\",\"name\":\"Cresce movimento em favor do ingresso de Caetano Veloso na ABL\"},\"previousItem\":{\"@type\":\"ListItem\",\"@id\":\"https:\\\/\\\/newsinfoco.com.br\\\/inicio#listItem\",\"name\":\"In\\u00edcio\"}},{\"@type\":\"ListItem\",\"@id\":\"https:\\\/\\\/newsinfoco.com.br\\\/inicio\\\/cresce-movimento-em-favor-do-ingresso-de-caetano-veloso-na-abl\\\/#listItem\",\"position\":3,\"name\":\"Cresce movimento em favor do ingresso de Caetano Veloso na ABL\",\"previousItem\":{\"@type\":\"ListItem\",\"@id\":\"https:\\\/\\\/newsinfoco.com.br\\\/inicio\\\/category\\\/bahia\\\/#listItem\",\"name\":\"Bahia\"}}]},{\"@type\":\"Organization\",\"@id\":\"https:\\\/\\\/newsinfoco.com.br\\\/inicio\\\/#organization\",\"name\":\"News In Foco - Editado por Caio Pimenta\",\"description\":\"O principal site de noticias de Alagoinhas e regi\\u00e3o\",\"url\":\"https:\\\/\\\/newsinfoco.com.br\\\/inicio\\\/\"},{\"@type\":\"Person\",\"@id\":\"https:\\\/\\\/newsinfoco.com.br\\\/inicio\\\/author\\\/administrador\\\/#author\",\"url\":\"https:\\\/\\\/newsinfoco.com.br\\\/inicio\\\/author\\\/administrador\\\/\",\"name\":\"administrador\",\"image\":{\"@type\":\"ImageObject\",\"@id\":\"https:\\\/\\\/newsinfoco.com.br\\\/inicio\\\/cresce-movimento-em-favor-do-ingresso-de-caetano-veloso-na-abl\\\/#authorImage\",\"url\":\"https:\\\/\\\/secure.gravatar.com\\\/avatar\\\/c17a617433de8c1dc9584bb79aab7563b46f5bb7e1728c9b17d9cc3ce6a08e49?s=96&d=mm&r=g\",\"width\":96,\"height\":96,\"caption\":\"administrador\"}},{\"@type\":\"WebPage\",\"@id\":\"https:\\\/\\\/newsinfoco.com.br\\\/inicio\\\/cresce-movimento-em-favor-do-ingresso-de-caetano-veloso-na-abl\\\/#webpage\",\"url\":\"https:\\\/\\\/newsinfoco.com.br\\\/inicio\\\/cresce-movimento-em-favor-do-ingresso-de-caetano-veloso-na-abl\\\/\",\"name\":\"Cresce movimento em favor do ingresso de Caetano Veloso na ABL - News In Foco - Editado por Caio Pimenta\",\"description\":\"Depois do cantor e compositor baiano Gilberto Gil, come\\u00e7ou dentro da Academia Brasileira de Letras (ABL) um movimento para eleger o tamb\\u00e9m baiano Caetano Veloso numa pr\\u00f3xima vaga para \\u201cimortal\\u201d. A informa\\u00e7\\u00e3o \\u00e9 da coluna de Ancelmo Gois, do jornal O Globo. Gil tomou posse na ABL em abril de 2022, quando passou a ocupar\",\"inLanguage\":\"pt-BR\",\"isPartOf\":{\"@id\":\"https:\\\/\\\/newsinfoco.com.br\\\/inicio\\\/#website\"},\"breadcrumb\":{\"@id\":\"https:\\\/\\\/newsinfoco.com.br\\\/inicio\\\/cresce-movimento-em-favor-do-ingresso-de-caetano-veloso-na-abl\\\/#breadcrumblist\"},\"author\":{\"@id\":\"https:\\\/\\\/newsinfoco.com.br\\\/inicio\\\/author\\\/administrador\\\/#author\"},\"creator\":{\"@id\":\"https:\\\/\\\/newsinfoco.com.br\\\/inicio\\\/author\\\/administrador\\\/#author\"},\"image\":{\"@type\":\"ImageObject\",\"url\":\"https:\\\/\\\/newsinfoco.com.br\\\/inicio\\\/wp-content\\\/uploads\\\/2025\\\/01\\\/Caetano-Veloso1.jpg\",\"@id\":\"https:\\\/\\\/newsinfoco.com.br\\\/inicio\\\/cresce-movimento-em-favor-do-ingresso-de-caetano-veloso-na-abl\\\/#mainImage\",\"width\":600,\"height\":420},\"primaryImageOfPage\":{\"@id\":\"https:\\\/\\\/newsinfoco.com.br\\\/inicio\\\/cresce-movimento-em-favor-do-ingresso-de-caetano-veloso-na-abl\\\/#mainImage\"},\"datePublished\":\"2025-01-18T14:20:49-03:00\",\"dateModified\":\"2025-01-18T14:20:49-03:00\"},{\"@type\":\"WebSite\",\"@id\":\"https:\\\/\\\/newsinfoco.com.br\\\/inicio\\\/#website\",\"url\":\"https:\\\/\\\/newsinfoco.com.br\\\/inicio\\\/\",\"name\":\"News In Foco - Editado por Caio Pimenta\",\"description\":\"O principal site de noticias de Alagoinhas e regi\\u00e3o\",\"inLanguage\":\"pt-BR\",\"publisher\":{\"@id\":\"https:\\\/\\\/newsinfoco.com.br\\\/inicio\\\/#organization\"}}]}\n\t\t<\/script>\n\t\t<!-- All in One SEO -->\n\n","aioseo_head_json":{"title":"Cresce movimento em favor do ingresso de Caetano Veloso na ABL - News In Foco - Editado por Caio Pimenta","description":"Depois do cantor e compositor baiano Gilberto Gil, come\u00e7ou dentro da Academia Brasileira de Letras (ABL) um movimento para eleger o tamb\u00e9m baiano Caetano Veloso numa pr\u00f3xima vaga para \u201cimortal\u201d. A informa\u00e7\u00e3o \u00e9 da coluna de Ancelmo Gois, do jornal O Globo. Gil tomou posse na ABL em abril de 2022, quando passou a ocupar","canonical_url":"https:\/\/newsinfoco.com.br\/inicio\/cresce-movimento-em-favor-do-ingresso-de-caetano-veloso-na-abl\/","robots":"max-image-preview:large","keywords":"","webmasterTools":{"miscellaneous":""},"schema":{"@context":"https:\/\/schema.org","@graph":[{"@type":"BlogPosting","@id":"https:\/\/newsinfoco.com.br\/inicio\/cresce-movimento-em-favor-do-ingresso-de-caetano-veloso-na-abl\/#blogposting","name":"Cresce movimento em favor do ingresso de Caetano Veloso na ABL - News In Foco - Editado por Caio Pimenta","headline":"Cresce movimento em favor do ingresso de Caetano Veloso na ABL","author":{"@id":"https:\/\/newsinfoco.com.br\/inicio\/author\/administrador\/#author"},"publisher":{"@id":"https:\/\/newsinfoco.com.br\/inicio\/#organization"},"image":{"@type":"ImageObject","url":"https:\/\/newsinfoco.com.br\/inicio\/wp-content\/uploads\/2025\/01\/Caetano-Veloso1.jpg","width":600,"height":420},"datePublished":"2025-01-18T14:20:49-03:00","dateModified":"2025-01-18T14:20:49-03:00","inLanguage":"pt-BR","mainEntityOfPage":{"@id":"https:\/\/newsinfoco.com.br\/inicio\/cresce-movimento-em-favor-do-ingresso-de-caetano-veloso-na-abl\/#webpage"},"isPartOf":{"@id":"https:\/\/newsinfoco.com.br\/inicio\/cresce-movimento-em-favor-do-ingresso-de-caetano-veloso-na-abl\/#webpage"},"articleSection":"Bahia"},{"@type":"BreadcrumbList","@id":"https:\/\/newsinfoco.com.br\/inicio\/cresce-movimento-em-favor-do-ingresso-de-caetano-veloso-na-abl\/#breadcrumblist","itemListElement":[{"@type":"ListItem","@id":"https:\/\/newsinfoco.com.br\/inicio#listItem","position":1,"name":"In\u00edcio","item":"https:\/\/newsinfoco.com.br\/inicio","nextItem":{"@type":"ListItem","@id":"https:\/\/newsinfoco.com.br\/inicio\/category\/bahia\/#listItem","name":"Bahia"}},{"@type":"ListItem","@id":"https:\/\/newsinfoco.com.br\/inicio\/category\/bahia\/#listItem","position":2,"name":"Bahia","item":"https:\/\/newsinfoco.com.br\/inicio\/category\/bahia\/","nextItem":{"@type":"ListItem","@id":"https:\/\/newsinfoco.com.br\/inicio\/cresce-movimento-em-favor-do-ingresso-de-caetano-veloso-na-abl\/#listItem","name":"Cresce movimento em favor do ingresso de Caetano Veloso na ABL"},"previousItem":{"@type":"ListItem","@id":"https:\/\/newsinfoco.com.br\/inicio#listItem","name":"In\u00edcio"}},{"@type":"ListItem","@id":"https:\/\/newsinfoco.com.br\/inicio\/cresce-movimento-em-favor-do-ingresso-de-caetano-veloso-na-abl\/#listItem","position":3,"name":"Cresce movimento em favor do ingresso de Caetano Veloso na ABL","previousItem":{"@type":"ListItem","@id":"https:\/\/newsinfoco.com.br\/inicio\/category\/bahia\/#listItem","name":"Bahia"}}]},{"@type":"Organization","@id":"https:\/\/newsinfoco.com.br\/inicio\/#organization","name":"News In Foco - Editado por Caio Pimenta","description":"O principal site de noticias de Alagoinhas e regi\u00e3o","url":"https:\/\/newsinfoco.com.br\/inicio\/"},{"@type":"Person","@id":"https:\/\/newsinfoco.com.br\/inicio\/author\/administrador\/#author","url":"https:\/\/newsinfoco.com.br\/inicio\/author\/administrador\/","name":"administrador","image":{"@type":"ImageObject","@id":"https:\/\/newsinfoco.com.br\/inicio\/cresce-movimento-em-favor-do-ingresso-de-caetano-veloso-na-abl\/#authorImage","url":"https:\/\/secure.gravatar.com\/avatar\/c17a617433de8c1dc9584bb79aab7563b46f5bb7e1728c9b17d9cc3ce6a08e49?s=96&d=mm&r=g","width":96,"height":96,"caption":"administrador"}},{"@type":"WebPage","@id":"https:\/\/newsinfoco.com.br\/inicio\/cresce-movimento-em-favor-do-ingresso-de-caetano-veloso-na-abl\/#webpage","url":"https:\/\/newsinfoco.com.br\/inicio\/cresce-movimento-em-favor-do-ingresso-de-caetano-veloso-na-abl\/","name":"Cresce movimento em favor do ingresso de Caetano Veloso na ABL - News In Foco - Editado por Caio Pimenta","description":"Depois do cantor e compositor baiano Gilberto Gil, come\u00e7ou dentro da Academia Brasileira de Letras (ABL) um movimento para eleger o tamb\u00e9m baiano Caetano Veloso numa pr\u00f3xima vaga para \u201cimortal\u201d. A informa\u00e7\u00e3o \u00e9 da coluna de Ancelmo Gois, do jornal O Globo. Gil tomou posse na ABL em abril de 2022, quando passou a ocupar","inLanguage":"pt-BR","isPartOf":{"@id":"https:\/\/newsinfoco.com.br\/inicio\/#website"},"breadcrumb":{"@id":"https:\/\/newsinfoco.com.br\/inicio\/cresce-movimento-em-favor-do-ingresso-de-caetano-veloso-na-abl\/#breadcrumblist"},"author":{"@id":"https:\/\/newsinfoco.com.br\/inicio\/author\/administrador\/#author"},"creator":{"@id":"https:\/\/newsinfoco.com.br\/inicio\/author\/administrador\/#author"},"image":{"@type":"ImageObject","url":"https:\/\/newsinfoco.com.br\/inicio\/wp-content\/uploads\/2025\/01\/Caetano-Veloso1.jpg","@id":"https:\/\/newsinfoco.com.br\/inicio\/cresce-movimento-em-favor-do-ingresso-de-caetano-veloso-na-abl\/#mainImage","width":600,"height":420},"primaryImageOfPage":{"@id":"https:\/\/newsinfoco.com.br\/inicio\/cresce-movimento-em-favor-do-ingresso-de-caetano-veloso-na-abl\/#mainImage"},"datePublished":"2025-01-18T14:20:49-03:00","dateModified":"2025-01-18T14:20:49-03:00"},{"@type":"WebSite","@id":"https:\/\/newsinfoco.com.br\/inicio\/#website","url":"https:\/\/newsinfoco.com.br\/inicio\/","name":"News In Foco - Editado por Caio Pimenta","description":"O principal site de noticias de Alagoinhas e regi\u00e3o","inLanguage":"pt-BR","publisher":{"@id":"https:\/\/newsinfoco.com.br\/inicio\/#organization"}}]},"og:locale":"pt_BR","og:site_name":"News In Foco - Editado por Caio Pimenta - O principal site de noticias de Alagoinhas e regi\u00e3o","og:type":"article","og:title":"Cresce movimento em favor do ingresso de Caetano Veloso na ABL - News In Foco - Editado por Caio Pimenta","og:description":"Depois do cantor e compositor baiano Gilberto Gil, come\u00e7ou dentro da Academia Brasileira de Letras (ABL) um movimento para eleger o tamb\u00e9m baiano Caetano Veloso numa pr\u00f3xima vaga para \u201cimortal\u201d. A informa\u00e7\u00e3o \u00e9 da coluna de Ancelmo Gois, do jornal O Globo. Gil tomou posse na ABL em abril de 2022, quando passou a ocupar","og:url":"https:\/\/newsinfoco.com.br\/inicio\/cresce-movimento-em-favor-do-ingresso-de-caetano-veloso-na-abl\/","article:published_time":"2025-01-18T17:20:49+00:00","article:modified_time":"2025-01-18T17:20:49+00:00","twitter:card":"summary_large_image","twitter:title":"Cresce movimento em favor do ingresso de Caetano Veloso na ABL - News In Foco - Editado por Caio Pimenta","twitter:description":"Depois do cantor e compositor baiano Gilberto Gil, come\u00e7ou dentro da Academia Brasileira de Letras (ABL) um movimento para eleger o tamb\u00e9m baiano Caetano Veloso numa pr\u00f3xima vaga para \u201cimortal\u201d. A informa\u00e7\u00e3o \u00e9 da coluna de Ancelmo Gois, do jornal O Globo. Gil tomou posse na ABL em abril de 2022, quando passou a ocupar"},"aioseo_meta_data":{"post_id":"38394","title":null,"description":null,"keywords":null,"keyphrases":{"focus":{"keyphrase":"","score":0,"analysis":{"keyphraseInTitle":{"score":0,"maxScore":9,"error":1}}},"additional":[]},"primary_term":null,"canonical_url":null,"og_title":null,"og_description":null,"og_object_type":"default","og_image_type":"default","og_image_url":null,"og_image_width":null,"og_image_height":null,"og_image_custom_url":null,"og_image_custom_fields":null,"og_video":"","og_custom_url":null,"og_article_section":null,"og_article_tags":null,"twitter_use_og":false,"twitter_card":"default","twitter_image_type":"default","twitter_image_url":null,"twitter_image_custom_url":null,"twitter_image_custom_fields":null,"twitter_title":null,"twitter_description":null,"schema":{"blockGraphs":[],"customGraphs":[],"default":{"data":{"Article":[],"Course":[],"Dataset":[],"FAQPage":[],"Movie":[],"Person":[],"Product":[],"ProductReview":[],"Car":[],"Recipe":[],"Service":[],"SoftwareApplication":[],"WebPage":[]},"graphName":"BlogPosting","isEnabled":true},"graphs":[]},"schema_type":"default","schema_type_options":null,"pillar_content":false,"robots_default":true,"robots_noindex":false,"robots_noarchive":false,"robots_nosnippet":false,"robots_nofollow":false,"robots_noimageindex":false,"robots_noodp":false,"robots_notranslate":false,"robots_max_snippet":"-1","robots_max_videopreview":"-1","robots_max_imagepreview":"large","priority":null,"frequency":"default","local_seo":null,"breadcrumb_settings":null,"limit_modified_date":false,"ai":null,"created":"2025-01-18 17:20:49","updated":"2025-07-11 11:51:32","seo_analyzer_scan_date":null},"aioseo_breadcrumb":"<div class=\"aioseo-breadcrumbs\"><span class=\"aioseo-breadcrumb\">\n\t\t\t<a href=\"https:\/\/newsinfoco.com.br\/inicio\" title=\"In\u00edcio\">In\u00edcio<\/a>\n\t\t<\/span><span class=\"aioseo-breadcrumb-separator\">&raquo;<\/span><span class=\"aioseo-breadcrumb\">\n\t\t\t<a href=\"https:\/\/newsinfoco.com.br\/inicio\/category\/bahia\/\" title=\"Bahia\">Bahia<\/a>\n\t\t<\/span><span class=\"aioseo-breadcrumb-separator\">&raquo;<\/span><span class=\"aioseo-breadcrumb\">\n\t\t\tCresce movimento em favor do ingresso de Caetano Veloso na ABL\n\t\t<\/span><\/div>","aioseo_breadcrumb_json":[{"label":"In\u00edcio","link":"https:\/\/newsinfoco.com.br\/inicio"},{"label":"Bahia","link":"https:\/\/newsinfoco.com.br\/inicio\/category\/bahia\/"},{"label":"Cresce movimento em favor do ingresso de Caetano Veloso na ABL","link":"https:\/\/newsinfoco.com.br\/inicio\/cresce-movimento-em-favor-do-ingresso-de-caetano-veloso-na-abl\/"}],"_links":{"self":[{"href":"https:\/\/newsinfoco.com.br\/inicio\/wp-json\/wp\/v2\/posts\/38394","targetHints":{"allow":["GET"]}}],"collection":[{"href":"https:\/\/newsinfoco.com.br\/inicio\/wp-json\/wp\/v2\/posts"}],"about":[{"href":"https:\/\/newsinfoco.com.br\/inicio\/wp-json\/wp\/v2\/types\/post"}],"author":[{"embeddable":true,"href":"https:\/\/newsinfoco.com.br\/inicio\/wp-json\/wp\/v2\/users\/1"}],"replies":[{"embeddable":true,"href":"https:\/\/newsinfoco.com.br\/inicio\/wp-json\/wp\/v2\/comments?post=38394"}],"version-history":[{"count":1,"href":"https:\/\/newsinfoco.com.br\/inicio\/wp-json\/wp\/v2\/posts\/38394\/revisions"}],"predecessor-version":[{"id":38396,"href":"https:\/\/newsinfoco.com.br\/inicio\/wp-json\/wp\/v2\/posts\/38394\/revisions\/38396"}],"wp:featuredmedia":[{"embeddable":true,"href":"https:\/\/newsinfoco.com.br\/inicio\/wp-json\/wp\/v2\/media\/38395"}],"wp:attachment":[{"href":"https:\/\/newsinfoco.com.br\/inicio\/wp-json\/wp\/v2\/media?parent=38394"}],"wp:term":[{"taxonomy":"category","embeddable":true,"href":"https:\/\/newsinfoco.com.br\/inicio\/wp-json\/wp\/v2\/categories?post=38394"},{"taxonomy":"post_tag","embeddable":true,"href":"https:\/\/newsinfoco.com.br\/inicio\/wp-json\/wp\/v2\/tags?post=38394"}],"curies":[{"name":"wp","href":"https:\/\/api.w.org\/{rel}","templated":true}]}}