{"id":38515,"date":"2025-01-22T15:29:22","date_gmt":"2025-01-22T18:29:22","guid":{"rendered":"https:\/\/newsinfoco.com.br\/inicio\/?p=38515"},"modified":"2025-01-22T15:29:22","modified_gmt":"2025-01-22T18:29:22","slug":"motorista-do-caminhao-usava-cocaina-e-ecstasy-em-acidente-na-br-116","status":"publish","type":"post","link":"https:\/\/newsinfoco.com.br\/inicio\/motorista-do-caminhao-usava-cocaina-e-ecstasy-em-acidente-na-br-116\/","title":{"rendered":"Motorista do caminh\u00e3o usava coca\u00edna e ecstasy em acidente na BR 116"},"content":{"rendered":"<div class=\"sc-24c322fd-0 imQYhj\">\n<div class=\"sc-24c322fd-1 laZqPV\">\n<div class=\"sc-24c322fd-3 giHdVV\">\n<p>O motorista da carreta envolvida no acidente que matou 39 pessoas na BR-116, que ocorreu em dezembro passado, estava sob efeito de coca\u00edna, ecstasy e outras drogas, foi o que concluiu o exame toxicol\u00f3gico realizado no suspeito dois dias ap\u00f3s a batida.<\/p>\n<p>Identificado como Arilton Bastos Alves foi preso no Esp\u00edrito Santo, na manh\u00e3 desta ter\u00e7a-feira (21). Conforme a decis\u00e3o judicial que decretou a pris\u00e3o, o exame detectou ainda MDA, alprazolam e venlafaxina no material biol\u00f3gico do condutor. Ao interpretar os resultados, os peritos conclu\u00edram que ele consumiu &#8220;coca\u00edna e \u00e1lcool et\u00edlico concomitantemente&#8221;.<\/p><div class=\"newsi-conteudo_19\" id=\"newsi-3715318691\"><a href=\"https:\/\/www.instagram.com\/prefeituraalagoinhas?igsh=YzgzdDJ1bWR3aWI4\" aria-label=\"SAVE_20251006_221555\"><img loading=\"lazy\" decoding=\"async\" src=\"https:\/\/newsinfoco.com.br\/inicio\/wp-content\/uploads\/2025\/10\/SAVE_20251006_221555-rotated.jpg\" alt=\"\"  srcset=\"https:\/\/newsinfoco.com.br\/inicio\/wp-content\/uploads\/2025\/10\/SAVE_20251006_221555-rotated.jpg 1140w, https:\/\/newsinfoco.com.br\/inicio\/wp-content\/uploads\/2025\/10\/SAVE_20251006_221555-300x52.jpg 300w, https:\/\/newsinfoco.com.br\/inicio\/wp-content\/uploads\/2025\/10\/SAVE_20251006_221555-1024x177.jpg 1024w, https:\/\/newsinfoco.com.br\/inicio\/wp-content\/uploads\/2025\/10\/SAVE_20251006_221555-768x133.jpg 768w, https:\/\/newsinfoco.com.br\/inicio\/wp-content\/uploads\/2025\/10\/SAVE_20251006_221555-600x104.jpg 600w, https:\/\/newsinfoco.com.br\/inicio\/wp-content\/uploads\/2025\/10\/SAVE_20251006_221555-696x120.jpg 696w, https:\/\/newsinfoco.com.br\/inicio\/wp-content\/uploads\/2025\/10\/SAVE_20251006_221555-1068x185.jpg 1068w\" sizes=\"(max-width: 1140px) 100vw, 1140px\" width=\"1140\" height=\"197\"   \/><\/a><\/div>\n<p>A decis\u00e3o tamb\u00e9m aponta que, &#8220;h\u00e1 ind\u00edcios de que o investigado tinha por costume conduzir ve\u00edculo automotor sob efeito de bebidas alco\u00f3licas&#8221;. Em julho de 2022, ele foi abordado por policiais com sintoma de embriaguez na condu\u00e7\u00e3o de um carro e acabou sendo penalizado com a suspens\u00e3o do direito de dirigir.<\/p>\n<p>&#8220;Ao ver do Ju\u00edzo, diante destas informa\u00e7\u00f5es, n\u00e3o h\u00e1 o que se falar em simples descuido ou inobserv\u00e2ncia de um dever de cuidado objetivo, mas em deliberada assun\u00e7\u00e3o de risco, mormente quando embalado pelo uso de drogas diversas&#8221;, diz um trecho da decis\u00e3o, assinada pelo juiz Danilo de Mello Ferraz.<\/p>\n<p>Em nota, a defesa de Arilton Bastos Alves declarou ter sido pega de surpresa com o decreto de pris\u00e3o preventiva. &#8220;Ressaltamos que o caso ainda est\u00e1 em fase de investiga\u00e7\u00e3o, n\u00e3o fomos cientificados dos fundamentos da pris\u00e3o e que todas as provid\u00eancias jur\u00eddicas cab\u00edveis ser\u00e3o tomadas para assegurar o devido processo legal, direito de defesa e a restaura\u00e7\u00e3o da liberdade&#8221;, registrou.<\/p>\n<\/div>\n<\/div>\n<div>\n<div class=\"sc-a2085f8e-0 gKIthy\">Bahia Not\u00edcias<\/div>\n<\/div>\n<\/div>\n<div class=\"sc-24c322fd-0 imQYhj\">\n<div class=\"sc-b4c8ccf3-0 fsXNOt\"><\/div>\n<\/div>\n<div class='share-to-whatsapp-wrapper'><div class='share-on-whsp'>Share on: <\/div><a data-text='Motorista do caminh\u00e3o usava coca\u00edna e ecstasy em acidente na BR 116' data-link='https:\/\/newsinfoco.com.br\/inicio\/motorista-do-caminhao-usava-cocaina-e-ecstasy-em-acidente-na-br-116\/' class='whatsapp-button whatsapp-share'>WhatsApp<\/a><div class='clear '><\/div><\/div>","protected":false},"excerpt":{"rendered":"<p>O motorista da carreta envolvida no acidente que matou 39 pessoas na BR-116, que ocorreu em dezembro passado, estava sob efeito de coca\u00edna, ecstasy e outras drogas, foi o que concluiu o exame toxicol\u00f3gico realizado no suspeito dois dias ap\u00f3s a batida. Identificado como Arilton Bastos Alves foi preso no Esp\u00edrito Santo, na manh\u00e3 desta [&hellip;]<\/p>\n","protected":false},"author":1,"featured_media":38516,"comment_status":"closed","ping_status":"closed","sticky":false,"template":"","format":"standard","meta":{"om_disable_all_campaigns":false,"_exactmetrics_skip_tracking":false,"_exactmetrics_sitenote_active":false,"_exactmetrics_sitenote_note":"","_exactmetrics_sitenote_category":0,"footnotes":""},"categories":[19],"tags":[],"class_list":["post-38515","post","type-post","status-publish","format-standard","has-post-thumbnail","hentry","category-bahia"],"aioseo_notices":[],"_links":{"self":[{"href":"https:\/\/newsinfoco.com.br\/inicio\/wp-json\/wp\/v2\/posts\/38515","targetHints":{"allow":["GET"]}}],"collection":[{"href":"https:\/\/newsinfoco.com.br\/inicio\/wp-json\/wp\/v2\/posts"}],"about":[{"href":"https:\/\/newsinfoco.com.br\/inicio\/wp-json\/wp\/v2\/types\/post"}],"author":[{"embeddable":true,"href":"https:\/\/newsinfoco.com.br\/inicio\/wp-json\/wp\/v2\/users\/1"}],"replies":[{"embeddable":true,"href":"https:\/\/newsinfoco.com.br\/inicio\/wp-json\/wp\/v2\/comments?post=38515"}],"version-history":[{"count":1,"href":"https:\/\/newsinfoco.com.br\/inicio\/wp-json\/wp\/v2\/posts\/38515\/revisions"}],"predecessor-version":[{"id":38517,"href":"https:\/\/newsinfoco.com.br\/inicio\/wp-json\/wp\/v2\/posts\/38515\/revisions\/38517"}],"wp:featuredmedia":[{"embeddable":true,"href":"https:\/\/newsinfoco.com.br\/inicio\/wp-json\/wp\/v2\/media\/38516"}],"wp:attachment":[{"href":"https:\/\/newsinfoco.com.br\/inicio\/wp-json\/wp\/v2\/media?parent=38515"}],"wp:term":[{"taxonomy":"category","embeddable":true,"href":"https:\/\/newsinfoco.com.br\/inicio\/wp-json\/wp\/v2\/categories?post=38515"},{"taxonomy":"post_tag","embeddable":true,"href":"https:\/\/newsinfoco.com.br\/inicio\/wp-json\/wp\/v2\/tags?post=38515"}],"curies":[{"name":"wp","href":"https:\/\/api.w.org\/{rel}","templated":true}]}}