{"id":38566,"date":"2025-01-23T15:16:46","date_gmt":"2025-01-23T18:16:46","guid":{"rendered":"https:\/\/newsinfoco.com.br\/inicio\/?p=38566"},"modified":"2025-01-23T15:19:33","modified_gmt":"2025-01-23T18:19:33","slug":"a-importancia-de-mestres-no-fortalecimento-da-capoeira-nas-escolas","status":"publish","type":"post","link":"https:\/\/newsinfoco.com.br\/inicio\/a-importancia-de-mestres-no-fortalecimento-da-capoeira-nas-escolas\/","title":{"rendered":"A import\u00e2ncia de mestres no fortalecimento da capoeira nas escolas"},"content":{"rendered":"<p><span style=\"color: #000000;\">Os mestres de capoeira que atuam no territ\u00f3rio baiano e que estejam interessados em atuar no projeto &#8220;Capoeira das escolas: movimento, identidade e ancestralidade\u201d, iniciativa da\u00a0<a style=\"color: #000000;\" href=\"https:\/\/atarde.com.br\/?q=sec&amp;d=1\" target=\"_blank\" rel=\"noopener\" data-rel-defined=\"\">Secretaria da Educa\u00e7\u00e3o (SEC)<\/a>, devem preencher o formul\u00e1rio dispon\u00edvel no Portal da Educa\u00e7\u00e3o (www.educacao.ba.gov.br), at\u00e9 o dia 26 de fevereiro.<\/span><\/p>\n<p>As informa\u00e7\u00f5es coletadas v\u00e3o ajudar os N\u00facleos Territoriais de Educa\u00e7\u00e3o (NTE) e as unidades escolares a terem acesso aos profissionais de capoeira do territ\u00f3rio, contribuindo para o processo de preserva\u00e7\u00e3o da capoeira na Bahia e, tamb\u00e9m, para a introdu\u00e7\u00e3o dos estudantes no universo da capoeira, promovendo o conhecimento sobre sua hist\u00f3ria, cultura e pr\u00e1ticas, al\u00e9m do desenvolvimento de habilidades motoras, sociais e cognitivas atrav\u00e9s da pr\u00e1tica da capoeira nas escolas.<\/p>\n<p>\u201cPara al\u00e9m do mapeamento, a iniciativa vai identificar aqueles mestres que t\u00eam interesse em dar continuidade ao percurso educativo formativo, seja na Educa\u00e7\u00e3o de Jovens e Adultos (EJA) ou em cursos t\u00e9cnicos. A execu\u00e7\u00e3o do projeto Capoeira nas Escolas est\u00e1 potencializando ainda mais a inclus\u00e3o social, assim como a valoriza\u00e7\u00e3o da cultura da paz e a diversidade \u00e9tnico-racial\u201d, disse.<\/p>\n<p>Segundo Viviane Oliveira, conhecida como mestra Princesa e que pratica capoeira h\u00e1 32 anos, este mapeamento \u00e9 importante para os capoeiristas que militam na busca de pol\u00edticas p\u00fablicas de Estado para a capoeira.<\/p>\n<p>\u201cNeste momento \u00edmpar do in\u00edcio da implementa\u00e7\u00e3o da Lei Moa e do Projeto Capoeira das Escolas, essa a\u00e7\u00e3o de salvaguarda se tornou ainda mais urgente. Esta \u00e9 a forma mais eficiente do conselho gestor que, de posse desses dados, pode assessorar a SEC durante o processo, garantindo que apenas profissionais de capoeira chancelados pelos seus mestres\/mestras e suas respectivas escolas atuem nas unidades escolares\u201d, afirmou.<\/p>\n<div id=\"dmh-h-par3\" class=\"jba filled\" data-google-query-id=\"CNrYvIy4jIsDFXo8uQYd8Fo2uQ\">\n<article id=\"article\"><span style=\"color: #000000;\">O\u00a0<a style=\"color: #000000;\" href=\"https:\/\/atarde.com.br\/?q=capoeira+nas+escolas&amp;d=1\" target=\"_blank\" rel=\"noopener\" data-rel-defined=\"\">Capoeira das Escolas<\/a>, institucionalizado por meio da Portaria SEC n\u00ba 1381\/24, atende ao disposto na Lei Moa do Katend\u00ea (Lei n\u00b0 14.341), que tem o intuito de preservar e incentivar a pr\u00e1tica da capoeira no Estado, atrav\u00e9s da sua inclus\u00e3o no curr\u00edculo das escolas p\u00fablicas.<\/span>Atrav\u00e9s da iniciativa, ser\u00e3o promovidas oficinas educativas, qualifica\u00e7\u00e3o e forma\u00e7\u00e3o dos oficineiros, aquisi\u00e7\u00e3o e distribui\u00e7\u00e3o do kit ginga, composto por berimbau, pandeiro, atabaque, reco-reco, agog\u00f4, caxixi e dobr\u00e3o de berimbau. Ainda ser\u00e3o realizadas a\u00e7\u00f5es de fomento \u00e0 implementa\u00e7\u00e3o da capoeira nas escolas, como o festival anual de capoeira nas escolas, al\u00e9m do desenvolvimento de estrat\u00e9gias para o acompanhamento das oficinas.<\/p>\n<\/article>\n<div id=\"dm-h-destaque2\" class=\"jba filled\" data-google-query-id=\"CJfB7424jIsDFYE2uQYdw0Qs2Q\"><\/div>\n<\/div>\n<p>A Tarde<\/p>\n<p>&nbsp;<\/p>\n<div class='share-to-whatsapp-wrapper'><div class='share-on-whsp'>Share on: <\/div><a data-text='A import\u00e2ncia de mestres no fortalecimento da capoeira nas escolas' data-link='https:\/\/newsinfoco.com.br\/inicio\/a-importancia-de-mestres-no-fortalecimento-da-capoeira-nas-escolas\/' class='whatsapp-button whatsapp-share'>WhatsApp<\/a><div class='clear '><\/div><\/div>","protected":false},"excerpt":{"rendered":"<p>Os mestres de capoeira que atuam no territ\u00f3rio baiano e que estejam interessados em atuar no projeto &#8220;Capoeira das escolas: movimento, identidade e ancestralidade\u201d, iniciativa da\u00a0Secretaria da Educa\u00e7\u00e3o (SEC), devem preencher o formul\u00e1rio dispon\u00edvel no Portal da Educa\u00e7\u00e3o (www.educacao.ba.gov.br), at\u00e9 o dia 26 de fevereiro. As informa\u00e7\u00f5es coletadas v\u00e3o ajudar os N\u00facleos Territoriais de Educa\u00e7\u00e3o [&hellip;]<\/p>\n","protected":false},"author":1,"featured_media":38569,"comment_status":"closed","ping_status":"closed","sticky":false,"template":"","format":"standard","meta":{"om_disable_all_campaigns":false,"rop_custom_images_group":[],"rop_custom_messages_group":[],"rop_publish_now":"initial","rop_publish_now_accounts":[],"rop_publish_now_history":[],"rop_publish_now_status":"pending","_exactmetrics_skip_tracking":false,"footnotes":""},"categories":[19],"tags":[],"class_list":["post-38566","post","type-post","status-publish","format-standard","has-post-thumbnail","hentry","category-bahia"],"aioseo_notices":[],"aioseo_head":"\n\t\t<!-- All in One SEO 4.9.10 - aioseo.com -->\n\t<meta name=\"description\" content=\"Os mestres de capoeira que atuam no territ\u00f3rio baiano e que estejam interessados em atuar no projeto &quot;Capoeira das escolas: movimento, identidade e ancestralidade\u201d, iniciativa da Secretaria da Educa\u00e7\u00e3o (SEC), devem preencher o formul\u00e1rio dispon\u00edvel no Portal da Educa\u00e7\u00e3o (www.educacao.ba.gov.br), at\u00e9 o dia 26 de fevereiro. As informa\u00e7\u00f5es coletadas v\u00e3o ajudar os N\u00facleos Territoriais de Educa\u00e7\u00e3o\" \/>\n\t<meta name=\"robots\" content=\"max-image-preview:large\" \/>\n\t<meta name=\"author\" content=\"administrador\"\/>\n\t<link rel=\"canonical\" href=\"https:\/\/newsinfoco.com.br\/inicio\/a-importancia-de-mestres-no-fortalecimento-da-capoeira-nas-escolas\/\" \/>\n\t<meta name=\"generator\" content=\"All in One SEO (AIOSEO) 4.9.10\" \/>\n\t\t<meta property=\"og:locale\" content=\"pt_BR\" \/>\n\t\t<meta property=\"og:site_name\" content=\"News In Foco - Editado por Caio Pimenta - O principal site de noticias de Alagoinhas e regi\u00e3o\" \/>\n\t\t<meta property=\"og:type\" content=\"article\" \/>\n\t\t<meta property=\"og:title\" content=\"A import\u00e2ncia de mestres no fortalecimento da capoeira nas escolas - News In Foco - Editado por Caio Pimenta\" \/>\n\t\t<meta property=\"og:description\" content=\"Os mestres de capoeira que atuam no territ\u00f3rio baiano e que estejam interessados em atuar no projeto &quot;Capoeira das escolas: movimento, identidade e ancestralidade\u201d, iniciativa da Secretaria da Educa\u00e7\u00e3o (SEC), devem preencher o formul\u00e1rio dispon\u00edvel no Portal da Educa\u00e7\u00e3o (www.educacao.ba.gov.br), at\u00e9 o dia 26 de fevereiro. As informa\u00e7\u00f5es coletadas v\u00e3o ajudar os N\u00facleos Territoriais de Educa\u00e7\u00e3o\" \/>\n\t\t<meta property=\"og:url\" content=\"https:\/\/newsinfoco.com.br\/inicio\/a-importancia-de-mestres-no-fortalecimento-da-capoeira-nas-escolas\/\" \/>\n\t\t<meta property=\"article:published_time\" content=\"2025-01-23T18:16:46+00:00\" \/>\n\t\t<meta property=\"article:modified_time\" content=\"2025-01-23T18:19:33+00:00\" \/>\n\t\t<meta name=\"twitter:card\" content=\"summary_large_image\" \/>\n\t\t<meta name=\"twitter:title\" content=\"A import\u00e2ncia de mestres no fortalecimento da capoeira nas escolas - News In Foco - Editado por Caio Pimenta\" \/>\n\t\t<meta name=\"twitter:description\" content=\"Os mestres de capoeira que atuam no territ\u00f3rio baiano e que estejam interessados em atuar no projeto &quot;Capoeira das escolas: movimento, identidade e ancestralidade\u201d, iniciativa da Secretaria da Educa\u00e7\u00e3o (SEC), devem preencher o formul\u00e1rio dispon\u00edvel no Portal da Educa\u00e7\u00e3o (www.educacao.ba.gov.br), at\u00e9 o dia 26 de fevereiro. As informa\u00e7\u00f5es coletadas v\u00e3o ajudar os N\u00facleos Territoriais de Educa\u00e7\u00e3o\" \/>\n\t\t<script type=\"application\/ld+json\" class=\"aioseo-schema\">\n\t\t\t{\"@context\":\"https:\\\/\\\/schema.org\",\"@graph\":[{\"@type\":\"BlogPosting\",\"@id\":\"https:\\\/\\\/newsinfoco.com.br\\\/inicio\\\/a-importancia-de-mestres-no-fortalecimento-da-capoeira-nas-escolas\\\/#blogposting\",\"name\":\"A import\\u00e2ncia de mestres no fortalecimento da capoeira nas escolas - News In Foco - Editado por Caio Pimenta\",\"headline\":\"A import\\u00e2ncia de mestres no fortalecimento da capoeira nas escolas\",\"author\":{\"@id\":\"https:\\\/\\\/newsinfoco.com.br\\\/inicio\\\/author\\\/administrador\\\/#author\"},\"publisher\":{\"@id\":\"https:\\\/\\\/newsinfoco.com.br\\\/inicio\\\/#organization\"},\"image\":{\"@type\":\"ImageObject\",\"url\":\"https:\\\/\\\/newsinfoco.com.br\\\/inicio\\\/wp-content\\\/uploads\\\/2025\\\/01\\\/Projeto-busca-mestres-para-fortalecer-capoeira-nas0130441600202501231502-ScaleDownProportional.webp\",\"width\":800,\"height\":533},\"datePublished\":\"2025-01-23T15:16:46-03:00\",\"dateModified\":\"2025-01-23T15:19:33-03:00\",\"inLanguage\":\"pt-BR\",\"mainEntityOfPage\":{\"@id\":\"https:\\\/\\\/newsinfoco.com.br\\\/inicio\\\/a-importancia-de-mestres-no-fortalecimento-da-capoeira-nas-escolas\\\/#webpage\"},\"isPartOf\":{\"@id\":\"https:\\\/\\\/newsinfoco.com.br\\\/inicio\\\/a-importancia-de-mestres-no-fortalecimento-da-capoeira-nas-escolas\\\/#webpage\"},\"articleSection\":\"Bahia\"},{\"@type\":\"BreadcrumbList\",\"@id\":\"https:\\\/\\\/newsinfoco.com.br\\\/inicio\\\/a-importancia-de-mestres-no-fortalecimento-da-capoeira-nas-escolas\\\/#breadcrumblist\",\"itemListElement\":[{\"@type\":\"ListItem\",\"@id\":\"https:\\\/\\\/newsinfoco.com.br\\\/inicio#listItem\",\"position\":1,\"name\":\"In\\u00edcio\",\"item\":\"https:\\\/\\\/newsinfoco.com.br\\\/inicio\",\"nextItem\":{\"@type\":\"ListItem\",\"@id\":\"https:\\\/\\\/newsinfoco.com.br\\\/inicio\\\/category\\\/bahia\\\/#listItem\",\"name\":\"Bahia\"}},{\"@type\":\"ListItem\",\"@id\":\"https:\\\/\\\/newsinfoco.com.br\\\/inicio\\\/category\\\/bahia\\\/#listItem\",\"position\":2,\"name\":\"Bahia\",\"item\":\"https:\\\/\\\/newsinfoco.com.br\\\/inicio\\\/category\\\/bahia\\\/\",\"nextItem\":{\"@type\":\"ListItem\",\"@id\":\"https:\\\/\\\/newsinfoco.com.br\\\/inicio\\\/a-importancia-de-mestres-no-fortalecimento-da-capoeira-nas-escolas\\\/#listItem\",\"name\":\"A import\\u00e2ncia de mestres no fortalecimento da capoeira nas escolas\"},\"previousItem\":{\"@type\":\"ListItem\",\"@id\":\"https:\\\/\\\/newsinfoco.com.br\\\/inicio#listItem\",\"name\":\"In\\u00edcio\"}},{\"@type\":\"ListItem\",\"@id\":\"https:\\\/\\\/newsinfoco.com.br\\\/inicio\\\/a-importancia-de-mestres-no-fortalecimento-da-capoeira-nas-escolas\\\/#listItem\",\"position\":3,\"name\":\"A import\\u00e2ncia de mestres no fortalecimento da capoeira nas escolas\",\"previousItem\":{\"@type\":\"ListItem\",\"@id\":\"https:\\\/\\\/newsinfoco.com.br\\\/inicio\\\/category\\\/bahia\\\/#listItem\",\"name\":\"Bahia\"}}]},{\"@type\":\"Organization\",\"@id\":\"https:\\\/\\\/newsinfoco.com.br\\\/inicio\\\/#organization\",\"name\":\"News In Foco - Editado por Caio Pimenta\",\"description\":\"O principal site de noticias de Alagoinhas e regi\\u00e3o\",\"url\":\"https:\\\/\\\/newsinfoco.com.br\\\/inicio\\\/\"},{\"@type\":\"Person\",\"@id\":\"https:\\\/\\\/newsinfoco.com.br\\\/inicio\\\/author\\\/administrador\\\/#author\",\"url\":\"https:\\\/\\\/newsinfoco.com.br\\\/inicio\\\/author\\\/administrador\\\/\",\"name\":\"administrador\",\"image\":{\"@type\":\"ImageObject\",\"@id\":\"https:\\\/\\\/newsinfoco.com.br\\\/inicio\\\/a-importancia-de-mestres-no-fortalecimento-da-capoeira-nas-escolas\\\/#authorImage\",\"url\":\"https:\\\/\\\/secure.gravatar.com\\\/avatar\\\/c17a617433de8c1dc9584bb79aab7563b46f5bb7e1728c9b17d9cc3ce6a08e49?s=96&d=mm&r=g\",\"width\":96,\"height\":96,\"caption\":\"administrador\"}},{\"@type\":\"WebPage\",\"@id\":\"https:\\\/\\\/newsinfoco.com.br\\\/inicio\\\/a-importancia-de-mestres-no-fortalecimento-da-capoeira-nas-escolas\\\/#webpage\",\"url\":\"https:\\\/\\\/newsinfoco.com.br\\\/inicio\\\/a-importancia-de-mestres-no-fortalecimento-da-capoeira-nas-escolas\\\/\",\"name\":\"A import\\u00e2ncia de mestres no fortalecimento da capoeira nas escolas - News In Foco - Editado por Caio Pimenta\",\"description\":\"Os mestres de capoeira que atuam no territ\\u00f3rio baiano e que estejam interessados em atuar no projeto \\\"Capoeira das escolas: movimento, identidade e ancestralidade\\u201d, iniciativa da Secretaria da Educa\\u00e7\\u00e3o (SEC), devem preencher o formul\\u00e1rio dispon\\u00edvel no Portal da Educa\\u00e7\\u00e3o (www.educacao.ba.gov.br), at\\u00e9 o dia 26 de fevereiro. As informa\\u00e7\\u00f5es coletadas v\\u00e3o ajudar os N\\u00facleos Territoriais de Educa\\u00e7\\u00e3o\",\"inLanguage\":\"pt-BR\",\"isPartOf\":{\"@id\":\"https:\\\/\\\/newsinfoco.com.br\\\/inicio\\\/#website\"},\"breadcrumb\":{\"@id\":\"https:\\\/\\\/newsinfoco.com.br\\\/inicio\\\/a-importancia-de-mestres-no-fortalecimento-da-capoeira-nas-escolas\\\/#breadcrumblist\"},\"author\":{\"@id\":\"https:\\\/\\\/newsinfoco.com.br\\\/inicio\\\/author\\\/administrador\\\/#author\"},\"creator\":{\"@id\":\"https:\\\/\\\/newsinfoco.com.br\\\/inicio\\\/author\\\/administrador\\\/#author\"},\"image\":{\"@type\":\"ImageObject\",\"url\":\"https:\\\/\\\/newsinfoco.com.br\\\/inicio\\\/wp-content\\\/uploads\\\/2025\\\/01\\\/Projeto-busca-mestres-para-fortalecer-capoeira-nas0130441600202501231502-ScaleDownProportional.webp\",\"@id\":\"https:\\\/\\\/newsinfoco.com.br\\\/inicio\\\/a-importancia-de-mestres-no-fortalecimento-da-capoeira-nas-escolas\\\/#mainImage\",\"width\":800,\"height\":533},\"primaryImageOfPage\":{\"@id\":\"https:\\\/\\\/newsinfoco.com.br\\\/inicio\\\/a-importancia-de-mestres-no-fortalecimento-da-capoeira-nas-escolas\\\/#mainImage\"},\"datePublished\":\"2025-01-23T15:16:46-03:00\",\"dateModified\":\"2025-01-23T15:19:33-03:00\"},{\"@type\":\"WebSite\",\"@id\":\"https:\\\/\\\/newsinfoco.com.br\\\/inicio\\\/#website\",\"url\":\"https:\\\/\\\/newsinfoco.com.br\\\/inicio\\\/\",\"name\":\"News In Foco - Editado por Caio Pimenta\",\"description\":\"O principal site de noticias de Alagoinhas e regi\\u00e3o\",\"inLanguage\":\"pt-BR\",\"publisher\":{\"@id\":\"https:\\\/\\\/newsinfoco.com.br\\\/inicio\\\/#organization\"}}]}\n\t\t<\/script>\n\t\t<!-- All in One SEO -->\n\n","aioseo_head_json":{"title":"A import\u00e2ncia de mestres no fortalecimento da capoeira nas escolas - News In Foco - Editado por Caio Pimenta","description":"Os mestres de capoeira que atuam no territ\u00f3rio baiano e que estejam interessados em atuar no projeto \"Capoeira das escolas: movimento, identidade e ancestralidade\u201d, iniciativa da Secretaria da Educa\u00e7\u00e3o (SEC), devem preencher o formul\u00e1rio dispon\u00edvel no Portal da Educa\u00e7\u00e3o (www.educacao.ba.gov.br), at\u00e9 o dia 26 de fevereiro. As informa\u00e7\u00f5es coletadas v\u00e3o ajudar os N\u00facleos Territoriais de Educa\u00e7\u00e3o","canonical_url":"https:\/\/newsinfoco.com.br\/inicio\/a-importancia-de-mestres-no-fortalecimento-da-capoeira-nas-escolas\/","robots":"max-image-preview:large","keywords":"","webmasterTools":{"miscellaneous":""},"schema":{"@context":"https:\/\/schema.org","@graph":[{"@type":"BlogPosting","@id":"https:\/\/newsinfoco.com.br\/inicio\/a-importancia-de-mestres-no-fortalecimento-da-capoeira-nas-escolas\/#blogposting","name":"A import\u00e2ncia de mestres no fortalecimento da capoeira nas escolas - News In Foco - Editado por Caio Pimenta","headline":"A import\u00e2ncia de mestres no fortalecimento da capoeira nas escolas","author":{"@id":"https:\/\/newsinfoco.com.br\/inicio\/author\/administrador\/#author"},"publisher":{"@id":"https:\/\/newsinfoco.com.br\/inicio\/#organization"},"image":{"@type":"ImageObject","url":"https:\/\/newsinfoco.com.br\/inicio\/wp-content\/uploads\/2025\/01\/Projeto-busca-mestres-para-fortalecer-capoeira-nas0130441600202501231502-ScaleDownProportional.webp","width":800,"height":533},"datePublished":"2025-01-23T15:16:46-03:00","dateModified":"2025-01-23T15:19:33-03:00","inLanguage":"pt-BR","mainEntityOfPage":{"@id":"https:\/\/newsinfoco.com.br\/inicio\/a-importancia-de-mestres-no-fortalecimento-da-capoeira-nas-escolas\/#webpage"},"isPartOf":{"@id":"https:\/\/newsinfoco.com.br\/inicio\/a-importancia-de-mestres-no-fortalecimento-da-capoeira-nas-escolas\/#webpage"},"articleSection":"Bahia"},{"@type":"BreadcrumbList","@id":"https:\/\/newsinfoco.com.br\/inicio\/a-importancia-de-mestres-no-fortalecimento-da-capoeira-nas-escolas\/#breadcrumblist","itemListElement":[{"@type":"ListItem","@id":"https:\/\/newsinfoco.com.br\/inicio#listItem","position":1,"name":"In\u00edcio","item":"https:\/\/newsinfoco.com.br\/inicio","nextItem":{"@type":"ListItem","@id":"https:\/\/newsinfoco.com.br\/inicio\/category\/bahia\/#listItem","name":"Bahia"}},{"@type":"ListItem","@id":"https:\/\/newsinfoco.com.br\/inicio\/category\/bahia\/#listItem","position":2,"name":"Bahia","item":"https:\/\/newsinfoco.com.br\/inicio\/category\/bahia\/","nextItem":{"@type":"ListItem","@id":"https:\/\/newsinfoco.com.br\/inicio\/a-importancia-de-mestres-no-fortalecimento-da-capoeira-nas-escolas\/#listItem","name":"A import\u00e2ncia de mestres no fortalecimento da capoeira nas escolas"},"previousItem":{"@type":"ListItem","@id":"https:\/\/newsinfoco.com.br\/inicio#listItem","name":"In\u00edcio"}},{"@type":"ListItem","@id":"https:\/\/newsinfoco.com.br\/inicio\/a-importancia-de-mestres-no-fortalecimento-da-capoeira-nas-escolas\/#listItem","position":3,"name":"A import\u00e2ncia de mestres no fortalecimento da capoeira nas escolas","previousItem":{"@type":"ListItem","@id":"https:\/\/newsinfoco.com.br\/inicio\/category\/bahia\/#listItem","name":"Bahia"}}]},{"@type":"Organization","@id":"https:\/\/newsinfoco.com.br\/inicio\/#organization","name":"News In Foco - Editado por Caio Pimenta","description":"O principal site de noticias de Alagoinhas e regi\u00e3o","url":"https:\/\/newsinfoco.com.br\/inicio\/"},{"@type":"Person","@id":"https:\/\/newsinfoco.com.br\/inicio\/author\/administrador\/#author","url":"https:\/\/newsinfoco.com.br\/inicio\/author\/administrador\/","name":"administrador","image":{"@type":"ImageObject","@id":"https:\/\/newsinfoco.com.br\/inicio\/a-importancia-de-mestres-no-fortalecimento-da-capoeira-nas-escolas\/#authorImage","url":"https:\/\/secure.gravatar.com\/avatar\/c17a617433de8c1dc9584bb79aab7563b46f5bb7e1728c9b17d9cc3ce6a08e49?s=96&d=mm&r=g","width":96,"height":96,"caption":"administrador"}},{"@type":"WebPage","@id":"https:\/\/newsinfoco.com.br\/inicio\/a-importancia-de-mestres-no-fortalecimento-da-capoeira-nas-escolas\/#webpage","url":"https:\/\/newsinfoco.com.br\/inicio\/a-importancia-de-mestres-no-fortalecimento-da-capoeira-nas-escolas\/","name":"A import\u00e2ncia de mestres no fortalecimento da capoeira nas escolas - News In Foco - Editado por Caio Pimenta","description":"Os mestres de capoeira que atuam no territ\u00f3rio baiano e que estejam interessados em atuar no projeto \"Capoeira das escolas: movimento, identidade e ancestralidade\u201d, iniciativa da Secretaria da Educa\u00e7\u00e3o (SEC), devem preencher o formul\u00e1rio dispon\u00edvel no Portal da Educa\u00e7\u00e3o (www.educacao.ba.gov.br), at\u00e9 o dia 26 de fevereiro. As informa\u00e7\u00f5es coletadas v\u00e3o ajudar os N\u00facleos Territoriais de Educa\u00e7\u00e3o","inLanguage":"pt-BR","isPartOf":{"@id":"https:\/\/newsinfoco.com.br\/inicio\/#website"},"breadcrumb":{"@id":"https:\/\/newsinfoco.com.br\/inicio\/a-importancia-de-mestres-no-fortalecimento-da-capoeira-nas-escolas\/#breadcrumblist"},"author":{"@id":"https:\/\/newsinfoco.com.br\/inicio\/author\/administrador\/#author"},"creator":{"@id":"https:\/\/newsinfoco.com.br\/inicio\/author\/administrador\/#author"},"image":{"@type":"ImageObject","url":"https:\/\/newsinfoco.com.br\/inicio\/wp-content\/uploads\/2025\/01\/Projeto-busca-mestres-para-fortalecer-capoeira-nas0130441600202501231502-ScaleDownProportional.webp","@id":"https:\/\/newsinfoco.com.br\/inicio\/a-importancia-de-mestres-no-fortalecimento-da-capoeira-nas-escolas\/#mainImage","width":800,"height":533},"primaryImageOfPage":{"@id":"https:\/\/newsinfoco.com.br\/inicio\/a-importancia-de-mestres-no-fortalecimento-da-capoeira-nas-escolas\/#mainImage"},"datePublished":"2025-01-23T15:16:46-03:00","dateModified":"2025-01-23T15:19:33-03:00"},{"@type":"WebSite","@id":"https:\/\/newsinfoco.com.br\/inicio\/#website","url":"https:\/\/newsinfoco.com.br\/inicio\/","name":"News In Foco - Editado por Caio Pimenta","description":"O principal site de noticias de Alagoinhas e regi\u00e3o","inLanguage":"pt-BR","publisher":{"@id":"https:\/\/newsinfoco.com.br\/inicio\/#organization"}}]},"og:locale":"pt_BR","og:site_name":"News In Foco - Editado por Caio Pimenta - O principal site de noticias de Alagoinhas e regi\u00e3o","og:type":"article","og:title":"A import\u00e2ncia de mestres no fortalecimento da capoeira nas escolas - News In Foco - Editado por Caio Pimenta","og:description":"Os mestres de capoeira que atuam no territ\u00f3rio baiano e que estejam interessados em atuar no projeto &quot;Capoeira das escolas: movimento, identidade e ancestralidade\u201d, iniciativa da Secretaria da Educa\u00e7\u00e3o (SEC), devem preencher o formul\u00e1rio dispon\u00edvel no Portal da Educa\u00e7\u00e3o (www.educacao.ba.gov.br), at\u00e9 o dia 26 de fevereiro. As informa\u00e7\u00f5es coletadas v\u00e3o ajudar os N\u00facleos Territoriais de Educa\u00e7\u00e3o","og:url":"https:\/\/newsinfoco.com.br\/inicio\/a-importancia-de-mestres-no-fortalecimento-da-capoeira-nas-escolas\/","article:published_time":"2025-01-23T18:16:46+00:00","article:modified_time":"2025-01-23T18:19:33+00:00","twitter:card":"summary_large_image","twitter:title":"A import\u00e2ncia de mestres no fortalecimento da capoeira nas escolas - News In Foco - Editado por Caio Pimenta","twitter:description":"Os mestres de capoeira que atuam no territ\u00f3rio baiano e que estejam interessados em atuar no projeto &quot;Capoeira das escolas: movimento, identidade e ancestralidade\u201d, iniciativa da Secretaria da Educa\u00e7\u00e3o (SEC), devem preencher o formul\u00e1rio dispon\u00edvel no Portal da Educa\u00e7\u00e3o (www.educacao.ba.gov.br), at\u00e9 o dia 26 de fevereiro. As informa\u00e7\u00f5es coletadas v\u00e3o ajudar os N\u00facleos Territoriais de Educa\u00e7\u00e3o"},"aioseo_meta_data":{"post_id":"38566","title":null,"description":null,"keywords":null,"keyphrases":{"focus":{"keyphrase":"","score":0,"analysis":{"keyphraseInTitle":{"score":0,"maxScore":9,"error":1}}},"additional":[]},"primary_term":null,"canonical_url":null,"og_title":null,"og_description":null,"og_object_type":"default","og_image_type":"default","og_image_url":null,"og_image_width":null,"og_image_height":null,"og_image_custom_url":null,"og_image_custom_fields":null,"og_video":"","og_custom_url":null,"og_article_section":null,"og_article_tags":null,"twitter_use_og":false,"twitter_card":"default","twitter_image_type":"default","twitter_image_url":null,"twitter_image_custom_url":null,"twitter_image_custom_fields":null,"twitter_title":null,"twitter_description":null,"schema":{"blockGraphs":[],"customGraphs":[],"default":{"data":{"Article":[],"Course":[],"Dataset":[],"FAQPage":[],"Movie":[],"Person":[],"Product":[],"ProductReview":[],"Car":[],"Recipe":[],"Service":[],"SoftwareApplication":[],"WebPage":[]},"graphName":"BlogPosting","isEnabled":true},"graphs":[]},"schema_type":"default","schema_type_options":null,"pillar_content":false,"robots_default":true,"robots_noindex":false,"robots_noarchive":false,"robots_nosnippet":false,"robots_nofollow":false,"robots_noimageindex":false,"robots_noodp":false,"robots_notranslate":false,"robots_max_snippet":"-1","robots_max_videopreview":"-1","robots_max_imagepreview":"large","priority":null,"frequency":"default","local_seo":null,"breadcrumb_settings":null,"limit_modified_date":false,"ai":null,"created":"2025-01-23 18:16:46","updated":"2025-07-11 11:56:53","seo_analyzer_scan_date":null},"aioseo_breadcrumb":"<div class=\"aioseo-breadcrumbs\"><span class=\"aioseo-breadcrumb\">\n\t\t\t<a href=\"https:\/\/newsinfoco.com.br\/inicio\" title=\"In\u00edcio\">In\u00edcio<\/a>\n\t\t<\/span><span class=\"aioseo-breadcrumb-separator\">&raquo;<\/span><span class=\"aioseo-breadcrumb\">\n\t\t\t<a href=\"https:\/\/newsinfoco.com.br\/inicio\/category\/bahia\/\" title=\"Bahia\">Bahia<\/a>\n\t\t<\/span><span class=\"aioseo-breadcrumb-separator\">&raquo;<\/span><span class=\"aioseo-breadcrumb\">\n\t\t\tA import\u00e2ncia de mestres no fortalecimento da capoeira nas escolas\n\t\t<\/span><\/div>","aioseo_breadcrumb_json":[{"label":"In\u00edcio","link":"https:\/\/newsinfoco.com.br\/inicio"},{"label":"Bahia","link":"https:\/\/newsinfoco.com.br\/inicio\/category\/bahia\/"},{"label":"A import\u00e2ncia de mestres no fortalecimento da capoeira nas escolas","link":"https:\/\/newsinfoco.com.br\/inicio\/a-importancia-de-mestres-no-fortalecimento-da-capoeira-nas-escolas\/"}],"_links":{"self":[{"href":"https:\/\/newsinfoco.com.br\/inicio\/wp-json\/wp\/v2\/posts\/38566","targetHints":{"allow":["GET"]}}],"collection":[{"href":"https:\/\/newsinfoco.com.br\/inicio\/wp-json\/wp\/v2\/posts"}],"about":[{"href":"https:\/\/newsinfoco.com.br\/inicio\/wp-json\/wp\/v2\/types\/post"}],"author":[{"embeddable":true,"href":"https:\/\/newsinfoco.com.br\/inicio\/wp-json\/wp\/v2\/users\/1"}],"replies":[{"embeddable":true,"href":"https:\/\/newsinfoco.com.br\/inicio\/wp-json\/wp\/v2\/comments?post=38566"}],"version-history":[{"count":2,"href":"https:\/\/newsinfoco.com.br\/inicio\/wp-json\/wp\/v2\/posts\/38566\/revisions"}],"predecessor-version":[{"id":38570,"href":"https:\/\/newsinfoco.com.br\/inicio\/wp-json\/wp\/v2\/posts\/38566\/revisions\/38570"}],"wp:featuredmedia":[{"embeddable":true,"href":"https:\/\/newsinfoco.com.br\/inicio\/wp-json\/wp\/v2\/media\/38569"}],"wp:attachment":[{"href":"https:\/\/newsinfoco.com.br\/inicio\/wp-json\/wp\/v2\/media?parent=38566"}],"wp:term":[{"taxonomy":"category","embeddable":true,"href":"https:\/\/newsinfoco.com.br\/inicio\/wp-json\/wp\/v2\/categories?post=38566"},{"taxonomy":"post_tag","embeddable":true,"href":"https:\/\/newsinfoco.com.br\/inicio\/wp-json\/wp\/v2\/tags?post=38566"}],"curies":[{"name":"wp","href":"https:\/\/api.w.org\/{rel}","templated":true}]}}