{"id":38583,"date":"2025-01-24T17:55:12","date_gmt":"2025-01-24T20:55:12","guid":{"rendered":"https:\/\/newsinfoco.com.br\/inicio\/?p=38583"},"modified":"2025-01-24T17:55:12","modified_gmt":"2025-01-24T20:55:12","slug":"rodoviarios-da-rms-programam-greve-para-a-proxima-terca-feira-28","status":"publish","type":"post","link":"https:\/\/newsinfoco.com.br\/inicio\/rodoviarios-da-rms-programam-greve-para-a-proxima-terca-feira-28\/","title":{"rendered":"Rodovi\u00e1rios da RMS programam greve para a pr\u00f3xima ter\u00e7a-feira (28)"},"content":{"rendered":"<p>O Sindicato dos Trabalhadores em Transportes Rodovi\u00e1rios da Regi\u00e3o Metropolitana de Salvador (Sindmetro) anunciou, com anteced\u00eancia m\u00ednima de 72 horas, que na pr\u00f3xima ter\u00e7a-feira (28) haver\u00e1 greve no transporte de \u00f4nibus da regi\u00e3o.<\/p>\n<p>A decis\u00e3o foi tomada ap\u00f3s uma assembleia realizada em 16 de janeiro, quando a categoria optou pela paralisa\u00e7\u00e3o por tempo indeterminado devido \u00e0 rejei\u00e7\u00e3o da proposta de aumento salarial para 2025.<\/p><div class=\"newsi-conteudo_19\" id=\"newsi-3938005384\"><a href=\"https:\/\/www.instagram.com\/prefeituraalagoinhas?igsh=YzgzdDJ1bWR3aWI4\" aria-label=\"SAVE_20251006_221555\"><img loading=\"lazy\" decoding=\"async\" src=\"https:\/\/newsinfoco.com.br\/inicio\/wp-content\/uploads\/2025\/10\/SAVE_20251006_221555-rotated.jpg\" alt=\"\"  srcset=\"https:\/\/newsinfoco.com.br\/inicio\/wp-content\/uploads\/2025\/10\/SAVE_20251006_221555-rotated.jpg 1140w, https:\/\/newsinfoco.com.br\/inicio\/wp-content\/uploads\/2025\/10\/SAVE_20251006_221555-300x52.jpg 300w, https:\/\/newsinfoco.com.br\/inicio\/wp-content\/uploads\/2025\/10\/SAVE_20251006_221555-1024x177.jpg 1024w, https:\/\/newsinfoco.com.br\/inicio\/wp-content\/uploads\/2025\/10\/SAVE_20251006_221555-768x133.jpg 768w, https:\/\/newsinfoco.com.br\/inicio\/wp-content\/uploads\/2025\/10\/SAVE_20251006_221555-600x104.jpg 600w, https:\/\/newsinfoco.com.br\/inicio\/wp-content\/uploads\/2025\/10\/SAVE_20251006_221555-696x120.jpg 696w, https:\/\/newsinfoco.com.br\/inicio\/wp-content\/uploads\/2025\/10\/SAVE_20251006_221555-1068x185.jpg 1068w\" sizes=\"(max-width: 1140px) 100vw, 1140px\" width=\"1140\" height=\"197\"   \/><\/a><\/div>\n<div>\n<div>\n<div class=\"trv-player-container\">\n<div class=\"trv-wrapper\">\n<div id=\"br_video_player_77caf4ed6d3a9c599671b155a185c89dc3c659f9\" class=\"trvd_video_player\">\n<div class=\"media-player\">\n<div class=\"trv-video\">\n<div id=\"truvid_ima_container49926\" class=\"truvid_ima_container\">\n<div>\n<div>\n<p><strong>Confira os munic\u00edpios afetados:<\/strong>\u00a0Lauro de Freitas, Candeias, Madre de Deus, S\u00e3o Francisco do Conde, Santo Amaro, Sim\u00f5es Filho, Cama\u00e7ari, S\u00e3o Sebasti\u00e3o do Pass\u00e9, Linha Verde, S\u00e3o Francisco do Conde e Mata de S\u00e3o Jo\u00e3o.<\/p>\n<p>A paralisa\u00e7\u00e3o faz parte da campanha salarial dos rodovi\u00e1rios, que teve in\u00edcio em outubro de 2024. Os rodovi\u00e1rios das empresas Avan\u00e7o Transportes, Expresso Vit\u00f3ria, Atl\u00e2ntico Transportes, Cidade do Sol e ATP s\u00e3o os que ir\u00e3o aderir \u00e0 greve.<\/p>\n<p>Bahia.Ba<\/p>\n<p>&nbsp;<\/p>\n<\/div>\n<\/div>\n<\/div>\n<\/div>\n<\/div>\n<\/div>\n<\/div>\n<\/div>\n<\/div>\n<\/div>\n<div class='share-to-whatsapp-wrapper'><div class='share-on-whsp'>Share on: <\/div><a data-text='Rodovi\u00e1rios da RMS programam greve para a pr\u00f3xima ter\u00e7a-feira (28)' data-link='https:\/\/newsinfoco.com.br\/inicio\/rodoviarios-da-rms-programam-greve-para-a-proxima-terca-feira-28\/' class='whatsapp-button whatsapp-share'>WhatsApp<\/a><div class='clear '><\/div><\/div>","protected":false},"excerpt":{"rendered":"<p>O Sindicato dos Trabalhadores em Transportes Rodovi\u00e1rios da Regi\u00e3o Metropolitana de Salvador (Sindmetro) anunciou, com anteced\u00eancia m\u00ednima de 72 horas, que na pr\u00f3xima ter\u00e7a-feira (28) haver\u00e1 greve no transporte de \u00f4nibus da regi\u00e3o. A decis\u00e3o foi tomada ap\u00f3s uma assembleia realizada em 16 de janeiro, quando a categoria optou pela paralisa\u00e7\u00e3o por tempo indeterminado devido [&hellip;]<\/p>\n","protected":false},"author":1,"featured_media":38584,"comment_status":"closed","ping_status":"closed","sticky":false,"template":"","format":"standard","meta":{"om_disable_all_campaigns":false,"_exactmetrics_skip_tracking":false,"_exactmetrics_sitenote_active":false,"_exactmetrics_sitenote_note":"","_exactmetrics_sitenote_category":0,"footnotes":""},"categories":[19],"tags":[],"class_list":["post-38583","post","type-post","status-publish","format-standard","has-post-thumbnail","hentry","category-bahia"],"aioseo_notices":[],"_links":{"self":[{"href":"https:\/\/newsinfoco.com.br\/inicio\/wp-json\/wp\/v2\/posts\/38583","targetHints":{"allow":["GET"]}}],"collection":[{"href":"https:\/\/newsinfoco.com.br\/inicio\/wp-json\/wp\/v2\/posts"}],"about":[{"href":"https:\/\/newsinfoco.com.br\/inicio\/wp-json\/wp\/v2\/types\/post"}],"author":[{"embeddable":true,"href":"https:\/\/newsinfoco.com.br\/inicio\/wp-json\/wp\/v2\/users\/1"}],"replies":[{"embeddable":true,"href":"https:\/\/newsinfoco.com.br\/inicio\/wp-json\/wp\/v2\/comments?post=38583"}],"version-history":[{"count":1,"href":"https:\/\/newsinfoco.com.br\/inicio\/wp-json\/wp\/v2\/posts\/38583\/revisions"}],"predecessor-version":[{"id":38585,"href":"https:\/\/newsinfoco.com.br\/inicio\/wp-json\/wp\/v2\/posts\/38583\/revisions\/38585"}],"wp:featuredmedia":[{"embeddable":true,"href":"https:\/\/newsinfoco.com.br\/inicio\/wp-json\/wp\/v2\/media\/38584"}],"wp:attachment":[{"href":"https:\/\/newsinfoco.com.br\/inicio\/wp-json\/wp\/v2\/media?parent=38583"}],"wp:term":[{"taxonomy":"category","embeddable":true,"href":"https:\/\/newsinfoco.com.br\/inicio\/wp-json\/wp\/v2\/categories?post=38583"},{"taxonomy":"post_tag","embeddable":true,"href":"https:\/\/newsinfoco.com.br\/inicio\/wp-json\/wp\/v2\/tags?post=38583"}],"curies":[{"name":"wp","href":"https:\/\/api.w.org\/{rel}","templated":true}]}}