{"id":39056,"date":"2025-02-11T14:43:14","date_gmt":"2025-02-11T17:43:14","guid":{"rendered":"https:\/\/newsinfoco.com.br\/inicio\/?p=39056"},"modified":"2025-02-11T14:43:14","modified_gmt":"2025-02-11T17:43:14","slug":"ministros-do-tcu-negociam-prazo-para-incluir-pe-de-meia-no-orcamento-ainda-em-2025-diz-jornal","status":"publish","type":"post","link":"https:\/\/newsinfoco.com.br\/inicio\/ministros-do-tcu-negociam-prazo-para-incluir-pe-de-meia-no-orcamento-ainda-em-2025-diz-jornal\/","title":{"rendered":"Ministros do TCU negociam prazo para incluir P\u00e9-de-Meia no Or\u00e7amento ainda em 2025, diz jornal"},"content":{"rendered":"<p>Ministros do Tribunal de Contas da Uni\u00e3o (TCU) negociam a fixa\u00e7\u00e3o de um prazo de transi\u00e7\u00e3o para obrigar o governo Federal a incluir os recursos do programa P\u00e9-de-Meia, que paga bolsas de incentivo a perman\u00eancia de jovens de baixa renda no ensino m\u00e9dio, no Or\u00e7amento de 2025. A verba do programa foi bloqueada pelo tribunal, que entendeu que os pagamentos estavam sendo operados fora do Or\u00e7amento. O total afetado foi de R$ 6 bilh\u00f5es.<\/p>\n<p>Segundo mat\u00e9ria da Folha de S\u00e3o Paulo, caso a proposta em discuss\u00e3o no TCU avance, o governo ter\u00e1 de corrigir a forma de financiamento para conseguir incluir a verba do programa na lei or\u00e7ament\u00e1ria deste ano. De acordo com ministros do tribunal ouvidos pela reportagem, essa tend\u00eancia ganhou for\u00e7a para o julgamento marcado para a quarta-feira (12).<\/p><div class=\"newsi-conteudo_19\" id=\"newsi-1290356124\"><a href=\"https:\/\/www.instagram.com\/prefeituraalagoinhas?igsh=YzgzdDJ1bWR3aWI4\" aria-label=\"SAVE_20251006_221555\"><img loading=\"lazy\" decoding=\"async\" src=\"https:\/\/newsinfoco.com.br\/inicio\/wp-content\/uploads\/2025\/10\/SAVE_20251006_221555-rotated.jpg\" alt=\"\"  srcset=\"https:\/\/newsinfoco.com.br\/inicio\/wp-content\/uploads\/2025\/10\/SAVE_20251006_221555-rotated.jpg 1140w, https:\/\/newsinfoco.com.br\/inicio\/wp-content\/uploads\/2025\/10\/SAVE_20251006_221555-300x52.jpg 300w, https:\/\/newsinfoco.com.br\/inicio\/wp-content\/uploads\/2025\/10\/SAVE_20251006_221555-1024x177.jpg 1024w, https:\/\/newsinfoco.com.br\/inicio\/wp-content\/uploads\/2025\/10\/SAVE_20251006_221555-768x133.jpg 768w, https:\/\/newsinfoco.com.br\/inicio\/wp-content\/uploads\/2025\/10\/SAVE_20251006_221555-600x104.jpg 600w, https:\/\/newsinfoco.com.br\/inicio\/wp-content\/uploads\/2025\/10\/SAVE_20251006_221555-696x120.jpg 696w, https:\/\/newsinfoco.com.br\/inicio\/wp-content\/uploads\/2025\/10\/SAVE_20251006_221555-1068x185.jpg 1068w\" sizes=\"(max-width: 1140px) 100vw, 1140px\" width=\"1140\" height=\"197\"   \/><\/a><\/div>\n<p>Neste caso, o governo seria obrigado ainda a cortar outras despesas para, assim, permitir o pagamento do benef\u00edcio e seguir dentro dos limites estabelecidos pelo arcabou\u00e7o fiscal. Al\u00e9m disso, uma eventual decis\u00e3o favoravel a inclus\u00e3o do P\u00e9-de-Meia no Or\u00e7amento 2025, envolveria o envio de um projeto ao Congresso sobre a quest\u00e3o, algo que ainda n\u00e3o foi votado.<\/p>\n<p>At\u00e9 que a nova lei fosse aprovada no Congresso, a proposta do TCU permitiria ao governo o pagamento de benef\u00edcio aos estudantes com recursos provenientes do Fundo de Garantia de Opera\u00e7\u00f5es de Cr\u00e9dito Educativo (Fgeduc) e do Fundo Garantidor de Opera\u00e7\u00f5es (FGO) transferidos ao fundo privado constitu\u00eddo para executar o P\u00e9-de-Meia (Fipem).<\/p>\n<p>O prazo para discuss\u00e3o do tema \u00e9 de 60 a 90 dias e tem como objetivo evitar que os estudantes fiquem sem o pagamento da bolsa. O governo, por sua vez, defende a tese de legalidade no uso de recursos dos fundos para financiar o programa durante todo o ano de 2025. Podendo, assim, adiar a inclus\u00e3o do programa no Or\u00e7amento para 2026.<\/p>\n<p>Alguns ministros do TCU, segundo apura\u00e7\u00e3o da Folha, acreditam que o plen\u00e1rio do tribunal ainda pode ser convencido dessa tese at\u00e9 o julgamento. J\u00e1 integrantes do governo afirmam que a legisla\u00e7\u00e3o aprovada pelo Congresso ap\u00f3s a cria\u00e7\u00e3o do P\u00e9-de-Meia permitiu a transfer\u00eancia de dinheiro do Fgeduc e do FGO para o pagamento do benef\u00edcio.<\/p>\n<p>Para os ministros do TCU que participam das negocia\u00e7\u00f5es, por\u00e9m, a lei parece eximir o governo de crime de responsabilidade com o que j\u00e1 foi pago at\u00e9 agora, mas n\u00e3o \u00e9 suficiente para autorizar a continuidade do modelo, aponta a reportagem da Folha de S\u00e3o Paulo.<\/p>\n<p>O pr\u00f3prio governo admite, em conversas reservadas, que o tema \u00e9 delicado e que, politicamente, a negocia\u00e7\u00e3o de uma solu\u00e7\u00e3o de transi\u00e7\u00e3o poder\u00e1 ser o \u00fanico caminho.<\/p>\n<p>O ministro da Fazenda, Fernando Haddad, foi ao TCU na segunda-feira (10), a convite do relator do processo no tribunal, Augusto Nardes, para debater sobre o tema. \u201cN\u00f3s estamos procurando atender \u00e0 \u00e1rea t\u00e9cnica do tribunal, mas ao mesmo tempo garantir a continuidade do programa, que hoje atende 4 milh\u00f5es de estudantes\u201d, disse Haddad.<\/p>\n<p>No final do \u00faltimo m\u00eas, a Advocacia-Geral da Uni\u00e3o (AGU), pediu a suspens\u00e3o imediata da decis\u00e3o que determinou o bloqueio da verba. No recurso, o governo argumentou que n\u00e3o h\u00e1 qualquer ilegalidade na transfer\u00eancia dos recursos e que a suspens\u00e3o poder\u00e1 inviabilizar a continuidade do programa.<\/p>\n<p>A AGU pediu que os efeitos da medida ocorram somente em 2026 e, que, nesse caso, seja concedido um prazo de 120 dias para que o governo apresente um plano para o cumprimento da decis\u00e3o, sem preju\u00edzo da continuidade do programa.<\/p>\n<div>\n<div>\n<div class=\"trv-player-container\">\n<div class=\"trv-wrapper\">\n<div id=\"br_video_player_38ba3442025f4eb6d53f3a85596f0d9dc3c659f9\" class=\"trvd_video_player\">\n<div class=\"media-player\">\n<div class=\"trv-video\">\n<div id=\"truvid_ima_container286\" class=\"truvid_ima_container\">\n<div>\n<div>Bahia.Ba<\/div>\n<\/div>\n<\/div>\n<\/div>\n<\/div>\n<\/div>\n<\/div>\n<\/div>\n<\/div>\n<\/div>\n<div class='share-to-whatsapp-wrapper'><div class='share-on-whsp'>Share on: <\/div><a data-text='Ministros do TCU negociam prazo para incluir P\u00e9-de-Meia no Or\u00e7amento ainda em 2025, diz jornal' data-link='https:\/\/newsinfoco.com.br\/inicio\/ministros-do-tcu-negociam-prazo-para-incluir-pe-de-meia-no-orcamento-ainda-em-2025-diz-jornal\/' class='whatsapp-button whatsapp-share'>WhatsApp<\/a><div class='clear '><\/div><\/div>","protected":false},"excerpt":{"rendered":"<p>Ministros do Tribunal de Contas da Uni\u00e3o (TCU) negociam a fixa\u00e7\u00e3o de um prazo de transi\u00e7\u00e3o para obrigar o governo Federal a incluir os recursos do programa P\u00e9-de-Meia, que paga bolsas de incentivo a perman\u00eancia de jovens de baixa renda no ensino m\u00e9dio, no Or\u00e7amento de 2025. A verba do programa foi bloqueada pelo tribunal, [&hellip;]<\/p>\n","protected":false},"author":1,"featured_media":39057,"comment_status":"closed","ping_status":"closed","sticky":false,"template":"","format":"standard","meta":{"om_disable_all_campaigns":false,"_exactmetrics_skip_tracking":false,"_exactmetrics_sitenote_active":false,"_exactmetrics_sitenote_note":"","_exactmetrics_sitenote_category":0,"footnotes":""},"categories":[21],"tags":[],"class_list":["post-39056","post","type-post","status-publish","format-standard","has-post-thumbnail","hentry","category-brasil"],"aioseo_notices":[],"_links":{"self":[{"href":"https:\/\/newsinfoco.com.br\/inicio\/wp-json\/wp\/v2\/posts\/39056","targetHints":{"allow":["GET"]}}],"collection":[{"href":"https:\/\/newsinfoco.com.br\/inicio\/wp-json\/wp\/v2\/posts"}],"about":[{"href":"https:\/\/newsinfoco.com.br\/inicio\/wp-json\/wp\/v2\/types\/post"}],"author":[{"embeddable":true,"href":"https:\/\/newsinfoco.com.br\/inicio\/wp-json\/wp\/v2\/users\/1"}],"replies":[{"embeddable":true,"href":"https:\/\/newsinfoco.com.br\/inicio\/wp-json\/wp\/v2\/comments?post=39056"}],"version-history":[{"count":1,"href":"https:\/\/newsinfoco.com.br\/inicio\/wp-json\/wp\/v2\/posts\/39056\/revisions"}],"predecessor-version":[{"id":39058,"href":"https:\/\/newsinfoco.com.br\/inicio\/wp-json\/wp\/v2\/posts\/39056\/revisions\/39058"}],"wp:featuredmedia":[{"embeddable":true,"href":"https:\/\/newsinfoco.com.br\/inicio\/wp-json\/wp\/v2\/media\/39057"}],"wp:attachment":[{"href":"https:\/\/newsinfoco.com.br\/inicio\/wp-json\/wp\/v2\/media?parent=39056"}],"wp:term":[{"taxonomy":"category","embeddable":true,"href":"https:\/\/newsinfoco.com.br\/inicio\/wp-json\/wp\/v2\/categories?post=39056"},{"taxonomy":"post_tag","embeddable":true,"href":"https:\/\/newsinfoco.com.br\/inicio\/wp-json\/wp\/v2\/tags?post=39056"}],"curies":[{"name":"wp","href":"https:\/\/api.w.org\/{rel}","templated":true}]}}