{"id":39059,"date":"2025-02-11T15:00:35","date_gmt":"2025-02-11T18:00:35","guid":{"rendered":"https:\/\/newsinfoco.com.br\/inicio\/?p=39059"},"modified":"2025-02-11T15:00:35","modified_gmt":"2025-02-11T18:00:35","slug":"turismo-da-bahia-associado-ao-cacau-e-chocolate-e-promovido-em-amsterdam","status":"publish","type":"post","link":"https:\/\/newsinfoco.com.br\/inicio\/turismo-da-bahia-associado-ao-cacau-e-chocolate-e-promovido-em-amsterdam\/","title":{"rendered":"Turismo da Bahia associado ao cacau e chocolate \u00e9 promovido em Amsterdam"},"content":{"rendered":"<p>A Secretaria de Turismo do Estado (Setur-BA) promoveu o destino Bahia no Chocoa Amsterdam, na capital dos Pa\u00edses Baixos (Europa), evento que reuniu produtores de cacau e chocolate de diversas regi\u00f5es do mundo. Ele foi encerrado, no \u00faltimo domingo (9), ap\u00f3s seis dias de atividades, com a participa\u00e7\u00e3o de mais de 15 mil pessoas, entre empres\u00e1rios, especialistas e apreciadores da gastronomia.<\/p>\n<p>No estande brasileiro, a Setur-BA divulgou as 13 zonas tur\u00edsticas baianas, com \u00eanfase na Costa do Cacau, de belas praias, onde est\u00e1 localizado o roteiro da Estrada do Chocolate, experi\u00eancia imersiva oferecida aos visitantes sobre a cultura da lavoura cacaueira, no sul do estado. A regi\u00e3o abriga, tamb\u00e9m, um polo chocolateiro, respons\u00e1vel pela fabrica\u00e7\u00e3o de produtos finos e premiados.<\/p><div class=\"newsi-conteudo_19\" id=\"newsi-2961062003\"><a href=\"https:\/\/www.instagram.com\/prefeituraalagoinhas?igsh=YzgzdDJ1bWR3aWI4\" aria-label=\"SAVE_20251006_221555\"><img loading=\"lazy\" decoding=\"async\" src=\"https:\/\/newsinfoco.com.br\/inicio\/wp-content\/uploads\/2025\/10\/SAVE_20251006_221555-rotated.jpg\" alt=\"\"  srcset=\"https:\/\/newsinfoco.com.br\/inicio\/wp-content\/uploads\/2025\/10\/SAVE_20251006_221555-rotated.jpg 1140w, https:\/\/newsinfoco.com.br\/inicio\/wp-content\/uploads\/2025\/10\/SAVE_20251006_221555-300x52.jpg 300w, https:\/\/newsinfoco.com.br\/inicio\/wp-content\/uploads\/2025\/10\/SAVE_20251006_221555-1024x177.jpg 1024w, https:\/\/newsinfoco.com.br\/inicio\/wp-content\/uploads\/2025\/10\/SAVE_20251006_221555-768x133.jpg 768w, https:\/\/newsinfoco.com.br\/inicio\/wp-content\/uploads\/2025\/10\/SAVE_20251006_221555-600x104.jpg 600w, https:\/\/newsinfoco.com.br\/inicio\/wp-content\/uploads\/2025\/10\/SAVE_20251006_221555-696x120.jpg 696w, https:\/\/newsinfoco.com.br\/inicio\/wp-content\/uploads\/2025\/10\/SAVE_20251006_221555-1068x185.jpg 1068w\" sizes=\"(max-width: 1140px) 100vw, 1140px\" width=\"1140\" height=\"197\"   \/><\/a><\/div>\n<div>\n<div>\n<div class=\"trv-player-container\">\n<div class=\"trv-wrapper\">\n<div id=\"br_video_player_139704f8c08c599bf18f3a85596f0d9dc3c659f9\" class=\"trvd_video_player\">\n<div class=\"media-player\">\n<div class=\"trv-video\">\n<div id=\"truvid_ima_container97644\" class=\"truvid_ima_container\">\n<div>\n<div>\n<div class=\"conteudo_post\">\n<p>Personalidade que teve destaque no evento e criador do Chocolat Festival, com edi\u00e7\u00f5es no Brasil e no exterior, o baiano Marco Lessa ressaltou a iniciativa da secretaria, de promover o turismo associado \u00e0 produ\u00e7\u00e3o de cacau e seus derivados, na Europa.<\/p>\n<p>\u201cA Bahia \u00e9 um destino com planta\u00e7\u00f5es do fruto de ouro emolduradas pela Mata At\u00e2ntica, \u00e0 beira-mar, um diferencial para encantar turistas de qualquer parte do mundo, al\u00e9m de oferecer muita hist\u00f3ria e cultura. A Setur-BA est\u00e1 de parab\u00e9ns por ter marcado presen\u00e7a no Chocoa Amsterdam, o que, com certeza, ir\u00e1 gerar bons resultados\u201d.<\/p>\n<p>Bahia.Ba<\/p>\n<\/div>\n<div id=\"div-share\"><\/div>\n<\/div>\n<\/div>\n<\/div>\n<\/div>\n<\/div>\n<\/div>\n<\/div>\n<\/div>\n<\/div>\n<\/div>\n<div class='share-to-whatsapp-wrapper'><div class='share-on-whsp'>Share on: <\/div><a data-text='Turismo da Bahia associado ao cacau e chocolate \u00e9 promovido em Amsterdam' data-link='https:\/\/newsinfoco.com.br\/inicio\/turismo-da-bahia-associado-ao-cacau-e-chocolate-e-promovido-em-amsterdam\/' class='whatsapp-button whatsapp-share'>WhatsApp<\/a><div class='clear '><\/div><\/div>","protected":false},"excerpt":{"rendered":"<p>A Secretaria de Turismo do Estado (Setur-BA) promoveu o destino Bahia no Chocoa Amsterdam, na capital dos Pa\u00edses Baixos (Europa), evento que reuniu produtores de cacau e chocolate de diversas regi\u00f5es do mundo. Ele foi encerrado, no \u00faltimo domingo (9), ap\u00f3s seis dias de atividades, com a participa\u00e7\u00e3o de mais de 15 mil pessoas, entre [&hellip;]<\/p>\n","protected":false},"author":1,"featured_media":39060,"comment_status":"closed","ping_status":"closed","sticky":false,"template":"","format":"standard","meta":{"om_disable_all_campaigns":false,"_exactmetrics_skip_tracking":false,"_exactmetrics_sitenote_active":false,"_exactmetrics_sitenote_note":"","_exactmetrics_sitenote_category":0,"footnotes":""},"categories":[19],"tags":[],"class_list":["post-39059","post","type-post","status-publish","format-standard","has-post-thumbnail","hentry","category-bahia"],"aioseo_notices":[],"_links":{"self":[{"href":"https:\/\/newsinfoco.com.br\/inicio\/wp-json\/wp\/v2\/posts\/39059","targetHints":{"allow":["GET"]}}],"collection":[{"href":"https:\/\/newsinfoco.com.br\/inicio\/wp-json\/wp\/v2\/posts"}],"about":[{"href":"https:\/\/newsinfoco.com.br\/inicio\/wp-json\/wp\/v2\/types\/post"}],"author":[{"embeddable":true,"href":"https:\/\/newsinfoco.com.br\/inicio\/wp-json\/wp\/v2\/users\/1"}],"replies":[{"embeddable":true,"href":"https:\/\/newsinfoco.com.br\/inicio\/wp-json\/wp\/v2\/comments?post=39059"}],"version-history":[{"count":1,"href":"https:\/\/newsinfoco.com.br\/inicio\/wp-json\/wp\/v2\/posts\/39059\/revisions"}],"predecessor-version":[{"id":39061,"href":"https:\/\/newsinfoco.com.br\/inicio\/wp-json\/wp\/v2\/posts\/39059\/revisions\/39061"}],"wp:featuredmedia":[{"embeddable":true,"href":"https:\/\/newsinfoco.com.br\/inicio\/wp-json\/wp\/v2\/media\/39060"}],"wp:attachment":[{"href":"https:\/\/newsinfoco.com.br\/inicio\/wp-json\/wp\/v2\/media?parent=39059"}],"wp:term":[{"taxonomy":"category","embeddable":true,"href":"https:\/\/newsinfoco.com.br\/inicio\/wp-json\/wp\/v2\/categories?post=39059"},{"taxonomy":"post_tag","embeddable":true,"href":"https:\/\/newsinfoco.com.br\/inicio\/wp-json\/wp\/v2\/tags?post=39059"}],"curies":[{"name":"wp","href":"https:\/\/api.w.org\/{rel}","templated":true}]}}