{"id":3962,"date":"2018-05-17T15:55:38","date_gmt":"2018-05-17T18:55:38","guid":{"rendered":"http:\/\/newsinfoco.com.br\/?p=3962"},"modified":"2018-05-17T15:55:38","modified_gmt":"2018-05-17T18:55:38","slug":"primeira-vez-na-campus-confira-dicas-de-como-aproveitar-ao-maximo-o-evento","status":"publish","type":"post","link":"https:\/\/newsinfoco.com.br\/inicio\/primeira-vez-na-campus-confira-dicas-de-como-aproveitar-ao-maximo-o-evento\/","title":{"rendered":"Primeira vez na Campus? Confira dicas de como aproveitar ao m\u00e1ximo o evento"},"content":{"rendered":"<p class=\"bodytext\" style=\"text-align: justify;\"><span style=\"color: #000000;\">A Campus Party teve a sua primeira edi\u00e7\u00e3o, na Bahia, em 2017 e retorna para a sua segunda vers\u00e3o entre os dias 17 e 20 de maio, na Arena Fonte Nova. Entretanto, apesar de ser uma feira tecnol\u00f3gica e, por consequ\u00eancia, soar como novidade, ela j\u00e1 tem estrada. A sua estreia foi em 1997, em Val\u00eancia, na Espanha, e contou com a presen\u00e7a de 250 entusiastas da tecnologia. No ano seguinte, em 1998, a feira conseguiu reunir o dobro de participantes: 500. Concebida como uma &#8220;LAN party&#8221; (onde computadores s\u00e3o conectados a uma mesma rede), ela s\u00f3 teve a sua primeira edi\u00e7\u00e3o fora da Espanha em 2008, aqui no Brasil.<\/span><\/p>\n<p style=\"text-align: justify;\"><span style=\"color: #000000;\">De l\u00e1 pra c\u00e1, grandes nomes do mundo da tecnologia, ci\u00eancia e rob\u00f3tica j\u00e1 passaram pelos palcos para compartilhar um pouco da sua experi\u00eancia: Steve Wozniak, co-fundador da Apple, Gilberto Gil, um dos maiores nomes da Tropic\u00e1lia, Marcos Galperin, fundador do Mercado Livre e Scott Goodstein, um dos l\u00edderes da campanha de Barack Obama s\u00e3o apenas alguns exemplos.<\/span><\/p><div class=\"newsi-conteudo_19\" id=\"newsi-3014100182\"><a href=\"https:\/\/www.instagram.com\/prefeituraalagoinhas?igsh=YzgzdDJ1bWR3aWI4\" aria-label=\"SAVE_20251006_221555\"><img loading=\"lazy\" decoding=\"async\" src=\"https:\/\/newsinfoco.com.br\/inicio\/wp-content\/uploads\/2025\/10\/SAVE_20251006_221555-rotated.jpg\" alt=\"\"  srcset=\"https:\/\/newsinfoco.com.br\/inicio\/wp-content\/uploads\/2025\/10\/SAVE_20251006_221555-rotated.jpg 1140w, https:\/\/newsinfoco.com.br\/inicio\/wp-content\/uploads\/2025\/10\/SAVE_20251006_221555-300x52.jpg 300w, https:\/\/newsinfoco.com.br\/inicio\/wp-content\/uploads\/2025\/10\/SAVE_20251006_221555-1024x177.jpg 1024w, https:\/\/newsinfoco.com.br\/inicio\/wp-content\/uploads\/2025\/10\/SAVE_20251006_221555-768x133.jpg 768w, https:\/\/newsinfoco.com.br\/inicio\/wp-content\/uploads\/2025\/10\/SAVE_20251006_221555-600x104.jpg 600w, https:\/\/newsinfoco.com.br\/inicio\/wp-content\/uploads\/2025\/10\/SAVE_20251006_221555-696x120.jpg 696w, https:\/\/newsinfoco.com.br\/inicio\/wp-content\/uploads\/2025\/10\/SAVE_20251006_221555-1068x185.jpg 1068w\" sizes=\"(max-width: 1140px) 100vw, 1140px\" width=\"1140\" height=\"197\"   \/><\/a><\/div>\n<p style=\"text-align: justify;\"><span style=\"color: #000000;\">Se voc\u00ea n\u00e3o conhece o evento, fique tranquilo: o\u00a0iBahia\u00a0reuniu algumas informa\u00e7\u00f5es importantes para quem ainda n\u00e3o \u00e9 Campuseiro (como s\u00e3o conhecidos os visitantes recorrentes), mas quer se tornar um. Vamos l\u00e1?<\/span><\/p>\n<p style=\"text-align: justify;\"><span style=\"color: #000000;\"><img loading=\"lazy\" decoding=\"async\" src=\"http:\/\/redacao.ibahia.com\/fileadmin\/user_upload\/ibahia\/2018\/maio\/08\/horarios1.jpg\" alt=\"\" width=\"620\" height=\"120\" \/><\/span><\/p>\n<p style=\"text-align: justify;\"><span style=\"color: #000000;\">Por incr\u00edvel que pare\u00e7a, quem faz o hor\u00e1rio na Campus \u00e9 voc\u00ea &#8211; dentro do limite de abertura e encerramento, \u00e9 claro. Se voc\u00ea n\u00e3o sabe, todo o\u00a0anel inferior\u00a0da Fonte Nova \u00e9 tomado por mesas e cadeiras que s\u00e3o espalhadas de forma ordenada, com cabos de energia e de internet, que possibilitam a perman\u00eancia por muitas horas. Voc\u00ea pode reunir um grupo de amigos &#8211; ou at\u00e9 mesmo fazer alguns novos &#8211; e virar a noite jogando ou assistindo.<\/span><\/p>\n<p style=\"text-align: justify;\"><span style=\"color: #000000;\">Durante o dia inteiro, v\u00e1rias palestras s\u00e3o ministradas em palcos no entorno do anel, algumas delas de forma simult\u00e2nea. Por conta disso, \u00e9 bom ficar ligado naquelas que mais te interessam ou j\u00e1 pode at\u00e9 se programar com o\u00a0<a class=\"external-link-new-window\" style=\"color: #000000;\" title=\"Opens internal link in current window\" href=\"http:\/\/www.ibahia.com\/salvador\/detalhe\/noticia\/vai-pra-campus-confira-palestras-imperdiveis-nos-quatro-dias-de-evento\/\" data-htmlarea-external=\"1\">guia que preparamos com palestras imperd\u00edveis<\/a>.<\/span><\/p>\n<p style=\"text-align: justify;\"><span style=\"color: #000000;\">O evento comercializa dois tipos de ingresso: com camping e o sem camping. Como o pr\u00f3prio nome entrega, a op\u00e7\u00e3o te d\u00e1 acesso \u00e0 \u00e1rea de acampamento, onde voc\u00ea pode dormir a qualquer momento, ao longo dos dias de evento.<\/span><\/p>\n<p style=\"text-align: justify;\"><span style=\"color: #000000;\">Fique ligado nos principais hor\u00e1rios de abertura:<\/span><br \/>\n<span style=\"color: #000000;\">Com camping &#8211; dia 15\/05, \u00e0s 16:00<\/span><br \/>\n<span style=\"color: #000000;\">Sem camping &#8211; dia 17\/05, ao 7:00<\/span><br \/>\n<span style=\"color: #000000;\">Caravanas &#8211; dia 15\/05, \u00e0s 16:00 (acesso \u00e0 arena apenas no dia 17\/05 \u00e1s 7:00)<\/span><\/p>\n<div style=\"text-align: justify;\">\n<p class=\"bodytext\"><span style=\"color: #000000;\"><img loading=\"lazy\" decoding=\"async\" src=\"http:\/\/redacao.ibahia.com\/fileadmin\/user_upload\/ibahia\/2018\/maio\/08\/comidas1.jpg\" alt=\"\" width=\"620\" height=\"120\" \/><\/span><\/p>\n<\/div>\n<p class=\"bodytext\" style=\"text-align: justify;\"><span style=\"color: #000000;\">Assim como em eventos da Arena Fonte Nova, \u00e9 poss\u00edvel comprar salgados nos quiosques. Al\u00e9m disso, a pr\u00f3pria Campus oferece pacotes de alimenta\u00e7\u00e3o da Foods Team, com pre\u00e7os que v\u00e3o at\u00e9 R$ 245, al\u00e9m de pratos avulsos (Caf\u00e9 da manh\u00e3 por R$ 15, Almo\u00e7o por R$ 30 e Jantar por R$ 30). Mas nada te impede de levar a sua pr\u00f3pria comida.<\/span><\/p>\n<p style=\"text-align: justify;\"><span style=\"color: #000000;\">Dica importante: se for levar alimentos e bebidas que precisam de refrigera\u00e7\u00e3o, leve um cooler pequeno ou organize com os amigos para algu\u00e9m levar e fa\u00e7am um rod\u00edzio de respons\u00e1veis pelo compartimento. A noite \u00e9 longa e cheia de terrores, j\u00e1 dizia Melisandre. A sede (ou a fome) pode bater a qualquer momento.<\/span><\/p>\n<p style=\"text-align: justify;\"><span style=\"color: #000000;\"><img loading=\"lazy\" decoding=\"async\" src=\"http:\/\/redacao.ibahia.com\/fileadmin\/user_upload\/ibahia\/2018\/maio\/08\/oqlevar1.jpg\" alt=\"\" width=\"620\" height=\"120\" \/><\/span><\/p>\n<p style=\"text-align: justify;\"><span style=\"color: #000000;\">Se voc\u00ea s\u00f3 vai para as palestras e em seguida volta pra casa, o carregador do celular e um notebook para as anota\u00e7\u00f5es importantes j\u00e1 dar\u00e3o conta do recado. Uma garrafa de \u00e1gua tamb\u00e9m vale. Agora, se voc\u00ea vai passar os quatro dias acampado, \u00e9 importante levar alguns utens\u00edlios importantes:<\/span><\/p>\n<ul style=\"text-align: justify;\">\n<li><span style=\"color: #000000;\">Itens de higiene pessoal: escova de dente, pasta, desodorante (aerossol, que d\u00e1 para emprestar) e toalhas s\u00e3o os melhores amigos de um campuseiro. Os chuveiros n\u00e3o s\u00e3o perfeitos e est\u00e3o sempre com filas, mas nada que fa\u00e7a voc\u00ea esperar durante horas. \u00c9 bom aproveitar o tempo de uma palestra bombada (e que n\u00e3o te interesse) para colocar o banho em dia.<\/span><\/li>\n<li><span style=\"color: #000000;\">Travesseiro, len\u00e7ol e colchonete: as barracas de camping s\u00e3o como as paredes da sua casa, s\u00f3 servem para garantir a privacidade. Assim, \u00e9 bom levar algum conforto para passar a noite &#8220;de boa&#8221; e n\u00e3o acordar com dores na coluna.<\/span><\/li>\n<li><span style=\"color: #000000;\">Mochila vazia: sim, voc\u00ea vai precisar. Os estandes costumam dar alguns &#8220;mimos&#8221; para os visitantes, ent\u00e3o \u00e9 interessante levar algo que d\u00ea para guard\u00e1-los.<\/span><\/li>\n<\/ul>\n<p class=\"bodytext\" style=\"text-align: justify;\"><span style=\"color: #000000;\">Voc\u00ea pode (e deve!) levar o computador de casa, desde que passe pelo registro obrigat\u00f3rio de m\u00e1quinas, o que garante a seguran\u00e7a do seu aparelho &#8211; o c\u00f3digo \u00e9 escaneado ao entrar ou sair, justamente para saber se \u00e9 realmente seu. Assim, voc\u00ea conta com um poder a mais de divers\u00e3o nas suas jogatinas. Vale levar o videogame, tamb\u00e9m.<\/span><\/p>\n<p style=\"text-align: justify;\"><span style=\"color: #000000;\"><img loading=\"lazy\" decoding=\"async\" src=\"http:\/\/redacao.ibahia.com\/fileadmin\/user_upload\/ibahia\/2018\/maio\/08\/transporte1.jpg\" alt=\"\" width=\"620\" height=\"120\" \/><\/span><\/p>\n<p style=\"text-align: justify;\"><span style=\"color: #000000;\">A esta\u00e7\u00e3o de metr\u00f4 do Campo da P\u00f3lvora \u00e9 praticamente na porta do evento, o que facilita a ida e a volta. Se escolher ir com o pr\u00f3prio carro, a Arena Fonte Nova tem um estacionamento. Para informa\u00e7\u00f5es, \u00e9 preciso entrar em contato com a Estapar atrav\u00e9s do n\u00famero 0800 105-560.<\/span><\/p>\n<p style=\"text-align: justify;\"><span style=\"color: #000000;\">Dica: como o evento ocorre ao longo do dia, \u00e9 interessante sair de casa com uma certa anteced\u00eancia, para evitar congestionamentos. Na regi\u00e3o, os hor\u00e1rios de pico. Se for um hor\u00e1rio de pico (9h, 12h, 15h, 17h), \u00e9 importante ficar ligado nas melhores rotas para chegar sem estresse.\u00a0<\/span><\/p>\n<p style=\"text-align: justify;\"><span style=\"color: #000000;\">N\u00e3o comprei ingresso, e agora?<\/span><\/p>\n<p><span style=\"color: #000000;\">Relaxa! O evento vai contar com uma \u00e1rea aberta ao p\u00fablico, onde ser\u00e1 poss\u00edvel participar de competi\u00e7\u00f5es, visitar estandes e acompanhar disputas. Ela vai funcionar das 10h \u00e0s 20h, do dia 17 ao dia 19. J\u00e1 no domingo (20), ela s\u00f3 vai funcionar das 10h \u00e0s 15h.<\/span><\/p>\n<p><span style=\"color: #000000;\">Dicas extras!<\/span><\/p>\n<p><span style=\"color: #000000;\">&#8211; Tente fazer networking. \u00c9 importante pegar o m\u00e1ximo de cart\u00f5es de visita que puder, principalmente se voc\u00ea \u00e9 empreendedor.<\/span><br \/>\n<span style=\"color: #000000;\">&#8211; Aproveite ao m\u00e1ximo as palestras, todo conhecimento \u00e9 v\u00e1lido.<\/span><br \/>\n<span style=\"color: #000000;\">&#8211; N\u00e3o esque\u00e7a de se alimentar bem.<\/span><\/p>\n<p>&nbsp;<\/p>\n<h6 style=\"text-align: right;\">Fonte:Ibahia<\/h6>\n<div class='share-to-whatsapp-wrapper'><div class='share-on-whsp'>Share on: <\/div><a data-text='Primeira vez na Campus? Confira dicas de como aproveitar ao m\u00e1ximo o evento' data-link='https:\/\/newsinfoco.com.br\/inicio\/primeira-vez-na-campus-confira-dicas-de-como-aproveitar-ao-maximo-o-evento\/' class='whatsapp-button whatsapp-share'>WhatsApp<\/a><div class='clear '><\/div><\/div>","protected":false},"excerpt":{"rendered":"<p>A Campus Party teve a sua primeira edi\u00e7\u00e3o, na Bahia, em 2017 e retorna para a sua segunda vers\u00e3o entre os dias 17 e 20 de maio, na Arena Fonte Nova. Entretanto, apesar de ser uma feira tecnol\u00f3gica e, por consequ\u00eancia, soar como novidade, ela j\u00e1 tem estrada. A sua estreia foi em 1997, em [&hellip;]<\/p>\n","protected":false},"author":1,"featured_media":3964,"comment_status":"open","ping_status":"open","sticky":false,"template":"","format":"standard","meta":{"om_disable_all_campaigns":false,"_exactmetrics_skip_tracking":false,"_exactmetrics_sitenote_active":false,"_exactmetrics_sitenote_note":"","_exactmetrics_sitenote_category":0,"footnotes":""},"categories":[29],"tags":[],"class_list":["post-3962","post","type-post","status-publish","format-standard","has-post-thumbnail","hentry","category-cultura"],"aioseo_notices":[],"_links":{"self":[{"href":"https:\/\/newsinfoco.com.br\/inicio\/wp-json\/wp\/v2\/posts\/3962","targetHints":{"allow":["GET"]}}],"collection":[{"href":"https:\/\/newsinfoco.com.br\/inicio\/wp-json\/wp\/v2\/posts"}],"about":[{"href":"https:\/\/newsinfoco.com.br\/inicio\/wp-json\/wp\/v2\/types\/post"}],"author":[{"embeddable":true,"href":"https:\/\/newsinfoco.com.br\/inicio\/wp-json\/wp\/v2\/users\/1"}],"replies":[{"embeddable":true,"href":"https:\/\/newsinfoco.com.br\/inicio\/wp-json\/wp\/v2\/comments?post=3962"}],"version-history":[{"count":0,"href":"https:\/\/newsinfoco.com.br\/inicio\/wp-json\/wp\/v2\/posts\/3962\/revisions"}],"wp:featuredmedia":[{"embeddable":true,"href":"https:\/\/newsinfoco.com.br\/inicio\/wp-json\/wp\/v2\/media\/3964"}],"wp:attachment":[{"href":"https:\/\/newsinfoco.com.br\/inicio\/wp-json\/wp\/v2\/media?parent=3962"}],"wp:term":[{"taxonomy":"category","embeddable":true,"href":"https:\/\/newsinfoco.com.br\/inicio\/wp-json\/wp\/v2\/categories?post=3962"},{"taxonomy":"post_tag","embeddable":true,"href":"https:\/\/newsinfoco.com.br\/inicio\/wp-json\/wp\/v2\/tags?post=3962"}],"curies":[{"name":"wp","href":"https:\/\/api.w.org\/{rel}","templated":true}]}}