{"id":3983,"date":"2018-05-17T20:01:36","date_gmt":"2018-05-17T23:01:36","guid":{"rendered":"http:\/\/newsinfoco.com.br\/?p=3983"},"modified":"2018-05-17T20:01:36","modified_gmt":"2018-05-17T23:01:36","slug":"agentes-do-cras-realizam-acao-de-conscientizacao-contra-exploracao-sexual-de-criancas-e-adolescentes-em-alagoinhas","status":"publish","type":"post","link":"https:\/\/newsinfoco.com.br\/inicio\/agentes-do-cras-realizam-acao-de-conscientizacao-contra-exploracao-sexual-de-criancas-e-adolescentes-em-alagoinhas\/","title":{"rendered":"Agentes do CRAS realizam a\u00e7\u00e3o de conscientiza\u00e7\u00e3o contra explora\u00e7\u00e3o sexual de crian\u00e7as e adolescentes em Alagoinhas"},"content":{"rendered":"<p style=\"text-align: justify;\"><span style=\"color: #000000;\">As ruas do centro da cidade foram tomadas na manh\u00e3 desta quinta-feira (17) por uma onda de conscientiza\u00e7\u00e3o para aten\u00e7\u00e3o pelo Dia Nacional de Combate ao Abuso e Explora\u00e7\u00e3o Sexual de Crian\u00e7as e Adolescentes, 18 de maio. Agentes do CRAS distribu\u00edram materiais educativos e conversaram com as pessoas sobre a necessidade de cuidar e garantir os direitos sexuais das crian\u00e7as e adolescentes. O foco \u00e9 alertar sobre a vulnerabilidade dos jovens e como estes tipos de crimes s\u00e3o praticados, muitas vezes nos pr\u00f3prios lares das v\u00edtimas.<\/span><\/p>\n<p style=\"text-align: justify;\"><span style=\"color: #000000;\">A a\u00e7\u00e3o faz parte de uma s\u00e9rie de atividades programadas para atender a campanha nacional do Projeto Fa\u00e7a Bonito, deste modo, \u00e9 necess\u00e1rio cumprir uma agenda afirmativa de mobiliza\u00e7\u00e3o e informa\u00e7\u00e3o para toda comunidade, principalmente aqueles que est\u00e3o mais expostos as viol\u00eancias, sejam elas sexuais, f\u00edsicas, psicol\u00f3gicas ou morais. A Secretaria Municipal de Assist\u00eancia Social (SEMAS), ainda realizar\u00e1 diversas atividades at\u00e9 o fim do m\u00eas, como palestras em escolas p\u00fablicas e o I Semin\u00e1rio de Combate a Explora\u00e7\u00e3o Sexual de Crian\u00e7as e Adolescentes, nesta sexta-feira (18), na C\u00e2mara de Vereadores, \u00e0s 8h30.<\/span><\/p><div class=\"newsi-conteudo_19\" id=\"newsi-1095035958\"><a href=\"https:\/\/www.instagram.com\/prefeituraalagoinhas?igsh=YzgzdDJ1bWR3aWI4\" aria-label=\"SAVE_20251006_221555\"><img loading=\"lazy\" decoding=\"async\" src=\"https:\/\/newsinfoco.com.br\/inicio\/wp-content\/uploads\/2025\/10\/SAVE_20251006_221555-rotated.jpg\" alt=\"\"  srcset=\"https:\/\/newsinfoco.com.br\/inicio\/wp-content\/uploads\/2025\/10\/SAVE_20251006_221555-rotated.jpg 1140w, https:\/\/newsinfoco.com.br\/inicio\/wp-content\/uploads\/2025\/10\/SAVE_20251006_221555-300x52.jpg 300w, https:\/\/newsinfoco.com.br\/inicio\/wp-content\/uploads\/2025\/10\/SAVE_20251006_221555-1024x177.jpg 1024w, https:\/\/newsinfoco.com.br\/inicio\/wp-content\/uploads\/2025\/10\/SAVE_20251006_221555-768x133.jpg 768w, https:\/\/newsinfoco.com.br\/inicio\/wp-content\/uploads\/2025\/10\/SAVE_20251006_221555-600x104.jpg 600w, https:\/\/newsinfoco.com.br\/inicio\/wp-content\/uploads\/2025\/10\/SAVE_20251006_221555-696x120.jpg 696w, https:\/\/newsinfoco.com.br\/inicio\/wp-content\/uploads\/2025\/10\/SAVE_20251006_221555-1068x185.jpg 1068w\" sizes=\"(max-width: 1140px) 100vw, 1140px\" width=\"1140\" height=\"197\"   \/><\/a><\/div>\n<p style=\"text-align: justify;\"><span style=\"color: #000000;\"><strong>CONFIRA GALERIA DE FOTOS:<\/strong><\/span><\/p>\n<p><a href=\"http:\/\/newsinfoco.com.br\/wp-content\/uploads\/2018\/05\/42125340862_acc16e2960_k.jpg\"><img loading=\"lazy\" decoding=\"async\" class=\"aligncenter size-full wp-image-3982\" src=\"http:\/\/newsinfoco.com.br\/wp-content\/uploads\/2018\/05\/42125340862_acc16e2960_k.jpg\" alt=\"\" width=\"2048\" height=\"1356\" srcset=\"https:\/\/newsinfoco.com.br\/inicio\/wp-content\/uploads\/2018\/05\/42125340862_acc16e2960_k.jpg 2048w, https:\/\/newsinfoco.com.br\/inicio\/wp-content\/uploads\/2018\/05\/42125340862_acc16e2960_k-300x199.jpg 300w, https:\/\/newsinfoco.com.br\/inicio\/wp-content\/uploads\/2018\/05\/42125340862_acc16e2960_k-768x509.jpg 768w, https:\/\/newsinfoco.com.br\/inicio\/wp-content\/uploads\/2018\/05\/42125340862_acc16e2960_k-1024x678.jpg 1024w, https:\/\/newsinfoco.com.br\/inicio\/wp-content\/uploads\/2018\/05\/42125340862_acc16e2960_k-600x397.jpg 600w, https:\/\/newsinfoco.com.br\/inicio\/wp-content\/uploads\/2018\/05\/42125340862_acc16e2960_k-696x461.jpg 696w, https:\/\/newsinfoco.com.br\/inicio\/wp-content\/uploads\/2018\/05\/42125340862_acc16e2960_k-1068x707.jpg 1068w, https:\/\/newsinfoco.com.br\/inicio\/wp-content\/uploads\/2018\/05\/42125340862_acc16e2960_k-634x420.jpg 634w, https:\/\/newsinfoco.com.br\/inicio\/wp-content\/uploads\/2018\/05\/42125340862_acc16e2960_k-1320x874.jpg 1320w\" sizes=\"auto, (max-width: 2048px) 100vw, 2048px\" \/><\/a> <a href=\"http:\/\/newsinfoco.com.br\/wp-content\/uploads\/2018\/05\/42125298492_dc63aca694_k.jpg\"><img loading=\"lazy\" decoding=\"async\" class=\"aligncenter size-full wp-image-3981\" src=\"http:\/\/newsinfoco.com.br\/wp-content\/uploads\/2018\/05\/42125298492_dc63aca694_k.jpg\" alt=\"\" width=\"2048\" height=\"1356\" srcset=\"https:\/\/newsinfoco.com.br\/inicio\/wp-content\/uploads\/2018\/05\/42125298492_dc63aca694_k.jpg 2048w, https:\/\/newsinfoco.com.br\/inicio\/wp-content\/uploads\/2018\/05\/42125298492_dc63aca694_k-300x199.jpg 300w, https:\/\/newsinfoco.com.br\/inicio\/wp-content\/uploads\/2018\/05\/42125298492_dc63aca694_k-768x509.jpg 768w, https:\/\/newsinfoco.com.br\/inicio\/wp-content\/uploads\/2018\/05\/42125298492_dc63aca694_k-1024x678.jpg 1024w, https:\/\/newsinfoco.com.br\/inicio\/wp-content\/uploads\/2018\/05\/42125298492_dc63aca694_k-600x397.jpg 600w, https:\/\/newsinfoco.com.br\/inicio\/wp-content\/uploads\/2018\/05\/42125298492_dc63aca694_k-696x461.jpg 696w, https:\/\/newsinfoco.com.br\/inicio\/wp-content\/uploads\/2018\/05\/42125298492_dc63aca694_k-1068x707.jpg 1068w, https:\/\/newsinfoco.com.br\/inicio\/wp-content\/uploads\/2018\/05\/42125298492_dc63aca694_k-634x420.jpg 634w, https:\/\/newsinfoco.com.br\/inicio\/wp-content\/uploads\/2018\/05\/42125298492_dc63aca694_k-1320x874.jpg 1320w\" sizes=\"auto, (max-width: 2048px) 100vw, 2048px\" \/><\/a><a href=\"http:\/\/newsinfoco.com.br\/wp-content\/uploads\/2018\/05\/27300152257_ee752ff2af_k.jpg\"><img loading=\"lazy\" decoding=\"async\" class=\"aligncenter size-full wp-image-3984\" src=\"http:\/\/newsinfoco.com.br\/wp-content\/uploads\/2018\/05\/27300152257_ee752ff2af_k.jpg\" alt=\"\" width=\"2048\" height=\"1356\" srcset=\"https:\/\/newsinfoco.com.br\/inicio\/wp-content\/uploads\/2018\/05\/27300152257_ee752ff2af_k.jpg 2048w, https:\/\/newsinfoco.com.br\/inicio\/wp-content\/uploads\/2018\/05\/27300152257_ee752ff2af_k-300x199.jpg 300w, https:\/\/newsinfoco.com.br\/inicio\/wp-content\/uploads\/2018\/05\/27300152257_ee752ff2af_k-768x509.jpg 768w, https:\/\/newsinfoco.com.br\/inicio\/wp-content\/uploads\/2018\/05\/27300152257_ee752ff2af_k-1024x678.jpg 1024w, https:\/\/newsinfoco.com.br\/inicio\/wp-content\/uploads\/2018\/05\/27300152257_ee752ff2af_k-600x397.jpg 600w, https:\/\/newsinfoco.com.br\/inicio\/wp-content\/uploads\/2018\/05\/27300152257_ee752ff2af_k-696x461.jpg 696w, https:\/\/newsinfoco.com.br\/inicio\/wp-content\/uploads\/2018\/05\/27300152257_ee752ff2af_k-1068x707.jpg 1068w, https:\/\/newsinfoco.com.br\/inicio\/wp-content\/uploads\/2018\/05\/27300152257_ee752ff2af_k-634x420.jpg 634w, https:\/\/newsinfoco.com.br\/inicio\/wp-content\/uploads\/2018\/05\/27300152257_ee752ff2af_k-1320x874.jpg 1320w\" sizes=\"auto, (max-width: 2048px) 100vw, 2048px\" \/><\/a><\/p>\n<h6 style=\"text-align: right;\"><span style=\"color: #999999;\">Fonte: SECOM CRAS Prefeitura<\/span><\/h6>\n<div class='share-to-whatsapp-wrapper'><div class='share-on-whsp'>Share on: <\/div><a data-text='Agentes do CRAS realizam a\u00e7\u00e3o de conscientiza\u00e7\u00e3o contra explora\u00e7\u00e3o sexual de crian\u00e7as e adolescentes em Alagoinhas' data-link='https:\/\/newsinfoco.com.br\/inicio\/agentes-do-cras-realizam-acao-de-conscientizacao-contra-exploracao-sexual-de-criancas-e-adolescentes-em-alagoinhas\/' class='whatsapp-button whatsapp-share'>WhatsApp<\/a><div class='clear '><\/div><\/div>","protected":false},"excerpt":{"rendered":"<p>As ruas do centro da cidade foram tomadas na manh\u00e3 desta quinta-feira (17) por uma onda de conscientiza\u00e7\u00e3o para aten\u00e7\u00e3o pelo Dia Nacional de Combate ao Abuso e Explora\u00e7\u00e3o Sexual de Crian\u00e7as e Adolescentes, 18 de maio. Agentes do CRAS distribu\u00edram materiais educativos e conversaram com as pessoas sobre a necessidade de cuidar e garantir [&hellip;]<\/p>\n","protected":false},"author":1,"featured_media":3981,"comment_status":"open","ping_status":"open","sticky":false,"template":"","format":"standard","meta":{"om_disable_all_campaigns":false,"_exactmetrics_skip_tracking":false,"_exactmetrics_sitenote_active":false,"_exactmetrics_sitenote_note":"","_exactmetrics_sitenote_category":0,"footnotes":""},"categories":[38,30],"tags":[53,103,54],"class_list":["post-3983","post","type-post","status-publish","format-standard","has-post-thumbnail","hentry","category-alagoinhas-e-regiao","category-destaque","tag-alagoinhas","tag-cras-secom","tag-prefeitura"],"aioseo_notices":[],"_links":{"self":[{"href":"https:\/\/newsinfoco.com.br\/inicio\/wp-json\/wp\/v2\/posts\/3983","targetHints":{"allow":["GET"]}}],"collection":[{"href":"https:\/\/newsinfoco.com.br\/inicio\/wp-json\/wp\/v2\/posts"}],"about":[{"href":"https:\/\/newsinfoco.com.br\/inicio\/wp-json\/wp\/v2\/types\/post"}],"author":[{"embeddable":true,"href":"https:\/\/newsinfoco.com.br\/inicio\/wp-json\/wp\/v2\/users\/1"}],"replies":[{"embeddable":true,"href":"https:\/\/newsinfoco.com.br\/inicio\/wp-json\/wp\/v2\/comments?post=3983"}],"version-history":[{"count":0,"href":"https:\/\/newsinfoco.com.br\/inicio\/wp-json\/wp\/v2\/posts\/3983\/revisions"}],"wp:featuredmedia":[{"embeddable":true,"href":"https:\/\/newsinfoco.com.br\/inicio\/wp-json\/wp\/v2\/media\/3981"}],"wp:attachment":[{"href":"https:\/\/newsinfoco.com.br\/inicio\/wp-json\/wp\/v2\/media?parent=3983"}],"wp:term":[{"taxonomy":"category","embeddable":true,"href":"https:\/\/newsinfoco.com.br\/inicio\/wp-json\/wp\/v2\/categories?post=3983"},{"taxonomy":"post_tag","embeddable":true,"href":"https:\/\/newsinfoco.com.br\/inicio\/wp-json\/wp\/v2\/tags?post=3983"}],"curies":[{"name":"wp","href":"https:\/\/api.w.org\/{rel}","templated":true}]}}