{"id":3990,"date":"2018-05-17T20:15:01","date_gmt":"2018-05-17T23:15:01","guid":{"rendered":"http:\/\/newsinfoco.com.br\/?p=3990"},"modified":"2018-05-17T20:15:01","modified_gmt":"2018-05-17T23:15:01","slug":"prefeitura-reune-professores-da-rede-publica-para-discutir-o-planejamento-da-educacao-inclusiva-no-municipio","status":"publish","type":"post","link":"https:\/\/newsinfoco.com.br\/inicio\/prefeitura-reune-professores-da-rede-publica-para-discutir-o-planejamento-da-educacao-inclusiva-no-municipio\/","title":{"rendered":"Prefeitura re\u00fane professores da rede p\u00fablica para discutir o planejamento da educa\u00e7\u00e3o inclusiva no munic\u00edpio"},"content":{"rendered":"<p style=\"text-align: justify;\"><span style=\"color: #000000;\">A Prefeitura de Alagoinhas, atrav\u00e9s da Secretaria Municipal de Educa\u00e7\u00e3o (SEDUC), reuniu, nesta quinta-feira (17), cerca de 80 professores da rede de ensino para discutir e planejar a educa\u00e7\u00e3o inclusiva no munic\u00edpio.<\/span><\/p>\n<p style=\"text-align: justify;\"><span style=\"color: #000000;\">O encontro in\u00e9dito teve como foco crian\u00e7as com necessidades especiais e, segundo Rosimeire da Silva Santos, da SEDUC, a preocupa\u00e7\u00e3o era justamente fazer uma escuta sens\u00edvel dos professores, j\u00e1 que s\u00e3o eles os profissionais que, dentro da sala de aula, podem contribuir para o desenvolvimento das potencialidades dos estudantes. \u201cEstamos partindo do professor para fazer esse plantio\u201d, pontuou.<\/span><\/p><div class=\"newsi-conteudo_19\" id=\"newsi-962784573\"><a href=\"https:\/\/www.instagram.com\/prefeituraalagoinhas?igsh=YzgzdDJ1bWR3aWI4\" aria-label=\"SAVE_20251006_221555\"><img loading=\"lazy\" decoding=\"async\" src=\"https:\/\/newsinfoco.com.br\/inicio\/wp-content\/uploads\/2025\/10\/SAVE_20251006_221555-rotated.jpg\" alt=\"\"  srcset=\"https:\/\/newsinfoco.com.br\/inicio\/wp-content\/uploads\/2025\/10\/SAVE_20251006_221555-rotated.jpg 1140w, https:\/\/newsinfoco.com.br\/inicio\/wp-content\/uploads\/2025\/10\/SAVE_20251006_221555-300x52.jpg 300w, https:\/\/newsinfoco.com.br\/inicio\/wp-content\/uploads\/2025\/10\/SAVE_20251006_221555-1024x177.jpg 1024w, https:\/\/newsinfoco.com.br\/inicio\/wp-content\/uploads\/2025\/10\/SAVE_20251006_221555-768x133.jpg 768w, https:\/\/newsinfoco.com.br\/inicio\/wp-content\/uploads\/2025\/10\/SAVE_20251006_221555-600x104.jpg 600w, https:\/\/newsinfoco.com.br\/inicio\/wp-content\/uploads\/2025\/10\/SAVE_20251006_221555-696x120.jpg 696w, https:\/\/newsinfoco.com.br\/inicio\/wp-content\/uploads\/2025\/10\/SAVE_20251006_221555-1068x185.jpg 1068w\" sizes=\"(max-width: 1140px) 100vw, 1140px\" width=\"1140\" height=\"197\"   \/><\/a><\/div>\n<p style=\"text-align: justify;\"><span style=\"color: #000000;\">A atividade contou com apoio da facilitadora Mariana Moraes Lopes, que destacou a import\u00e2ncia de um planejamento educacional individualizado e discorreu sobre a inclus\u00e3o escolar enquanto direito garantido. \u201cA gente ainda tem uma forma\u00e7\u00e3o com professor muito prec\u00e1ria em rela\u00e7\u00e3o \u00e0 inclus\u00e3o escolar, desde muito tempo at\u00e9 hoje. A gente v\u00ea os curr\u00edculos das universidades ainda bem defasados em rela\u00e7\u00e3o a isso e, muitas vezes, o professor se sente inseguro, acha que n\u00e3o sabe trabalhar com isso e aqui, hoje, estamos discutindo tamb\u00e9m possibilidades de como trabalhar com esse aluno na rede\u201d, explicou Mariana Lopes.<\/span><\/p>\n<p style=\"text-align: justify;\"><span style=\"color: #000000;\">Entre os principais desafios do planejamento da educa\u00e7\u00e3o inclusiva est\u00e3o, segundo ela, a entrave do preconceito, a falta de preparo das escolas e a dificuldade de articula\u00e7\u00e3o da rede de apoio. \u201cTem-se que investir muito ainda na forma\u00e7\u00e3o continuada dos professores. Precisamos contextualizar a aprendizagem do aluno junto com a turma sem deixar que ele fique de fora de qualquer tipo de conte\u00fado, respeitando, claro, a individualidade de cada um\u201d, enfatizou a facilitadora.<\/span><\/p>\n<p style=\"text-align: justify;\"><span style=\"color: #000000;\">Para Rosimeire Santos, que \u00e9 tamb\u00e9m presidente do Conselho da Pessoa com Defici\u00eancia, a iniciativa \u00e9 importante para o avan\u00e7o do munic\u00edpio nas discuss\u00f5es sobre inclus\u00e3o. \u201cA gente precisa ter cautela, sensibilidade, mas a gente n\u00e3o pode deixar de gritar. E l\u00e1, dentro da Secretaria de Educa\u00e7\u00e3o, a minha voz \u00e9 pelas pessoas com defici\u00eancia\u201d, ressaltou.<\/span><\/p>\n<p style=\"text-align: justify;\"><span style=\"color: #000000;\">A atividade de forma\u00e7\u00e3o foi a primeira a\u00e7\u00e3o deste tipo realizada em Alagoinhas e os debates entre profissionais aconteceram durante os dois turnos do dia na Biblioteca P\u00fablica Maria Feij\u00f3.<\/span><\/p>\n<p style=\"text-align: justify;\"><span style=\"color: #000000;\">Ao todo, cerca de 80 professores de 43 unidades escolares participaram da discuss\u00e3o sobre a necessidade de um trabalho que garanta uma educa\u00e7\u00e3o inclusiva em todas as inst\u00e2ncias municipais, e a SEDUC informou que vai continuar dando a forma\u00e7\u00e3o e os subs\u00eddios necess\u00e1rios para que os professores sejam multiplicadores da a\u00e7\u00e3o inclusiva.<\/span><\/p>\n<p><a href=\"http:\/\/newsinfoco.com.br\/wp-content\/uploads\/2018\/05\/42126265882_4357e16811_k.jpg\"><img loading=\"lazy\" decoding=\"async\" class=\"aligncenter size-full wp-image-3989\" src=\"http:\/\/newsinfoco.com.br\/wp-content\/uploads\/2018\/05\/42126265882_4357e16811_k.jpg\" alt=\"\" width=\"2048\" height=\"1356\" srcset=\"https:\/\/newsinfoco.com.br\/inicio\/wp-content\/uploads\/2018\/05\/42126265882_4357e16811_k.jpg 2048w, https:\/\/newsinfoco.com.br\/inicio\/wp-content\/uploads\/2018\/05\/42126265882_4357e16811_k-300x199.jpg 300w, https:\/\/newsinfoco.com.br\/inicio\/wp-content\/uploads\/2018\/05\/42126265882_4357e16811_k-768x509.jpg 768w, https:\/\/newsinfoco.com.br\/inicio\/wp-content\/uploads\/2018\/05\/42126265882_4357e16811_k-1024x678.jpg 1024w, https:\/\/newsinfoco.com.br\/inicio\/wp-content\/uploads\/2018\/05\/42126265882_4357e16811_k-600x397.jpg 600w, https:\/\/newsinfoco.com.br\/inicio\/wp-content\/uploads\/2018\/05\/42126265882_4357e16811_k-696x461.jpg 696w, https:\/\/newsinfoco.com.br\/inicio\/wp-content\/uploads\/2018\/05\/42126265882_4357e16811_k-1068x707.jpg 1068w, https:\/\/newsinfoco.com.br\/inicio\/wp-content\/uploads\/2018\/05\/42126265882_4357e16811_k-634x420.jpg 634w, https:\/\/newsinfoco.com.br\/inicio\/wp-content\/uploads\/2018\/05\/42126265882_4357e16811_k-1320x874.jpg 1320w\" sizes=\"auto, (max-width: 2048px) 100vw, 2048px\" \/><\/a> <a href=\"http:\/\/newsinfoco.com.br\/wp-content\/uploads\/2018\/05\/40365590210_e106887cba_k.jpg\"><img loading=\"lazy\" decoding=\"async\" class=\"aligncenter size-full wp-image-3988\" src=\"http:\/\/newsinfoco.com.br\/wp-content\/uploads\/2018\/05\/40365590210_e106887cba_k.jpg\" alt=\"\" width=\"2048\" height=\"1356\" srcset=\"https:\/\/newsinfoco.com.br\/inicio\/wp-content\/uploads\/2018\/05\/40365590210_e106887cba_k.jpg 2048w, https:\/\/newsinfoco.com.br\/inicio\/wp-content\/uploads\/2018\/05\/40365590210_e106887cba_k-300x199.jpg 300w, https:\/\/newsinfoco.com.br\/inicio\/wp-content\/uploads\/2018\/05\/40365590210_e106887cba_k-768x509.jpg 768w, https:\/\/newsinfoco.com.br\/inicio\/wp-content\/uploads\/2018\/05\/40365590210_e106887cba_k-1024x678.jpg 1024w, https:\/\/newsinfoco.com.br\/inicio\/wp-content\/uploads\/2018\/05\/40365590210_e106887cba_k-600x397.jpg 600w, https:\/\/newsinfoco.com.br\/inicio\/wp-content\/uploads\/2018\/05\/40365590210_e106887cba_k-696x461.jpg 696w, https:\/\/newsinfoco.com.br\/inicio\/wp-content\/uploads\/2018\/05\/40365590210_e106887cba_k-1068x707.jpg 1068w, https:\/\/newsinfoco.com.br\/inicio\/wp-content\/uploads\/2018\/05\/40365590210_e106887cba_k-634x420.jpg 634w, https:\/\/newsinfoco.com.br\/inicio\/wp-content\/uploads\/2018\/05\/40365590210_e106887cba_k-1320x874.jpg 1320w\" sizes=\"auto, (max-width: 2048px) 100vw, 2048px\" \/><\/a> <a href=\"http:\/\/newsinfoco.com.br\/wp-content\/uploads\/2018\/05\/28300133178_fec8603a24_k.jpg\"><img loading=\"lazy\" decoding=\"async\" class=\"aligncenter size-full wp-image-3987\" src=\"http:\/\/newsinfoco.com.br\/wp-content\/uploads\/2018\/05\/28300133178_fec8603a24_k.jpg\" alt=\"\" width=\"2048\" height=\"1356\" srcset=\"https:\/\/newsinfoco.com.br\/inicio\/wp-content\/uploads\/2018\/05\/28300133178_fec8603a24_k.jpg 2048w, https:\/\/newsinfoco.com.br\/inicio\/wp-content\/uploads\/2018\/05\/28300133178_fec8603a24_k-300x199.jpg 300w, https:\/\/newsinfoco.com.br\/inicio\/wp-content\/uploads\/2018\/05\/28300133178_fec8603a24_k-768x509.jpg 768w, https:\/\/newsinfoco.com.br\/inicio\/wp-content\/uploads\/2018\/05\/28300133178_fec8603a24_k-1024x678.jpg 1024w, https:\/\/newsinfoco.com.br\/inicio\/wp-content\/uploads\/2018\/05\/28300133178_fec8603a24_k-600x397.jpg 600w, https:\/\/newsinfoco.com.br\/inicio\/wp-content\/uploads\/2018\/05\/28300133178_fec8603a24_k-696x461.jpg 696w, https:\/\/newsinfoco.com.br\/inicio\/wp-content\/uploads\/2018\/05\/28300133178_fec8603a24_k-1068x707.jpg 1068w, https:\/\/newsinfoco.com.br\/inicio\/wp-content\/uploads\/2018\/05\/28300133178_fec8603a24_k-634x420.jpg 634w, https:\/\/newsinfoco.com.br\/inicio\/wp-content\/uploads\/2018\/05\/28300133178_fec8603a24_k-1320x874.jpg 1320w\" sizes=\"auto, (max-width: 2048px) 100vw, 2048px\" \/><\/a><\/p>\n<h6 style=\"text-align: right;\"><span style=\"color: #999999;\">Fonte: SECOM SEDUC Prefeitura<\/span><\/h6>\n<div class='share-to-whatsapp-wrapper'><div class='share-on-whsp'>Share on: <\/div><a data-text='Prefeitura re\u00fane professores da rede p\u00fablica para discutir o planejamento da educa\u00e7\u00e3o inclusiva no munic\u00edpio' data-link='https:\/\/newsinfoco.com.br\/inicio\/prefeitura-reune-professores-da-rede-publica-para-discutir-o-planejamento-da-educacao-inclusiva-no-municipio\/' class='whatsapp-button whatsapp-share'>WhatsApp<\/a><div class='clear '><\/div><\/div>","protected":false},"excerpt":{"rendered":"<p>A Prefeitura de Alagoinhas, atrav\u00e9s da Secretaria Municipal de Educa\u00e7\u00e3o (SEDUC), reuniu, nesta quinta-feira (17), cerca de 80 professores da rede de ensino para discutir e planejar a educa\u00e7\u00e3o inclusiva no munic\u00edpio. O encontro in\u00e9dito teve como foco crian\u00e7as com necessidades especiais e, segundo Rosimeire da Silva Santos, da SEDUC, a preocupa\u00e7\u00e3o era justamente fazer [&hellip;]<\/p>\n","protected":false},"author":1,"featured_media":3988,"comment_status":"open","ping_status":"open","sticky":false,"template":"","format":"standard","meta":{"om_disable_all_campaigns":false,"_exactmetrics_skip_tracking":false,"_exactmetrics_sitenote_active":false,"_exactmetrics_sitenote_note":"","_exactmetrics_sitenote_category":0,"footnotes":""},"categories":[38,30],"tags":[53,54,104,56],"class_list":["post-3990","post","type-post","status-publish","format-standard","has-post-thumbnail","hentry","category-alagoinhas-e-regiao","category-destaque","tag-alagoinhas","tag-prefeitura","tag-sduc","tag-secom"],"aioseo_notices":[],"_links":{"self":[{"href":"https:\/\/newsinfoco.com.br\/inicio\/wp-json\/wp\/v2\/posts\/3990","targetHints":{"allow":["GET"]}}],"collection":[{"href":"https:\/\/newsinfoco.com.br\/inicio\/wp-json\/wp\/v2\/posts"}],"about":[{"href":"https:\/\/newsinfoco.com.br\/inicio\/wp-json\/wp\/v2\/types\/post"}],"author":[{"embeddable":true,"href":"https:\/\/newsinfoco.com.br\/inicio\/wp-json\/wp\/v2\/users\/1"}],"replies":[{"embeddable":true,"href":"https:\/\/newsinfoco.com.br\/inicio\/wp-json\/wp\/v2\/comments?post=3990"}],"version-history":[{"count":0,"href":"https:\/\/newsinfoco.com.br\/inicio\/wp-json\/wp\/v2\/posts\/3990\/revisions"}],"wp:featuredmedia":[{"embeddable":true,"href":"https:\/\/newsinfoco.com.br\/inicio\/wp-json\/wp\/v2\/media\/3988"}],"wp:attachment":[{"href":"https:\/\/newsinfoco.com.br\/inicio\/wp-json\/wp\/v2\/media?parent=3990"}],"wp:term":[{"taxonomy":"category","embeddable":true,"href":"https:\/\/newsinfoco.com.br\/inicio\/wp-json\/wp\/v2\/categories?post=3990"},{"taxonomy":"post_tag","embeddable":true,"href":"https:\/\/newsinfoco.com.br\/inicio\/wp-json\/wp\/v2\/tags?post=3990"}],"curies":[{"name":"wp","href":"https:\/\/api.w.org\/{rel}","templated":true}]}}