{"id":3992,"date":"2018-05-17T20:21:56","date_gmt":"2018-05-17T23:21:56","guid":{"rendered":"http:\/\/newsinfoco.com.br\/?p=3992"},"modified":"2018-05-17T20:21:56","modified_gmt":"2018-05-17T23:21:56","slug":"mais-de-400-professores-da-rede-publica-se-reunem-para-planejar-a-2a-unidade-de-praticas-pedagogicas-do-municipio-de-alagoinhas","status":"publish","type":"post","link":"https:\/\/newsinfoco.com.br\/inicio\/mais-de-400-professores-da-rede-publica-se-reunem-para-planejar-a-2a-unidade-de-praticas-pedagogicas-do-municipio-de-alagoinhas\/","title":{"rendered":"Mais de 400 professores da rede p\u00fablica se re\u00fanem para planejar a 2\u00aa unidade de pr\u00e1ticas pedag\u00f3gicas do munic\u00edpio de Alagoinhas"},"content":{"rendered":"<p style=\"text-align: justify;\"><span style=\"color: #000000;\">A Prefeitura de Alagoinhas, atrav\u00e9s da Secretaria Municipal de Educa\u00e7\u00e3o (SEDUC), realizou, nesta quinta-feira (17), um encontro que reuniu mais de 400 professores da rede p\u00fablica em 11 salas do Col\u00e9gio Municipal de Alagoinhas (CMA) para planejar a 2\u00aa unidade de pr\u00e1ticas pedag\u00f3gicas do munic\u00edpio.<\/span><\/p>\n<p style=\"text-align: justify;\"><span style=\"color: #000000;\">De acordo com a coordenadora pedag\u00f3gica da SEDUC, Keite Lima, os profissionais foram divididos por ano de ensino e discutiram din\u00e2micas educativas, m\u00e9todos de ensino, conte\u00fado did\u00e1tico, a\u00e7\u00f5es institucionais e rotina de trabalho. \u201cProfessores de mais de 80 unidades escolares se encontram, socializam suas experi\u00eancias, suas atividades, os \u00eaxitos, e pensam juntos a pr\u00e1tica pedag\u00f3gica\u201d, destacou.<\/span><\/p><div class=\"newsi-conteudo_19\" id=\"newsi-444751291\"><a href=\"https:\/\/www.instagram.com\/prefeituraalagoinhas?igsh=YzgzdDJ1bWR3aWI4\" aria-label=\"SAVE_20251006_221555\"><img loading=\"lazy\" decoding=\"async\" src=\"https:\/\/newsinfoco.com.br\/inicio\/wp-content\/uploads\/2025\/10\/SAVE_20251006_221555-rotated.jpg\" alt=\"\"  srcset=\"https:\/\/newsinfoco.com.br\/inicio\/wp-content\/uploads\/2025\/10\/SAVE_20251006_221555-rotated.jpg 1140w, https:\/\/newsinfoco.com.br\/inicio\/wp-content\/uploads\/2025\/10\/SAVE_20251006_221555-300x52.jpg 300w, https:\/\/newsinfoco.com.br\/inicio\/wp-content\/uploads\/2025\/10\/SAVE_20251006_221555-1024x177.jpg 1024w, https:\/\/newsinfoco.com.br\/inicio\/wp-content\/uploads\/2025\/10\/SAVE_20251006_221555-768x133.jpg 768w, https:\/\/newsinfoco.com.br\/inicio\/wp-content\/uploads\/2025\/10\/SAVE_20251006_221555-600x104.jpg 600w, https:\/\/newsinfoco.com.br\/inicio\/wp-content\/uploads\/2025\/10\/SAVE_20251006_221555-696x120.jpg 696w, https:\/\/newsinfoco.com.br\/inicio\/wp-content\/uploads\/2025\/10\/SAVE_20251006_221555-1068x185.jpg 1068w\" sizes=\"(max-width: 1140px) 100vw, 1140px\" width=\"1140\" height=\"197\"   \/><\/a><\/div>\n<p style=\"text-align: justify;\"><span style=\"color: #000000;\">Segundo ela, o planejamento \u00e9 fundamental para que o professor garanta, aos alunos, uma aprendizagem significativa. \u201cPlanejar evita o improviso em sala de aula, que compromete a aprendizagem\u201d, afirmou.<\/span><\/p>\n<p style=\"text-align: justify;\"><span style=\"color: #000000;\">O encontro desta quinta-feira faz parte de um quadro do calend\u00e1rio previsto que tem como eixo o tema \u201cEduca\u00e7\u00e3o: la\u00e7os, afetos &amp; aprendizagens\u201d e subdivide, em 4 unidades, o planejamento nucleado de a\u00e7\u00f5es da secretaria. A primeira delas foi realizada em 21 de mar\u00e7o e, agora, em maio, re\u00fane professores dos ciclos I e II para desenvolver o planejamento em torno do segmento \u201cLa\u00e7os de confian\u00e7a: superando desafios na conviv\u00eancia\u201d.<\/span><\/p>\n<p style=\"text-align: justify;\"><span style=\"color: #000000;\">A SEDUC informou que a inten\u00e7\u00e3o \u00e9 trabalhar, na rede de ensino, a educa\u00e7\u00e3o associada \u00e0 afetividade e, segundo a coordenadora pedag\u00f3gica da pasta, tamb\u00e9m est\u00e1 entre as metas estabelecer os pontos fundamentais de trabalho que devem nortear o conte\u00fado oferecido em sala de aula. \u201cA prioridade \u00e9 garantir n\u00e3o apenas que os estudantes desenvolvam as compet\u00eancias e habilidades do ano em que est\u00e3o inseridos, mas possibilitar o desenvolvimento pleno do indiv\u00edduo enquanto cidad\u00e3o para que a gente possa, junto com a sociedade, tornar esse indiv\u00edduo consciente dos seus direitos, dos seus deveres, da sua responsabilidade social, da sua responsabilidade com o meio ambiente, porque a aprendizagem n\u00e3o \u00e9 apenas cognitiva. Aprendizagem n\u00e3o \u00e9 s\u00f3 ler e escrever. Aprendizagem vai para al\u00e9m disso\u201d, explicou Keite Lima.<\/span><\/p>\n<p style=\"text-align: justify;\"><span style=\"color: #000000;\">O pr\u00f3ximo encontro do planejamento nucleado est\u00e1 previsto para o dia 25 de julho, quando a discuss\u00e3o deve se concentrar em torno do respeito \u00e0 diversidade.<\/span><\/p>\n<p><a href=\"http:\/\/newsinfoco.com.br\/wp-content\/uploads\/2018\/05\/27301472517_f292db3d9c_k.jpg\"><img loading=\"lazy\" decoding=\"async\" class=\"aligncenter size-full wp-image-3993\" src=\"http:\/\/newsinfoco.com.br\/wp-content\/uploads\/2018\/05\/27301472517_f292db3d9c_k.jpg\" alt=\"\" width=\"2048\" height=\"1356\" srcset=\"https:\/\/newsinfoco.com.br\/inicio\/wp-content\/uploads\/2018\/05\/27301472517_f292db3d9c_k.jpg 2048w, https:\/\/newsinfoco.com.br\/inicio\/wp-content\/uploads\/2018\/05\/27301472517_f292db3d9c_k-300x199.jpg 300w, https:\/\/newsinfoco.com.br\/inicio\/wp-content\/uploads\/2018\/05\/27301472517_f292db3d9c_k-768x509.jpg 768w, https:\/\/newsinfoco.com.br\/inicio\/wp-content\/uploads\/2018\/05\/27301472517_f292db3d9c_k-1024x678.jpg 1024w, https:\/\/newsinfoco.com.br\/inicio\/wp-content\/uploads\/2018\/05\/27301472517_f292db3d9c_k-600x397.jpg 600w, https:\/\/newsinfoco.com.br\/inicio\/wp-content\/uploads\/2018\/05\/27301472517_f292db3d9c_k-696x461.jpg 696w, https:\/\/newsinfoco.com.br\/inicio\/wp-content\/uploads\/2018\/05\/27301472517_f292db3d9c_k-1068x707.jpg 1068w, https:\/\/newsinfoco.com.br\/inicio\/wp-content\/uploads\/2018\/05\/27301472517_f292db3d9c_k-634x420.jpg 634w, https:\/\/newsinfoco.com.br\/inicio\/wp-content\/uploads\/2018\/05\/27301472517_f292db3d9c_k-1320x874.jpg 1320w\" sizes=\"auto, (max-width: 2048px) 100vw, 2048px\" \/><\/a> <a href=\"http:\/\/newsinfoco.com.br\/wp-content\/uploads\/2018\/05\/40365714640_8d79025b5f_k.jpg\"><img loading=\"lazy\" decoding=\"async\" class=\"aligncenter size-full wp-image-3994\" src=\"http:\/\/newsinfoco.com.br\/wp-content\/uploads\/2018\/05\/40365714640_8d79025b5f_k.jpg\" alt=\"\" width=\"2048\" height=\"1356\" srcset=\"https:\/\/newsinfoco.com.br\/inicio\/wp-content\/uploads\/2018\/05\/40365714640_8d79025b5f_k.jpg 2048w, https:\/\/newsinfoco.com.br\/inicio\/wp-content\/uploads\/2018\/05\/40365714640_8d79025b5f_k-300x199.jpg 300w, https:\/\/newsinfoco.com.br\/inicio\/wp-content\/uploads\/2018\/05\/40365714640_8d79025b5f_k-768x509.jpg 768w, https:\/\/newsinfoco.com.br\/inicio\/wp-content\/uploads\/2018\/05\/40365714640_8d79025b5f_k-1024x678.jpg 1024w, https:\/\/newsinfoco.com.br\/inicio\/wp-content\/uploads\/2018\/05\/40365714640_8d79025b5f_k-600x397.jpg 600w, https:\/\/newsinfoco.com.br\/inicio\/wp-content\/uploads\/2018\/05\/40365714640_8d79025b5f_k-696x461.jpg 696w, https:\/\/newsinfoco.com.br\/inicio\/wp-content\/uploads\/2018\/05\/40365714640_8d79025b5f_k-1068x707.jpg 1068w, https:\/\/newsinfoco.com.br\/inicio\/wp-content\/uploads\/2018\/05\/40365714640_8d79025b5f_k-634x420.jpg 634w, https:\/\/newsinfoco.com.br\/inicio\/wp-content\/uploads\/2018\/05\/40365714640_8d79025b5f_k-1320x874.jpg 1320w\" sizes=\"auto, (max-width: 2048px) 100vw, 2048px\" \/><\/a> <a href=\"http:\/\/newsinfoco.com.br\/wp-content\/uploads\/2018\/05\/40365795050_110b2374ac_k.jpg\"><img loading=\"lazy\" decoding=\"async\" class=\"aligncenter size-full wp-image-3995\" src=\"http:\/\/newsinfoco.com.br\/wp-content\/uploads\/2018\/05\/40365795050_110b2374ac_k.jpg\" alt=\"\" width=\"2048\" height=\"1356\" srcset=\"https:\/\/newsinfoco.com.br\/inicio\/wp-content\/uploads\/2018\/05\/40365795050_110b2374ac_k.jpg 2048w, https:\/\/newsinfoco.com.br\/inicio\/wp-content\/uploads\/2018\/05\/40365795050_110b2374ac_k-300x199.jpg 300w, https:\/\/newsinfoco.com.br\/inicio\/wp-content\/uploads\/2018\/05\/40365795050_110b2374ac_k-768x509.jpg 768w, https:\/\/newsinfoco.com.br\/inicio\/wp-content\/uploads\/2018\/05\/40365795050_110b2374ac_k-1024x678.jpg 1024w, https:\/\/newsinfoco.com.br\/inicio\/wp-content\/uploads\/2018\/05\/40365795050_110b2374ac_k-600x397.jpg 600w, https:\/\/newsinfoco.com.br\/inicio\/wp-content\/uploads\/2018\/05\/40365795050_110b2374ac_k-696x461.jpg 696w, https:\/\/newsinfoco.com.br\/inicio\/wp-content\/uploads\/2018\/05\/40365795050_110b2374ac_k-1068x707.jpg 1068w, https:\/\/newsinfoco.com.br\/inicio\/wp-content\/uploads\/2018\/05\/40365795050_110b2374ac_k-634x420.jpg 634w, https:\/\/newsinfoco.com.br\/inicio\/wp-content\/uploads\/2018\/05\/40365795050_110b2374ac_k-1320x874.jpg 1320w\" sizes=\"auto, (max-width: 2048px) 100vw, 2048px\" \/><\/a> <a href=\"http:\/\/newsinfoco.com.br\/wp-content\/uploads\/2018\/05\/28300133178_fec8603a24_k-1.jpg\"><img loading=\"lazy\" decoding=\"async\" class=\"aligncenter size-full wp-image-3996\" src=\"http:\/\/newsinfoco.com.br\/wp-content\/uploads\/2018\/05\/28300133178_fec8603a24_k-1.jpg\" alt=\"\" width=\"2048\" height=\"1356\" srcset=\"https:\/\/newsinfoco.com.br\/inicio\/wp-content\/uploads\/2018\/05\/28300133178_fec8603a24_k-1.jpg 2048w, https:\/\/newsinfoco.com.br\/inicio\/wp-content\/uploads\/2018\/05\/28300133178_fec8603a24_k-1-300x199.jpg 300w, https:\/\/newsinfoco.com.br\/inicio\/wp-content\/uploads\/2018\/05\/28300133178_fec8603a24_k-1-768x509.jpg 768w, https:\/\/newsinfoco.com.br\/inicio\/wp-content\/uploads\/2018\/05\/28300133178_fec8603a24_k-1-1024x678.jpg 1024w, https:\/\/newsinfoco.com.br\/inicio\/wp-content\/uploads\/2018\/05\/28300133178_fec8603a24_k-1-600x397.jpg 600w, https:\/\/newsinfoco.com.br\/inicio\/wp-content\/uploads\/2018\/05\/28300133178_fec8603a24_k-1-696x461.jpg 696w, https:\/\/newsinfoco.com.br\/inicio\/wp-content\/uploads\/2018\/05\/28300133178_fec8603a24_k-1-1068x707.jpg 1068w, https:\/\/newsinfoco.com.br\/inicio\/wp-content\/uploads\/2018\/05\/28300133178_fec8603a24_k-1-634x420.jpg 634w, https:\/\/newsinfoco.com.br\/inicio\/wp-content\/uploads\/2018\/05\/28300133178_fec8603a24_k-1-1320x874.jpg 1320w\" sizes=\"auto, (max-width: 2048px) 100vw, 2048px\" \/><\/a><\/p>\n<p style=\"text-align: right;\">Fonte SECOM SEDUC<\/p>\n<div class='share-to-whatsapp-wrapper'><div class='share-on-whsp'>Share on: <\/div><a data-text='Mais de 400 professores da rede p\u00fablica se re\u00fanem para planejar a 2\u00aa unidade de pr\u00e1ticas pedag\u00f3gicas do munic\u00edpio de Alagoinhas' data-link='https:\/\/newsinfoco.com.br\/inicio\/mais-de-400-professores-da-rede-publica-se-reunem-para-planejar-a-2a-unidade-de-praticas-pedagogicas-do-municipio-de-alagoinhas\/' class='whatsapp-button whatsapp-share'>WhatsApp<\/a><div class='clear '><\/div><\/div>","protected":false},"excerpt":{"rendered":"<p>A Prefeitura de Alagoinhas, atrav\u00e9s da Secretaria Municipal de Educa\u00e7\u00e3o (SEDUC), realizou, nesta quinta-feira (17), um encontro que reuniu mais de 400 professores da rede p\u00fablica em 11 salas do Col\u00e9gio Municipal de Alagoinhas (CMA) para planejar a 2\u00aa unidade de pr\u00e1ticas pedag\u00f3gicas do munic\u00edpio. De acordo com a coordenadora pedag\u00f3gica da SEDUC, Keite Lima, [&hellip;]<\/p>\n","protected":false},"author":1,"featured_media":3993,"comment_status":"open","ping_status":"open","sticky":false,"template":"","format":"standard","meta":{"om_disable_all_campaigns":false,"_exactmetrics_skip_tracking":false,"_exactmetrics_sitenote_active":false,"_exactmetrics_sitenote_note":"","_exactmetrics_sitenote_category":0,"footnotes":""},"categories":[38,30],"tags":[53,54,56,64],"class_list":["post-3992","post","type-post","status-publish","format-standard","has-post-thumbnail","hentry","category-alagoinhas-e-regiao","category-destaque","tag-alagoinhas","tag-prefeitura","tag-secom","tag-seduc"],"aioseo_notices":[],"_links":{"self":[{"href":"https:\/\/newsinfoco.com.br\/inicio\/wp-json\/wp\/v2\/posts\/3992","targetHints":{"allow":["GET"]}}],"collection":[{"href":"https:\/\/newsinfoco.com.br\/inicio\/wp-json\/wp\/v2\/posts"}],"about":[{"href":"https:\/\/newsinfoco.com.br\/inicio\/wp-json\/wp\/v2\/types\/post"}],"author":[{"embeddable":true,"href":"https:\/\/newsinfoco.com.br\/inicio\/wp-json\/wp\/v2\/users\/1"}],"replies":[{"embeddable":true,"href":"https:\/\/newsinfoco.com.br\/inicio\/wp-json\/wp\/v2\/comments?post=3992"}],"version-history":[{"count":0,"href":"https:\/\/newsinfoco.com.br\/inicio\/wp-json\/wp\/v2\/posts\/3992\/revisions"}],"wp:featuredmedia":[{"embeddable":true,"href":"https:\/\/newsinfoco.com.br\/inicio\/wp-json\/wp\/v2\/media\/3993"}],"wp:attachment":[{"href":"https:\/\/newsinfoco.com.br\/inicio\/wp-json\/wp\/v2\/media?parent=3992"}],"wp:term":[{"taxonomy":"category","embeddable":true,"href":"https:\/\/newsinfoco.com.br\/inicio\/wp-json\/wp\/v2\/categories?post=3992"},{"taxonomy":"post_tag","embeddable":true,"href":"https:\/\/newsinfoco.com.br\/inicio\/wp-json\/wp\/v2\/tags?post=3992"}],"curies":[{"name":"wp","href":"https:\/\/api.w.org\/{rel}","templated":true}]}}