{"id":39988,"date":"2025-03-19T16:29:25","date_gmt":"2025-03-19T19:29:25","guid":{"rendered":"https:\/\/newsinfoco.com.br\/inicio\/?p=39988"},"modified":"2025-03-19T16:29:25","modified_gmt":"2025-03-19T19:29:25","slug":"aliado-sugere-que-bolsonaro-busque-refugio-na-embaixada-dos-eua","status":"publish","type":"post","link":"https:\/\/newsinfoco.com.br\/inicio\/aliado-sugere-que-bolsonaro-busque-refugio-na-embaixada-dos-eua\/","title":{"rendered":"Aliado sugere que Bolsonaro busque ref\u00fagio na embaixada dos EUA"},"content":{"rendered":"<p>O comunicador Rodrigo Constantino sugeriu que o ex-presidente Jair Bolsonaro (PL) buscasse ref\u00fagio na embaixada dos Estados Unidos, em Bras\u00edlia, para evitar uma poss\u00edvel pris\u00e3o. A informa\u00e7\u00e3o foi divulgada pela coluna de Paulo Cappelli, do portal Metr\u00f3poles.<\/p>\n<p>Constantino argumenta que h\u00e1 um consenso no Supremo Tribunal Federal (STF) pela deten\u00e7\u00e3o de Bolsonaro e que, ao se abrigar na embaixada norte-americana, ele estaria protegido, j\u00e1 que a Pol\u00edcia Federal (PF) n\u00e3o teria jurisdi\u00e7\u00e3o para efetuar sua pris\u00e3o dentro do local.<\/p>\n<p>Al\u00e9m disso, os atritos entre o governo do presidente dos EUA, Donald Trump, e o ministro do STF, Alexandre de Moraes, poderiam favorecer o reconhecimento de Bolsonaro como refugiado pol\u00edtico pelos Estados Unidos.<\/p>\n<div class=\"conteudo_post\">\n<p>Apesar da sugest\u00e3o, Bolsonaro rejeitou a possibilidade. \u201cN\u00e3o vou para a embaixada nem para lugar algum. Eu vou ficar em casa\u201d, afirmou.<\/p>\n<p>Essa n\u00e3o seria a primeira vez que o ex-presidente buscaria abrigo em uma representa\u00e7\u00e3o diplom\u00e1tica. Em 2024, ele permaneceu por 48 horas na embaixada da Hungria, governada por Viktor Orb\u00e1n, ap\u00f3s ser indiciado por tentativa de golpe de Estado, aboli\u00e7\u00e3o violenta do Estado Democr\u00e1tico de Direito e organiza\u00e7\u00e3o criminosa.<\/p>\n<\/div>\n<div id=\"div-share\">Bahia.Ba<\/div>\n<div>\n<div>\n<div class=\"trv-player-container\">\n<div class=\"trv-wrapper\">\n<div id=\"br_video_player_7b52009b64fd0a2a49e65d285fa56f9dc3c659f9\" class=\"trvd_video_player\">\n<div class=\"media-player\">\n<div class=\"trv-video\">\n<div id=\"truvid_ima_container62830\" class=\"truvid_ima_container trv-ima-container-hidden\"><\/div>\n<\/div>\n<\/div>\n<\/div>\n<\/div>\n<\/div>\n<\/div>\n<\/div>\n<div class='share-to-whatsapp-wrapper'><div class='share-on-whsp'>Share on: <\/div><a data-text='Aliado sugere que Bolsonaro busque ref\u00fagio na embaixada dos EUA' data-link='https:\/\/newsinfoco.com.br\/inicio\/aliado-sugere-que-bolsonaro-busque-refugio-na-embaixada-dos-eua\/' class='whatsapp-button whatsapp-share'>WhatsApp<\/a><div class='clear '><\/div><\/div>","protected":false},"excerpt":{"rendered":"<p>O comunicador Rodrigo Constantino sugeriu que o ex-presidente Jair Bolsonaro (PL) buscasse ref\u00fagio na embaixada dos Estados Unidos, em Bras\u00edlia, para evitar uma poss\u00edvel pris\u00e3o. A informa\u00e7\u00e3o foi divulgada pela coluna de Paulo Cappelli, do portal Metr\u00f3poles. Constantino argumenta que h\u00e1 um consenso no Supremo Tribunal Federal (STF) pela deten\u00e7\u00e3o de Bolsonaro e que, ao [&hellip;]<\/p>\n","protected":false},"author":1,"featured_media":39989,"comment_status":"closed","ping_status":"closed","sticky":false,"template":"","format":"standard","meta":{"om_disable_all_campaigns":false,"rop_custom_images_group":[],"rop_custom_messages_group":[],"rop_publish_now":"initial","rop_publish_now_accounts":[],"rop_publish_now_history":[],"rop_publish_now_status":"pending","_exactmetrics_skip_tracking":false,"footnotes":""},"categories":[21],"tags":[],"class_list":["post-39988","post","type-post","status-publish","format-standard","has-post-thumbnail","hentry","category-brasil"],"aioseo_notices":[],"aioseo_head":"\n\t\t<!-- All in One SEO 4.9.10 - aioseo.com -->\n\t<meta name=\"description\" content=\"O comunicador Rodrigo Constantino sugeriu que o ex-presidente Jair Bolsonaro (PL) buscasse ref\u00fagio na embaixada dos Estados Unidos, em Bras\u00edlia, para evitar uma poss\u00edvel pris\u00e3o. A informa\u00e7\u00e3o foi divulgada pela coluna de Paulo Cappelli, do portal Metr\u00f3poles. Constantino argumenta que h\u00e1 um consenso no Supremo Tribunal Federal (STF) pela deten\u00e7\u00e3o de Bolsonaro e que, ao\" \/>\n\t<meta name=\"robots\" content=\"max-image-preview:large\" \/>\n\t<meta name=\"author\" content=\"administrador\"\/>\n\t<link rel=\"canonical\" href=\"https:\/\/newsinfoco.com.br\/inicio\/aliado-sugere-que-bolsonaro-busque-refugio-na-embaixada-dos-eua\/\" \/>\n\t<meta name=\"generator\" content=\"All in One SEO (AIOSEO) 4.9.10\" \/>\n\t\t<meta property=\"og:locale\" content=\"pt_BR\" \/>\n\t\t<meta property=\"og:site_name\" content=\"News In Foco - Editado por Caio Pimenta - O principal site de noticias de Alagoinhas e regi\u00e3o\" \/>\n\t\t<meta property=\"og:type\" content=\"article\" \/>\n\t\t<meta property=\"og:title\" content=\"Aliado sugere que Bolsonaro busque ref\u00fagio na embaixada dos EUA - News In Foco - Editado por Caio Pimenta\" \/>\n\t\t<meta property=\"og:description\" content=\"O comunicador Rodrigo Constantino sugeriu que o ex-presidente Jair Bolsonaro (PL) buscasse ref\u00fagio na embaixada dos Estados Unidos, em Bras\u00edlia, para evitar uma poss\u00edvel pris\u00e3o. A informa\u00e7\u00e3o foi divulgada pela coluna de Paulo Cappelli, do portal Metr\u00f3poles. Constantino argumenta que h\u00e1 um consenso no Supremo Tribunal Federal (STF) pela deten\u00e7\u00e3o de Bolsonaro e que, ao\" \/>\n\t\t<meta property=\"og:url\" content=\"https:\/\/newsinfoco.com.br\/inicio\/aliado-sugere-que-bolsonaro-busque-refugio-na-embaixada-dos-eua\/\" \/>\n\t\t<meta property=\"article:published_time\" content=\"2025-03-19T19:29:25+00:00\" \/>\n\t\t<meta property=\"article:modified_time\" content=\"2025-03-19T19:29:25+00:00\" \/>\n\t\t<meta name=\"twitter:card\" content=\"summary_large_image\" \/>\n\t\t<meta name=\"twitter:title\" content=\"Aliado sugere que Bolsonaro busque ref\u00fagio na embaixada dos EUA - News In Foco - Editado por Caio Pimenta\" \/>\n\t\t<meta name=\"twitter:description\" content=\"O comunicador Rodrigo Constantino sugeriu que o ex-presidente Jair Bolsonaro (PL) buscasse ref\u00fagio na embaixada dos Estados Unidos, em Bras\u00edlia, para evitar uma poss\u00edvel pris\u00e3o. A informa\u00e7\u00e3o foi divulgada pela coluna de Paulo Cappelli, do portal Metr\u00f3poles. Constantino argumenta que h\u00e1 um consenso no Supremo Tribunal Federal (STF) pela deten\u00e7\u00e3o de Bolsonaro e que, ao\" \/>\n\t\t<script type=\"application\/ld+json\" class=\"aioseo-schema\">\n\t\t\t{\"@context\":\"https:\\\/\\\/schema.org\",\"@graph\":[{\"@type\":\"BlogPosting\",\"@id\":\"https:\\\/\\\/newsinfoco.com.br\\\/inicio\\\/aliado-sugere-que-bolsonaro-busque-refugio-na-embaixada-dos-eua\\\/#blogposting\",\"name\":\"Aliado sugere que Bolsonaro busque ref\\u00fagio na embaixada dos EUA - News In Foco - Editado por Caio Pimenta\",\"headline\":\"Aliado sugere que Bolsonaro busque ref\\u00fagio na embaixada dos EUA\",\"author\":{\"@id\":\"https:\\\/\\\/newsinfoco.com.br\\\/inicio\\\/author\\\/administrador\\\/#author\"},\"publisher\":{\"@id\":\"https:\\\/\\\/newsinfoco.com.br\\\/inicio\\\/#organization\"},\"image\":{\"@type\":\"ImageObject\",\"url\":\"https:\\\/\\\/newsinfoco.com.br\\\/inicio\\\/wp-content\\\/uploads\\\/2025\\\/03\\\/lucho-rodriguez-bahia-2024-11-29T081718.689-3.png\",\"width\":600,\"height\":420},\"datePublished\":\"2025-03-19T16:29:25-03:00\",\"dateModified\":\"2025-03-19T16:29:25-03:00\",\"inLanguage\":\"pt-BR\",\"mainEntityOfPage\":{\"@id\":\"https:\\\/\\\/newsinfoco.com.br\\\/inicio\\\/aliado-sugere-que-bolsonaro-busque-refugio-na-embaixada-dos-eua\\\/#webpage\"},\"isPartOf\":{\"@id\":\"https:\\\/\\\/newsinfoco.com.br\\\/inicio\\\/aliado-sugere-que-bolsonaro-busque-refugio-na-embaixada-dos-eua\\\/#webpage\"},\"articleSection\":\"Brasil\"},{\"@type\":\"BreadcrumbList\",\"@id\":\"https:\\\/\\\/newsinfoco.com.br\\\/inicio\\\/aliado-sugere-que-bolsonaro-busque-refugio-na-embaixada-dos-eua\\\/#breadcrumblist\",\"itemListElement\":[{\"@type\":\"ListItem\",\"@id\":\"https:\\\/\\\/newsinfoco.com.br\\\/inicio#listItem\",\"position\":1,\"name\":\"In\\u00edcio\",\"item\":\"https:\\\/\\\/newsinfoco.com.br\\\/inicio\",\"nextItem\":{\"@type\":\"ListItem\",\"@id\":\"https:\\\/\\\/newsinfoco.com.br\\\/inicio\\\/category\\\/brasil\\\/#listItem\",\"name\":\"Brasil\"}},{\"@type\":\"ListItem\",\"@id\":\"https:\\\/\\\/newsinfoco.com.br\\\/inicio\\\/category\\\/brasil\\\/#listItem\",\"position\":2,\"name\":\"Brasil\",\"item\":\"https:\\\/\\\/newsinfoco.com.br\\\/inicio\\\/category\\\/brasil\\\/\",\"nextItem\":{\"@type\":\"ListItem\",\"@id\":\"https:\\\/\\\/newsinfoco.com.br\\\/inicio\\\/aliado-sugere-que-bolsonaro-busque-refugio-na-embaixada-dos-eua\\\/#listItem\",\"name\":\"Aliado sugere que Bolsonaro busque ref\\u00fagio na embaixada dos EUA\"},\"previousItem\":{\"@type\":\"ListItem\",\"@id\":\"https:\\\/\\\/newsinfoco.com.br\\\/inicio#listItem\",\"name\":\"In\\u00edcio\"}},{\"@type\":\"ListItem\",\"@id\":\"https:\\\/\\\/newsinfoco.com.br\\\/inicio\\\/aliado-sugere-que-bolsonaro-busque-refugio-na-embaixada-dos-eua\\\/#listItem\",\"position\":3,\"name\":\"Aliado sugere que Bolsonaro busque ref\\u00fagio na embaixada dos EUA\",\"previousItem\":{\"@type\":\"ListItem\",\"@id\":\"https:\\\/\\\/newsinfoco.com.br\\\/inicio\\\/category\\\/brasil\\\/#listItem\",\"name\":\"Brasil\"}}]},{\"@type\":\"Organization\",\"@id\":\"https:\\\/\\\/newsinfoco.com.br\\\/inicio\\\/#organization\",\"name\":\"News In Foco - Editado por Caio Pimenta\",\"description\":\"O principal site de noticias de Alagoinhas e regi\\u00e3o\",\"url\":\"https:\\\/\\\/newsinfoco.com.br\\\/inicio\\\/\"},{\"@type\":\"Person\",\"@id\":\"https:\\\/\\\/newsinfoco.com.br\\\/inicio\\\/author\\\/administrador\\\/#author\",\"url\":\"https:\\\/\\\/newsinfoco.com.br\\\/inicio\\\/author\\\/administrador\\\/\",\"name\":\"administrador\",\"image\":{\"@type\":\"ImageObject\",\"@id\":\"https:\\\/\\\/newsinfoco.com.br\\\/inicio\\\/aliado-sugere-que-bolsonaro-busque-refugio-na-embaixada-dos-eua\\\/#authorImage\",\"url\":\"https:\\\/\\\/secure.gravatar.com\\\/avatar\\\/c17a617433de8c1dc9584bb79aab7563b46f5bb7e1728c9b17d9cc3ce6a08e49?s=96&d=mm&r=g\",\"width\":96,\"height\":96,\"caption\":\"administrador\"}},{\"@type\":\"WebPage\",\"@id\":\"https:\\\/\\\/newsinfoco.com.br\\\/inicio\\\/aliado-sugere-que-bolsonaro-busque-refugio-na-embaixada-dos-eua\\\/#webpage\",\"url\":\"https:\\\/\\\/newsinfoco.com.br\\\/inicio\\\/aliado-sugere-que-bolsonaro-busque-refugio-na-embaixada-dos-eua\\\/\",\"name\":\"Aliado sugere que Bolsonaro busque ref\\u00fagio na embaixada dos EUA - News In Foco - Editado por Caio Pimenta\",\"description\":\"O comunicador Rodrigo Constantino sugeriu que o ex-presidente Jair Bolsonaro (PL) buscasse ref\\u00fagio na embaixada dos Estados Unidos, em Bras\\u00edlia, para evitar uma poss\\u00edvel pris\\u00e3o. A informa\\u00e7\\u00e3o foi divulgada pela coluna de Paulo Cappelli, do portal Metr\\u00f3poles. Constantino argumenta que h\\u00e1 um consenso no Supremo Tribunal Federal (STF) pela deten\\u00e7\\u00e3o de Bolsonaro e que, ao\",\"inLanguage\":\"pt-BR\",\"isPartOf\":{\"@id\":\"https:\\\/\\\/newsinfoco.com.br\\\/inicio\\\/#website\"},\"breadcrumb\":{\"@id\":\"https:\\\/\\\/newsinfoco.com.br\\\/inicio\\\/aliado-sugere-que-bolsonaro-busque-refugio-na-embaixada-dos-eua\\\/#breadcrumblist\"},\"author\":{\"@id\":\"https:\\\/\\\/newsinfoco.com.br\\\/inicio\\\/author\\\/administrador\\\/#author\"},\"creator\":{\"@id\":\"https:\\\/\\\/newsinfoco.com.br\\\/inicio\\\/author\\\/administrador\\\/#author\"},\"image\":{\"@type\":\"ImageObject\",\"url\":\"https:\\\/\\\/newsinfoco.com.br\\\/inicio\\\/wp-content\\\/uploads\\\/2025\\\/03\\\/lucho-rodriguez-bahia-2024-11-29T081718.689-3.png\",\"@id\":\"https:\\\/\\\/newsinfoco.com.br\\\/inicio\\\/aliado-sugere-que-bolsonaro-busque-refugio-na-embaixada-dos-eua\\\/#mainImage\",\"width\":600,\"height\":420},\"primaryImageOfPage\":{\"@id\":\"https:\\\/\\\/newsinfoco.com.br\\\/inicio\\\/aliado-sugere-que-bolsonaro-busque-refugio-na-embaixada-dos-eua\\\/#mainImage\"},\"datePublished\":\"2025-03-19T16:29:25-03:00\",\"dateModified\":\"2025-03-19T16:29:25-03:00\"},{\"@type\":\"WebSite\",\"@id\":\"https:\\\/\\\/newsinfoco.com.br\\\/inicio\\\/#website\",\"url\":\"https:\\\/\\\/newsinfoco.com.br\\\/inicio\\\/\",\"name\":\"News In Foco - Editado por Caio Pimenta\",\"description\":\"O principal site de noticias de Alagoinhas e regi\\u00e3o\",\"inLanguage\":\"pt-BR\",\"publisher\":{\"@id\":\"https:\\\/\\\/newsinfoco.com.br\\\/inicio\\\/#organization\"}}]}\n\t\t<\/script>\n\t\t<!-- All in One SEO -->\n\n","aioseo_head_json":{"title":"Aliado sugere que Bolsonaro busque ref\u00fagio na embaixada dos EUA - News In Foco - Editado por Caio Pimenta","description":"O comunicador Rodrigo Constantino sugeriu que o ex-presidente Jair Bolsonaro (PL) buscasse ref\u00fagio na embaixada dos Estados Unidos, em Bras\u00edlia, para evitar uma poss\u00edvel pris\u00e3o. A informa\u00e7\u00e3o foi divulgada pela coluna de Paulo Cappelli, do portal Metr\u00f3poles. Constantino argumenta que h\u00e1 um consenso no Supremo Tribunal Federal (STF) pela deten\u00e7\u00e3o de Bolsonaro e que, ao","canonical_url":"https:\/\/newsinfoco.com.br\/inicio\/aliado-sugere-que-bolsonaro-busque-refugio-na-embaixada-dos-eua\/","robots":"max-image-preview:large","keywords":"","webmasterTools":{"miscellaneous":""},"schema":{"@context":"https:\/\/schema.org","@graph":[{"@type":"BlogPosting","@id":"https:\/\/newsinfoco.com.br\/inicio\/aliado-sugere-que-bolsonaro-busque-refugio-na-embaixada-dos-eua\/#blogposting","name":"Aliado sugere que Bolsonaro busque ref\u00fagio na embaixada dos EUA - News In Foco - Editado por Caio Pimenta","headline":"Aliado sugere que Bolsonaro busque ref\u00fagio na embaixada dos EUA","author":{"@id":"https:\/\/newsinfoco.com.br\/inicio\/author\/administrador\/#author"},"publisher":{"@id":"https:\/\/newsinfoco.com.br\/inicio\/#organization"},"image":{"@type":"ImageObject","url":"https:\/\/newsinfoco.com.br\/inicio\/wp-content\/uploads\/2025\/03\/lucho-rodriguez-bahia-2024-11-29T081718.689-3.png","width":600,"height":420},"datePublished":"2025-03-19T16:29:25-03:00","dateModified":"2025-03-19T16:29:25-03:00","inLanguage":"pt-BR","mainEntityOfPage":{"@id":"https:\/\/newsinfoco.com.br\/inicio\/aliado-sugere-que-bolsonaro-busque-refugio-na-embaixada-dos-eua\/#webpage"},"isPartOf":{"@id":"https:\/\/newsinfoco.com.br\/inicio\/aliado-sugere-que-bolsonaro-busque-refugio-na-embaixada-dos-eua\/#webpage"},"articleSection":"Brasil"},{"@type":"BreadcrumbList","@id":"https:\/\/newsinfoco.com.br\/inicio\/aliado-sugere-que-bolsonaro-busque-refugio-na-embaixada-dos-eua\/#breadcrumblist","itemListElement":[{"@type":"ListItem","@id":"https:\/\/newsinfoco.com.br\/inicio#listItem","position":1,"name":"In\u00edcio","item":"https:\/\/newsinfoco.com.br\/inicio","nextItem":{"@type":"ListItem","@id":"https:\/\/newsinfoco.com.br\/inicio\/category\/brasil\/#listItem","name":"Brasil"}},{"@type":"ListItem","@id":"https:\/\/newsinfoco.com.br\/inicio\/category\/brasil\/#listItem","position":2,"name":"Brasil","item":"https:\/\/newsinfoco.com.br\/inicio\/category\/brasil\/","nextItem":{"@type":"ListItem","@id":"https:\/\/newsinfoco.com.br\/inicio\/aliado-sugere-que-bolsonaro-busque-refugio-na-embaixada-dos-eua\/#listItem","name":"Aliado sugere que Bolsonaro busque ref\u00fagio na embaixada dos EUA"},"previousItem":{"@type":"ListItem","@id":"https:\/\/newsinfoco.com.br\/inicio#listItem","name":"In\u00edcio"}},{"@type":"ListItem","@id":"https:\/\/newsinfoco.com.br\/inicio\/aliado-sugere-que-bolsonaro-busque-refugio-na-embaixada-dos-eua\/#listItem","position":3,"name":"Aliado sugere que Bolsonaro busque ref\u00fagio na embaixada dos EUA","previousItem":{"@type":"ListItem","@id":"https:\/\/newsinfoco.com.br\/inicio\/category\/brasil\/#listItem","name":"Brasil"}}]},{"@type":"Organization","@id":"https:\/\/newsinfoco.com.br\/inicio\/#organization","name":"News In Foco - Editado por Caio Pimenta","description":"O principal site de noticias de Alagoinhas e regi\u00e3o","url":"https:\/\/newsinfoco.com.br\/inicio\/"},{"@type":"Person","@id":"https:\/\/newsinfoco.com.br\/inicio\/author\/administrador\/#author","url":"https:\/\/newsinfoco.com.br\/inicio\/author\/administrador\/","name":"administrador","image":{"@type":"ImageObject","@id":"https:\/\/newsinfoco.com.br\/inicio\/aliado-sugere-que-bolsonaro-busque-refugio-na-embaixada-dos-eua\/#authorImage","url":"https:\/\/secure.gravatar.com\/avatar\/c17a617433de8c1dc9584bb79aab7563b46f5bb7e1728c9b17d9cc3ce6a08e49?s=96&d=mm&r=g","width":96,"height":96,"caption":"administrador"}},{"@type":"WebPage","@id":"https:\/\/newsinfoco.com.br\/inicio\/aliado-sugere-que-bolsonaro-busque-refugio-na-embaixada-dos-eua\/#webpage","url":"https:\/\/newsinfoco.com.br\/inicio\/aliado-sugere-que-bolsonaro-busque-refugio-na-embaixada-dos-eua\/","name":"Aliado sugere que Bolsonaro busque ref\u00fagio na embaixada dos EUA - News In Foco - Editado por Caio Pimenta","description":"O comunicador Rodrigo Constantino sugeriu que o ex-presidente Jair Bolsonaro (PL) buscasse ref\u00fagio na embaixada dos Estados Unidos, em Bras\u00edlia, para evitar uma poss\u00edvel pris\u00e3o. A informa\u00e7\u00e3o foi divulgada pela coluna de Paulo Cappelli, do portal Metr\u00f3poles. Constantino argumenta que h\u00e1 um consenso no Supremo Tribunal Federal (STF) pela deten\u00e7\u00e3o de Bolsonaro e que, ao","inLanguage":"pt-BR","isPartOf":{"@id":"https:\/\/newsinfoco.com.br\/inicio\/#website"},"breadcrumb":{"@id":"https:\/\/newsinfoco.com.br\/inicio\/aliado-sugere-que-bolsonaro-busque-refugio-na-embaixada-dos-eua\/#breadcrumblist"},"author":{"@id":"https:\/\/newsinfoco.com.br\/inicio\/author\/administrador\/#author"},"creator":{"@id":"https:\/\/newsinfoco.com.br\/inicio\/author\/administrador\/#author"},"image":{"@type":"ImageObject","url":"https:\/\/newsinfoco.com.br\/inicio\/wp-content\/uploads\/2025\/03\/lucho-rodriguez-bahia-2024-11-29T081718.689-3.png","@id":"https:\/\/newsinfoco.com.br\/inicio\/aliado-sugere-que-bolsonaro-busque-refugio-na-embaixada-dos-eua\/#mainImage","width":600,"height":420},"primaryImageOfPage":{"@id":"https:\/\/newsinfoco.com.br\/inicio\/aliado-sugere-que-bolsonaro-busque-refugio-na-embaixada-dos-eua\/#mainImage"},"datePublished":"2025-03-19T16:29:25-03:00","dateModified":"2025-03-19T16:29:25-03:00"},{"@type":"WebSite","@id":"https:\/\/newsinfoco.com.br\/inicio\/#website","url":"https:\/\/newsinfoco.com.br\/inicio\/","name":"News In Foco - Editado por Caio Pimenta","description":"O principal site de noticias de Alagoinhas e regi\u00e3o","inLanguage":"pt-BR","publisher":{"@id":"https:\/\/newsinfoco.com.br\/inicio\/#organization"}}]},"og:locale":"pt_BR","og:site_name":"News In Foco - Editado por Caio Pimenta - O principal site de noticias de Alagoinhas e regi\u00e3o","og:type":"article","og:title":"Aliado sugere que Bolsonaro busque ref\u00fagio na embaixada dos EUA - News In Foco - Editado por Caio Pimenta","og:description":"O comunicador Rodrigo Constantino sugeriu que o ex-presidente Jair Bolsonaro (PL) buscasse ref\u00fagio na embaixada dos Estados Unidos, em Bras\u00edlia, para evitar uma poss\u00edvel pris\u00e3o. A informa\u00e7\u00e3o foi divulgada pela coluna de Paulo Cappelli, do portal Metr\u00f3poles. Constantino argumenta que h\u00e1 um consenso no Supremo Tribunal Federal (STF) pela deten\u00e7\u00e3o de Bolsonaro e que, ao","og:url":"https:\/\/newsinfoco.com.br\/inicio\/aliado-sugere-que-bolsonaro-busque-refugio-na-embaixada-dos-eua\/","article:published_time":"2025-03-19T19:29:25+00:00","article:modified_time":"2025-03-19T19:29:25+00:00","twitter:card":"summary_large_image","twitter:title":"Aliado sugere que Bolsonaro busque ref\u00fagio na embaixada dos EUA - News In Foco - Editado por Caio Pimenta","twitter:description":"O comunicador Rodrigo Constantino sugeriu que o ex-presidente Jair Bolsonaro (PL) buscasse ref\u00fagio na embaixada dos Estados Unidos, em Bras\u00edlia, para evitar uma poss\u00edvel pris\u00e3o. A informa\u00e7\u00e3o foi divulgada pela coluna de Paulo Cappelli, do portal Metr\u00f3poles. Constantino argumenta que h\u00e1 um consenso no Supremo Tribunal Federal (STF) pela deten\u00e7\u00e3o de Bolsonaro e que, ao"},"aioseo_meta_data":{"post_id":"39988","title":null,"description":null,"keywords":null,"keyphrases":{"focus":{"keyphrase":"","score":0,"analysis":{"keyphraseInTitle":{"score":0,"maxScore":9,"error":1}}},"additional":[]},"primary_term":null,"canonical_url":null,"og_title":null,"og_description":null,"og_object_type":"default","og_image_type":"default","og_image_url":null,"og_image_width":null,"og_image_height":null,"og_image_custom_url":null,"og_image_custom_fields":null,"og_video":"","og_custom_url":null,"og_article_section":null,"og_article_tags":null,"twitter_use_og":false,"twitter_card":"default","twitter_image_type":"default","twitter_image_url":null,"twitter_image_custom_url":null,"twitter_image_custom_fields":null,"twitter_title":null,"twitter_description":null,"schema":{"blockGraphs":[],"customGraphs":[],"default":{"data":{"Article":[],"Course":[],"Dataset":[],"FAQPage":[],"Movie":[],"Person":[],"Product":[],"ProductReview":[],"Car":[],"Recipe":[],"Service":[],"SoftwareApplication":[],"WebPage":[]},"graphName":"BlogPosting","isEnabled":true},"graphs":[]},"schema_type":"default","schema_type_options":null,"pillar_content":false,"robots_default":true,"robots_noindex":false,"robots_noarchive":false,"robots_nosnippet":false,"robots_nofollow":false,"robots_noimageindex":false,"robots_noodp":false,"robots_notranslate":false,"robots_max_snippet":"-1","robots_max_videopreview":"-1","robots_max_imagepreview":"large","priority":null,"frequency":"default","local_seo":null,"breadcrumb_settings":null,"limit_modified_date":false,"ai":null,"created":"2025-03-19 19:29:26","updated":"2025-07-11 12:39:51","seo_analyzer_scan_date":null},"aioseo_breadcrumb":"<div class=\"aioseo-breadcrumbs\"><span class=\"aioseo-breadcrumb\">\n\t\t\t<a href=\"https:\/\/newsinfoco.com.br\/inicio\" title=\"In\u00edcio\">In\u00edcio<\/a>\n\t\t<\/span><span class=\"aioseo-breadcrumb-separator\">&raquo;<\/span><span class=\"aioseo-breadcrumb\">\n\t\t\t<a href=\"https:\/\/newsinfoco.com.br\/inicio\/category\/brasil\/\" title=\"Brasil\">Brasil<\/a>\n\t\t<\/span><span class=\"aioseo-breadcrumb-separator\">&raquo;<\/span><span class=\"aioseo-breadcrumb\">\n\t\t\tAliado sugere que Bolsonaro busque ref\u00fagio na embaixada dos EUA\n\t\t<\/span><\/div>","aioseo_breadcrumb_json":[{"label":"In\u00edcio","link":"https:\/\/newsinfoco.com.br\/inicio"},{"label":"Brasil","link":"https:\/\/newsinfoco.com.br\/inicio\/category\/brasil\/"},{"label":"Aliado sugere que Bolsonaro busque ref\u00fagio na embaixada dos EUA","link":"https:\/\/newsinfoco.com.br\/inicio\/aliado-sugere-que-bolsonaro-busque-refugio-na-embaixada-dos-eua\/"}],"_links":{"self":[{"href":"https:\/\/newsinfoco.com.br\/inicio\/wp-json\/wp\/v2\/posts\/39988","targetHints":{"allow":["GET"]}}],"collection":[{"href":"https:\/\/newsinfoco.com.br\/inicio\/wp-json\/wp\/v2\/posts"}],"about":[{"href":"https:\/\/newsinfoco.com.br\/inicio\/wp-json\/wp\/v2\/types\/post"}],"author":[{"embeddable":true,"href":"https:\/\/newsinfoco.com.br\/inicio\/wp-json\/wp\/v2\/users\/1"}],"replies":[{"embeddable":true,"href":"https:\/\/newsinfoco.com.br\/inicio\/wp-json\/wp\/v2\/comments?post=39988"}],"version-history":[{"count":1,"href":"https:\/\/newsinfoco.com.br\/inicio\/wp-json\/wp\/v2\/posts\/39988\/revisions"}],"predecessor-version":[{"id":39990,"href":"https:\/\/newsinfoco.com.br\/inicio\/wp-json\/wp\/v2\/posts\/39988\/revisions\/39990"}],"wp:featuredmedia":[{"embeddable":true,"href":"https:\/\/newsinfoco.com.br\/inicio\/wp-json\/wp\/v2\/media\/39989"}],"wp:attachment":[{"href":"https:\/\/newsinfoco.com.br\/inicio\/wp-json\/wp\/v2\/media?parent=39988"}],"wp:term":[{"taxonomy":"category","embeddable":true,"href":"https:\/\/newsinfoco.com.br\/inicio\/wp-json\/wp\/v2\/categories?post=39988"},{"taxonomy":"post_tag","embeddable":true,"href":"https:\/\/newsinfoco.com.br\/inicio\/wp-json\/wp\/v2\/tags?post=39988"}],"curies":[{"name":"wp","href":"https:\/\/api.w.org\/{rel}","templated":true}]}}