{"id":40002,"date":"2025-03-19T17:33:10","date_gmt":"2025-03-19T20:33:10","guid":{"rendered":"https:\/\/newsinfoco.com.br\/inicio\/?p=40002"},"modified":"2025-03-19T17:33:10","modified_gmt":"2025-03-19T20:33:10","slug":"webserie-comida-de-terreiro-destaca-o-valor-nutricional-da-culinaria-do-candomble","status":"publish","type":"post","link":"https:\/\/newsinfoco.com.br\/inicio\/webserie-comida-de-terreiro-destaca-o-valor-nutricional-da-culinaria-do-candomble\/","title":{"rendered":"Webs\u00e9rie \u2018Comida de Terreiro\u2019 destaca o valor nutricional da culin\u00e1ria do Candombl\u00e9"},"content":{"rendered":"<p>A segunda temporada da webs\u00e9rie Comida de Terreiro \u2013 Alimento por Inteiro ser\u00e1 lan\u00e7ada no dia 23 de mar\u00e7o no canal Oy\u00e1 Lad\u00ea Inan, no YouTube. O projeto, idealizado pelo Oy\u00e1 Lad\u00ea Inan Ponto de Cultura, traz a yalorix\u00e1 M\u00e3e Rosa de Oy\u00e1 em di\u00e1logo com a nutricionista e historiadora Leila Sousa sobre os benef\u00edcios nutricionais dos ingredientes usados na culin\u00e1ria ancestral do Candombl\u00e9.<\/p>\n<div>\n<div>\n<div class=\"trv-player-container\">\n<div class=\"trv-wrapper\">\n<div id=\"br_video_player_30a715d6bc5af19d3e415d285fa56f9dc3c659f9\" class=\"trvd_video_player\">\n<div class=\"media-player\">\n<div class=\"trv-video\">\n<div id=\"truvid_ima_container48158\" class=\"truvid_ima_container trv-ima-container-hidden\">\n<p>Os quatro epis\u00f3dios ser\u00e3o exibidos previamente no Oy\u00e1 Lad\u00ea Inan Ponto de Cultura, em Alagoinhas, no dia 22 de mar\u00e7o, \u00e0s 20h, com entrada gratuita. Na sequ\u00eancia, os v\u00eddeos ser\u00e3o disponibilizados na plataforma digital, entre os dias 23 e 26, sempre \u00e0s 20h.<\/p>\n<p>Com dire\u00e7\u00e3o e edi\u00e7\u00e3o de Nando Z\u00e2mbia, a nova temporada acompanha a jornada das protagonistas em Alagoinhas, passando pela feira da cidade na escolha dos ingredientes, o preparo das receitas no terreiro e a confraterniza\u00e7\u00e3o ao redor da mesa. A s\u00e9rie refor\u00e7a a import\u00e2ncia dos alimentos naturais na cultura do Candombl\u00e9 e na promo\u00e7\u00e3o da sa\u00fade.<\/p>\n<p>Bahia.Ba<\/p>\n<\/div>\n<\/div>\n<\/div>\n<\/div>\n<\/div>\n<\/div>\n<\/div>\n<\/div>\n<div class='share-to-whatsapp-wrapper'><div class='share-on-whsp'>Share on: <\/div><a data-text='Webs\u00e9rie \u2018Comida de Terreiro\u2019 destaca o valor nutricional da culin\u00e1ria do Candombl\u00e9' data-link='https:\/\/newsinfoco.com.br\/inicio\/webserie-comida-de-terreiro-destaca-o-valor-nutricional-da-culinaria-do-candomble\/' class='whatsapp-button whatsapp-share'>WhatsApp<\/a><div class='clear '><\/div><\/div>","protected":false},"excerpt":{"rendered":"<p>A segunda temporada da webs\u00e9rie Comida de Terreiro \u2013 Alimento por Inteiro ser\u00e1 lan\u00e7ada no dia 23 de mar\u00e7o no canal Oy\u00e1 Lad\u00ea Inan, no YouTube. O projeto, idealizado pelo Oy\u00e1 Lad\u00ea Inan Ponto de Cultura, traz a yalorix\u00e1 M\u00e3e Rosa de Oy\u00e1 em di\u00e1logo com a nutricionista e historiadora Leila Sousa sobre os benef\u00edcios [&hellip;]<\/p>\n","protected":false},"author":1,"featured_media":40003,"comment_status":"closed","ping_status":"closed","sticky":false,"template":"","format":"standard","meta":{"om_disable_all_campaigns":false,"rop_custom_images_group":[],"rop_custom_messages_group":[],"rop_publish_now":"initial","rop_publish_now_accounts":[],"rop_publish_now_history":[],"rop_publish_now_status":"pending","_exactmetrics_skip_tracking":false,"footnotes":""},"categories":[19],"tags":[],"class_list":["post-40002","post","type-post","status-publish","format-standard","has-post-thumbnail","hentry","category-bahia"],"aioseo_notices":[],"aioseo_head":"\n\t\t<!-- All in One SEO 4.9.10 - aioseo.com -->\n\t<meta name=\"description\" content=\"A segunda temporada da webs\u00e9rie Comida de Terreiro \u2013 Alimento por Inteiro ser\u00e1 lan\u00e7ada no dia 23 de mar\u00e7o no canal Oy\u00e1 Lad\u00ea Inan, no YouTube. O projeto, idealizado pelo Oy\u00e1 Lad\u00ea Inan Ponto de Cultura, traz a yalorix\u00e1 M\u00e3e Rosa de Oy\u00e1 em di\u00e1logo com a nutricionista e historiadora Leila Sousa sobre os benef\u00edcios\" \/>\n\t<meta name=\"robots\" content=\"max-image-preview:large\" \/>\n\t<meta name=\"author\" content=\"administrador\"\/>\n\t<link rel=\"canonical\" href=\"https:\/\/newsinfoco.com.br\/inicio\/webserie-comida-de-terreiro-destaca-o-valor-nutricional-da-culinaria-do-candomble\/\" \/>\n\t<meta name=\"generator\" content=\"All in One SEO (AIOSEO) 4.9.10\" \/>\n\t\t<meta property=\"og:locale\" content=\"pt_BR\" \/>\n\t\t<meta property=\"og:site_name\" content=\"News In Foco - Editado por Caio Pimenta - O principal site de noticias de Alagoinhas e regi\u00e3o\" \/>\n\t\t<meta property=\"og:type\" content=\"article\" \/>\n\t\t<meta property=\"og:title\" content=\"Webs\u00e9rie \u2018Comida de Terreiro\u2019 destaca o valor nutricional da culin\u00e1ria do Candombl\u00e9 - News In Foco - Editado por Caio Pimenta\" \/>\n\t\t<meta property=\"og:description\" content=\"A segunda temporada da webs\u00e9rie Comida de Terreiro \u2013 Alimento por Inteiro ser\u00e1 lan\u00e7ada no dia 23 de mar\u00e7o no canal Oy\u00e1 Lad\u00ea Inan, no YouTube. O projeto, idealizado pelo Oy\u00e1 Lad\u00ea Inan Ponto de Cultura, traz a yalorix\u00e1 M\u00e3e Rosa de Oy\u00e1 em di\u00e1logo com a nutricionista e historiadora Leila Sousa sobre os benef\u00edcios\" \/>\n\t\t<meta property=\"og:url\" content=\"https:\/\/newsinfoco.com.br\/inicio\/webserie-comida-de-terreiro-destaca-o-valor-nutricional-da-culinaria-do-candomble\/\" \/>\n\t\t<meta property=\"article:published_time\" content=\"2025-03-19T20:33:10+00:00\" \/>\n\t\t<meta property=\"article:modified_time\" content=\"2025-03-19T20:33:10+00:00\" \/>\n\t\t<meta name=\"twitter:card\" content=\"summary_large_image\" \/>\n\t\t<meta name=\"twitter:title\" content=\"Webs\u00e9rie \u2018Comida de Terreiro\u2019 destaca o valor nutricional da culin\u00e1ria do Candombl\u00e9 - News In Foco - Editado por Caio Pimenta\" \/>\n\t\t<meta name=\"twitter:description\" content=\"A segunda temporada da webs\u00e9rie Comida de Terreiro \u2013 Alimento por Inteiro ser\u00e1 lan\u00e7ada no dia 23 de mar\u00e7o no canal Oy\u00e1 Lad\u00ea Inan, no YouTube. O projeto, idealizado pelo Oy\u00e1 Lad\u00ea Inan Ponto de Cultura, traz a yalorix\u00e1 M\u00e3e Rosa de Oy\u00e1 em di\u00e1logo com a nutricionista e historiadora Leila Sousa sobre os benef\u00edcios\" \/>\n\t\t<script type=\"application\/ld+json\" class=\"aioseo-schema\">\n\t\t\t{\"@context\":\"https:\\\/\\\/schema.org\",\"@graph\":[{\"@type\":\"BlogPosting\",\"@id\":\"https:\\\/\\\/newsinfoco.com.br\\\/inicio\\\/webserie-comida-de-terreiro-destaca-o-valor-nutricional-da-culinaria-do-candomble\\\/#blogposting\",\"name\":\"Webs\\u00e9rie \\u2018Comida de Terreiro\\u2019 destaca o valor nutricional da culin\\u00e1ria do Candombl\\u00e9 - News In Foco - Editado por Caio Pimenta\",\"headline\":\"Webs\\u00e9rie \\u2018Comida de Terreiro\\u2019 destaca o valor nutricional da culin\\u00e1ria do Candombl\\u00e9\",\"author\":{\"@id\":\"https:\\\/\\\/newsinfoco.com.br\\\/inicio\\\/author\\\/administrador\\\/#author\"},\"publisher\":{\"@id\":\"https:\\\/\\\/newsinfoco.com.br\\\/inicio\\\/#organization\"},\"image\":{\"@type\":\"ImageObject\",\"url\":\"https:\\\/\\\/newsinfoco.com.br\\\/inicio\\\/wp-content\\\/uploads\\\/2025\\\/03\\\/Imagem-do-WhatsApp-de-2025-03-19-as-16.03.14_1f6f3528.jpg\",\"width\":600,\"height\":420},\"datePublished\":\"2025-03-19T17:33:10-03:00\",\"dateModified\":\"2025-03-19T17:33:10-03:00\",\"inLanguage\":\"pt-BR\",\"mainEntityOfPage\":{\"@id\":\"https:\\\/\\\/newsinfoco.com.br\\\/inicio\\\/webserie-comida-de-terreiro-destaca-o-valor-nutricional-da-culinaria-do-candomble\\\/#webpage\"},\"isPartOf\":{\"@id\":\"https:\\\/\\\/newsinfoco.com.br\\\/inicio\\\/webserie-comida-de-terreiro-destaca-o-valor-nutricional-da-culinaria-do-candomble\\\/#webpage\"},\"articleSection\":\"Bahia\"},{\"@type\":\"BreadcrumbList\",\"@id\":\"https:\\\/\\\/newsinfoco.com.br\\\/inicio\\\/webserie-comida-de-terreiro-destaca-o-valor-nutricional-da-culinaria-do-candomble\\\/#breadcrumblist\",\"itemListElement\":[{\"@type\":\"ListItem\",\"@id\":\"https:\\\/\\\/newsinfoco.com.br\\\/inicio#listItem\",\"position\":1,\"name\":\"In\\u00edcio\",\"item\":\"https:\\\/\\\/newsinfoco.com.br\\\/inicio\",\"nextItem\":{\"@type\":\"ListItem\",\"@id\":\"https:\\\/\\\/newsinfoco.com.br\\\/inicio\\\/category\\\/bahia\\\/#listItem\",\"name\":\"Bahia\"}},{\"@type\":\"ListItem\",\"@id\":\"https:\\\/\\\/newsinfoco.com.br\\\/inicio\\\/category\\\/bahia\\\/#listItem\",\"position\":2,\"name\":\"Bahia\",\"item\":\"https:\\\/\\\/newsinfoco.com.br\\\/inicio\\\/category\\\/bahia\\\/\",\"nextItem\":{\"@type\":\"ListItem\",\"@id\":\"https:\\\/\\\/newsinfoco.com.br\\\/inicio\\\/webserie-comida-de-terreiro-destaca-o-valor-nutricional-da-culinaria-do-candomble\\\/#listItem\",\"name\":\"Webs\\u00e9rie \\u2018Comida de Terreiro\\u2019 destaca o valor nutricional da culin\\u00e1ria do Candombl\\u00e9\"},\"previousItem\":{\"@type\":\"ListItem\",\"@id\":\"https:\\\/\\\/newsinfoco.com.br\\\/inicio#listItem\",\"name\":\"In\\u00edcio\"}},{\"@type\":\"ListItem\",\"@id\":\"https:\\\/\\\/newsinfoco.com.br\\\/inicio\\\/webserie-comida-de-terreiro-destaca-o-valor-nutricional-da-culinaria-do-candomble\\\/#listItem\",\"position\":3,\"name\":\"Webs\\u00e9rie \\u2018Comida de Terreiro\\u2019 destaca o valor nutricional da culin\\u00e1ria do Candombl\\u00e9\",\"previousItem\":{\"@type\":\"ListItem\",\"@id\":\"https:\\\/\\\/newsinfoco.com.br\\\/inicio\\\/category\\\/bahia\\\/#listItem\",\"name\":\"Bahia\"}}]},{\"@type\":\"Organization\",\"@id\":\"https:\\\/\\\/newsinfoco.com.br\\\/inicio\\\/#organization\",\"name\":\"News In Foco - Editado por Caio Pimenta\",\"description\":\"O principal site de noticias de Alagoinhas e regi\\u00e3o\",\"url\":\"https:\\\/\\\/newsinfoco.com.br\\\/inicio\\\/\"},{\"@type\":\"Person\",\"@id\":\"https:\\\/\\\/newsinfoco.com.br\\\/inicio\\\/author\\\/administrador\\\/#author\",\"url\":\"https:\\\/\\\/newsinfoco.com.br\\\/inicio\\\/author\\\/administrador\\\/\",\"name\":\"administrador\",\"image\":{\"@type\":\"ImageObject\",\"@id\":\"https:\\\/\\\/newsinfoco.com.br\\\/inicio\\\/webserie-comida-de-terreiro-destaca-o-valor-nutricional-da-culinaria-do-candomble\\\/#authorImage\",\"url\":\"https:\\\/\\\/secure.gravatar.com\\\/avatar\\\/c17a617433de8c1dc9584bb79aab7563b46f5bb7e1728c9b17d9cc3ce6a08e49?s=96&d=mm&r=g\",\"width\":96,\"height\":96,\"caption\":\"administrador\"}},{\"@type\":\"WebPage\",\"@id\":\"https:\\\/\\\/newsinfoco.com.br\\\/inicio\\\/webserie-comida-de-terreiro-destaca-o-valor-nutricional-da-culinaria-do-candomble\\\/#webpage\",\"url\":\"https:\\\/\\\/newsinfoco.com.br\\\/inicio\\\/webserie-comida-de-terreiro-destaca-o-valor-nutricional-da-culinaria-do-candomble\\\/\",\"name\":\"Webs\\u00e9rie \\u2018Comida de Terreiro\\u2019 destaca o valor nutricional da culin\\u00e1ria do Candombl\\u00e9 - News In Foco - Editado por Caio Pimenta\",\"description\":\"A segunda temporada da webs\\u00e9rie Comida de Terreiro \\u2013 Alimento por Inteiro ser\\u00e1 lan\\u00e7ada no dia 23 de mar\\u00e7o no canal Oy\\u00e1 Lad\\u00ea Inan, no YouTube. O projeto, idealizado pelo Oy\\u00e1 Lad\\u00ea Inan Ponto de Cultura, traz a yalorix\\u00e1 M\\u00e3e Rosa de Oy\\u00e1 em di\\u00e1logo com a nutricionista e historiadora Leila Sousa sobre os benef\\u00edcios\",\"inLanguage\":\"pt-BR\",\"isPartOf\":{\"@id\":\"https:\\\/\\\/newsinfoco.com.br\\\/inicio\\\/#website\"},\"breadcrumb\":{\"@id\":\"https:\\\/\\\/newsinfoco.com.br\\\/inicio\\\/webserie-comida-de-terreiro-destaca-o-valor-nutricional-da-culinaria-do-candomble\\\/#breadcrumblist\"},\"author\":{\"@id\":\"https:\\\/\\\/newsinfoco.com.br\\\/inicio\\\/author\\\/administrador\\\/#author\"},\"creator\":{\"@id\":\"https:\\\/\\\/newsinfoco.com.br\\\/inicio\\\/author\\\/administrador\\\/#author\"},\"image\":{\"@type\":\"ImageObject\",\"url\":\"https:\\\/\\\/newsinfoco.com.br\\\/inicio\\\/wp-content\\\/uploads\\\/2025\\\/03\\\/Imagem-do-WhatsApp-de-2025-03-19-as-16.03.14_1f6f3528.jpg\",\"@id\":\"https:\\\/\\\/newsinfoco.com.br\\\/inicio\\\/webserie-comida-de-terreiro-destaca-o-valor-nutricional-da-culinaria-do-candomble\\\/#mainImage\",\"width\":600,\"height\":420},\"primaryImageOfPage\":{\"@id\":\"https:\\\/\\\/newsinfoco.com.br\\\/inicio\\\/webserie-comida-de-terreiro-destaca-o-valor-nutricional-da-culinaria-do-candomble\\\/#mainImage\"},\"datePublished\":\"2025-03-19T17:33:10-03:00\",\"dateModified\":\"2025-03-19T17:33:10-03:00\"},{\"@type\":\"WebSite\",\"@id\":\"https:\\\/\\\/newsinfoco.com.br\\\/inicio\\\/#website\",\"url\":\"https:\\\/\\\/newsinfoco.com.br\\\/inicio\\\/\",\"name\":\"News In Foco - Editado por Caio Pimenta\",\"description\":\"O principal site de noticias de Alagoinhas e regi\\u00e3o\",\"inLanguage\":\"pt-BR\",\"publisher\":{\"@id\":\"https:\\\/\\\/newsinfoco.com.br\\\/inicio\\\/#organization\"}}]}\n\t\t<\/script>\n\t\t<!-- All in One SEO -->\n\n","aioseo_head_json":{"title":"Webs\u00e9rie \u2018Comida de Terreiro\u2019 destaca o valor nutricional da culin\u00e1ria do Candombl\u00e9 - News In Foco - Editado por Caio Pimenta","description":"A segunda temporada da webs\u00e9rie Comida de Terreiro \u2013 Alimento por Inteiro ser\u00e1 lan\u00e7ada no dia 23 de mar\u00e7o no canal Oy\u00e1 Lad\u00ea Inan, no YouTube. O projeto, idealizado pelo Oy\u00e1 Lad\u00ea Inan Ponto de Cultura, traz a yalorix\u00e1 M\u00e3e Rosa de Oy\u00e1 em di\u00e1logo com a nutricionista e historiadora Leila Sousa sobre os benef\u00edcios","canonical_url":"https:\/\/newsinfoco.com.br\/inicio\/webserie-comida-de-terreiro-destaca-o-valor-nutricional-da-culinaria-do-candomble\/","robots":"max-image-preview:large","keywords":"","webmasterTools":{"miscellaneous":""},"schema":{"@context":"https:\/\/schema.org","@graph":[{"@type":"BlogPosting","@id":"https:\/\/newsinfoco.com.br\/inicio\/webserie-comida-de-terreiro-destaca-o-valor-nutricional-da-culinaria-do-candomble\/#blogposting","name":"Webs\u00e9rie \u2018Comida de Terreiro\u2019 destaca o valor nutricional da culin\u00e1ria do Candombl\u00e9 - News In Foco - Editado por Caio Pimenta","headline":"Webs\u00e9rie \u2018Comida de Terreiro\u2019 destaca o valor nutricional da culin\u00e1ria do Candombl\u00e9","author":{"@id":"https:\/\/newsinfoco.com.br\/inicio\/author\/administrador\/#author"},"publisher":{"@id":"https:\/\/newsinfoco.com.br\/inicio\/#organization"},"image":{"@type":"ImageObject","url":"https:\/\/newsinfoco.com.br\/inicio\/wp-content\/uploads\/2025\/03\/Imagem-do-WhatsApp-de-2025-03-19-as-16.03.14_1f6f3528.jpg","width":600,"height":420},"datePublished":"2025-03-19T17:33:10-03:00","dateModified":"2025-03-19T17:33:10-03:00","inLanguage":"pt-BR","mainEntityOfPage":{"@id":"https:\/\/newsinfoco.com.br\/inicio\/webserie-comida-de-terreiro-destaca-o-valor-nutricional-da-culinaria-do-candomble\/#webpage"},"isPartOf":{"@id":"https:\/\/newsinfoco.com.br\/inicio\/webserie-comida-de-terreiro-destaca-o-valor-nutricional-da-culinaria-do-candomble\/#webpage"},"articleSection":"Bahia"},{"@type":"BreadcrumbList","@id":"https:\/\/newsinfoco.com.br\/inicio\/webserie-comida-de-terreiro-destaca-o-valor-nutricional-da-culinaria-do-candomble\/#breadcrumblist","itemListElement":[{"@type":"ListItem","@id":"https:\/\/newsinfoco.com.br\/inicio#listItem","position":1,"name":"In\u00edcio","item":"https:\/\/newsinfoco.com.br\/inicio","nextItem":{"@type":"ListItem","@id":"https:\/\/newsinfoco.com.br\/inicio\/category\/bahia\/#listItem","name":"Bahia"}},{"@type":"ListItem","@id":"https:\/\/newsinfoco.com.br\/inicio\/category\/bahia\/#listItem","position":2,"name":"Bahia","item":"https:\/\/newsinfoco.com.br\/inicio\/category\/bahia\/","nextItem":{"@type":"ListItem","@id":"https:\/\/newsinfoco.com.br\/inicio\/webserie-comida-de-terreiro-destaca-o-valor-nutricional-da-culinaria-do-candomble\/#listItem","name":"Webs\u00e9rie \u2018Comida de Terreiro\u2019 destaca o valor nutricional da culin\u00e1ria do Candombl\u00e9"},"previousItem":{"@type":"ListItem","@id":"https:\/\/newsinfoco.com.br\/inicio#listItem","name":"In\u00edcio"}},{"@type":"ListItem","@id":"https:\/\/newsinfoco.com.br\/inicio\/webserie-comida-de-terreiro-destaca-o-valor-nutricional-da-culinaria-do-candomble\/#listItem","position":3,"name":"Webs\u00e9rie \u2018Comida de Terreiro\u2019 destaca o valor nutricional da culin\u00e1ria do Candombl\u00e9","previousItem":{"@type":"ListItem","@id":"https:\/\/newsinfoco.com.br\/inicio\/category\/bahia\/#listItem","name":"Bahia"}}]},{"@type":"Organization","@id":"https:\/\/newsinfoco.com.br\/inicio\/#organization","name":"News In Foco - Editado por Caio Pimenta","description":"O principal site de noticias de Alagoinhas e regi\u00e3o","url":"https:\/\/newsinfoco.com.br\/inicio\/"},{"@type":"Person","@id":"https:\/\/newsinfoco.com.br\/inicio\/author\/administrador\/#author","url":"https:\/\/newsinfoco.com.br\/inicio\/author\/administrador\/","name":"administrador","image":{"@type":"ImageObject","@id":"https:\/\/newsinfoco.com.br\/inicio\/webserie-comida-de-terreiro-destaca-o-valor-nutricional-da-culinaria-do-candomble\/#authorImage","url":"https:\/\/secure.gravatar.com\/avatar\/c17a617433de8c1dc9584bb79aab7563b46f5bb7e1728c9b17d9cc3ce6a08e49?s=96&d=mm&r=g","width":96,"height":96,"caption":"administrador"}},{"@type":"WebPage","@id":"https:\/\/newsinfoco.com.br\/inicio\/webserie-comida-de-terreiro-destaca-o-valor-nutricional-da-culinaria-do-candomble\/#webpage","url":"https:\/\/newsinfoco.com.br\/inicio\/webserie-comida-de-terreiro-destaca-o-valor-nutricional-da-culinaria-do-candomble\/","name":"Webs\u00e9rie \u2018Comida de Terreiro\u2019 destaca o valor nutricional da culin\u00e1ria do Candombl\u00e9 - News In Foco - Editado por Caio Pimenta","description":"A segunda temporada da webs\u00e9rie Comida de Terreiro \u2013 Alimento por Inteiro ser\u00e1 lan\u00e7ada no dia 23 de mar\u00e7o no canal Oy\u00e1 Lad\u00ea Inan, no YouTube. O projeto, idealizado pelo Oy\u00e1 Lad\u00ea Inan Ponto de Cultura, traz a yalorix\u00e1 M\u00e3e Rosa de Oy\u00e1 em di\u00e1logo com a nutricionista e historiadora Leila Sousa sobre os benef\u00edcios","inLanguage":"pt-BR","isPartOf":{"@id":"https:\/\/newsinfoco.com.br\/inicio\/#website"},"breadcrumb":{"@id":"https:\/\/newsinfoco.com.br\/inicio\/webserie-comida-de-terreiro-destaca-o-valor-nutricional-da-culinaria-do-candomble\/#breadcrumblist"},"author":{"@id":"https:\/\/newsinfoco.com.br\/inicio\/author\/administrador\/#author"},"creator":{"@id":"https:\/\/newsinfoco.com.br\/inicio\/author\/administrador\/#author"},"image":{"@type":"ImageObject","url":"https:\/\/newsinfoco.com.br\/inicio\/wp-content\/uploads\/2025\/03\/Imagem-do-WhatsApp-de-2025-03-19-as-16.03.14_1f6f3528.jpg","@id":"https:\/\/newsinfoco.com.br\/inicio\/webserie-comida-de-terreiro-destaca-o-valor-nutricional-da-culinaria-do-candomble\/#mainImage","width":600,"height":420},"primaryImageOfPage":{"@id":"https:\/\/newsinfoco.com.br\/inicio\/webserie-comida-de-terreiro-destaca-o-valor-nutricional-da-culinaria-do-candomble\/#mainImage"},"datePublished":"2025-03-19T17:33:10-03:00","dateModified":"2025-03-19T17:33:10-03:00"},{"@type":"WebSite","@id":"https:\/\/newsinfoco.com.br\/inicio\/#website","url":"https:\/\/newsinfoco.com.br\/inicio\/","name":"News In Foco - Editado por Caio Pimenta","description":"O principal site de noticias de Alagoinhas e regi\u00e3o","inLanguage":"pt-BR","publisher":{"@id":"https:\/\/newsinfoco.com.br\/inicio\/#organization"}}]},"og:locale":"pt_BR","og:site_name":"News In Foco - Editado por Caio Pimenta - O principal site de noticias de Alagoinhas e regi\u00e3o","og:type":"article","og:title":"Webs\u00e9rie \u2018Comida de Terreiro\u2019 destaca o valor nutricional da culin\u00e1ria do Candombl\u00e9 - News In Foco - Editado por Caio Pimenta","og:description":"A segunda temporada da webs\u00e9rie Comida de Terreiro \u2013 Alimento por Inteiro ser\u00e1 lan\u00e7ada no dia 23 de mar\u00e7o no canal Oy\u00e1 Lad\u00ea Inan, no YouTube. O projeto, idealizado pelo Oy\u00e1 Lad\u00ea Inan Ponto de Cultura, traz a yalorix\u00e1 M\u00e3e Rosa de Oy\u00e1 em di\u00e1logo com a nutricionista e historiadora Leila Sousa sobre os benef\u00edcios","og:url":"https:\/\/newsinfoco.com.br\/inicio\/webserie-comida-de-terreiro-destaca-o-valor-nutricional-da-culinaria-do-candomble\/","article:published_time":"2025-03-19T20:33:10+00:00","article:modified_time":"2025-03-19T20:33:10+00:00","twitter:card":"summary_large_image","twitter:title":"Webs\u00e9rie \u2018Comida de Terreiro\u2019 destaca o valor nutricional da culin\u00e1ria do Candombl\u00e9 - News In Foco - Editado por Caio Pimenta","twitter:description":"A segunda temporada da webs\u00e9rie Comida de Terreiro \u2013 Alimento por Inteiro ser\u00e1 lan\u00e7ada no dia 23 de mar\u00e7o no canal Oy\u00e1 Lad\u00ea Inan, no YouTube. O projeto, idealizado pelo Oy\u00e1 Lad\u00ea Inan Ponto de Cultura, traz a yalorix\u00e1 M\u00e3e Rosa de Oy\u00e1 em di\u00e1logo com a nutricionista e historiadora Leila Sousa sobre os benef\u00edcios"},"aioseo_meta_data":{"post_id":"40002","title":null,"description":null,"keywords":null,"keyphrases":{"focus":{"keyphrase":"","score":0,"analysis":{"keyphraseInTitle":{"score":0,"maxScore":9,"error":1}}},"additional":[]},"primary_term":null,"canonical_url":null,"og_title":null,"og_description":null,"og_object_type":"default","og_image_type":"default","og_image_url":null,"og_image_width":null,"og_image_height":null,"og_image_custom_url":null,"og_image_custom_fields":null,"og_video":"","og_custom_url":null,"og_article_section":null,"og_article_tags":null,"twitter_use_og":false,"twitter_card":"default","twitter_image_type":"default","twitter_image_url":null,"twitter_image_custom_url":null,"twitter_image_custom_fields":null,"twitter_title":null,"twitter_description":null,"schema":{"blockGraphs":[],"customGraphs":[],"default":{"data":{"Article":[],"Course":[],"Dataset":[],"FAQPage":[],"Movie":[],"Person":[],"Product":[],"ProductReview":[],"Car":[],"Recipe":[],"Service":[],"SoftwareApplication":[],"WebPage":[]},"graphName":"BlogPosting","isEnabled":true},"graphs":[]},"schema_type":"default","schema_type_options":null,"pillar_content":false,"robots_default":true,"robots_noindex":false,"robots_noarchive":false,"robots_nosnippet":false,"robots_nofollow":false,"robots_noimageindex":false,"robots_noodp":false,"robots_notranslate":false,"robots_max_snippet":"-1","robots_max_videopreview":"-1","robots_max_imagepreview":"large","priority":null,"frequency":"default","local_seo":null,"breadcrumb_settings":null,"limit_modified_date":false,"ai":null,"created":"2025-03-19 20:33:10","updated":"2025-07-11 12:41:01","seo_analyzer_scan_date":null},"aioseo_breadcrumb":"<div class=\"aioseo-breadcrumbs\"><span class=\"aioseo-breadcrumb\">\n\t\t\t<a href=\"https:\/\/newsinfoco.com.br\/inicio\" title=\"In\u00edcio\">In\u00edcio<\/a>\n\t\t<\/span><span class=\"aioseo-breadcrumb-separator\">&raquo;<\/span><span class=\"aioseo-breadcrumb\">\n\t\t\t<a href=\"https:\/\/newsinfoco.com.br\/inicio\/category\/bahia\/\" title=\"Bahia\">Bahia<\/a>\n\t\t<\/span><span class=\"aioseo-breadcrumb-separator\">&raquo;<\/span><span class=\"aioseo-breadcrumb\">\n\t\t\tWebs\u00e9rie \u2018Comida de Terreiro\u2019 destaca o valor nutricional da culin\u00e1ria do Candombl\u00e9\n\t\t<\/span><\/div>","aioseo_breadcrumb_json":[{"label":"In\u00edcio","link":"https:\/\/newsinfoco.com.br\/inicio"},{"label":"Bahia","link":"https:\/\/newsinfoco.com.br\/inicio\/category\/bahia\/"},{"label":"Webs\u00e9rie \u2018Comida de Terreiro\u2019 destaca o valor nutricional da culin\u00e1ria do Candombl\u00e9","link":"https:\/\/newsinfoco.com.br\/inicio\/webserie-comida-de-terreiro-destaca-o-valor-nutricional-da-culinaria-do-candomble\/"}],"_links":{"self":[{"href":"https:\/\/newsinfoco.com.br\/inicio\/wp-json\/wp\/v2\/posts\/40002","targetHints":{"allow":["GET"]}}],"collection":[{"href":"https:\/\/newsinfoco.com.br\/inicio\/wp-json\/wp\/v2\/posts"}],"about":[{"href":"https:\/\/newsinfoco.com.br\/inicio\/wp-json\/wp\/v2\/types\/post"}],"author":[{"embeddable":true,"href":"https:\/\/newsinfoco.com.br\/inicio\/wp-json\/wp\/v2\/users\/1"}],"replies":[{"embeddable":true,"href":"https:\/\/newsinfoco.com.br\/inicio\/wp-json\/wp\/v2\/comments?post=40002"}],"version-history":[{"count":1,"href":"https:\/\/newsinfoco.com.br\/inicio\/wp-json\/wp\/v2\/posts\/40002\/revisions"}],"predecessor-version":[{"id":40004,"href":"https:\/\/newsinfoco.com.br\/inicio\/wp-json\/wp\/v2\/posts\/40002\/revisions\/40004"}],"wp:featuredmedia":[{"embeddable":true,"href":"https:\/\/newsinfoco.com.br\/inicio\/wp-json\/wp\/v2\/media\/40003"}],"wp:attachment":[{"href":"https:\/\/newsinfoco.com.br\/inicio\/wp-json\/wp\/v2\/media?parent=40002"}],"wp:term":[{"taxonomy":"category","embeddable":true,"href":"https:\/\/newsinfoco.com.br\/inicio\/wp-json\/wp\/v2\/categories?post=40002"},{"taxonomy":"post_tag","embeddable":true,"href":"https:\/\/newsinfoco.com.br\/inicio\/wp-json\/wp\/v2\/tags?post=40002"}],"curies":[{"name":"wp","href":"https:\/\/api.w.org\/{rel}","templated":true}]}}