{"id":40038,"date":"2025-03-21T19:28:26","date_gmt":"2025-03-21T22:28:26","guid":{"rendered":"https:\/\/newsinfoco.com.br\/inicio\/?p=40038"},"modified":"2025-03-21T19:28:26","modified_gmt":"2025-03-21T22:28:26","slug":"stf-tem-3-votos-para-condenar-zambelli-a-mais-de-5-anos-de-prisao","status":"publish","type":"post","link":"https:\/\/newsinfoco.com.br\/inicio\/stf-tem-3-votos-para-condenar-zambelli-a-mais-de-5-anos-de-prisao\/","title":{"rendered":"STF tem 3 votos para condenar Zambelli a mais de 5 anos de pris\u00e3o"},"content":{"rendered":"<p>O Supremo Tribunal de Federal (STF) tem tr\u00eas votos a favor da condena\u00e7\u00e3o da deputada federal Carla Zambelli (PL-SP) pelos crimes de porte ilegal de arma de fogo e constrangimento ilegal com emprego de arma de fogo.<\/p>\n<p>O julgamento em plen\u00e1rio virtual come\u00e7ou \u00e0s 11h desta sexta-feira (21) e segue at\u00e9 \u00e0s 23h59 do pr\u00f3ximo dia 28 de mar\u00e7o.<\/p><div class=\"newsi-conteudo_19\" id=\"newsi-503063983\"><a href=\"https:\/\/www.instagram.com\/prefeituraalagoinhas?igsh=YzgzdDJ1bWR3aWI4\" aria-label=\"SAVE_20251006_221555\"><img loading=\"lazy\" decoding=\"async\" src=\"https:\/\/newsinfoco.com.br\/inicio\/wp-content\/uploads\/2025\/10\/SAVE_20251006_221555-rotated.jpg\" alt=\"\"  srcset=\"https:\/\/newsinfoco.com.br\/inicio\/wp-content\/uploads\/2025\/10\/SAVE_20251006_221555-rotated.jpg 1140w, https:\/\/newsinfoco.com.br\/inicio\/wp-content\/uploads\/2025\/10\/SAVE_20251006_221555-300x52.jpg 300w, https:\/\/newsinfoco.com.br\/inicio\/wp-content\/uploads\/2025\/10\/SAVE_20251006_221555-1024x177.jpg 1024w, https:\/\/newsinfoco.com.br\/inicio\/wp-content\/uploads\/2025\/10\/SAVE_20251006_221555-768x133.jpg 768w, https:\/\/newsinfoco.com.br\/inicio\/wp-content\/uploads\/2025\/10\/SAVE_20251006_221555-600x104.jpg 600w, https:\/\/newsinfoco.com.br\/inicio\/wp-content\/uploads\/2025\/10\/SAVE_20251006_221555-696x120.jpg 696w, https:\/\/newsinfoco.com.br\/inicio\/wp-content\/uploads\/2025\/10\/SAVE_20251006_221555-1068x185.jpg 1068w\" sizes=\"(max-width: 1140px) 100vw, 1140px\" width=\"1140\" height=\"197\"   \/><\/a><\/div>\n<p>At\u00e9 o momento, votaram a favor da condena\u00e7\u00e3o os ministros Gilmar Mendes, que \u00e9 relator do caso, al\u00e9m de C\u00e1rmen L\u00facia e Alexandre de Moraes. Caso ela seja condenada, deve pagar 5 anos e tr\u00eas meses de pris\u00e3o e multa, al\u00e9m da perda do mandato quando o caso transitar em julgado.<\/p>\n<div>\n<div>\n<div class=\"trv-player-container\">\n<div class=\"trv-wrapper\">\n<div id=\"br_video_player_a8bdf3a661e814fdbdeac5a42f65a99dc3c659f9\" class=\"trvd_video_player\">\n<div class=\"media-player\">\n<div class=\"trv-video\">\n<div id=\"truvid_ima_container41038\" class=\"truvid_ima_container\">\n<div>\n<div>\n<div class=\"conteudo_post\">\n<p><strong>Relembre o caso<\/strong><\/p>\n<p>A a\u00e7\u00e3o penal teve in\u00edcio em agosto de 2023, ap\u00f3s den\u00fancia da Procuradoria-Geral da Rep\u00fablica (PGR) contra a deputada, que perseguiu, de arma em punho, o jornalista Luan Ara\u00fajo, pelas ruas do bairro dos Jardins, em S\u00e3o Paulo, em outubro de 2022.<\/p>\n<\/div>\n<div id=\"div-share\">Bahia.Ba<\/div>\n<\/div>\n<\/div>\n<\/div>\n<\/div>\n<\/div>\n<\/div>\n<\/div>\n<\/div>\n<\/div>\n<\/div>\n<div class='share-to-whatsapp-wrapper'><div class='share-on-whsp'>Share on: <\/div><a data-text='STF tem 3 votos para condenar Zambelli a mais de 5 anos de pris\u00e3o' data-link='https:\/\/newsinfoco.com.br\/inicio\/stf-tem-3-votos-para-condenar-zambelli-a-mais-de-5-anos-de-prisao\/' class='whatsapp-button whatsapp-share'>WhatsApp<\/a><div class='clear '><\/div><\/div>","protected":false},"excerpt":{"rendered":"<p>O Supremo Tribunal de Federal (STF) tem tr\u00eas votos a favor da condena\u00e7\u00e3o da deputada federal Carla Zambelli (PL-SP) pelos crimes de porte ilegal de arma de fogo e constrangimento ilegal com emprego de arma de fogo. O julgamento em plen\u00e1rio virtual come\u00e7ou \u00e0s 11h desta sexta-feira (21) e segue at\u00e9 \u00e0s 23h59 do pr\u00f3ximo [&hellip;]<\/p>\n","protected":false},"author":1,"featured_media":40039,"comment_status":"closed","ping_status":"closed","sticky":false,"template":"","format":"standard","meta":{"om_disable_all_campaigns":false,"_exactmetrics_skip_tracking":false,"_exactmetrics_sitenote_active":false,"_exactmetrics_sitenote_note":"","_exactmetrics_sitenote_category":0,"footnotes":""},"categories":[21],"tags":[],"class_list":["post-40038","post","type-post","status-publish","format-standard","has-post-thumbnail","hentry","category-brasil"],"aioseo_notices":[],"_links":{"self":[{"href":"https:\/\/newsinfoco.com.br\/inicio\/wp-json\/wp\/v2\/posts\/40038","targetHints":{"allow":["GET"]}}],"collection":[{"href":"https:\/\/newsinfoco.com.br\/inicio\/wp-json\/wp\/v2\/posts"}],"about":[{"href":"https:\/\/newsinfoco.com.br\/inicio\/wp-json\/wp\/v2\/types\/post"}],"author":[{"embeddable":true,"href":"https:\/\/newsinfoco.com.br\/inicio\/wp-json\/wp\/v2\/users\/1"}],"replies":[{"embeddable":true,"href":"https:\/\/newsinfoco.com.br\/inicio\/wp-json\/wp\/v2\/comments?post=40038"}],"version-history":[{"count":1,"href":"https:\/\/newsinfoco.com.br\/inicio\/wp-json\/wp\/v2\/posts\/40038\/revisions"}],"predecessor-version":[{"id":40040,"href":"https:\/\/newsinfoco.com.br\/inicio\/wp-json\/wp\/v2\/posts\/40038\/revisions\/40040"}],"wp:featuredmedia":[{"embeddable":true,"href":"https:\/\/newsinfoco.com.br\/inicio\/wp-json\/wp\/v2\/media\/40039"}],"wp:attachment":[{"href":"https:\/\/newsinfoco.com.br\/inicio\/wp-json\/wp\/v2\/media?parent=40038"}],"wp:term":[{"taxonomy":"category","embeddable":true,"href":"https:\/\/newsinfoco.com.br\/inicio\/wp-json\/wp\/v2\/categories?post=40038"},{"taxonomy":"post_tag","embeddable":true,"href":"https:\/\/newsinfoco.com.br\/inicio\/wp-json\/wp\/v2\/tags?post=40038"}],"curies":[{"name":"wp","href":"https:\/\/api.w.org\/{rel}","templated":true}]}}