{"id":40041,"date":"2025-03-21T19:49:20","date_gmt":"2025-03-21T22:49:20","guid":{"rendered":"https:\/\/newsinfoco.com.br\/inicio\/?p=40041"},"modified":"2025-03-21T19:49:20","modified_gmt":"2025-03-21T22:49:20","slug":"senador-humbeto-costa-e-o-novo-presidente-nacional-do-pt","status":"publish","type":"post","link":"https:\/\/newsinfoco.com.br\/inicio\/senador-humbeto-costa-e-o-novo-presidente-nacional-do-pt\/","title":{"rendered":"Senador Humbeto Costa \u00e9 o novo presidente nacional do PT"},"content":{"rendered":"<p>O senador Humberto Costa (PT) \u00e9 oficialmente presidente nacional do PT (Partido dos Trabalhadores). Ele vai ocupar a vaga deixada por Gleisi Hoffmann, agora ministra de Rela\u00e7\u00f5es Institucionais do governo do presidente Lula (PT).<\/p>\n<div>\n<div>\n<div class=\"trv-player-container\">\n<div class=\"trv-wrapper\">\n<div id=\"br_video_player_ccedb792de172211f47fc5a42f65a99dc3c659f9\" class=\"trvd_video_player\">\n<div class=\"media-player\">\n<div class=\"trv-video\">\n<div id=\"truvid_ima_container39549\" class=\"truvid_ima_container trv-ima-container-hidden\">\n<div class=\"conteudo_post\">\n<p>Para o cargo de vice-presidente nacional do partido, o escolhido \u00e9 Everaldo Anuncia\u00e7\u00e3o, ex-presidente do PT na Bahia.<\/p><div class=\"newsi-conteudo_19\" id=\"newsi-1902554519\"><a href=\"https:\/\/www.instagram.com\/prefeituraalagoinhas?igsh=YzgzdDJ1bWR3aWI4\" aria-label=\"SAVE_20251006_221555\"><img loading=\"lazy\" decoding=\"async\" src=\"https:\/\/newsinfoco.com.br\/inicio\/wp-content\/uploads\/2025\/10\/SAVE_20251006_221555-rotated.jpg\" alt=\"\"  srcset=\"https:\/\/newsinfoco.com.br\/inicio\/wp-content\/uploads\/2025\/10\/SAVE_20251006_221555-rotated.jpg 1140w, https:\/\/newsinfoco.com.br\/inicio\/wp-content\/uploads\/2025\/10\/SAVE_20251006_221555-300x52.jpg 300w, https:\/\/newsinfoco.com.br\/inicio\/wp-content\/uploads\/2025\/10\/SAVE_20251006_221555-1024x177.jpg 1024w, https:\/\/newsinfoco.com.br\/inicio\/wp-content\/uploads\/2025\/10\/SAVE_20251006_221555-768x133.jpg 768w, https:\/\/newsinfoco.com.br\/inicio\/wp-content\/uploads\/2025\/10\/SAVE_20251006_221555-600x104.jpg 600w, https:\/\/newsinfoco.com.br\/inicio\/wp-content\/uploads\/2025\/10\/SAVE_20251006_221555-696x120.jpg 696w, https:\/\/newsinfoco.com.br\/inicio\/wp-content\/uploads\/2025\/10\/SAVE_20251006_221555-1068x185.jpg 1068w\" sizes=\"(max-width: 1140px) 100vw, 1140px\" width=\"1140\" height=\"197\"   \/><\/a><\/div>\n<p>Participaram da reuni\u00e3o o ministro da Casa Civil Rui Costa, o senador Jaques Wagner, do secret\u00e1rio de Comunica\u00e7\u00e3o do governo federal, Sid\u00f4nio Palmeira, e da ministra da Cultura, Margareth Menezes.<\/p>\n<\/div>\n<div id=\"div-share\">Bahia.Ba<\/div>\n<\/div>\n<\/div>\n<\/div>\n<\/div>\n<\/div>\n<\/div>\n<\/div>\n<\/div>\n<div class='share-to-whatsapp-wrapper'><div class='share-on-whsp'>Share on: <\/div><a data-text='Senador Humbeto Costa \u00e9 o novo presidente nacional do PT' data-link='https:\/\/newsinfoco.com.br\/inicio\/senador-humbeto-costa-e-o-novo-presidente-nacional-do-pt\/' class='whatsapp-button whatsapp-share'>WhatsApp<\/a><div class='clear '><\/div><\/div>","protected":false},"excerpt":{"rendered":"<p>O senador Humberto Costa (PT) \u00e9 oficialmente presidente nacional do PT (Partido dos Trabalhadores). Ele vai ocupar a vaga deixada por Gleisi Hoffmann, agora ministra de Rela\u00e7\u00f5es Institucionais do governo do presidente Lula (PT). Para o cargo de vice-presidente nacional do partido, o escolhido \u00e9 Everaldo Anuncia\u00e7\u00e3o, ex-presidente do PT na Bahia. Participaram da reuni\u00e3o [&hellip;]<\/p>\n","protected":false},"author":1,"featured_media":40042,"comment_status":"closed","ping_status":"closed","sticky":false,"template":"","format":"standard","meta":{"om_disable_all_campaigns":false,"_exactmetrics_skip_tracking":false,"_exactmetrics_sitenote_active":false,"_exactmetrics_sitenote_note":"","_exactmetrics_sitenote_category":0,"footnotes":""},"categories":[21],"tags":[],"class_list":["post-40041","post","type-post","status-publish","format-standard","has-post-thumbnail","hentry","category-brasil"],"aioseo_notices":[],"_links":{"self":[{"href":"https:\/\/newsinfoco.com.br\/inicio\/wp-json\/wp\/v2\/posts\/40041","targetHints":{"allow":["GET"]}}],"collection":[{"href":"https:\/\/newsinfoco.com.br\/inicio\/wp-json\/wp\/v2\/posts"}],"about":[{"href":"https:\/\/newsinfoco.com.br\/inicio\/wp-json\/wp\/v2\/types\/post"}],"author":[{"embeddable":true,"href":"https:\/\/newsinfoco.com.br\/inicio\/wp-json\/wp\/v2\/users\/1"}],"replies":[{"embeddable":true,"href":"https:\/\/newsinfoco.com.br\/inicio\/wp-json\/wp\/v2\/comments?post=40041"}],"version-history":[{"count":1,"href":"https:\/\/newsinfoco.com.br\/inicio\/wp-json\/wp\/v2\/posts\/40041\/revisions"}],"predecessor-version":[{"id":40043,"href":"https:\/\/newsinfoco.com.br\/inicio\/wp-json\/wp\/v2\/posts\/40041\/revisions\/40043"}],"wp:featuredmedia":[{"embeddable":true,"href":"https:\/\/newsinfoco.com.br\/inicio\/wp-json\/wp\/v2\/media\/40042"}],"wp:attachment":[{"href":"https:\/\/newsinfoco.com.br\/inicio\/wp-json\/wp\/v2\/media?parent=40041"}],"wp:term":[{"taxonomy":"category","embeddable":true,"href":"https:\/\/newsinfoco.com.br\/inicio\/wp-json\/wp\/v2\/categories?post=40041"},{"taxonomy":"post_tag","embeddable":true,"href":"https:\/\/newsinfoco.com.br\/inicio\/wp-json\/wp\/v2\/tags?post=40041"}],"curies":[{"name":"wp","href":"https:\/\/api.w.org\/{rel}","templated":true}]}}