{"id":4023,"date":"2018-05-18T20:49:13","date_gmt":"2018-05-18T23:49:13","guid":{"rendered":"http:\/\/newsinfoco.com.br\/?p=4023"},"modified":"2018-05-18T20:49:13","modified_gmt":"2018-05-18T23:49:13","slug":"prefeitura-lanca-o-sao-joao-alagoinhas-2018-e-entra-oficialmente-para-o-calendario-junino-baiano","status":"publish","type":"post","link":"https:\/\/newsinfoco.com.br\/inicio\/prefeitura-lanca-o-sao-joao-alagoinhas-2018-e-entra-oficialmente-para-o-calendario-junino-baiano\/","title":{"rendered":"Prefeitura lan\u00e7a o S\u00e3o Jo\u00e3o Alagoinhas 2018 e entra oficialmente para o calend\u00e1rio junino baiano"},"content":{"rendered":"<p style=\"text-align: justify;\"><span style=\"color: #000000;\">A mais nova tradi\u00e7\u00e3o da Bahia, o S\u00e3o Jo\u00e3o de Alagoinhas entra oficialmente no calend\u00e1rio junino do estado. Durante entrevista coletiva, realizada na manh\u00e3 desta sexta-feira (18), o prefeito Joaquim Neto apresentou o S\u00e3o Jo\u00e3o Alagoinhas 2018 para a imprensa local e regional. A proposta deste ano \u00e9 o resgate da tradi\u00e7\u00e3o dos festejos juninos e principalmente apresentar \u00e0 Bahia um novo roteiro tur\u00edstico, visto que o munic\u00edpio foi inclu\u00eddo no Mapa do Turismo Brasileiro pelo Minist\u00e9rio do Turismo, em 2017.<\/span><\/p>\n<p style=\"text-align: justify;\"><span style=\"color: #000000;\">Acreditando na for\u00e7a da tradi\u00e7\u00e3o como ra\u00edzes de identidades culturais, a Prefeitura de Alagoinhas elaborou um calend\u00e1rio direcionado \u00e0 valoriza\u00e7\u00e3o do forr\u00f3 p\u00e9 de serra e de artistas da regi\u00e3o. Portanto, ser\u00e3o prestigiadas interven\u00e7\u00f5es culturais durante todo o m\u00eas, para al\u00e9m dos dias oficiais do evento que acontece de 22 a 24 de junho, na Avenida Joseph Wagner.<\/span><\/p><div class=\"newsi-conteudo_19\" id=\"newsi-1807764508\"><a href=\"https:\/\/www.instagram.com\/prefeituraalagoinhas?igsh=YzgzdDJ1bWR3aWI4\" aria-label=\"SAVE_20251006_221555\"><img loading=\"lazy\" decoding=\"async\" src=\"https:\/\/newsinfoco.com.br\/inicio\/wp-content\/uploads\/2025\/10\/SAVE_20251006_221555-rotated.jpg\" alt=\"\"  srcset=\"https:\/\/newsinfoco.com.br\/inicio\/wp-content\/uploads\/2025\/10\/SAVE_20251006_221555-rotated.jpg 1140w, https:\/\/newsinfoco.com.br\/inicio\/wp-content\/uploads\/2025\/10\/SAVE_20251006_221555-300x52.jpg 300w, https:\/\/newsinfoco.com.br\/inicio\/wp-content\/uploads\/2025\/10\/SAVE_20251006_221555-1024x177.jpg 1024w, https:\/\/newsinfoco.com.br\/inicio\/wp-content\/uploads\/2025\/10\/SAVE_20251006_221555-768x133.jpg 768w, https:\/\/newsinfoco.com.br\/inicio\/wp-content\/uploads\/2025\/10\/SAVE_20251006_221555-600x104.jpg 600w, https:\/\/newsinfoco.com.br\/inicio\/wp-content\/uploads\/2025\/10\/SAVE_20251006_221555-696x120.jpg 696w, https:\/\/newsinfoco.com.br\/inicio\/wp-content\/uploads\/2025\/10\/SAVE_20251006_221555-1068x185.jpg 1068w\" sizes=\"(max-width: 1140px) 100vw, 1140px\" width=\"1140\" height=\"197\"   \/><\/a><\/div>\n<p style=\"text-align: justify;\"><span style=\"color: #000000;\">O prefeito Joaquim Neto divulgou a grade de programa\u00e7\u00e3o dos shows, que conta com mais um dia de festa, entre as atra\u00e7\u00f5es, Luan Santana, Simone e Simaria, Del Feliz, Santana O Cantor, Z\u00e9 Duarte, Xote Mania, Z\u00e9 Ribeiro, Chiquinho Forr\u00f3 Pesado, Gil Mour\u00e3o, Andr\u00e9 e Mauro, Xinelo Baiano e Z\u00e9 Tonha.<\/span><\/p>\n<p style=\"text-align: justify;\"><span style=\"color: #000000;\">O S\u00e3o Jo\u00e3o de Alagoinhas preparou uma mega estrutura para receber mais de 50 mil pessoas, de acordo a Secretaria Municipal de Cultura, Esporte e Turismo (SECET). As duas pistas da Avenida Joseph Wagner ser\u00e3o utilizadas para realiza\u00e7\u00e3o do evento que receber\u00e1 apoio da Pol\u00edcia Militar da Bahia, Pol\u00edcia Civil, Corpo de Bombeiros, Guarda Municipal, al\u00e9m de seguran\u00e7a privada para garantir a tranquilidade da festa e Superintend\u00eancia de Transporte e Tr\u00e2nsito (SMTT). Outro item de seguran\u00e7a importante ser\u00e1 \u00e0 disposi\u00e7\u00e3o de dois portais de acesso, um na entrada da cidade, sentido Catu-Alagoinhas e outro ao lado da Cachoeira Ve\u00edculos. A estrutura ainda conta com sanit\u00e1rios qu\u00edmicos e pra\u00e7a de alimenta\u00e7\u00e3o.<\/span><\/p>\n<p style=\"text-align: justify;\"><span style=\"color: #000000;\">\u201cVamos nos tornar a mais nova tradi\u00e7\u00e3o do S\u00e3o Jo\u00e3o da Bahia, estamos trabalhando para isso. Retomaremos nossas tradi\u00e7\u00f5es, com certeza, isso porque o evento foi pensado para o povo e tamb\u00e9m para o desenvolvimento da cidade. Fazer esta festa n\u00e3o \u00e9 s\u00f3 entretenimento, \u00e9 cultura, economia, desenvolvimento, visibilidade para o munic\u00edpio e principalmente possibilidade de investimento\u201d, revela Joaquim Neto.<\/span><\/p>\n<p style=\"text-align: justify;\"><span style=\"color: #000000;\">Mas a festa j\u00e1 come\u00e7a muito antes com o Trem do Forr\u00f3 entre os dias 13 e 17 de junho. Este ano ser\u00e3o utilizadas duas classes de passageiros, elevando a capacidade de transporte para 100 pessoas. O passeio come\u00e7a \u00e0s 9h na Funda\u00e7\u00e3o Iraci Gama (FIGAM), com visita\u00e7\u00e3o ao espa\u00e7o cultural e segue at\u00e9 o bairro do Miguel Velho com muito forr\u00f3 p\u00e9 de serra pelo caminho. Para ter acesso \u00e9 necess\u00e1rio levar uma lata de leite ou um pacote de fralda geri\u00e1trica.<\/span><\/p>\n<p style=\"text-align: justify;\"><span style=\"color: #000000;\">Como o forr\u00f3 n\u00e3o pode parar, entre os dias 15 e 24 de junho ser\u00e1 montada a Vila do Forr\u00f3 no estacionamento da prefeitura, com apresenta\u00e7\u00f5es musicais, culturais, Orquestra Sanf\u00f4nica, feira de comidas t\u00edpicas, quadrilhas juninas e o barrac\u00e3o da solidariedade \u2013 espa\u00e7o para doa\u00e7\u00e3o de roupas e agasalhos, que ser\u00e3o entregues para institui\u00e7\u00f5es sem fins lucrativos.<\/span><\/p>\n<p style=\"text-align: justify;\"><span style=\"color: #000000;\">\u201cN\u00f3s estamos atentos para aproveitar todas as qualidades do nosso munic\u00edpio, a fim de tornar Alagoinhas refer\u00eancia no setor tur\u00edstico cultural do agreste baiano e a realiza\u00e7\u00e3o do S\u00e3o Jo\u00e3o \u00e9 uma excelente oportunidade de apresentar nossa cidade n\u00e3o s\u00f3 aos baianos, mas \u00e0s pessoas de todos os cantos que nos visitarem\u201d, diz Iraci Gama, vice-prefeita e secret\u00e1ria de cultura.<\/span><\/p>\n<p style=\"text-align: justify;\">\n<p style=\"text-align: justify;\"><span style=\"color: #000000;\"><strong>CONFIRA PROGRAMA\u00c7\u00c3O COMPLETA DO S\u00c3O JO\u00c3O ALAGOINHAS 2018:<\/strong><\/span><\/p>\n<p style=\"text-align: justify;\"><span style=\"color: #000000;\"><strong>\u00a0<\/strong><\/span><\/p>\n<p style=\"text-align: justify;\"><span style=\"color: #000000;\"><strong>Trem do Forr\u00f3:<\/strong><\/span><\/p>\n<p style=\"text-align: justify;\"><span style=\"color: #000000;\"><strong>Dia 13 \u2013 QUARTA-FEIRA:<\/strong>\u00a0Funcion\u00e1rios da rede de ferrovi\u00e1rios<\/span><\/p>\n<p style=\"text-align: justify;\"><span style=\"color: #000000;\"><strong>Dia 14 \u2013 QUINTA-FEIRA:<\/strong>\u00a0Estudantes de escolas p\u00fablicas e privadas<\/span><\/p>\n<p style=\"text-align: justify;\"><span style=\"color: #000000;\"><strong>Dias 15, 16 e 17 \u2013 SEXTA, S\u00c1BADO E DOMINGO:<\/strong>\u00a0Aberto ao p\u00fablico<\/span><\/p>\n<p style=\"text-align: justify;\"><span style=\"color: #000000;\"><strong>Hor\u00e1rio:<\/strong>\u00a09h \u00e0s 17h<\/span><\/p>\n<p style=\"text-align: justify;\"><span style=\"color: #000000;\"><strong>Entrada:<\/strong>\u00a0Uma lata de leite ou um pacote de fralda geri\u00e1trica<\/span><\/p>\n<p style=\"text-align: justify;\"><span style=\"color: #000000;\"><strong>\u00a0<\/strong><\/span><\/p>\n<p style=\"text-align: justify;\"><span style=\"color: #000000;\"><strong>Shows:<\/strong><\/span><\/p>\n<p style=\"text-align: justify;\"><span style=\"color: #000000;\"><strong>Dia 22 \u2013 SEXTA-FEIRA:<\/strong><\/span><\/p>\n<p style=\"text-align: justify;\"><span style=\"color: #000000;\"><strong>\u00a0<\/strong><\/span><\/p>\n<p style=\"text-align: justify;\"><span style=\"color: #000000;\">Z\u00e9 Duarte<\/span><\/p>\n<p style=\"text-align: justify;\"><span style=\"color: #000000;\">Xote Mania<\/span><\/p>\n<p style=\"text-align: justify;\"><span style=\"color: #000000;\">Luan Santana<\/span><\/p>\n<p style=\"text-align: justify;\"><span style=\"color: #000000;\">Z\u00e9 Ribeiro<\/span><\/p>\n<p style=\"text-align: justify;\">\n<p style=\"text-align: justify;\"><span style=\"color: #000000;\"><strong>Dia 23 \u2013 S\u00c1BADO:<\/strong><\/span><\/p>\n<p style=\"text-align: justify;\">\n<p style=\"text-align: justify;\"><span style=\"color: #000000;\">Chiquinho Forr\u00f3 Pesado<\/span><\/p>\n<p style=\"text-align: justify;\"><span style=\"color: #000000;\">Del Feliz<\/span><\/p>\n<p style=\"text-align: justify;\"><span style=\"color: #000000;\">Gil Mour\u00e3o<\/span><\/p>\n<p style=\"text-align: justify;\"><span style=\"color: #000000;\">Santana O Cantador<\/span><\/p>\n<p style=\"text-align: justify;\">\n<p style=\"text-align: justify;\"><span style=\"color: #000000;\"><strong>Dia 24 \u2013 DOMINGO:<\/strong><\/span><\/p>\n<p style=\"text-align: justify;\"><span style=\"color: #000000;\"><strong>\u00a0<\/strong><\/span><\/p>\n<p style=\"text-align: justify;\"><span style=\"color: #000000;\">Andr\u00e9 e Mauro<\/span><\/p>\n<p style=\"text-align: justify;\"><span style=\"color: #000000;\">Xinelo Baiano<\/span><\/p>\n<p style=\"text-align: justify;\"><span style=\"color: #000000;\">Z\u00e9 de Tonha<\/span><\/p>\n<p style=\"text-align: justify;\"><span style=\"color: #000000;\">Simone e Simaria<\/span><\/p>\n<h6 style=\"text-align: right;\"><span style=\"color: #999999;\">fontes:SECOM,SMTT,SECET,FIGAM,prefeitura<\/span><\/h6>\n<div class='share-to-whatsapp-wrapper'><div class='share-on-whsp'>Share on: <\/div><a data-text='Prefeitura lan\u00e7a o S\u00e3o Jo\u00e3o Alagoinhas 2018 e entra oficialmente para o calend\u00e1rio junino baiano' data-link='https:\/\/newsinfoco.com.br\/inicio\/prefeitura-lanca-o-sao-joao-alagoinhas-2018-e-entra-oficialmente-para-o-calendario-junino-baiano\/' class='whatsapp-button whatsapp-share'>WhatsApp<\/a><div class='clear '><\/div><\/div>","protected":false},"excerpt":{"rendered":"<p>A mais nova tradi\u00e7\u00e3o da Bahia, o S\u00e3o Jo\u00e3o de Alagoinhas entra oficialmente no calend\u00e1rio junino do estado. Durante entrevista coletiva, realizada na manh\u00e3 desta sexta-feira (18), o prefeito Joaquim Neto apresentou o S\u00e3o Jo\u00e3o Alagoinhas 2018 para a imprensa local e regional. A proposta deste ano \u00e9 o resgate da tradi\u00e7\u00e3o dos festejos juninos [&hellip;]<\/p>\n","protected":false},"author":1,"featured_media":294,"comment_status":"open","ping_status":"open","sticky":false,"template":"","format":"standard","meta":{"om_disable_all_campaigns":false,"_exactmetrics_skip_tracking":false,"_exactmetrics_sitenote_active":false,"_exactmetrics_sitenote_note":"","_exactmetrics_sitenote_category":0,"footnotes":""},"categories":[38,30],"tags":[53,105,54,67,57],"class_list":["post-4023","post","type-post","status-publish","format-standard","has-post-thumbnail","hentry","category-alagoinhas-e-regiao","category-destaque","tag-alagoinhas","tag-figam","tag-prefeitura","tag-secet","tag-smtt"],"aioseo_notices":[],"_links":{"self":[{"href":"https:\/\/newsinfoco.com.br\/inicio\/wp-json\/wp\/v2\/posts\/4023","targetHints":{"allow":["GET"]}}],"collection":[{"href":"https:\/\/newsinfoco.com.br\/inicio\/wp-json\/wp\/v2\/posts"}],"about":[{"href":"https:\/\/newsinfoco.com.br\/inicio\/wp-json\/wp\/v2\/types\/post"}],"author":[{"embeddable":true,"href":"https:\/\/newsinfoco.com.br\/inicio\/wp-json\/wp\/v2\/users\/1"}],"replies":[{"embeddable":true,"href":"https:\/\/newsinfoco.com.br\/inicio\/wp-json\/wp\/v2\/comments?post=4023"}],"version-history":[{"count":0,"href":"https:\/\/newsinfoco.com.br\/inicio\/wp-json\/wp\/v2\/posts\/4023\/revisions"}],"wp:featuredmedia":[{"embeddable":true,"href":"https:\/\/newsinfoco.com.br\/inicio\/wp-json\/wp\/v2\/media\/294"}],"wp:attachment":[{"href":"https:\/\/newsinfoco.com.br\/inicio\/wp-json\/wp\/v2\/media?parent=4023"}],"wp:term":[{"taxonomy":"category","embeddable":true,"href":"https:\/\/newsinfoco.com.br\/inicio\/wp-json\/wp\/v2\/categories?post=4023"},{"taxonomy":"post_tag","embeddable":true,"href":"https:\/\/newsinfoco.com.br\/inicio\/wp-json\/wp\/v2\/tags?post=4023"}],"curies":[{"name":"wp","href":"https:\/\/api.w.org\/{rel}","templated":true}]}}