{"id":4080,"date":"2018-05-19T15:32:41","date_gmt":"2018-05-19T18:32:41","guid":{"rendered":"http:\/\/newsinfoco.com.br\/?p=4080"},"modified":"2018-05-19T15:32:41","modified_gmt":"2018-05-19T18:32:41","slug":"alagoinhas-encerra-a-semana-de-museus-com-palestras-sobre-memoria-cultura-e-historia-na-figam","status":"publish","type":"post","link":"https:\/\/newsinfoco.com.br\/inicio\/alagoinhas-encerra-a-semana-de-museus-com-palestras-sobre-memoria-cultura-e-historia-na-figam\/","title":{"rendered":"Alagoinhas encerra a Semana de Museus com palestras sobre mem\u00f3ria, cultura e hist\u00f3ria na FIGAM"},"content":{"rendered":"<p style=\"text-align: justify;\"><span style=\"color: #000000;\">Mobilizada pela temporada cultural da 16\u00aa Semana de Museus, que acontece de 14 a 20 de maio em 1.130 museus de todo o pa\u00eds, a Prefeitura de Alagoinhas, atrav\u00e9s da Secretaria Municipal de Cultura, Esporte e Turismo (SECET), promoveu, nos dias 17 e 18 de maio, uma programa\u00e7\u00e3o voltada \u00e0 mem\u00f3ria da cidade na Funda\u00e7\u00e3o Iraci Gama.<\/span><\/p>\n<p style=\"text-align: justify;\"><span style=\"color: #000000;\">Os convidados Ede Ricardo de Assis Soares, do Centro de Documenta\u00e7\u00e3o e Mem\u00f3ria de Alagoinhas (CENDOMA), Rob\u00e9rio Pimenta, coordenador do Arquivo P\u00fablico Municipal e Marco T\u00falio, da Biblioteca Municipal Maria Feij\u00f3, se uniram, na \u00faltima quinta-feira, \u00e0 professora Iraci Gama, secret\u00e1ria municipal da pasta e vice-prefeita, para palestrar e compartilhar, em mesa redonda, refer\u00eancias, conhecimentos e interpreta\u00e7\u00f5es da cultura que fazem parte da hist\u00f3ria da cidade.<\/span><\/p><div class=\"newsi-conteudo_19\" id=\"newsi-4294846759\"><a href=\"https:\/\/www.instagram.com\/prefeituraalagoinhas?igsh=YzgzdDJ1bWR3aWI4\" aria-label=\"SAVE_20251006_221555\"><img loading=\"lazy\" decoding=\"async\" src=\"https:\/\/newsinfoco.com.br\/inicio\/wp-content\/uploads\/2025\/10\/SAVE_20251006_221555-rotated.jpg\" alt=\"\"  srcset=\"https:\/\/newsinfoco.com.br\/inicio\/wp-content\/uploads\/2025\/10\/SAVE_20251006_221555-rotated.jpg 1140w, https:\/\/newsinfoco.com.br\/inicio\/wp-content\/uploads\/2025\/10\/SAVE_20251006_221555-300x52.jpg 300w, https:\/\/newsinfoco.com.br\/inicio\/wp-content\/uploads\/2025\/10\/SAVE_20251006_221555-1024x177.jpg 1024w, https:\/\/newsinfoco.com.br\/inicio\/wp-content\/uploads\/2025\/10\/SAVE_20251006_221555-768x133.jpg 768w, https:\/\/newsinfoco.com.br\/inicio\/wp-content\/uploads\/2025\/10\/SAVE_20251006_221555-600x104.jpg 600w, https:\/\/newsinfoco.com.br\/inicio\/wp-content\/uploads\/2025\/10\/SAVE_20251006_221555-696x120.jpg 696w, https:\/\/newsinfoco.com.br\/inicio\/wp-content\/uploads\/2025\/10\/SAVE_20251006_221555-1068x185.jpg 1068w\" sizes=\"(max-width: 1140px) 100vw, 1140px\" width=\"1140\" height=\"197\"   \/><\/a><\/div>\n<p style=\"text-align: justify;\"><span style=\"color: #000000;\">\u201cO que a gente quer n\u00e3o \u00e9 ser diferente; o que a gente quer \u00e9 dispor de um lugar de mem\u00f3ria onde o filho da terra se reconhe\u00e7a\u201d, pontuou Iraci Gama durante a fala sobre o movimento cultural de Alagoinhas.<\/span><br \/>\n<span style=\"color: #000000;\">A professora ressaltou a import\u00e2ncia da mem\u00f3ria local e lembrou que o munic\u00edpio foi a primeira cidade a receber a Orquestra Sinf\u00f4nica da Bahia, que s\u00f3 havia se apresentado em Salvador e escolheu o local para fazer a primeira apari\u00e7\u00e3o fora da capital em 1991.<\/span><\/p>\n<p style=\"text-align: justify;\"><span style=\"color: #000000;\">Os palestrantes tamb\u00e9m discorreram sobre a necessidade de preserva\u00e7\u00e3o da cultura, comentaram sobre momentos hist\u00f3ricos espec\u00edficos da cidade e destacaram o crescimento da profissionaliza\u00e7\u00e3o das atividades dos museus.<\/span><br \/>\n<span style=\"color: #000000;\">O tema nacional da edi\u00e7\u00e3o, promovida pelo Instituto Brasileiro de Museus (Ibram), \u00e9 \u201cMuseus Hiperconectados: novas abordagens, novos p\u00fablicos\u201d, e traz luz \u00e0 discuss\u00e3o sobre a aplica\u00e7\u00e3o de materiais virtuais para ampliar a conex\u00e3o com os visitantes.<\/span><\/p>\n<p style=\"text-align: justify;\"><span style=\"color: #000000;\">Em Alagoinhas, a SECET informou que o intuito tamb\u00e9m \u00e9 incorporar as novas tecnologias ao arquivo, embora o local n\u00e3o funcione ainda com din\u00e2micas interativas. De acordo com a Secretaria, o objetivo principal da a\u00e7\u00e3o desenvolvida era aproximar o p\u00fablico dos arquivos municipais, oportunizando, ao visitante, o contato com a hist\u00f3ria, a cultura e a mem\u00f3ria.<\/span><\/p>\n<p style=\"text-align: justify;\"><span style=\"color: #000000;\">Al\u00e9m das palestras, a SECET realizou, durante os dois turnos (matutino e vespertino) de ontem (18), visita\u00e7\u00f5es guiadas pela Funda\u00e7\u00e3o Iraci Gama (FIGAM). A atividade coincidiu com a data em que se comemora o Dia Internacional dos Museus, criado para sensibilizar o p\u00fablico sobre a import\u00e2ncia dos locais de preserva\u00e7\u00e3o da cultura, de elabora\u00e7\u00e3o da mem\u00f3ria e de constru\u00e7\u00e3o do conhecimento.<\/span><\/p>\n<p><a href=\"http:\/\/newsinfoco.com.br\/wp-content\/uploads\/2018\/05\/40371452940_664d722909_k.jpg\"><img loading=\"lazy\" decoding=\"async\" class=\"alignnone size-medium wp-image-4081\" src=\"http:\/\/newsinfoco.com.br\/wp-content\/uploads\/2018\/05\/40371452940_664d722909_k-300x199.jpg\" alt=\"\" width=\"300\" height=\"199\" srcset=\"https:\/\/newsinfoco.com.br\/inicio\/wp-content\/uploads\/2018\/05\/40371452940_664d722909_k-300x199.jpg 300w, https:\/\/newsinfoco.com.br\/inicio\/wp-content\/uploads\/2018\/05\/40371452940_664d722909_k-768x509.jpg 768w, https:\/\/newsinfoco.com.br\/inicio\/wp-content\/uploads\/2018\/05\/40371452940_664d722909_k-1024x678.jpg 1024w, https:\/\/newsinfoco.com.br\/inicio\/wp-content\/uploads\/2018\/05\/40371452940_664d722909_k-600x397.jpg 600w, https:\/\/newsinfoco.com.br\/inicio\/wp-content\/uploads\/2018\/05\/40371452940_664d722909_k-696x461.jpg 696w, https:\/\/newsinfoco.com.br\/inicio\/wp-content\/uploads\/2018\/05\/40371452940_664d722909_k-1068x707.jpg 1068w, https:\/\/newsinfoco.com.br\/inicio\/wp-content\/uploads\/2018\/05\/40371452940_664d722909_k-634x420.jpg 634w, https:\/\/newsinfoco.com.br\/inicio\/wp-content\/uploads\/2018\/05\/40371452940_664d722909_k-1320x874.jpg 1320w, https:\/\/newsinfoco.com.br\/inicio\/wp-content\/uploads\/2018\/05\/40371452940_664d722909_k.jpg 2048w\" sizes=\"auto, (max-width: 300px) 100vw, 300px\" \/><\/a> <a href=\"http:\/\/newsinfoco.com.br\/wp-content\/uploads\/2018\/05\/40371482850_4aadea093a_k.jpg\"><img loading=\"lazy\" decoding=\"async\" class=\"alignnone size-medium wp-image-4082\" src=\"http:\/\/newsinfoco.com.br\/wp-content\/uploads\/2018\/05\/40371482850_4aadea093a_k-300x199.jpg\" alt=\"\" width=\"300\" height=\"199\" srcset=\"https:\/\/newsinfoco.com.br\/inicio\/wp-content\/uploads\/2018\/05\/40371482850_4aadea093a_k-300x199.jpg 300w, https:\/\/newsinfoco.com.br\/inicio\/wp-content\/uploads\/2018\/05\/40371482850_4aadea093a_k-768x509.jpg 768w, https:\/\/newsinfoco.com.br\/inicio\/wp-content\/uploads\/2018\/05\/40371482850_4aadea093a_k-1024x678.jpg 1024w, https:\/\/newsinfoco.com.br\/inicio\/wp-content\/uploads\/2018\/05\/40371482850_4aadea093a_k-600x397.jpg 600w, https:\/\/newsinfoco.com.br\/inicio\/wp-content\/uploads\/2018\/05\/40371482850_4aadea093a_k-696x461.jpg 696w, https:\/\/newsinfoco.com.br\/inicio\/wp-content\/uploads\/2018\/05\/40371482850_4aadea093a_k-1068x707.jpg 1068w, https:\/\/newsinfoco.com.br\/inicio\/wp-content\/uploads\/2018\/05\/40371482850_4aadea093a_k-634x420.jpg 634w, https:\/\/newsinfoco.com.br\/inicio\/wp-content\/uploads\/2018\/05\/40371482850_4aadea093a_k-1320x874.jpg 1320w, https:\/\/newsinfoco.com.br\/inicio\/wp-content\/uploads\/2018\/05\/40371482850_4aadea093a_k.jpg 2048w\" sizes=\"auto, (max-width: 300px) 100vw, 300px\" \/><\/a> <a href=\"http:\/\/newsinfoco.com.br\/wp-content\/uploads\/2018\/05\/42126754672_a8f25d007a_k.jpg\"><img loading=\"lazy\" decoding=\"async\" class=\"alignnone size-medium wp-image-4083\" src=\"http:\/\/newsinfoco.com.br\/wp-content\/uploads\/2018\/05\/42126754672_a8f25d007a_k-300x199.jpg\" alt=\"\" width=\"300\" height=\"199\" srcset=\"https:\/\/newsinfoco.com.br\/inicio\/wp-content\/uploads\/2018\/05\/42126754672_a8f25d007a_k-300x199.jpg 300w, https:\/\/newsinfoco.com.br\/inicio\/wp-content\/uploads\/2018\/05\/42126754672_a8f25d007a_k-768x509.jpg 768w, https:\/\/newsinfoco.com.br\/inicio\/wp-content\/uploads\/2018\/05\/42126754672_a8f25d007a_k-1024x678.jpg 1024w, https:\/\/newsinfoco.com.br\/inicio\/wp-content\/uploads\/2018\/05\/42126754672_a8f25d007a_k-600x397.jpg 600w, https:\/\/newsinfoco.com.br\/inicio\/wp-content\/uploads\/2018\/05\/42126754672_a8f25d007a_k-696x461.jpg 696w, https:\/\/newsinfoco.com.br\/inicio\/wp-content\/uploads\/2018\/05\/42126754672_a8f25d007a_k-1068x707.jpg 1068w, https:\/\/newsinfoco.com.br\/inicio\/wp-content\/uploads\/2018\/05\/42126754672_a8f25d007a_k-634x420.jpg 634w, https:\/\/newsinfoco.com.br\/inicio\/wp-content\/uploads\/2018\/05\/42126754672_a8f25d007a_k-1320x874.jpg 1320w, https:\/\/newsinfoco.com.br\/inicio\/wp-content\/uploads\/2018\/05\/42126754672_a8f25d007a_k.jpg 2048w\" sizes=\"auto, (max-width: 300px) 100vw, 300px\" \/><\/a> <a href=\"http:\/\/newsinfoco.com.br\/wp-content\/uploads\/2018\/05\/27306982477_7c09eb008c_k.jpg\"><img loading=\"lazy\" decoding=\"async\" class=\"alignnone size-medium wp-image-4084\" src=\"http:\/\/newsinfoco.com.br\/wp-content\/uploads\/2018\/05\/27306982477_7c09eb008c_k-300x199.jpg\" alt=\"\" width=\"300\" height=\"199\" srcset=\"https:\/\/newsinfoco.com.br\/inicio\/wp-content\/uploads\/2018\/05\/27306982477_7c09eb008c_k-300x199.jpg 300w, https:\/\/newsinfoco.com.br\/inicio\/wp-content\/uploads\/2018\/05\/27306982477_7c09eb008c_k-768x509.jpg 768w, https:\/\/newsinfoco.com.br\/inicio\/wp-content\/uploads\/2018\/05\/27306982477_7c09eb008c_k-1024x678.jpg 1024w, https:\/\/newsinfoco.com.br\/inicio\/wp-content\/uploads\/2018\/05\/27306982477_7c09eb008c_k-600x397.jpg 600w, https:\/\/newsinfoco.com.br\/inicio\/wp-content\/uploads\/2018\/05\/27306982477_7c09eb008c_k-696x461.jpg 696w, https:\/\/newsinfoco.com.br\/inicio\/wp-content\/uploads\/2018\/05\/27306982477_7c09eb008c_k-1068x707.jpg 1068w, https:\/\/newsinfoco.com.br\/inicio\/wp-content\/uploads\/2018\/05\/27306982477_7c09eb008c_k-634x420.jpg 634w, https:\/\/newsinfoco.com.br\/inicio\/wp-content\/uploads\/2018\/05\/27306982477_7c09eb008c_k-1320x874.jpg 1320w, https:\/\/newsinfoco.com.br\/inicio\/wp-content\/uploads\/2018\/05\/27306982477_7c09eb008c_k.jpg 2048w\" sizes=\"auto, (max-width: 300px) 100vw, 300px\" \/><\/a> <a href=\"http:\/\/newsinfoco.com.br\/wp-content\/uploads\/2018\/05\/42178728711_e689702eb8_k.jpg\"><img loading=\"lazy\" decoding=\"async\" class=\"alignnone size-medium wp-image-4085\" src=\"http:\/\/newsinfoco.com.br\/wp-content\/uploads\/2018\/05\/42178728711_e689702eb8_k-300x199.jpg\" alt=\"\" width=\"300\" height=\"199\" srcset=\"https:\/\/newsinfoco.com.br\/inicio\/wp-content\/uploads\/2018\/05\/42178728711_e689702eb8_k-300x199.jpg 300w, https:\/\/newsinfoco.com.br\/inicio\/wp-content\/uploads\/2018\/05\/42178728711_e689702eb8_k-768x509.jpg 768w, https:\/\/newsinfoco.com.br\/inicio\/wp-content\/uploads\/2018\/05\/42178728711_e689702eb8_k-1024x678.jpg 1024w, https:\/\/newsinfoco.com.br\/inicio\/wp-content\/uploads\/2018\/05\/42178728711_e689702eb8_k-600x397.jpg 600w, https:\/\/newsinfoco.com.br\/inicio\/wp-content\/uploads\/2018\/05\/42178728711_e689702eb8_k-696x461.jpg 696w, https:\/\/newsinfoco.com.br\/inicio\/wp-content\/uploads\/2018\/05\/42178728711_e689702eb8_k-1068x707.jpg 1068w, https:\/\/newsinfoco.com.br\/inicio\/wp-content\/uploads\/2018\/05\/42178728711_e689702eb8_k-634x420.jpg 634w, https:\/\/newsinfoco.com.br\/inicio\/wp-content\/uploads\/2018\/05\/42178728711_e689702eb8_k-1320x874.jpg 1320w, https:\/\/newsinfoco.com.br\/inicio\/wp-content\/uploads\/2018\/05\/42178728711_e689702eb8_k.jpg 2048w\" sizes=\"auto, (max-width: 300px) 100vw, 300px\" \/><\/a><\/p>\n<p>&nbsp;<\/p>\n<h6 style=\"text-align: right;\"><span style=\"color: #999999;\">Fonte: SECOM SECET Prefeitura<\/span><\/h6>\n<div class='share-to-whatsapp-wrapper'><div class='share-on-whsp'>Share on: <\/div><a data-text='Alagoinhas encerra a Semana de Museus com palestras sobre mem\u00f3ria, cultura e hist\u00f3ria na FIGAM' data-link='https:\/\/newsinfoco.com.br\/inicio\/alagoinhas-encerra-a-semana-de-museus-com-palestras-sobre-memoria-cultura-e-historia-na-figam\/' class='whatsapp-button whatsapp-share'>WhatsApp<\/a><div class='clear '><\/div><\/div>","protected":false},"excerpt":{"rendered":"<p>Mobilizada pela temporada cultural da 16\u00aa Semana de Museus, que acontece de 14 a 20 de maio em 1.130 museus de todo o pa\u00eds, a Prefeitura de Alagoinhas, atrav\u00e9s da Secretaria Municipal de Cultura, Esporte e Turismo (SECET), promoveu, nos dias 17 e 18 de maio, uma programa\u00e7\u00e3o voltada \u00e0 mem\u00f3ria da cidade na Funda\u00e7\u00e3o [&hellip;]<\/p>\n","protected":false},"author":1,"featured_media":4082,"comment_status":"open","ping_status":"open","sticky":false,"template":"","format":"standard","meta":{"om_disable_all_campaigns":false,"_exactmetrics_skip_tracking":false,"_exactmetrics_sitenote_active":false,"_exactmetrics_sitenote_note":"","_exactmetrics_sitenote_category":0,"footnotes":""},"categories":[38,30],"tags":[53,54,67,56],"class_list":["post-4080","post","type-post","status-publish","format-standard","has-post-thumbnail","hentry","category-alagoinhas-e-regiao","category-destaque","tag-alagoinhas","tag-prefeitura","tag-secet","tag-secom"],"aioseo_notices":[],"_links":{"self":[{"href":"https:\/\/newsinfoco.com.br\/inicio\/wp-json\/wp\/v2\/posts\/4080","targetHints":{"allow":["GET"]}}],"collection":[{"href":"https:\/\/newsinfoco.com.br\/inicio\/wp-json\/wp\/v2\/posts"}],"about":[{"href":"https:\/\/newsinfoco.com.br\/inicio\/wp-json\/wp\/v2\/types\/post"}],"author":[{"embeddable":true,"href":"https:\/\/newsinfoco.com.br\/inicio\/wp-json\/wp\/v2\/users\/1"}],"replies":[{"embeddable":true,"href":"https:\/\/newsinfoco.com.br\/inicio\/wp-json\/wp\/v2\/comments?post=4080"}],"version-history":[{"count":0,"href":"https:\/\/newsinfoco.com.br\/inicio\/wp-json\/wp\/v2\/posts\/4080\/revisions"}],"wp:featuredmedia":[{"embeddable":true,"href":"https:\/\/newsinfoco.com.br\/inicio\/wp-json\/wp\/v2\/media\/4082"}],"wp:attachment":[{"href":"https:\/\/newsinfoco.com.br\/inicio\/wp-json\/wp\/v2\/media?parent=4080"}],"wp:term":[{"taxonomy":"category","embeddable":true,"href":"https:\/\/newsinfoco.com.br\/inicio\/wp-json\/wp\/v2\/categories?post=4080"},{"taxonomy":"post_tag","embeddable":true,"href":"https:\/\/newsinfoco.com.br\/inicio\/wp-json\/wp\/v2\/tags?post=4080"}],"curies":[{"name":"wp","href":"https:\/\/api.w.org\/{rel}","templated":true}]}}