{"id":40811,"date":"2025-04-18T13:11:52","date_gmt":"2025-04-18T16:11:52","guid":{"rendered":"https:\/\/newsinfoco.com.br\/inicio\/?p=40811"},"modified":"2025-04-18T14:13:39","modified_gmt":"2025-04-18T17:13:39","slug":"imprensa-internacional-questiona-atos-de-alexadre-de-moraes","status":"publish","type":"post","link":"https:\/\/newsinfoco.com.br\/inicio\/imprensa-internacional-questiona-atos-de-alexadre-de-moraes\/","title":{"rendered":"Imprensa internacional questiona atos de Alexadre de Moraes"},"content":{"rendered":"<p class=\"\" data-start=\"370\" data-end=\"734\">A atua\u00e7\u00e3o do ministro do Supremo Tribunal Federal (STF) Alexandre de Moraes tem sido alvo de questionamentos por parte da imprensa internacional, que vem apontando supostos excessos de poder da Corte. A revista brit\u00e2nica\u00a0<em data-start=\"591\" data-end=\"606\">The Economist<\/em>, por exemplo, publicou duas reportagens nesta semana sobre o Judici\u00e1rio brasileiro, sugerindo que o STF adote mais \u201cmodera\u00e7\u00e3o\u201d.<\/p>\n<p class=\"\" data-start=\"736\" data-end=\"1151\">Em um dos textos, intitulado\u00a0<em data-start=\"765\" data-end=\"809\">\u201cA Suprema Corte do Brasil sob julgamento\u201d<\/em>, a publica\u00e7\u00e3o afirma que a democracia no pa\u00eds sofre tanto pela presen\u00e7a de pol\u00edticos corruptos quanto pelo que considera um excesso de poder por parte de magistrados. Segundo a revista, Alexandre de Moraes seria o principal s\u00edmbolo desse desequil\u00edbrio. \u201cSeu hist\u00f3rico mostra que o Poder Judici\u00e1rio precisa ser reduzido\u201d, afirma a reportagem.<\/p>\n<p class=\"\" data-start=\"1153\" data-end=\"1387\">A revista reconhece que o volume de desinforma\u00e7\u00e3o na internet brasileira \u00e9 enorme, mas entende que Moraes tem ultrapassado os limites, como ao determinar a\u00e7\u00f5es contra empres\u00e1rios apoiadores de Bolsonaro com base em mensagens privadas.<\/p>\n<p class=\"\" data-start=\"1389\" data-end=\"1805\">Outro ponto mencionado \u00e9 o hist\u00f3rico pol\u00edtico do ministro.\u00a0<em data-start=\"1448\" data-end=\"1463\">The Economist<\/em>\u00a0ressalta que, antes de chegar ao STF, Moraes atuou apenas com pol\u00edticos de centro-direita, o que torna sua postura atual ainda mais surpreendente. A publica\u00e7\u00e3o sugere que haja um componente pessoal em suas decis\u00f5es. \u201cEle recebe constantes amea\u00e7as de morte. Essas amea\u00e7as parecem revigor\u00e1-lo e conferiram \u00e0s suas decis\u00f5es um tom absolutista.\u201d<\/p>\n<p class=\"\" data-start=\"1807\" data-end=\"2074\">As reportagens tamb\u00e9m trazem cr\u00edticas ao funcionamento do pr\u00f3prio STF. Embora reconhe\u00e7a a gravidade das acusa\u00e7\u00f5es contra o ex-presidente Jair Bolsonaro (PL), a revista questiona o comportamento do tribunal, a qualidade das decis\u00f5es e a proporcionalidade das puni\u00e7\u00f5es.<\/p>\n<p class=\"\" data-start=\"2076\" data-end=\"2316\">Um exemplo citado \u00e9 o fato de o julgamento de Bolsonaro ser conduzido por apenas cinco dos 11 ministros \u2014 incluindo dois com liga\u00e7\u00f5es diretas com o atual presidente Lula: o ex-advogado Cristiano Zanin e o ex-ministro da Justi\u00e7a Fl\u00e1vio Dino.<\/p>\n<p class=\"\" data-start=\"2318\" data-end=\"2639\">Apesar das cr\u00edticas,\u00a0<em data-start=\"2339\" data-end=\"2354\">The Economist<\/em>\u00a0reconhece que o STF tem atuado conforme a legisla\u00e7\u00e3o, mas com mais protagonismo do que cortes superiores de outros pa\u00edses. Isso se daria, em parte, por omiss\u00f5es de outros poderes. Como sugest\u00e3o, a revista prop\u00f5e que o STF evite decis\u00f5es individuais e leve temas sens\u00edveis ao plen\u00e1rio.<\/p>\n<p class=\"\" data-start=\"2641\" data-end=\"2946\">J\u00e1 a americana\u00a0<em data-start=\"2656\" data-end=\"2672\">The New Yorker<\/em>\u00a0publicou um extenso perfil sobre Moraes, abordando suas controv\u00e9rsias e conflitos com figuras como Elon Musk e Donald Trump. Na reportagem, o ministro afirma: \u201cSe Goebbels estivesse vivo e tivesse acesso ao X, estar\u00edamos condenados. Os nazistas teriam conquistado o mundo.\u201d<\/p>\n<div>\n<div>\n<div class=\"trv-player-container\">\n<div class=\"trv-wrapper\">\n<div id=\"br_video_player_51f209cf0c79a889a6048319ad59b49dc3c659f9\" class=\"trvd_video_player trvdinstream\">\n<div class=\"media-player\">\n<div class=\"trv-video\">\n<div id=\"truvid_ima_container97419\" class=\"truvid_ima_container\">\n<div>\n<div>\n<p class=\"\" data-start=\"370\" data-end=\"734\">A atua\u00e7\u00e3o do ministro do Supremo Tribunal Federal (STF) Alexandre de Moraes tem sido alvo de questionamentos por parte da imprensa internacional, que vem apontando supostos excessos de poder da Corte. A revista brit\u00e2nica\u00a0<em data-start=\"591\" data-end=\"606\">The Economist<\/em>, por exemplo, publicou duas reportagens nesta semana sobre o Judici\u00e1rio brasileiro, sugerindo que o STF adote mais \u201cmodera\u00e7\u00e3o\u201d.<\/p>\n<p class=\"\" data-start=\"736\" data-end=\"1151\">Em um dos textos, intitulado\u00a0<em data-start=\"765\" data-end=\"809\">\u201cA Suprema Corte do Brasil sob julgamento\u201d<\/em>, a publica\u00e7\u00e3o afirma que a democracia no pa\u00eds sofre tanto pela presen\u00e7a de pol\u00edticos corruptos quanto pelo que considera um excesso de poder por parte de magistrados. Segundo a revista, Alexandre de Moraes seria o principal s\u00edmbolo desse desequil\u00edbrio. \u201cSeu hist\u00f3rico mostra que o Poder Judici\u00e1rio precisa ser reduzido\u201d, afirma a reportagem.<\/p>\n<p class=\"\" data-start=\"1153\" data-end=\"1387\">A revista reconhece que o volume de desinforma\u00e7\u00e3o na internet brasileira \u00e9 enorme, mas entende que Moraes tem ultrapassado os limites, como ao determinar a\u00e7\u00f5es contra empres\u00e1rios apoiadores de Bolsonaro com base em mensagens privadas.<\/p>\n<p class=\"\" data-start=\"1389\" data-end=\"1805\">Outro ponto mencionado \u00e9 o hist\u00f3rico pol\u00edtico do ministro.\u00a0<em data-start=\"1448\" data-end=\"1463\">The Economist<\/em>\u00a0ressalta que, antes de chegar ao STF, Moraes atuou apenas com pol\u00edticos de centro-direita, o que torna sua postura atual ainda mais surpreendente. A publica\u00e7\u00e3o sugere que haja um componente pessoal em suas decis\u00f5es. \u201cEle recebe constantes amea\u00e7as de morte. Essas amea\u00e7as parecem revigor\u00e1-lo e conferiram \u00e0s suas decis\u00f5es um tom absolutista.\u201d<\/p>\n<p class=\"\" data-start=\"1807\" data-end=\"2074\">As reportagens tamb\u00e9m trazem cr\u00edticas ao funcionamento do pr\u00f3prio STF. Embora reconhe\u00e7a a gravidade das acusa\u00e7\u00f5es contra o ex-presidente Jair Bolsonaro (PL), a revista questiona o comportamento do tribunal, a qualidade das decis\u00f5es e a proporcionalidade das puni\u00e7\u00f5es.<\/p>\n<p class=\"\" data-start=\"2076\" data-end=\"2316\">Um exemplo citado \u00e9 o fato de o julgamento de Bolsonaro ser conduzido por apenas cinco dos 11 ministros \u2014 incluindo dois com liga\u00e7\u00f5es diretas com o atual presidente Lula: o ex-advogado Cristiano Zanin e o ex-ministro da Justi\u00e7a Fl\u00e1vio Dino.<\/p>\n<p class=\"\" data-start=\"2318\" data-end=\"2639\">Apesar das cr\u00edticas,\u00a0<em data-start=\"2339\" data-end=\"2354\">The Economist<\/em>\u00a0reconhece que o STF tem atuado conforme a legisla\u00e7\u00e3o, mas com mais protagonismo do que cortes superiores de outros pa\u00edses. Isso se daria, em parte, por omiss\u00f5es de outros poderes. Como sugest\u00e3o, a revista prop\u00f5e que o STF evite decis\u00f5es individuais e leve temas sens\u00edveis ao plen\u00e1rio.<\/p>\n<p class=\"\" data-start=\"2641\" data-end=\"2946\">J\u00e1 a americana\u00a0<em data-start=\"2656\" data-end=\"2672\">The New Yorker<\/em>\u00a0publicou um extenso perfil sobre Moraes, abordando suas controv\u00e9rsias e conflitos com figuras como Elon Musk e Donald Trump. Na reportagem, o ministro afirma: \u201cSe Goebbels estivesse vivo e tivesse acesso ao X, estar\u00edamos condenados. Os nazistas teriam conquistado o mundo.\u201d<\/p>\n<div>\n<div>\n<div class=\"trv-player-container\">\n<div class=\"trv-wrapper\">\n<div id=\"br_video_player_51f209cf0c79a889a6048319ad59b49dc3c659f9\" class=\"trvd_video_player trvdinstream\">\n<div class=\"media-player\">\n<div class=\"trv-video\">\n<div id=\"truvid_ima_container97419\" class=\"truvid_ima_container\">\n<div>\n<div>\n<div class=\"conteudo_post\">\n<p class=\"\" data-start=\"2948\" data-end=\"3286\">A publica\u00e7\u00e3o tamb\u00e9m aponta que, em algumas ocasi\u00f5es, Moraes extrapolou os limites de sua autoridade, como ao bloquear mais de cem contas em redes sociais sem apresentar justificativas \u00e0s plataformas. Ap\u00f3s a suspens\u00e3o do X (antigo Twitter), ele ainda teria aplicado uma multa de quase 9 mil d\u00f3lares por dia a quem acessasse o site por VPN.<\/p>\n<p class=\"\" data-start=\"3288\" data-end=\"3523\">O\u00a0<em data-start=\"3290\" data-end=\"3306\">New York Times<\/em>, por sua vez, destacou o julgamento de Bolsonaro e o fato de Moraes acumular o papel de relator do caso e, ao mesmo tempo, ser um dos alvos do plano de assassinato descoberto na investiga\u00e7\u00e3o sobre tentativa de golpe.<\/p>\n<\/div>\n<div id=\"div-share\">Bahia.Ba<\/div>\n<\/div>\n<\/div>\n<\/div>\n<\/div>\n<\/div>\n<\/div>\n<\/div>\n<\/div>\n<\/div>\n<\/div>\n<\/div>\n<\/div>\n<\/div>\n<\/div>\n<\/div>\n<\/div>\n<\/div>\n<\/div>\n<\/div>\n<\/div>\n<div class='share-to-whatsapp-wrapper'><div class='share-on-whsp'>Share on: <\/div><a data-text='Imprensa internacional questiona atos de Alexadre de Moraes' data-link='https:\/\/newsinfoco.com.br\/inicio\/imprensa-internacional-questiona-atos-de-alexadre-de-moraes\/' class='whatsapp-button whatsapp-share'>WhatsApp<\/a><div class='clear '><\/div><\/div>","protected":false},"excerpt":{"rendered":"<p>A atua\u00e7\u00e3o do ministro do Supremo Tribunal Federal (STF) Alexandre de Moraes tem sido alvo de questionamentos por parte da imprensa internacional, que vem apontando supostos excessos de poder da Corte. A revista brit\u00e2nica\u00a0The Economist, por exemplo, publicou duas reportagens nesta semana sobre o Judici\u00e1rio brasileiro, sugerindo que o STF adote mais \u201cmodera\u00e7\u00e3o\u201d. Em um [&hellip;]<\/p>\n","protected":false},"author":1,"featured_media":40812,"comment_status":"closed","ping_status":"closed","sticky":false,"template":"","format":"standard","meta":{"om_disable_all_campaigns":false,"rop_custom_images_group":[],"rop_custom_messages_group":[],"rop_publish_now":"initial","rop_publish_now_accounts":[],"rop_publish_now_history":[],"rop_publish_now_status":"pending","_exactmetrics_skip_tracking":false,"footnotes":""},"categories":[21],"tags":[],"class_list":["post-40811","post","type-post","status-publish","format-standard","has-post-thumbnail","hentry","category-brasil"],"aioseo_notices":[],"aioseo_head":"\n\t\t<!-- All in One SEO 4.9.10 - aioseo.com -->\n\t<meta name=\"description\" content=\"A atua\u00e7\u00e3o do ministro do Supremo Tribunal Federal (STF) Alexandre de Moraes tem sido alvo de questionamentos por parte da imprensa internacional, que vem apontando supostos excessos de poder da Corte. A revista brit\u00e2nica The Economist, por exemplo, publicou duas reportagens nesta semana sobre o Judici\u00e1rio brasileiro, sugerindo que o STF adote mais \u201cmodera\u00e7\u00e3o\u201d. Em um\" \/>\n\t<meta name=\"robots\" content=\"max-image-preview:large\" \/>\n\t<meta name=\"author\" content=\"administrador\"\/>\n\t<link rel=\"canonical\" href=\"https:\/\/newsinfoco.com.br\/inicio\/imprensa-internacional-questiona-atos-de-alexadre-de-moraes\/\" \/>\n\t<meta name=\"generator\" content=\"All in One SEO (AIOSEO) 4.9.10\" \/>\n\t\t<meta property=\"og:locale\" content=\"pt_BR\" \/>\n\t\t<meta property=\"og:site_name\" content=\"News In Foco - Editado por Caio Pimenta - O principal site de noticias de Alagoinhas e regi\u00e3o\" \/>\n\t\t<meta property=\"og:type\" content=\"article\" \/>\n\t\t<meta property=\"og:title\" content=\"Imprensa internacional questiona atos de Alexadre de Moraes - News In Foco - Editado por Caio Pimenta\" \/>\n\t\t<meta property=\"og:description\" content=\"A atua\u00e7\u00e3o do ministro do Supremo Tribunal Federal (STF) Alexandre de Moraes tem sido alvo de questionamentos por parte da imprensa internacional, que vem apontando supostos excessos de poder da Corte. A revista brit\u00e2nica The Economist, por exemplo, publicou duas reportagens nesta semana sobre o Judici\u00e1rio brasileiro, sugerindo que o STF adote mais \u201cmodera\u00e7\u00e3o\u201d. Em um\" \/>\n\t\t<meta property=\"og:url\" content=\"https:\/\/newsinfoco.com.br\/inicio\/imprensa-internacional-questiona-atos-de-alexadre-de-moraes\/\" \/>\n\t\t<meta property=\"article:published_time\" content=\"2025-04-18T16:11:52+00:00\" \/>\n\t\t<meta property=\"article:modified_time\" content=\"2025-04-18T17:13:39+00:00\" \/>\n\t\t<meta name=\"twitter:card\" content=\"summary_large_image\" \/>\n\t\t<meta name=\"twitter:title\" content=\"Imprensa internacional questiona atos de Alexadre de Moraes - News In Foco - Editado por Caio Pimenta\" \/>\n\t\t<meta name=\"twitter:description\" content=\"A atua\u00e7\u00e3o do ministro do Supremo Tribunal Federal (STF) Alexandre de Moraes tem sido alvo de questionamentos por parte da imprensa internacional, que vem apontando supostos excessos de poder da Corte. A revista brit\u00e2nica The Economist, por exemplo, publicou duas reportagens nesta semana sobre o Judici\u00e1rio brasileiro, sugerindo que o STF adote mais \u201cmodera\u00e7\u00e3o\u201d. Em um\" \/>\n\t\t<script type=\"application\/ld+json\" class=\"aioseo-schema\">\n\t\t\t{\"@context\":\"https:\\\/\\\/schema.org\",\"@graph\":[{\"@type\":\"BlogPosting\",\"@id\":\"https:\\\/\\\/newsinfoco.com.br\\\/inicio\\\/imprensa-internacional-questiona-atos-de-alexadre-de-moraes\\\/#blogposting\",\"name\":\"Imprensa internacional questiona atos de Alexadre de Moraes - News In Foco - Editado por Caio Pimenta\",\"headline\":\"Imprensa internacional questiona atos de Alexadre de Moraes\",\"author\":{\"@id\":\"https:\\\/\\\/newsinfoco.com.br\\\/inicio\\\/author\\\/administrador\\\/#author\"},\"publisher\":{\"@id\":\"https:\\\/\\\/newsinfoco.com.br\\\/inicio\\\/#organization\"},\"image\":{\"@type\":\"ImageObject\",\"url\":\"https:\\\/\\\/newsinfoco.com.br\\\/inicio\\\/wp-content\\\/uploads\\\/2025\\\/04\\\/WhatsApp-Image-2024-08-30-at-18.01.47.jpeg\",\"width\":600,\"height\":420},\"datePublished\":\"2025-04-18T13:11:52-03:00\",\"dateModified\":\"2025-04-18T14:13:39-03:00\",\"inLanguage\":\"pt-BR\",\"mainEntityOfPage\":{\"@id\":\"https:\\\/\\\/newsinfoco.com.br\\\/inicio\\\/imprensa-internacional-questiona-atos-de-alexadre-de-moraes\\\/#webpage\"},\"isPartOf\":{\"@id\":\"https:\\\/\\\/newsinfoco.com.br\\\/inicio\\\/imprensa-internacional-questiona-atos-de-alexadre-de-moraes\\\/#webpage\"},\"articleSection\":\"Brasil\"},{\"@type\":\"BreadcrumbList\",\"@id\":\"https:\\\/\\\/newsinfoco.com.br\\\/inicio\\\/imprensa-internacional-questiona-atos-de-alexadre-de-moraes\\\/#breadcrumblist\",\"itemListElement\":[{\"@type\":\"ListItem\",\"@id\":\"https:\\\/\\\/newsinfoco.com.br\\\/inicio#listItem\",\"position\":1,\"name\":\"In\\u00edcio\",\"item\":\"https:\\\/\\\/newsinfoco.com.br\\\/inicio\",\"nextItem\":{\"@type\":\"ListItem\",\"@id\":\"https:\\\/\\\/newsinfoco.com.br\\\/inicio\\\/category\\\/brasil\\\/#listItem\",\"name\":\"Brasil\"}},{\"@type\":\"ListItem\",\"@id\":\"https:\\\/\\\/newsinfoco.com.br\\\/inicio\\\/category\\\/brasil\\\/#listItem\",\"position\":2,\"name\":\"Brasil\",\"item\":\"https:\\\/\\\/newsinfoco.com.br\\\/inicio\\\/category\\\/brasil\\\/\",\"nextItem\":{\"@type\":\"ListItem\",\"@id\":\"https:\\\/\\\/newsinfoco.com.br\\\/inicio\\\/imprensa-internacional-questiona-atos-de-alexadre-de-moraes\\\/#listItem\",\"name\":\"Imprensa internacional questiona atos de Alexadre de Moraes\"},\"previousItem\":{\"@type\":\"ListItem\",\"@id\":\"https:\\\/\\\/newsinfoco.com.br\\\/inicio#listItem\",\"name\":\"In\\u00edcio\"}},{\"@type\":\"ListItem\",\"@id\":\"https:\\\/\\\/newsinfoco.com.br\\\/inicio\\\/imprensa-internacional-questiona-atos-de-alexadre-de-moraes\\\/#listItem\",\"position\":3,\"name\":\"Imprensa internacional questiona atos de Alexadre de Moraes\",\"previousItem\":{\"@type\":\"ListItem\",\"@id\":\"https:\\\/\\\/newsinfoco.com.br\\\/inicio\\\/category\\\/brasil\\\/#listItem\",\"name\":\"Brasil\"}}]},{\"@type\":\"Organization\",\"@id\":\"https:\\\/\\\/newsinfoco.com.br\\\/inicio\\\/#organization\",\"name\":\"News In Foco - Editado por Caio Pimenta\",\"description\":\"O principal site de noticias de Alagoinhas e regi\\u00e3o\",\"url\":\"https:\\\/\\\/newsinfoco.com.br\\\/inicio\\\/\"},{\"@type\":\"Person\",\"@id\":\"https:\\\/\\\/newsinfoco.com.br\\\/inicio\\\/author\\\/administrador\\\/#author\",\"url\":\"https:\\\/\\\/newsinfoco.com.br\\\/inicio\\\/author\\\/administrador\\\/\",\"name\":\"administrador\",\"image\":{\"@type\":\"ImageObject\",\"@id\":\"https:\\\/\\\/newsinfoco.com.br\\\/inicio\\\/imprensa-internacional-questiona-atos-de-alexadre-de-moraes\\\/#authorImage\",\"url\":\"https:\\\/\\\/secure.gravatar.com\\\/avatar\\\/c17a617433de8c1dc9584bb79aab7563b46f5bb7e1728c9b17d9cc3ce6a08e49?s=96&d=mm&r=g\",\"width\":96,\"height\":96,\"caption\":\"administrador\"}},{\"@type\":\"WebPage\",\"@id\":\"https:\\\/\\\/newsinfoco.com.br\\\/inicio\\\/imprensa-internacional-questiona-atos-de-alexadre-de-moraes\\\/#webpage\",\"url\":\"https:\\\/\\\/newsinfoco.com.br\\\/inicio\\\/imprensa-internacional-questiona-atos-de-alexadre-de-moraes\\\/\",\"name\":\"Imprensa internacional questiona atos de Alexadre de Moraes - News In Foco - Editado por Caio Pimenta\",\"description\":\"A atua\\u00e7\\u00e3o do ministro do Supremo Tribunal Federal (STF) Alexandre de Moraes tem sido alvo de questionamentos por parte da imprensa internacional, que vem apontando supostos excessos de poder da Corte. A revista brit\\u00e2nica The Economist, por exemplo, publicou duas reportagens nesta semana sobre o Judici\\u00e1rio brasileiro, sugerindo que o STF adote mais \\u201cmodera\\u00e7\\u00e3o\\u201d. Em um\",\"inLanguage\":\"pt-BR\",\"isPartOf\":{\"@id\":\"https:\\\/\\\/newsinfoco.com.br\\\/inicio\\\/#website\"},\"breadcrumb\":{\"@id\":\"https:\\\/\\\/newsinfoco.com.br\\\/inicio\\\/imprensa-internacional-questiona-atos-de-alexadre-de-moraes\\\/#breadcrumblist\"},\"author\":{\"@id\":\"https:\\\/\\\/newsinfoco.com.br\\\/inicio\\\/author\\\/administrador\\\/#author\"},\"creator\":{\"@id\":\"https:\\\/\\\/newsinfoco.com.br\\\/inicio\\\/author\\\/administrador\\\/#author\"},\"image\":{\"@type\":\"ImageObject\",\"url\":\"https:\\\/\\\/newsinfoco.com.br\\\/inicio\\\/wp-content\\\/uploads\\\/2025\\\/04\\\/WhatsApp-Image-2024-08-30-at-18.01.47.jpeg\",\"@id\":\"https:\\\/\\\/newsinfoco.com.br\\\/inicio\\\/imprensa-internacional-questiona-atos-de-alexadre-de-moraes\\\/#mainImage\",\"width\":600,\"height\":420},\"primaryImageOfPage\":{\"@id\":\"https:\\\/\\\/newsinfoco.com.br\\\/inicio\\\/imprensa-internacional-questiona-atos-de-alexadre-de-moraes\\\/#mainImage\"},\"datePublished\":\"2025-04-18T13:11:52-03:00\",\"dateModified\":\"2025-04-18T14:13:39-03:00\"},{\"@type\":\"WebSite\",\"@id\":\"https:\\\/\\\/newsinfoco.com.br\\\/inicio\\\/#website\",\"url\":\"https:\\\/\\\/newsinfoco.com.br\\\/inicio\\\/\",\"name\":\"News In Foco - Editado por Caio Pimenta\",\"description\":\"O principal site de noticias de Alagoinhas e regi\\u00e3o\",\"inLanguage\":\"pt-BR\",\"publisher\":{\"@id\":\"https:\\\/\\\/newsinfoco.com.br\\\/inicio\\\/#organization\"}}]}\n\t\t<\/script>\n\t\t<!-- All in One SEO -->\n\n","aioseo_head_json":{"title":"Imprensa internacional questiona atos de Alexadre de Moraes - News In Foco - Editado por Caio Pimenta","description":"A atua\u00e7\u00e3o do ministro do Supremo Tribunal Federal (STF) Alexandre de Moraes tem sido alvo de questionamentos por parte da imprensa internacional, que vem apontando supostos excessos de poder da Corte. A revista brit\u00e2nica The Economist, por exemplo, publicou duas reportagens nesta semana sobre o Judici\u00e1rio brasileiro, sugerindo que o STF adote mais \u201cmodera\u00e7\u00e3o\u201d. Em um","canonical_url":"https:\/\/newsinfoco.com.br\/inicio\/imprensa-internacional-questiona-atos-de-alexadre-de-moraes\/","robots":"max-image-preview:large","keywords":"","webmasterTools":{"miscellaneous":""},"schema":{"@context":"https:\/\/schema.org","@graph":[{"@type":"BlogPosting","@id":"https:\/\/newsinfoco.com.br\/inicio\/imprensa-internacional-questiona-atos-de-alexadre-de-moraes\/#blogposting","name":"Imprensa internacional questiona atos de Alexadre de Moraes - News In Foco - Editado por Caio Pimenta","headline":"Imprensa internacional questiona atos de Alexadre de Moraes","author":{"@id":"https:\/\/newsinfoco.com.br\/inicio\/author\/administrador\/#author"},"publisher":{"@id":"https:\/\/newsinfoco.com.br\/inicio\/#organization"},"image":{"@type":"ImageObject","url":"https:\/\/newsinfoco.com.br\/inicio\/wp-content\/uploads\/2025\/04\/WhatsApp-Image-2024-08-30-at-18.01.47.jpeg","width":600,"height":420},"datePublished":"2025-04-18T13:11:52-03:00","dateModified":"2025-04-18T14:13:39-03:00","inLanguage":"pt-BR","mainEntityOfPage":{"@id":"https:\/\/newsinfoco.com.br\/inicio\/imprensa-internacional-questiona-atos-de-alexadre-de-moraes\/#webpage"},"isPartOf":{"@id":"https:\/\/newsinfoco.com.br\/inicio\/imprensa-internacional-questiona-atos-de-alexadre-de-moraes\/#webpage"},"articleSection":"Brasil"},{"@type":"BreadcrumbList","@id":"https:\/\/newsinfoco.com.br\/inicio\/imprensa-internacional-questiona-atos-de-alexadre-de-moraes\/#breadcrumblist","itemListElement":[{"@type":"ListItem","@id":"https:\/\/newsinfoco.com.br\/inicio#listItem","position":1,"name":"In\u00edcio","item":"https:\/\/newsinfoco.com.br\/inicio","nextItem":{"@type":"ListItem","@id":"https:\/\/newsinfoco.com.br\/inicio\/category\/brasil\/#listItem","name":"Brasil"}},{"@type":"ListItem","@id":"https:\/\/newsinfoco.com.br\/inicio\/category\/brasil\/#listItem","position":2,"name":"Brasil","item":"https:\/\/newsinfoco.com.br\/inicio\/category\/brasil\/","nextItem":{"@type":"ListItem","@id":"https:\/\/newsinfoco.com.br\/inicio\/imprensa-internacional-questiona-atos-de-alexadre-de-moraes\/#listItem","name":"Imprensa internacional questiona atos de Alexadre de Moraes"},"previousItem":{"@type":"ListItem","@id":"https:\/\/newsinfoco.com.br\/inicio#listItem","name":"In\u00edcio"}},{"@type":"ListItem","@id":"https:\/\/newsinfoco.com.br\/inicio\/imprensa-internacional-questiona-atos-de-alexadre-de-moraes\/#listItem","position":3,"name":"Imprensa internacional questiona atos de Alexadre de Moraes","previousItem":{"@type":"ListItem","@id":"https:\/\/newsinfoco.com.br\/inicio\/category\/brasil\/#listItem","name":"Brasil"}}]},{"@type":"Organization","@id":"https:\/\/newsinfoco.com.br\/inicio\/#organization","name":"News In Foco - Editado por Caio Pimenta","description":"O principal site de noticias de Alagoinhas e regi\u00e3o","url":"https:\/\/newsinfoco.com.br\/inicio\/"},{"@type":"Person","@id":"https:\/\/newsinfoco.com.br\/inicio\/author\/administrador\/#author","url":"https:\/\/newsinfoco.com.br\/inicio\/author\/administrador\/","name":"administrador","image":{"@type":"ImageObject","@id":"https:\/\/newsinfoco.com.br\/inicio\/imprensa-internacional-questiona-atos-de-alexadre-de-moraes\/#authorImage","url":"https:\/\/secure.gravatar.com\/avatar\/c17a617433de8c1dc9584bb79aab7563b46f5bb7e1728c9b17d9cc3ce6a08e49?s=96&d=mm&r=g","width":96,"height":96,"caption":"administrador"}},{"@type":"WebPage","@id":"https:\/\/newsinfoco.com.br\/inicio\/imprensa-internacional-questiona-atos-de-alexadre-de-moraes\/#webpage","url":"https:\/\/newsinfoco.com.br\/inicio\/imprensa-internacional-questiona-atos-de-alexadre-de-moraes\/","name":"Imprensa internacional questiona atos de Alexadre de Moraes - News In Foco - Editado por Caio Pimenta","description":"A atua\u00e7\u00e3o do ministro do Supremo Tribunal Federal (STF) Alexandre de Moraes tem sido alvo de questionamentos por parte da imprensa internacional, que vem apontando supostos excessos de poder da Corte. A revista brit\u00e2nica The Economist, por exemplo, publicou duas reportagens nesta semana sobre o Judici\u00e1rio brasileiro, sugerindo que o STF adote mais \u201cmodera\u00e7\u00e3o\u201d. Em um","inLanguage":"pt-BR","isPartOf":{"@id":"https:\/\/newsinfoco.com.br\/inicio\/#website"},"breadcrumb":{"@id":"https:\/\/newsinfoco.com.br\/inicio\/imprensa-internacional-questiona-atos-de-alexadre-de-moraes\/#breadcrumblist"},"author":{"@id":"https:\/\/newsinfoco.com.br\/inicio\/author\/administrador\/#author"},"creator":{"@id":"https:\/\/newsinfoco.com.br\/inicio\/author\/administrador\/#author"},"image":{"@type":"ImageObject","url":"https:\/\/newsinfoco.com.br\/inicio\/wp-content\/uploads\/2025\/04\/WhatsApp-Image-2024-08-30-at-18.01.47.jpeg","@id":"https:\/\/newsinfoco.com.br\/inicio\/imprensa-internacional-questiona-atos-de-alexadre-de-moraes\/#mainImage","width":600,"height":420},"primaryImageOfPage":{"@id":"https:\/\/newsinfoco.com.br\/inicio\/imprensa-internacional-questiona-atos-de-alexadre-de-moraes\/#mainImage"},"datePublished":"2025-04-18T13:11:52-03:00","dateModified":"2025-04-18T14:13:39-03:00"},{"@type":"WebSite","@id":"https:\/\/newsinfoco.com.br\/inicio\/#website","url":"https:\/\/newsinfoco.com.br\/inicio\/","name":"News In Foco - Editado por Caio Pimenta","description":"O principal site de noticias de Alagoinhas e regi\u00e3o","inLanguage":"pt-BR","publisher":{"@id":"https:\/\/newsinfoco.com.br\/inicio\/#organization"}}]},"og:locale":"pt_BR","og:site_name":"News In Foco - Editado por Caio Pimenta - O principal site de noticias de Alagoinhas e regi\u00e3o","og:type":"article","og:title":"Imprensa internacional questiona atos de Alexadre de Moraes - News In Foco - Editado por Caio Pimenta","og:description":"A atua\u00e7\u00e3o do ministro do Supremo Tribunal Federal (STF) Alexandre de Moraes tem sido alvo de questionamentos por parte da imprensa internacional, que vem apontando supostos excessos de poder da Corte. A revista brit\u00e2nica The Economist, por exemplo, publicou duas reportagens nesta semana sobre o Judici\u00e1rio brasileiro, sugerindo que o STF adote mais \u201cmodera\u00e7\u00e3o\u201d. Em um","og:url":"https:\/\/newsinfoco.com.br\/inicio\/imprensa-internacional-questiona-atos-de-alexadre-de-moraes\/","article:published_time":"2025-04-18T16:11:52+00:00","article:modified_time":"2025-04-18T17:13:39+00:00","twitter:card":"summary_large_image","twitter:title":"Imprensa internacional questiona atos de Alexadre de Moraes - News In Foco - Editado por Caio Pimenta","twitter:description":"A atua\u00e7\u00e3o do ministro do Supremo Tribunal Federal (STF) Alexandre de Moraes tem sido alvo de questionamentos por parte da imprensa internacional, que vem apontando supostos excessos de poder da Corte. A revista brit\u00e2nica The Economist, por exemplo, publicou duas reportagens nesta semana sobre o Judici\u00e1rio brasileiro, sugerindo que o STF adote mais \u201cmodera\u00e7\u00e3o\u201d. Em um"},"aioseo_meta_data":{"post_id":"40811","title":null,"description":null,"keywords":null,"keyphrases":{"focus":{"keyphrase":"","score":0,"analysis":{"keyphraseInTitle":{"score":0,"maxScore":9,"error":1}}},"additional":[]},"primary_term":null,"canonical_url":null,"og_title":null,"og_description":null,"og_object_type":"default","og_image_type":"default","og_image_url":null,"og_image_width":null,"og_image_height":null,"og_image_custom_url":null,"og_image_custom_fields":null,"og_video":"","og_custom_url":null,"og_article_section":null,"og_article_tags":null,"twitter_use_og":false,"twitter_card":"default","twitter_image_type":"default","twitter_image_url":null,"twitter_image_custom_url":null,"twitter_image_custom_fields":null,"twitter_title":null,"twitter_description":null,"schema":{"blockGraphs":[],"customGraphs":[],"default":{"data":{"Article":[],"Course":[],"Dataset":[],"FAQPage":[],"Movie":[],"Person":[],"Product":[],"ProductReview":[],"Car":[],"Recipe":[],"Service":[],"SoftwareApplication":[],"WebPage":[]},"graphName":"BlogPosting","isEnabled":true},"graphs":[]},"schema_type":"default","schema_type_options":null,"pillar_content":false,"robots_default":true,"robots_noindex":false,"robots_noarchive":false,"robots_nosnippet":false,"robots_nofollow":false,"robots_noimageindex":false,"robots_noodp":false,"robots_notranslate":false,"robots_max_snippet":"-1","robots_max_videopreview":"-1","robots_max_imagepreview":"large","priority":null,"frequency":"default","local_seo":null,"breadcrumb_settings":null,"limit_modified_date":false,"ai":null,"created":"2025-04-18 16:11:52","updated":"2025-07-11 13:06:00","seo_analyzer_scan_date":null},"aioseo_breadcrumb":"<div class=\"aioseo-breadcrumbs\"><span class=\"aioseo-breadcrumb\">\n\t\t\t<a href=\"https:\/\/newsinfoco.com.br\/inicio\" title=\"In\u00edcio\">In\u00edcio<\/a>\n\t\t<\/span><span class=\"aioseo-breadcrumb-separator\">&raquo;<\/span><span class=\"aioseo-breadcrumb\">\n\t\t\t<a href=\"https:\/\/newsinfoco.com.br\/inicio\/category\/brasil\/\" title=\"Brasil\">Brasil<\/a>\n\t\t<\/span><span class=\"aioseo-breadcrumb-separator\">&raquo;<\/span><span class=\"aioseo-breadcrumb\">\n\t\t\tImprensa internacional questiona atos de Alexadre de Moraes\n\t\t<\/span><\/div>","aioseo_breadcrumb_json":[{"label":"In\u00edcio","link":"https:\/\/newsinfoco.com.br\/inicio"},{"label":"Brasil","link":"https:\/\/newsinfoco.com.br\/inicio\/category\/brasil\/"},{"label":"Imprensa internacional questiona atos de Alexadre de Moraes","link":"https:\/\/newsinfoco.com.br\/inicio\/imprensa-internacional-questiona-atos-de-alexadre-de-moraes\/"}],"_links":{"self":[{"href":"https:\/\/newsinfoco.com.br\/inicio\/wp-json\/wp\/v2\/posts\/40811","targetHints":{"allow":["GET"]}}],"collection":[{"href":"https:\/\/newsinfoco.com.br\/inicio\/wp-json\/wp\/v2\/posts"}],"about":[{"href":"https:\/\/newsinfoco.com.br\/inicio\/wp-json\/wp\/v2\/types\/post"}],"author":[{"embeddable":true,"href":"https:\/\/newsinfoco.com.br\/inicio\/wp-json\/wp\/v2\/users\/1"}],"replies":[{"embeddable":true,"href":"https:\/\/newsinfoco.com.br\/inicio\/wp-json\/wp\/v2\/comments?post=40811"}],"version-history":[{"count":3,"href":"https:\/\/newsinfoco.com.br\/inicio\/wp-json\/wp\/v2\/posts\/40811\/revisions"}],"predecessor-version":[{"id":40828,"href":"https:\/\/newsinfoco.com.br\/inicio\/wp-json\/wp\/v2\/posts\/40811\/revisions\/40828"}],"wp:featuredmedia":[{"embeddable":true,"href":"https:\/\/newsinfoco.com.br\/inicio\/wp-json\/wp\/v2\/media\/40812"}],"wp:attachment":[{"href":"https:\/\/newsinfoco.com.br\/inicio\/wp-json\/wp\/v2\/media?parent=40811"}],"wp:term":[{"taxonomy":"category","embeddable":true,"href":"https:\/\/newsinfoco.com.br\/inicio\/wp-json\/wp\/v2\/categories?post=40811"},{"taxonomy":"post_tag","embeddable":true,"href":"https:\/\/newsinfoco.com.br\/inicio\/wp-json\/wp\/v2\/tags?post=40811"}],"curies":[{"name":"wp","href":"https:\/\/api.w.org\/{rel}","templated":true}]}}