{"id":40814,"date":"2025-04-18T13:22:04","date_gmt":"2025-04-18T16:22:04","guid":{"rendered":"https:\/\/newsinfoco.com.br\/inicio\/?p=40814"},"modified":"2025-04-18T13:22:04","modified_gmt":"2025-04-18T16:22:04","slug":"brasil-fora-do-radar-lula-nao-entra-na-lista-dos-100-mais-influentes-da-time","status":"publish","type":"post","link":"https:\/\/newsinfoco.com.br\/inicio\/brasil-fora-do-radar-lula-nao-entra-na-lista-dos-100-mais-influentes-da-time\/","title":{"rendered":"Brasil fora do radar: Lula n\u00e3o entra na lista dos 100 mais influentes da Time"},"content":{"rendered":"<p>Pela primeira vez em cinco anos, o Brasil ficou ausente da tradicional lista publicada anualmente pela revista norte-americana Time, com as cem pessoas mais influentes do mundo. O presidente Luiz In\u00e1cio Lula da Silva (PT), que esteve presente nas edi\u00e7\u00f5es de 2022 e 2023, n\u00e3o foi inclu\u00eddo na sele\u00e7\u00e3o deste ano.<\/p>\n<p>Em 2022, Lula chegou a estampar a capa da revista, que destacou sua trajet\u00f3ria e o retorno ao cen\u00e1rio pol\u00edtico ap\u00f3s a pris\u00e3o na esteira da Opera\u00e7\u00e3o Lava Jato.<\/p>\n<p>No ano passado, o petista voltou a figurar entre os nomes de maior proje\u00e7\u00e3o global, ao lado de outros brasileiros como o jogador Vin\u00edcius J\u00fanior e a ministra do Meio Ambiente, Marina Silva. Dessa vez, nenhuma personalidade brasileira apareceu na lista.<\/p>\n<p>Entre os l\u00edderes pol\u00edticos destacados nesta edi\u00e7\u00e3o est\u00e3o o presidente da Argentina, Javier Milei, e a opositora venezuelana Mar\u00eda Corina Machado, al\u00e9m da primeira presidente mulher eleita no M\u00e9xico, Claudia Sheinbaum.<\/p>\n<p>A lista \u00e9 organizada em seis categorias: Tit\u00e3s, Artistas, Inovadores, Pioneiros, \u00cdcones e L\u00edderes. Esta \u00faltima \u00e9 destinada a figuras pol\u00edticas, sociais ou empresariais com influ\u00eancia significativa no cen\u00e1rio internacional.<\/p>\n<div>\n<div>\n<div class=\"trv-player-container\">\n<div class=\"trv-wrapper\">\n<div id=\"br_video_player_0fb0a8a62cbe899f9c108319ad59b49dc3c659f9\" class=\"trvd_video_player trvdinstream\">\n<div class=\"media-player\">\n<div class=\"trv-video\">\n<div id=\"truvid_ima_container24112\" class=\"truvid_ima_container\">\n<div>\n<div>\n<p>Desde sua cria\u00e7\u00e3o, em 1999 \u2014 e sua consolida\u00e7\u00e3o como lista anual em 2004 \u2014, a Time100 j\u00e1 destacou diversos brasileiros, como o ex-presidente Jair Bolsonaro (2019), o cacique Raoni Metuktire (2020), a empres\u00e1ria Luiza Trajano (2021) e a cantora Anitta (2022).<\/p>\n<p>Segundo a revista, a curadoria da lista \u00e9 feita ao longo do ano por seus editores e jornalistas, com base em consultas a fontes e especialistas de diferentes partes do mundo, com o objetivo de identificar quem realmente est\u00e1 moldando os rumos do planeta no momento.<\/p>\n<p>Bahia.Ba<\/p>\n<\/div>\n<\/div>\n<\/div>\n<\/div>\n<\/div>\n<\/div>\n<\/div>\n<\/div>\n<\/div>\n<\/div>\n<div class='share-to-whatsapp-wrapper'><div class='share-on-whsp'>Share on: <\/div><a data-text='Brasil fora do radar: Lula n\u00e3o entra na lista dos 100 mais influentes da Time' data-link='https:\/\/newsinfoco.com.br\/inicio\/brasil-fora-do-radar-lula-nao-entra-na-lista-dos-100-mais-influentes-da-time\/' class='whatsapp-button whatsapp-share'>WhatsApp<\/a><div class='clear '><\/div><\/div>","protected":false},"excerpt":{"rendered":"<p>Pela primeira vez em cinco anos, o Brasil ficou ausente da tradicional lista publicada anualmente pela revista norte-americana Time, com as cem pessoas mais influentes do mundo. O presidente Luiz In\u00e1cio Lula da Silva (PT), que esteve presente nas edi\u00e7\u00f5es de 2022 e 2023, n\u00e3o foi inclu\u00eddo na sele\u00e7\u00e3o deste ano. Em 2022, Lula chegou [&hellip;]<\/p>\n","protected":false},"author":1,"featured_media":40815,"comment_status":"closed","ping_status":"closed","sticky":false,"template":"","format":"standard","meta":{"om_disable_all_campaigns":false,"rop_custom_images_group":[],"rop_custom_messages_group":[],"rop_publish_now":"initial","rop_publish_now_accounts":[],"rop_publish_now_history":[],"rop_publish_now_status":"pending","_exactmetrics_skip_tracking":false,"footnotes":""},"categories":[21],"tags":[],"class_list":["post-40814","post","type-post","status-publish","format-standard","has-post-thumbnail","hentry","category-brasil"],"aioseo_notices":[],"aioseo_head":"\n\t\t<!-- All in One SEO 4.9.10 - aioseo.com -->\n\t<meta name=\"description\" content=\"Pela primeira vez em cinco anos, o Brasil ficou ausente da tradicional lista publicada anualmente pela revista norte-americana Time, com as cem pessoas mais influentes do mundo. O presidente Luiz In\u00e1cio Lula da Silva (PT), que esteve presente nas edi\u00e7\u00f5es de 2022 e 2023, n\u00e3o foi inclu\u00eddo na sele\u00e7\u00e3o deste ano. Em 2022, Lula chegou\" \/>\n\t<meta name=\"robots\" content=\"max-image-preview:large\" \/>\n\t<meta name=\"author\" content=\"administrador\"\/>\n\t<link rel=\"canonical\" href=\"https:\/\/newsinfoco.com.br\/inicio\/brasil-fora-do-radar-lula-nao-entra-na-lista-dos-100-mais-influentes-da-time\/\" \/>\n\t<meta name=\"generator\" content=\"All in One SEO (AIOSEO) 4.9.10\" \/>\n\t\t<meta property=\"og:locale\" content=\"pt_BR\" \/>\n\t\t<meta property=\"og:site_name\" content=\"News In Foco - Editado por Caio Pimenta - O principal site de noticias de Alagoinhas e regi\u00e3o\" \/>\n\t\t<meta property=\"og:type\" content=\"article\" \/>\n\t\t<meta property=\"og:title\" content=\"Brasil fora do radar: Lula n\u00e3o entra na lista dos 100 mais influentes da Time - News In Foco - Editado por Caio Pimenta\" \/>\n\t\t<meta property=\"og:description\" content=\"Pela primeira vez em cinco anos, o Brasil ficou ausente da tradicional lista publicada anualmente pela revista norte-americana Time, com as cem pessoas mais influentes do mundo. O presidente Luiz In\u00e1cio Lula da Silva (PT), que esteve presente nas edi\u00e7\u00f5es de 2022 e 2023, n\u00e3o foi inclu\u00eddo na sele\u00e7\u00e3o deste ano. Em 2022, Lula chegou\" \/>\n\t\t<meta property=\"og:url\" content=\"https:\/\/newsinfoco.com.br\/inicio\/brasil-fora-do-radar-lula-nao-entra-na-lista-dos-100-mais-influentes-da-time\/\" \/>\n\t\t<meta property=\"article:published_time\" content=\"2025-04-18T16:22:04+00:00\" \/>\n\t\t<meta property=\"article:modified_time\" content=\"2025-04-18T16:22:04+00:00\" \/>\n\t\t<meta name=\"twitter:card\" content=\"summary_large_image\" \/>\n\t\t<meta name=\"twitter:title\" content=\"Brasil fora do radar: Lula n\u00e3o entra na lista dos 100 mais influentes da Time - News In Foco - Editado por Caio Pimenta\" \/>\n\t\t<meta name=\"twitter:description\" content=\"Pela primeira vez em cinco anos, o Brasil ficou ausente da tradicional lista publicada anualmente pela revista norte-americana Time, com as cem pessoas mais influentes do mundo. O presidente Luiz In\u00e1cio Lula da Silva (PT), que esteve presente nas edi\u00e7\u00f5es de 2022 e 2023, n\u00e3o foi inclu\u00eddo na sele\u00e7\u00e3o deste ano. Em 2022, Lula chegou\" \/>\n\t\t<script type=\"application\/ld+json\" class=\"aioseo-schema\">\n\t\t\t{\"@context\":\"https:\\\/\\\/schema.org\",\"@graph\":[{\"@type\":\"BlogPosting\",\"@id\":\"https:\\\/\\\/newsinfoco.com.br\\\/inicio\\\/brasil-fora-do-radar-lula-nao-entra-na-lista-dos-100-mais-influentes-da-time\\\/#blogposting\",\"name\":\"Brasil fora do radar: Lula n\\u00e3o entra na lista dos 100 mais influentes da Time - News In Foco - Editado por Caio Pimenta\",\"headline\":\"Brasil fora do radar: Lula n\\u00e3o entra na lista dos 100 mais influentes da Time\",\"author\":{\"@id\":\"https:\\\/\\\/newsinfoco.com.br\\\/inicio\\\/author\\\/administrador\\\/#author\"},\"publisher\":{\"@id\":\"https:\\\/\\\/newsinfoco.com.br\\\/inicio\\\/#organization\"},\"image\":{\"@type\":\"ImageObject\",\"url\":\"https:\\\/\\\/newsinfoco.com.br\\\/inicio\\\/wp-content\\\/uploads\\\/2025\\\/04\\\/lula-2.png\",\"width\":600,\"height\":420},\"datePublished\":\"2025-04-18T13:22:04-03:00\",\"dateModified\":\"2025-04-18T13:22:04-03:00\",\"inLanguage\":\"pt-BR\",\"mainEntityOfPage\":{\"@id\":\"https:\\\/\\\/newsinfoco.com.br\\\/inicio\\\/brasil-fora-do-radar-lula-nao-entra-na-lista-dos-100-mais-influentes-da-time\\\/#webpage\"},\"isPartOf\":{\"@id\":\"https:\\\/\\\/newsinfoco.com.br\\\/inicio\\\/brasil-fora-do-radar-lula-nao-entra-na-lista-dos-100-mais-influentes-da-time\\\/#webpage\"},\"articleSection\":\"Brasil\"},{\"@type\":\"BreadcrumbList\",\"@id\":\"https:\\\/\\\/newsinfoco.com.br\\\/inicio\\\/brasil-fora-do-radar-lula-nao-entra-na-lista-dos-100-mais-influentes-da-time\\\/#breadcrumblist\",\"itemListElement\":[{\"@type\":\"ListItem\",\"@id\":\"https:\\\/\\\/newsinfoco.com.br\\\/inicio#listItem\",\"position\":1,\"name\":\"In\\u00edcio\",\"item\":\"https:\\\/\\\/newsinfoco.com.br\\\/inicio\",\"nextItem\":{\"@type\":\"ListItem\",\"@id\":\"https:\\\/\\\/newsinfoco.com.br\\\/inicio\\\/category\\\/brasil\\\/#listItem\",\"name\":\"Brasil\"}},{\"@type\":\"ListItem\",\"@id\":\"https:\\\/\\\/newsinfoco.com.br\\\/inicio\\\/category\\\/brasil\\\/#listItem\",\"position\":2,\"name\":\"Brasil\",\"item\":\"https:\\\/\\\/newsinfoco.com.br\\\/inicio\\\/category\\\/brasil\\\/\",\"nextItem\":{\"@type\":\"ListItem\",\"@id\":\"https:\\\/\\\/newsinfoco.com.br\\\/inicio\\\/brasil-fora-do-radar-lula-nao-entra-na-lista-dos-100-mais-influentes-da-time\\\/#listItem\",\"name\":\"Brasil fora do radar: Lula n\\u00e3o entra na lista dos 100 mais influentes da Time\"},\"previousItem\":{\"@type\":\"ListItem\",\"@id\":\"https:\\\/\\\/newsinfoco.com.br\\\/inicio#listItem\",\"name\":\"In\\u00edcio\"}},{\"@type\":\"ListItem\",\"@id\":\"https:\\\/\\\/newsinfoco.com.br\\\/inicio\\\/brasil-fora-do-radar-lula-nao-entra-na-lista-dos-100-mais-influentes-da-time\\\/#listItem\",\"position\":3,\"name\":\"Brasil fora do radar: Lula n\\u00e3o entra na lista dos 100 mais influentes da Time\",\"previousItem\":{\"@type\":\"ListItem\",\"@id\":\"https:\\\/\\\/newsinfoco.com.br\\\/inicio\\\/category\\\/brasil\\\/#listItem\",\"name\":\"Brasil\"}}]},{\"@type\":\"Organization\",\"@id\":\"https:\\\/\\\/newsinfoco.com.br\\\/inicio\\\/#organization\",\"name\":\"News In Foco - Editado por Caio Pimenta\",\"description\":\"O principal site de noticias de Alagoinhas e regi\\u00e3o\",\"url\":\"https:\\\/\\\/newsinfoco.com.br\\\/inicio\\\/\"},{\"@type\":\"Person\",\"@id\":\"https:\\\/\\\/newsinfoco.com.br\\\/inicio\\\/author\\\/administrador\\\/#author\",\"url\":\"https:\\\/\\\/newsinfoco.com.br\\\/inicio\\\/author\\\/administrador\\\/\",\"name\":\"administrador\",\"image\":{\"@type\":\"ImageObject\",\"@id\":\"https:\\\/\\\/newsinfoco.com.br\\\/inicio\\\/brasil-fora-do-radar-lula-nao-entra-na-lista-dos-100-mais-influentes-da-time\\\/#authorImage\",\"url\":\"https:\\\/\\\/secure.gravatar.com\\\/avatar\\\/c17a617433de8c1dc9584bb79aab7563b46f5bb7e1728c9b17d9cc3ce6a08e49?s=96&d=mm&r=g\",\"width\":96,\"height\":96,\"caption\":\"administrador\"}},{\"@type\":\"WebPage\",\"@id\":\"https:\\\/\\\/newsinfoco.com.br\\\/inicio\\\/brasil-fora-do-radar-lula-nao-entra-na-lista-dos-100-mais-influentes-da-time\\\/#webpage\",\"url\":\"https:\\\/\\\/newsinfoco.com.br\\\/inicio\\\/brasil-fora-do-radar-lula-nao-entra-na-lista-dos-100-mais-influentes-da-time\\\/\",\"name\":\"Brasil fora do radar: Lula n\\u00e3o entra na lista dos 100 mais influentes da Time - News In Foco - Editado por Caio Pimenta\",\"description\":\"Pela primeira vez em cinco anos, o Brasil ficou ausente da tradicional lista publicada anualmente pela revista norte-americana Time, com as cem pessoas mais influentes do mundo. O presidente Luiz In\\u00e1cio Lula da Silva (PT), que esteve presente nas edi\\u00e7\\u00f5es de 2022 e 2023, n\\u00e3o foi inclu\\u00eddo na sele\\u00e7\\u00e3o deste ano. Em 2022, Lula chegou\",\"inLanguage\":\"pt-BR\",\"isPartOf\":{\"@id\":\"https:\\\/\\\/newsinfoco.com.br\\\/inicio\\\/#website\"},\"breadcrumb\":{\"@id\":\"https:\\\/\\\/newsinfoco.com.br\\\/inicio\\\/brasil-fora-do-radar-lula-nao-entra-na-lista-dos-100-mais-influentes-da-time\\\/#breadcrumblist\"},\"author\":{\"@id\":\"https:\\\/\\\/newsinfoco.com.br\\\/inicio\\\/author\\\/administrador\\\/#author\"},\"creator\":{\"@id\":\"https:\\\/\\\/newsinfoco.com.br\\\/inicio\\\/author\\\/administrador\\\/#author\"},\"image\":{\"@type\":\"ImageObject\",\"url\":\"https:\\\/\\\/newsinfoco.com.br\\\/inicio\\\/wp-content\\\/uploads\\\/2025\\\/04\\\/lula-2.png\",\"@id\":\"https:\\\/\\\/newsinfoco.com.br\\\/inicio\\\/brasil-fora-do-radar-lula-nao-entra-na-lista-dos-100-mais-influentes-da-time\\\/#mainImage\",\"width\":600,\"height\":420},\"primaryImageOfPage\":{\"@id\":\"https:\\\/\\\/newsinfoco.com.br\\\/inicio\\\/brasil-fora-do-radar-lula-nao-entra-na-lista-dos-100-mais-influentes-da-time\\\/#mainImage\"},\"datePublished\":\"2025-04-18T13:22:04-03:00\",\"dateModified\":\"2025-04-18T13:22:04-03:00\"},{\"@type\":\"WebSite\",\"@id\":\"https:\\\/\\\/newsinfoco.com.br\\\/inicio\\\/#website\",\"url\":\"https:\\\/\\\/newsinfoco.com.br\\\/inicio\\\/\",\"name\":\"News In Foco - Editado por Caio Pimenta\",\"description\":\"O principal site de noticias de Alagoinhas e regi\\u00e3o\",\"inLanguage\":\"pt-BR\",\"publisher\":{\"@id\":\"https:\\\/\\\/newsinfoco.com.br\\\/inicio\\\/#organization\"}}]}\n\t\t<\/script>\n\t\t<!-- All in One SEO -->\n\n","aioseo_head_json":{"title":"Brasil fora do radar: Lula n\u00e3o entra na lista dos 100 mais influentes da Time - News In Foco - Editado por Caio Pimenta","description":"Pela primeira vez em cinco anos, o Brasil ficou ausente da tradicional lista publicada anualmente pela revista norte-americana Time, com as cem pessoas mais influentes do mundo. O presidente Luiz In\u00e1cio Lula da Silva (PT), que esteve presente nas edi\u00e7\u00f5es de 2022 e 2023, n\u00e3o foi inclu\u00eddo na sele\u00e7\u00e3o deste ano. Em 2022, Lula chegou","canonical_url":"https:\/\/newsinfoco.com.br\/inicio\/brasil-fora-do-radar-lula-nao-entra-na-lista-dos-100-mais-influentes-da-time\/","robots":"max-image-preview:large","keywords":"","webmasterTools":{"miscellaneous":""},"schema":{"@context":"https:\/\/schema.org","@graph":[{"@type":"BlogPosting","@id":"https:\/\/newsinfoco.com.br\/inicio\/brasil-fora-do-radar-lula-nao-entra-na-lista-dos-100-mais-influentes-da-time\/#blogposting","name":"Brasil fora do radar: Lula n\u00e3o entra na lista dos 100 mais influentes da Time - News In Foco - Editado por Caio Pimenta","headline":"Brasil fora do radar: Lula n\u00e3o entra na lista dos 100 mais influentes da Time","author":{"@id":"https:\/\/newsinfoco.com.br\/inicio\/author\/administrador\/#author"},"publisher":{"@id":"https:\/\/newsinfoco.com.br\/inicio\/#organization"},"image":{"@type":"ImageObject","url":"https:\/\/newsinfoco.com.br\/inicio\/wp-content\/uploads\/2025\/04\/lula-2.png","width":600,"height":420},"datePublished":"2025-04-18T13:22:04-03:00","dateModified":"2025-04-18T13:22:04-03:00","inLanguage":"pt-BR","mainEntityOfPage":{"@id":"https:\/\/newsinfoco.com.br\/inicio\/brasil-fora-do-radar-lula-nao-entra-na-lista-dos-100-mais-influentes-da-time\/#webpage"},"isPartOf":{"@id":"https:\/\/newsinfoco.com.br\/inicio\/brasil-fora-do-radar-lula-nao-entra-na-lista-dos-100-mais-influentes-da-time\/#webpage"},"articleSection":"Brasil"},{"@type":"BreadcrumbList","@id":"https:\/\/newsinfoco.com.br\/inicio\/brasil-fora-do-radar-lula-nao-entra-na-lista-dos-100-mais-influentes-da-time\/#breadcrumblist","itemListElement":[{"@type":"ListItem","@id":"https:\/\/newsinfoco.com.br\/inicio#listItem","position":1,"name":"In\u00edcio","item":"https:\/\/newsinfoco.com.br\/inicio","nextItem":{"@type":"ListItem","@id":"https:\/\/newsinfoco.com.br\/inicio\/category\/brasil\/#listItem","name":"Brasil"}},{"@type":"ListItem","@id":"https:\/\/newsinfoco.com.br\/inicio\/category\/brasil\/#listItem","position":2,"name":"Brasil","item":"https:\/\/newsinfoco.com.br\/inicio\/category\/brasil\/","nextItem":{"@type":"ListItem","@id":"https:\/\/newsinfoco.com.br\/inicio\/brasil-fora-do-radar-lula-nao-entra-na-lista-dos-100-mais-influentes-da-time\/#listItem","name":"Brasil fora do radar: Lula n\u00e3o entra na lista dos 100 mais influentes da Time"},"previousItem":{"@type":"ListItem","@id":"https:\/\/newsinfoco.com.br\/inicio#listItem","name":"In\u00edcio"}},{"@type":"ListItem","@id":"https:\/\/newsinfoco.com.br\/inicio\/brasil-fora-do-radar-lula-nao-entra-na-lista-dos-100-mais-influentes-da-time\/#listItem","position":3,"name":"Brasil fora do radar: Lula n\u00e3o entra na lista dos 100 mais influentes da Time","previousItem":{"@type":"ListItem","@id":"https:\/\/newsinfoco.com.br\/inicio\/category\/brasil\/#listItem","name":"Brasil"}}]},{"@type":"Organization","@id":"https:\/\/newsinfoco.com.br\/inicio\/#organization","name":"News In Foco - Editado por Caio Pimenta","description":"O principal site de noticias de Alagoinhas e regi\u00e3o","url":"https:\/\/newsinfoco.com.br\/inicio\/"},{"@type":"Person","@id":"https:\/\/newsinfoco.com.br\/inicio\/author\/administrador\/#author","url":"https:\/\/newsinfoco.com.br\/inicio\/author\/administrador\/","name":"administrador","image":{"@type":"ImageObject","@id":"https:\/\/newsinfoco.com.br\/inicio\/brasil-fora-do-radar-lula-nao-entra-na-lista-dos-100-mais-influentes-da-time\/#authorImage","url":"https:\/\/secure.gravatar.com\/avatar\/c17a617433de8c1dc9584bb79aab7563b46f5bb7e1728c9b17d9cc3ce6a08e49?s=96&d=mm&r=g","width":96,"height":96,"caption":"administrador"}},{"@type":"WebPage","@id":"https:\/\/newsinfoco.com.br\/inicio\/brasil-fora-do-radar-lula-nao-entra-na-lista-dos-100-mais-influentes-da-time\/#webpage","url":"https:\/\/newsinfoco.com.br\/inicio\/brasil-fora-do-radar-lula-nao-entra-na-lista-dos-100-mais-influentes-da-time\/","name":"Brasil fora do radar: Lula n\u00e3o entra na lista dos 100 mais influentes da Time - News In Foco - Editado por Caio Pimenta","description":"Pela primeira vez em cinco anos, o Brasil ficou ausente da tradicional lista publicada anualmente pela revista norte-americana Time, com as cem pessoas mais influentes do mundo. O presidente Luiz In\u00e1cio Lula da Silva (PT), que esteve presente nas edi\u00e7\u00f5es de 2022 e 2023, n\u00e3o foi inclu\u00eddo na sele\u00e7\u00e3o deste ano. Em 2022, Lula chegou","inLanguage":"pt-BR","isPartOf":{"@id":"https:\/\/newsinfoco.com.br\/inicio\/#website"},"breadcrumb":{"@id":"https:\/\/newsinfoco.com.br\/inicio\/brasil-fora-do-radar-lula-nao-entra-na-lista-dos-100-mais-influentes-da-time\/#breadcrumblist"},"author":{"@id":"https:\/\/newsinfoco.com.br\/inicio\/author\/administrador\/#author"},"creator":{"@id":"https:\/\/newsinfoco.com.br\/inicio\/author\/administrador\/#author"},"image":{"@type":"ImageObject","url":"https:\/\/newsinfoco.com.br\/inicio\/wp-content\/uploads\/2025\/04\/lula-2.png","@id":"https:\/\/newsinfoco.com.br\/inicio\/brasil-fora-do-radar-lula-nao-entra-na-lista-dos-100-mais-influentes-da-time\/#mainImage","width":600,"height":420},"primaryImageOfPage":{"@id":"https:\/\/newsinfoco.com.br\/inicio\/brasil-fora-do-radar-lula-nao-entra-na-lista-dos-100-mais-influentes-da-time\/#mainImage"},"datePublished":"2025-04-18T13:22:04-03:00","dateModified":"2025-04-18T13:22:04-03:00"},{"@type":"WebSite","@id":"https:\/\/newsinfoco.com.br\/inicio\/#website","url":"https:\/\/newsinfoco.com.br\/inicio\/","name":"News In Foco - Editado por Caio Pimenta","description":"O principal site de noticias de Alagoinhas e regi\u00e3o","inLanguage":"pt-BR","publisher":{"@id":"https:\/\/newsinfoco.com.br\/inicio\/#organization"}}]},"og:locale":"pt_BR","og:site_name":"News In Foco - Editado por Caio Pimenta - O principal site de noticias de Alagoinhas e regi\u00e3o","og:type":"article","og:title":"Brasil fora do radar: Lula n\u00e3o entra na lista dos 100 mais influentes da Time - News In Foco - Editado por Caio Pimenta","og:description":"Pela primeira vez em cinco anos, o Brasil ficou ausente da tradicional lista publicada anualmente pela revista norte-americana Time, com as cem pessoas mais influentes do mundo. O presidente Luiz In\u00e1cio Lula da Silva (PT), que esteve presente nas edi\u00e7\u00f5es de 2022 e 2023, n\u00e3o foi inclu\u00eddo na sele\u00e7\u00e3o deste ano. Em 2022, Lula chegou","og:url":"https:\/\/newsinfoco.com.br\/inicio\/brasil-fora-do-radar-lula-nao-entra-na-lista-dos-100-mais-influentes-da-time\/","article:published_time":"2025-04-18T16:22:04+00:00","article:modified_time":"2025-04-18T16:22:04+00:00","twitter:card":"summary_large_image","twitter:title":"Brasil fora do radar: Lula n\u00e3o entra na lista dos 100 mais influentes da Time - News In Foco - Editado por Caio Pimenta","twitter:description":"Pela primeira vez em cinco anos, o Brasil ficou ausente da tradicional lista publicada anualmente pela revista norte-americana Time, com as cem pessoas mais influentes do mundo. O presidente Luiz In\u00e1cio Lula da Silva (PT), que esteve presente nas edi\u00e7\u00f5es de 2022 e 2023, n\u00e3o foi inclu\u00eddo na sele\u00e7\u00e3o deste ano. Em 2022, Lula chegou"},"aioseo_meta_data":{"post_id":"40814","title":null,"description":null,"keywords":null,"keyphrases":{"focus":{"keyphrase":"","score":0,"analysis":{"keyphraseInTitle":{"score":0,"maxScore":9,"error":1}}},"additional":[]},"primary_term":null,"canonical_url":null,"og_title":null,"og_description":null,"og_object_type":"default","og_image_type":"default","og_image_url":null,"og_image_width":null,"og_image_height":null,"og_image_custom_url":null,"og_image_custom_fields":null,"og_video":"","og_custom_url":null,"og_article_section":null,"og_article_tags":null,"twitter_use_og":false,"twitter_card":"default","twitter_image_type":"default","twitter_image_url":null,"twitter_image_custom_url":null,"twitter_image_custom_fields":null,"twitter_title":null,"twitter_description":null,"schema":{"blockGraphs":[],"customGraphs":[],"default":{"data":{"Article":[],"Course":[],"Dataset":[],"FAQPage":[],"Movie":[],"Person":[],"Product":[],"ProductReview":[],"Car":[],"Recipe":[],"Service":[],"SoftwareApplication":[],"WebPage":[]},"graphName":"BlogPosting","isEnabled":true},"graphs":[]},"schema_type":"default","schema_type_options":null,"pillar_content":false,"robots_default":true,"robots_noindex":false,"robots_noarchive":false,"robots_nosnippet":false,"robots_nofollow":false,"robots_noimageindex":false,"robots_noodp":false,"robots_notranslate":false,"robots_max_snippet":"-1","robots_max_videopreview":"-1","robots_max_imagepreview":"large","priority":null,"frequency":"default","local_seo":null,"breadcrumb_settings":null,"limit_modified_date":false,"ai":null,"created":"2025-04-18 16:22:04","updated":"2025-07-11 13:06:00","seo_analyzer_scan_date":null},"aioseo_breadcrumb":"<div class=\"aioseo-breadcrumbs\"><span class=\"aioseo-breadcrumb\">\n\t\t\t<a href=\"https:\/\/newsinfoco.com.br\/inicio\" title=\"In\u00edcio\">In\u00edcio<\/a>\n\t\t<\/span><span class=\"aioseo-breadcrumb-separator\">&raquo;<\/span><span class=\"aioseo-breadcrumb\">\n\t\t\t<a href=\"https:\/\/newsinfoco.com.br\/inicio\/category\/brasil\/\" title=\"Brasil\">Brasil<\/a>\n\t\t<\/span><span class=\"aioseo-breadcrumb-separator\">&raquo;<\/span><span class=\"aioseo-breadcrumb\">\n\t\t\tBrasil fora do radar: Lula n\u00e3o entra na lista dos 100 mais influentes da Time\n\t\t<\/span><\/div>","aioseo_breadcrumb_json":[{"label":"In\u00edcio","link":"https:\/\/newsinfoco.com.br\/inicio"},{"label":"Brasil","link":"https:\/\/newsinfoco.com.br\/inicio\/category\/brasil\/"},{"label":"Brasil fora do radar: Lula n\u00e3o entra na lista dos 100 mais influentes da Time","link":"https:\/\/newsinfoco.com.br\/inicio\/brasil-fora-do-radar-lula-nao-entra-na-lista-dos-100-mais-influentes-da-time\/"}],"_links":{"self":[{"href":"https:\/\/newsinfoco.com.br\/inicio\/wp-json\/wp\/v2\/posts\/40814","targetHints":{"allow":["GET"]}}],"collection":[{"href":"https:\/\/newsinfoco.com.br\/inicio\/wp-json\/wp\/v2\/posts"}],"about":[{"href":"https:\/\/newsinfoco.com.br\/inicio\/wp-json\/wp\/v2\/types\/post"}],"author":[{"embeddable":true,"href":"https:\/\/newsinfoco.com.br\/inicio\/wp-json\/wp\/v2\/users\/1"}],"replies":[{"embeddable":true,"href":"https:\/\/newsinfoco.com.br\/inicio\/wp-json\/wp\/v2\/comments?post=40814"}],"version-history":[{"count":1,"href":"https:\/\/newsinfoco.com.br\/inicio\/wp-json\/wp\/v2\/posts\/40814\/revisions"}],"predecessor-version":[{"id":40816,"href":"https:\/\/newsinfoco.com.br\/inicio\/wp-json\/wp\/v2\/posts\/40814\/revisions\/40816"}],"wp:featuredmedia":[{"embeddable":true,"href":"https:\/\/newsinfoco.com.br\/inicio\/wp-json\/wp\/v2\/media\/40815"}],"wp:attachment":[{"href":"https:\/\/newsinfoco.com.br\/inicio\/wp-json\/wp\/v2\/media?parent=40814"}],"wp:term":[{"taxonomy":"category","embeddable":true,"href":"https:\/\/newsinfoco.com.br\/inicio\/wp-json\/wp\/v2\/categories?post=40814"},{"taxonomy":"post_tag","embeddable":true,"href":"https:\/\/newsinfoco.com.br\/inicio\/wp-json\/wp\/v2\/tags?post=40814"}],"curies":[{"name":"wp","href":"https:\/\/api.w.org\/{rel}","templated":true}]}}