{"id":40850,"date":"2025-04-22T13:34:39","date_gmt":"2025-04-22T16:34:39","guid":{"rendered":"https:\/\/newsinfoco.com.br\/inicio\/?p=40850"},"modified":"2025-04-22T13:34:39","modified_gmt":"2025-04-22T16:34:39","slug":"papa-francisco-sera-sepultado-no-proximo-sabado-26","status":"publish","type":"post","link":"https:\/\/newsinfoco.com.br\/inicio\/papa-francisco-sera-sepultado-no-proximo-sabado-26\/","title":{"rendered":"Papa Francisco ser\u00e1 sepultado no pr\u00f3ximo s\u00e1bado, 26"},"content":{"rendered":"<div class=\"sc-24c322fd-0 imQYhj\">\n<div class=\"sc-24c322fd-1 laZqPV\">\n<div class=\"sc-24c322fd-3 giHdVV\">\n<p dir=\"ltr\">O funeral do papa Francisco acontecer\u00e1 no pr\u00f3ximo s\u00e1bado (26), \u00e0s 10h no hor\u00e1rio local de Roma e 5h no hor\u00e1rio de Bras\u00edlia. A data foi divulgada pelo Vaticano nesta ter\u00e7a-feira (22). Conforme as informa\u00e7\u00f5es, ser\u00e1 celebrada a Santa Missa Exequial do papa Francisco na Bas\u00edlica de S\u00e3o Pedro. A cerim\u00f4nia ser\u00e1 presidida pelo cardeal Giovanni Battista.<\/p>\n<p dir=\"ltr\">Ap\u00f3s o ato, o corpo do l\u00edder religioso ser\u00e1 levado em prociss\u00e3o at\u00e9 a Bas\u00edlica de Santa Maria Maggiore, onde ser\u00e1 sepultado. Francisco era devoto da santa e pediu para que o ato acontecesse l\u00e1. A Missa Exequial acontece no momento funeral, sendo uma celebra\u00e7\u00e3o lit\u00fargica cat\u00f3lica realizada por conta do falecimento de uma pessoal.<\/p>\n<p dir=\"ltr\">O rito consta no livro &#8220;Ordem das Ex\u00e9quias do Sumo Pont\u00edfice&#8221;, que estabelece as cerim\u00f4nias f\u00fanebres do pont\u00edfice.<\/p>\n<p dir=\"ltr\">J\u00e1 o caix\u00e3o com o corpo do pont\u00edfice ser\u00e1 trasladado da Capela de Santa Marta para a Bas\u00edlica de S\u00e3o Pedro na pr\u00f3xima quarta-feira \u00e0s 4h no hor\u00e1rio de Bras\u00edlia, 9h no hor\u00e1rio local, e estar\u00e1 exposto para homenagens do p\u00fablico.<\/p>\n<p dir=\"ltr\">O traslado come\u00e7ara em uma prociss\u00e3o que passar\u00e1 pela Pra\u00e7a Santa Marta e pela Pra\u00e7a dos Prot\u00f3tom\u00e1rtires Romanos, sair\u00e1 pelo Arco dos sinos em dire\u00e7\u00e3o \u00e0 Pra\u00e7a de S\u00e3o Pedro e entrar\u00e1 na bas\u00edlica pela porta central.<\/p>\n<p dir=\"ltr\">Variadas cerim\u00f4nias da Igreja Cat\u00f3lica v\u00e3o acontecer durante o funeral de Francisco. Os atos devem ocorrer entre sexta-feira (25) e domingo (28).<\/p>\n<p dir=\"ltr\">Bahia Not\u00edcias<\/p>\n<\/div>\n<\/div>\n<div>\n<div class=\"sc-a2085f8e-0 gKIthy\"><\/div>\n<\/div>\n<\/div>\n<div>\n<div id=\"Div_Feed_Desktop_Mobile_Advision_2\" class=\"sc-c056192d-0 hHMtsr\" data-google-query-id=\"CIWfvNmH7IwDFQo5uQYd6DwhqA\"><\/div>\n<\/div>\n<div class='share-to-whatsapp-wrapper'><div class='share-on-whsp'>Share on: <\/div><a data-text='Papa Francisco ser\u00e1 sepultado no pr\u00f3ximo s\u00e1bado, 26' data-link='https:\/\/newsinfoco.com.br\/inicio\/papa-francisco-sera-sepultado-no-proximo-sabado-26\/' class='whatsapp-button whatsapp-share'>WhatsApp<\/a><div class='clear '><\/div><\/div>","protected":false},"excerpt":{"rendered":"<p>O funeral do papa Francisco acontecer\u00e1 no pr\u00f3ximo s\u00e1bado (26), \u00e0s 10h no hor\u00e1rio local de Roma e 5h no hor\u00e1rio de Bras\u00edlia. A data foi divulgada pelo Vaticano nesta ter\u00e7a-feira (22). Conforme as informa\u00e7\u00f5es, ser\u00e1 celebrada a Santa Missa Exequial do papa Francisco na Bas\u00edlica de S\u00e3o Pedro. A cerim\u00f4nia ser\u00e1 presidida pelo cardeal [&hellip;]<\/p>\n","protected":false},"author":1,"featured_media":40851,"comment_status":"closed","ping_status":"closed","sticky":false,"template":"","format":"standard","meta":{"om_disable_all_campaigns":false,"rop_custom_images_group":[],"rop_custom_messages_group":[],"rop_publish_now":"initial","rop_publish_now_accounts":[],"rop_publish_now_history":[],"rop_publish_now_status":"pending","_exactmetrics_skip_tracking":false,"footnotes":""},"categories":[21],"tags":[],"class_list":["post-40850","post","type-post","status-publish","format-standard","has-post-thumbnail","hentry","category-brasil"],"aioseo_notices":[],"aioseo_head":"\n\t\t<!-- All in One SEO 4.9.10 - aioseo.com -->\n\t<meta name=\"description\" content=\"O funeral do papa Francisco acontecer\u00e1 no pr\u00f3ximo s\u00e1bado (26), \u00e0s 10h no hor\u00e1rio local de Roma e 5h no hor\u00e1rio de Bras\u00edlia. A data foi divulgada pelo Vaticano nesta ter\u00e7a-feira (22). Conforme as informa\u00e7\u00f5es, ser\u00e1 celebrada a Santa Missa Exequial do papa Francisco na Bas\u00edlica de S\u00e3o Pedro. A cerim\u00f4nia ser\u00e1 presidida pelo cardeal\" \/>\n\t<meta name=\"robots\" content=\"max-image-preview:large\" \/>\n\t<meta name=\"author\" content=\"administrador\"\/>\n\t<link rel=\"canonical\" href=\"https:\/\/newsinfoco.com.br\/inicio\/papa-francisco-sera-sepultado-no-proximo-sabado-26\/\" \/>\n\t<meta name=\"generator\" content=\"All in One SEO (AIOSEO) 4.9.10\" \/>\n\t\t<meta property=\"og:locale\" content=\"pt_BR\" \/>\n\t\t<meta property=\"og:site_name\" content=\"News In Foco - Editado por Caio Pimenta - O principal site de noticias de Alagoinhas e regi\u00e3o\" \/>\n\t\t<meta property=\"og:type\" content=\"article\" \/>\n\t\t<meta property=\"og:title\" content=\"Papa Francisco ser\u00e1 sepultado no pr\u00f3ximo s\u00e1bado, 26 - News In Foco - Editado por Caio Pimenta\" \/>\n\t\t<meta property=\"og:description\" content=\"O funeral do papa Francisco acontecer\u00e1 no pr\u00f3ximo s\u00e1bado (26), \u00e0s 10h no hor\u00e1rio local de Roma e 5h no hor\u00e1rio de Bras\u00edlia. A data foi divulgada pelo Vaticano nesta ter\u00e7a-feira (22). Conforme as informa\u00e7\u00f5es, ser\u00e1 celebrada a Santa Missa Exequial do papa Francisco na Bas\u00edlica de S\u00e3o Pedro. A cerim\u00f4nia ser\u00e1 presidida pelo cardeal\" \/>\n\t\t<meta property=\"og:url\" content=\"https:\/\/newsinfoco.com.br\/inicio\/papa-francisco-sera-sepultado-no-proximo-sabado-26\/\" \/>\n\t\t<meta property=\"article:published_time\" content=\"2025-04-22T16:34:39+00:00\" \/>\n\t\t<meta property=\"article:modified_time\" content=\"2025-04-22T16:34:39+00:00\" \/>\n\t\t<meta name=\"twitter:card\" content=\"summary_large_image\" \/>\n\t\t<meta name=\"twitter:title\" content=\"Papa Francisco ser\u00e1 sepultado no pr\u00f3ximo s\u00e1bado, 26 - News In Foco - Editado por Caio Pimenta\" \/>\n\t\t<meta name=\"twitter:description\" content=\"O funeral do papa Francisco acontecer\u00e1 no pr\u00f3ximo s\u00e1bado (26), \u00e0s 10h no hor\u00e1rio local de Roma e 5h no hor\u00e1rio de Bras\u00edlia. A data foi divulgada pelo Vaticano nesta ter\u00e7a-feira (22). Conforme as informa\u00e7\u00f5es, ser\u00e1 celebrada a Santa Missa Exequial do papa Francisco na Bas\u00edlica de S\u00e3o Pedro. A cerim\u00f4nia ser\u00e1 presidida pelo cardeal\" \/>\n\t\t<script type=\"application\/ld+json\" class=\"aioseo-schema\">\n\t\t\t{\"@context\":\"https:\\\/\\\/schema.org\",\"@graph\":[{\"@type\":\"BlogPosting\",\"@id\":\"https:\\\/\\\/newsinfoco.com.br\\\/inicio\\\/papa-francisco-sera-sepultado-no-proximo-sabado-26\\\/#blogposting\",\"name\":\"Papa Francisco ser\\u00e1 sepultado no pr\\u00f3ximo s\\u00e1bado, 26 - News In Foco - Editado por Caio Pimenta\",\"headline\":\"Papa Francisco ser\\u00e1 sepultado no pr\\u00f3ximo s\\u00e1bado, 26\",\"author\":{\"@id\":\"https:\\\/\\\/newsinfoco.com.br\\\/inicio\\\/author\\\/administrador\\\/#author\"},\"publisher\":{\"@id\":\"https:\\\/\\\/newsinfoco.com.br\\\/inicio\\\/#organization\"},\"image\":{\"@type\":\"ImageObject\",\"url\":\"https:\\\/\\\/newsinfoco.com.br\\\/inicio\\\/wp-content\\\/uploads\\\/2025\\\/04\\\/IMAGEM_NOTICIA_9-24.webp\",\"width\":1200,\"height\":630},\"datePublished\":\"2025-04-22T13:34:39-03:00\",\"dateModified\":\"2025-04-22T13:34:39-03:00\",\"inLanguage\":\"pt-BR\",\"mainEntityOfPage\":{\"@id\":\"https:\\\/\\\/newsinfoco.com.br\\\/inicio\\\/papa-francisco-sera-sepultado-no-proximo-sabado-26\\\/#webpage\"},\"isPartOf\":{\"@id\":\"https:\\\/\\\/newsinfoco.com.br\\\/inicio\\\/papa-francisco-sera-sepultado-no-proximo-sabado-26\\\/#webpage\"},\"articleSection\":\"Brasil\"},{\"@type\":\"BreadcrumbList\",\"@id\":\"https:\\\/\\\/newsinfoco.com.br\\\/inicio\\\/papa-francisco-sera-sepultado-no-proximo-sabado-26\\\/#breadcrumblist\",\"itemListElement\":[{\"@type\":\"ListItem\",\"@id\":\"https:\\\/\\\/newsinfoco.com.br\\\/inicio#listItem\",\"position\":1,\"name\":\"In\\u00edcio\",\"item\":\"https:\\\/\\\/newsinfoco.com.br\\\/inicio\",\"nextItem\":{\"@type\":\"ListItem\",\"@id\":\"https:\\\/\\\/newsinfoco.com.br\\\/inicio\\\/category\\\/brasil\\\/#listItem\",\"name\":\"Brasil\"}},{\"@type\":\"ListItem\",\"@id\":\"https:\\\/\\\/newsinfoco.com.br\\\/inicio\\\/category\\\/brasil\\\/#listItem\",\"position\":2,\"name\":\"Brasil\",\"item\":\"https:\\\/\\\/newsinfoco.com.br\\\/inicio\\\/category\\\/brasil\\\/\",\"nextItem\":{\"@type\":\"ListItem\",\"@id\":\"https:\\\/\\\/newsinfoco.com.br\\\/inicio\\\/papa-francisco-sera-sepultado-no-proximo-sabado-26\\\/#listItem\",\"name\":\"Papa Francisco ser\\u00e1 sepultado no pr\\u00f3ximo s\\u00e1bado, 26\"},\"previousItem\":{\"@type\":\"ListItem\",\"@id\":\"https:\\\/\\\/newsinfoco.com.br\\\/inicio#listItem\",\"name\":\"In\\u00edcio\"}},{\"@type\":\"ListItem\",\"@id\":\"https:\\\/\\\/newsinfoco.com.br\\\/inicio\\\/papa-francisco-sera-sepultado-no-proximo-sabado-26\\\/#listItem\",\"position\":3,\"name\":\"Papa Francisco ser\\u00e1 sepultado no pr\\u00f3ximo s\\u00e1bado, 26\",\"previousItem\":{\"@type\":\"ListItem\",\"@id\":\"https:\\\/\\\/newsinfoco.com.br\\\/inicio\\\/category\\\/brasil\\\/#listItem\",\"name\":\"Brasil\"}}]},{\"@type\":\"Organization\",\"@id\":\"https:\\\/\\\/newsinfoco.com.br\\\/inicio\\\/#organization\",\"name\":\"News In Foco - Editado por Caio Pimenta\",\"description\":\"O principal site de noticias de Alagoinhas e regi\\u00e3o\",\"url\":\"https:\\\/\\\/newsinfoco.com.br\\\/inicio\\\/\"},{\"@type\":\"Person\",\"@id\":\"https:\\\/\\\/newsinfoco.com.br\\\/inicio\\\/author\\\/administrador\\\/#author\",\"url\":\"https:\\\/\\\/newsinfoco.com.br\\\/inicio\\\/author\\\/administrador\\\/\",\"name\":\"administrador\",\"image\":{\"@type\":\"ImageObject\",\"@id\":\"https:\\\/\\\/newsinfoco.com.br\\\/inicio\\\/papa-francisco-sera-sepultado-no-proximo-sabado-26\\\/#authorImage\",\"url\":\"https:\\\/\\\/secure.gravatar.com\\\/avatar\\\/c17a617433de8c1dc9584bb79aab7563b46f5bb7e1728c9b17d9cc3ce6a08e49?s=96&d=mm&r=g\",\"width\":96,\"height\":96,\"caption\":\"administrador\"}},{\"@type\":\"WebPage\",\"@id\":\"https:\\\/\\\/newsinfoco.com.br\\\/inicio\\\/papa-francisco-sera-sepultado-no-proximo-sabado-26\\\/#webpage\",\"url\":\"https:\\\/\\\/newsinfoco.com.br\\\/inicio\\\/papa-francisco-sera-sepultado-no-proximo-sabado-26\\\/\",\"name\":\"Papa Francisco ser\\u00e1 sepultado no pr\\u00f3ximo s\\u00e1bado, 26 - News In Foco - Editado por Caio Pimenta\",\"description\":\"O funeral do papa Francisco acontecer\\u00e1 no pr\\u00f3ximo s\\u00e1bado (26), \\u00e0s 10h no hor\\u00e1rio local de Roma e 5h no hor\\u00e1rio de Bras\\u00edlia. A data foi divulgada pelo Vaticano nesta ter\\u00e7a-feira (22). Conforme as informa\\u00e7\\u00f5es, ser\\u00e1 celebrada a Santa Missa Exequial do papa Francisco na Bas\\u00edlica de S\\u00e3o Pedro. A cerim\\u00f4nia ser\\u00e1 presidida pelo cardeal\",\"inLanguage\":\"pt-BR\",\"isPartOf\":{\"@id\":\"https:\\\/\\\/newsinfoco.com.br\\\/inicio\\\/#website\"},\"breadcrumb\":{\"@id\":\"https:\\\/\\\/newsinfoco.com.br\\\/inicio\\\/papa-francisco-sera-sepultado-no-proximo-sabado-26\\\/#breadcrumblist\"},\"author\":{\"@id\":\"https:\\\/\\\/newsinfoco.com.br\\\/inicio\\\/author\\\/administrador\\\/#author\"},\"creator\":{\"@id\":\"https:\\\/\\\/newsinfoco.com.br\\\/inicio\\\/author\\\/administrador\\\/#author\"},\"image\":{\"@type\":\"ImageObject\",\"url\":\"https:\\\/\\\/newsinfoco.com.br\\\/inicio\\\/wp-content\\\/uploads\\\/2025\\\/04\\\/IMAGEM_NOTICIA_9-24.webp\",\"@id\":\"https:\\\/\\\/newsinfoco.com.br\\\/inicio\\\/papa-francisco-sera-sepultado-no-proximo-sabado-26\\\/#mainImage\",\"width\":1200,\"height\":630},\"primaryImageOfPage\":{\"@id\":\"https:\\\/\\\/newsinfoco.com.br\\\/inicio\\\/papa-francisco-sera-sepultado-no-proximo-sabado-26\\\/#mainImage\"},\"datePublished\":\"2025-04-22T13:34:39-03:00\",\"dateModified\":\"2025-04-22T13:34:39-03:00\"},{\"@type\":\"WebSite\",\"@id\":\"https:\\\/\\\/newsinfoco.com.br\\\/inicio\\\/#website\",\"url\":\"https:\\\/\\\/newsinfoco.com.br\\\/inicio\\\/\",\"name\":\"News In Foco - Editado por Caio Pimenta\",\"description\":\"O principal site de noticias de Alagoinhas e regi\\u00e3o\",\"inLanguage\":\"pt-BR\",\"publisher\":{\"@id\":\"https:\\\/\\\/newsinfoco.com.br\\\/inicio\\\/#organization\"}}]}\n\t\t<\/script>\n\t\t<!-- All in One SEO -->\n\n","aioseo_head_json":{"title":"Papa Francisco ser\u00e1 sepultado no pr\u00f3ximo s\u00e1bado, 26 - News In Foco - Editado por Caio Pimenta","description":"O funeral do papa Francisco acontecer\u00e1 no pr\u00f3ximo s\u00e1bado (26), \u00e0s 10h no hor\u00e1rio local de Roma e 5h no hor\u00e1rio de Bras\u00edlia. A data foi divulgada pelo Vaticano nesta ter\u00e7a-feira (22). Conforme as informa\u00e7\u00f5es, ser\u00e1 celebrada a Santa Missa Exequial do papa Francisco na Bas\u00edlica de S\u00e3o Pedro. A cerim\u00f4nia ser\u00e1 presidida pelo cardeal","canonical_url":"https:\/\/newsinfoco.com.br\/inicio\/papa-francisco-sera-sepultado-no-proximo-sabado-26\/","robots":"max-image-preview:large","keywords":"","webmasterTools":{"miscellaneous":""},"schema":{"@context":"https:\/\/schema.org","@graph":[{"@type":"BlogPosting","@id":"https:\/\/newsinfoco.com.br\/inicio\/papa-francisco-sera-sepultado-no-proximo-sabado-26\/#blogposting","name":"Papa Francisco ser\u00e1 sepultado no pr\u00f3ximo s\u00e1bado, 26 - News In Foco - Editado por Caio Pimenta","headline":"Papa Francisco ser\u00e1 sepultado no pr\u00f3ximo s\u00e1bado, 26","author":{"@id":"https:\/\/newsinfoco.com.br\/inicio\/author\/administrador\/#author"},"publisher":{"@id":"https:\/\/newsinfoco.com.br\/inicio\/#organization"},"image":{"@type":"ImageObject","url":"https:\/\/newsinfoco.com.br\/inicio\/wp-content\/uploads\/2025\/04\/IMAGEM_NOTICIA_9-24.webp","width":1200,"height":630},"datePublished":"2025-04-22T13:34:39-03:00","dateModified":"2025-04-22T13:34:39-03:00","inLanguage":"pt-BR","mainEntityOfPage":{"@id":"https:\/\/newsinfoco.com.br\/inicio\/papa-francisco-sera-sepultado-no-proximo-sabado-26\/#webpage"},"isPartOf":{"@id":"https:\/\/newsinfoco.com.br\/inicio\/papa-francisco-sera-sepultado-no-proximo-sabado-26\/#webpage"},"articleSection":"Brasil"},{"@type":"BreadcrumbList","@id":"https:\/\/newsinfoco.com.br\/inicio\/papa-francisco-sera-sepultado-no-proximo-sabado-26\/#breadcrumblist","itemListElement":[{"@type":"ListItem","@id":"https:\/\/newsinfoco.com.br\/inicio#listItem","position":1,"name":"In\u00edcio","item":"https:\/\/newsinfoco.com.br\/inicio","nextItem":{"@type":"ListItem","@id":"https:\/\/newsinfoco.com.br\/inicio\/category\/brasil\/#listItem","name":"Brasil"}},{"@type":"ListItem","@id":"https:\/\/newsinfoco.com.br\/inicio\/category\/brasil\/#listItem","position":2,"name":"Brasil","item":"https:\/\/newsinfoco.com.br\/inicio\/category\/brasil\/","nextItem":{"@type":"ListItem","@id":"https:\/\/newsinfoco.com.br\/inicio\/papa-francisco-sera-sepultado-no-proximo-sabado-26\/#listItem","name":"Papa Francisco ser\u00e1 sepultado no pr\u00f3ximo s\u00e1bado, 26"},"previousItem":{"@type":"ListItem","@id":"https:\/\/newsinfoco.com.br\/inicio#listItem","name":"In\u00edcio"}},{"@type":"ListItem","@id":"https:\/\/newsinfoco.com.br\/inicio\/papa-francisco-sera-sepultado-no-proximo-sabado-26\/#listItem","position":3,"name":"Papa Francisco ser\u00e1 sepultado no pr\u00f3ximo s\u00e1bado, 26","previousItem":{"@type":"ListItem","@id":"https:\/\/newsinfoco.com.br\/inicio\/category\/brasil\/#listItem","name":"Brasil"}}]},{"@type":"Organization","@id":"https:\/\/newsinfoco.com.br\/inicio\/#organization","name":"News In Foco - Editado por Caio Pimenta","description":"O principal site de noticias de Alagoinhas e regi\u00e3o","url":"https:\/\/newsinfoco.com.br\/inicio\/"},{"@type":"Person","@id":"https:\/\/newsinfoco.com.br\/inicio\/author\/administrador\/#author","url":"https:\/\/newsinfoco.com.br\/inicio\/author\/administrador\/","name":"administrador","image":{"@type":"ImageObject","@id":"https:\/\/newsinfoco.com.br\/inicio\/papa-francisco-sera-sepultado-no-proximo-sabado-26\/#authorImage","url":"https:\/\/secure.gravatar.com\/avatar\/c17a617433de8c1dc9584bb79aab7563b46f5bb7e1728c9b17d9cc3ce6a08e49?s=96&d=mm&r=g","width":96,"height":96,"caption":"administrador"}},{"@type":"WebPage","@id":"https:\/\/newsinfoco.com.br\/inicio\/papa-francisco-sera-sepultado-no-proximo-sabado-26\/#webpage","url":"https:\/\/newsinfoco.com.br\/inicio\/papa-francisco-sera-sepultado-no-proximo-sabado-26\/","name":"Papa Francisco ser\u00e1 sepultado no pr\u00f3ximo s\u00e1bado, 26 - News In Foco - Editado por Caio Pimenta","description":"O funeral do papa Francisco acontecer\u00e1 no pr\u00f3ximo s\u00e1bado (26), \u00e0s 10h no hor\u00e1rio local de Roma e 5h no hor\u00e1rio de Bras\u00edlia. A data foi divulgada pelo Vaticano nesta ter\u00e7a-feira (22). Conforme as informa\u00e7\u00f5es, ser\u00e1 celebrada a Santa Missa Exequial do papa Francisco na Bas\u00edlica de S\u00e3o Pedro. A cerim\u00f4nia ser\u00e1 presidida pelo cardeal","inLanguage":"pt-BR","isPartOf":{"@id":"https:\/\/newsinfoco.com.br\/inicio\/#website"},"breadcrumb":{"@id":"https:\/\/newsinfoco.com.br\/inicio\/papa-francisco-sera-sepultado-no-proximo-sabado-26\/#breadcrumblist"},"author":{"@id":"https:\/\/newsinfoco.com.br\/inicio\/author\/administrador\/#author"},"creator":{"@id":"https:\/\/newsinfoco.com.br\/inicio\/author\/administrador\/#author"},"image":{"@type":"ImageObject","url":"https:\/\/newsinfoco.com.br\/inicio\/wp-content\/uploads\/2025\/04\/IMAGEM_NOTICIA_9-24.webp","@id":"https:\/\/newsinfoco.com.br\/inicio\/papa-francisco-sera-sepultado-no-proximo-sabado-26\/#mainImage","width":1200,"height":630},"primaryImageOfPage":{"@id":"https:\/\/newsinfoco.com.br\/inicio\/papa-francisco-sera-sepultado-no-proximo-sabado-26\/#mainImage"},"datePublished":"2025-04-22T13:34:39-03:00","dateModified":"2025-04-22T13:34:39-03:00"},{"@type":"WebSite","@id":"https:\/\/newsinfoco.com.br\/inicio\/#website","url":"https:\/\/newsinfoco.com.br\/inicio\/","name":"News In Foco - Editado por Caio Pimenta","description":"O principal site de noticias de Alagoinhas e regi\u00e3o","inLanguage":"pt-BR","publisher":{"@id":"https:\/\/newsinfoco.com.br\/inicio\/#organization"}}]},"og:locale":"pt_BR","og:site_name":"News In Foco - Editado por Caio Pimenta - O principal site de noticias de Alagoinhas e regi\u00e3o","og:type":"article","og:title":"Papa Francisco ser\u00e1 sepultado no pr\u00f3ximo s\u00e1bado, 26 - News In Foco - Editado por Caio Pimenta","og:description":"O funeral do papa Francisco acontecer\u00e1 no pr\u00f3ximo s\u00e1bado (26), \u00e0s 10h no hor\u00e1rio local de Roma e 5h no hor\u00e1rio de Bras\u00edlia. A data foi divulgada pelo Vaticano nesta ter\u00e7a-feira (22). Conforme as informa\u00e7\u00f5es, ser\u00e1 celebrada a Santa Missa Exequial do papa Francisco na Bas\u00edlica de S\u00e3o Pedro. A cerim\u00f4nia ser\u00e1 presidida pelo cardeal","og:url":"https:\/\/newsinfoco.com.br\/inicio\/papa-francisco-sera-sepultado-no-proximo-sabado-26\/","article:published_time":"2025-04-22T16:34:39+00:00","article:modified_time":"2025-04-22T16:34:39+00:00","twitter:card":"summary_large_image","twitter:title":"Papa Francisco ser\u00e1 sepultado no pr\u00f3ximo s\u00e1bado, 26 - News In Foco - Editado por Caio Pimenta","twitter:description":"O funeral do papa Francisco acontecer\u00e1 no pr\u00f3ximo s\u00e1bado (26), \u00e0s 10h no hor\u00e1rio local de Roma e 5h no hor\u00e1rio de Bras\u00edlia. A data foi divulgada pelo Vaticano nesta ter\u00e7a-feira (22). Conforme as informa\u00e7\u00f5es, ser\u00e1 celebrada a Santa Missa Exequial do papa Francisco na Bas\u00edlica de S\u00e3o Pedro. A cerim\u00f4nia ser\u00e1 presidida pelo cardeal"},"aioseo_meta_data":{"post_id":"40850","title":null,"description":null,"keywords":null,"keyphrases":{"focus":{"keyphrase":"","score":0,"analysis":{"keyphraseInTitle":{"score":0,"maxScore":9,"error":1}}},"additional":[]},"primary_term":null,"canonical_url":null,"og_title":null,"og_description":null,"og_object_type":"default","og_image_type":"default","og_image_url":null,"og_image_width":null,"og_image_height":null,"og_image_custom_url":null,"og_image_custom_fields":null,"og_video":"","og_custom_url":null,"og_article_section":null,"og_article_tags":null,"twitter_use_og":false,"twitter_card":"default","twitter_image_type":"default","twitter_image_url":null,"twitter_image_custom_url":null,"twitter_image_custom_fields":null,"twitter_title":null,"twitter_description":null,"schema":{"blockGraphs":[],"customGraphs":[],"default":{"data":{"Article":[],"Course":[],"Dataset":[],"FAQPage":[],"Movie":[],"Person":[],"Product":[],"ProductReview":[],"Car":[],"Recipe":[],"Service":[],"SoftwareApplication":[],"WebPage":[]},"graphName":"BlogPosting","isEnabled":true},"graphs":[]},"schema_type":"default","schema_type_options":null,"pillar_content":false,"robots_default":true,"robots_noindex":false,"robots_noarchive":false,"robots_nosnippet":false,"robots_nofollow":false,"robots_noimageindex":false,"robots_noodp":false,"robots_notranslate":false,"robots_max_snippet":"-1","robots_max_videopreview":"-1","robots_max_imagepreview":"large","priority":null,"frequency":"default","local_seo":null,"breadcrumb_settings":null,"limit_modified_date":false,"ai":null,"created":"2025-04-22 16:34:39","updated":"2025-07-11 13:07:03","seo_analyzer_scan_date":null},"aioseo_breadcrumb":"<div class=\"aioseo-breadcrumbs\"><span class=\"aioseo-breadcrumb\">\n\t\t\t<a href=\"https:\/\/newsinfoco.com.br\/inicio\" title=\"In\u00edcio\">In\u00edcio<\/a>\n\t\t<\/span><span class=\"aioseo-breadcrumb-separator\">&raquo;<\/span><span class=\"aioseo-breadcrumb\">\n\t\t\t<a href=\"https:\/\/newsinfoco.com.br\/inicio\/category\/brasil\/\" title=\"Brasil\">Brasil<\/a>\n\t\t<\/span><span class=\"aioseo-breadcrumb-separator\">&raquo;<\/span><span class=\"aioseo-breadcrumb\">\n\t\t\tPapa Francisco ser\u00e1 sepultado no pr\u00f3ximo s\u00e1bado, 26\n\t\t<\/span><\/div>","aioseo_breadcrumb_json":[{"label":"In\u00edcio","link":"https:\/\/newsinfoco.com.br\/inicio"},{"label":"Brasil","link":"https:\/\/newsinfoco.com.br\/inicio\/category\/brasil\/"},{"label":"Papa Francisco ser\u00e1 sepultado no pr\u00f3ximo s\u00e1bado, 26","link":"https:\/\/newsinfoco.com.br\/inicio\/papa-francisco-sera-sepultado-no-proximo-sabado-26\/"}],"_links":{"self":[{"href":"https:\/\/newsinfoco.com.br\/inicio\/wp-json\/wp\/v2\/posts\/40850","targetHints":{"allow":["GET"]}}],"collection":[{"href":"https:\/\/newsinfoco.com.br\/inicio\/wp-json\/wp\/v2\/posts"}],"about":[{"href":"https:\/\/newsinfoco.com.br\/inicio\/wp-json\/wp\/v2\/types\/post"}],"author":[{"embeddable":true,"href":"https:\/\/newsinfoco.com.br\/inicio\/wp-json\/wp\/v2\/users\/1"}],"replies":[{"embeddable":true,"href":"https:\/\/newsinfoco.com.br\/inicio\/wp-json\/wp\/v2\/comments?post=40850"}],"version-history":[{"count":1,"href":"https:\/\/newsinfoco.com.br\/inicio\/wp-json\/wp\/v2\/posts\/40850\/revisions"}],"predecessor-version":[{"id":40852,"href":"https:\/\/newsinfoco.com.br\/inicio\/wp-json\/wp\/v2\/posts\/40850\/revisions\/40852"}],"wp:featuredmedia":[{"embeddable":true,"href":"https:\/\/newsinfoco.com.br\/inicio\/wp-json\/wp\/v2\/media\/40851"}],"wp:attachment":[{"href":"https:\/\/newsinfoco.com.br\/inicio\/wp-json\/wp\/v2\/media?parent=40850"}],"wp:term":[{"taxonomy":"category","embeddable":true,"href":"https:\/\/newsinfoco.com.br\/inicio\/wp-json\/wp\/v2\/categories?post=40850"},{"taxonomy":"post_tag","embeddable":true,"href":"https:\/\/newsinfoco.com.br\/inicio\/wp-json\/wp\/v2\/tags?post=40850"}],"curies":[{"name":"wp","href":"https:\/\/api.w.org\/{rel}","templated":true}]}}