{"id":40864,"date":"2025-04-23T13:22:31","date_gmt":"2025-04-23T16:22:31","guid":{"rendered":"https:\/\/newsinfoco.com.br\/inicio\/?p=40864"},"modified":"2025-04-23T13:22:31","modified_gmt":"2025-04-23T16:22:31","slug":"brasil-e-chile-assinam-acordos-bilaterais-nas-areas-de-cultura-e-audiovisual","status":"publish","type":"post","link":"https:\/\/newsinfoco.com.br\/inicio\/brasil-e-chile-assinam-acordos-bilaterais-nas-areas-de-cultura-e-audiovisual\/","title":{"rendered":"Brasil e Chile assinam acordos bilaterais nas \u00e1reas de cultura e audiovisual"},"content":{"rendered":"<p>A ministra da Cultura, Margareth Menezes, participou na ter\u00e7a-feira (22) da cerim\u00f4nia de assinatura de atos bilaterais entre Brasil e Chile, realizada no Pal\u00e1cio do Planalto. O presidente Luiz In\u00e1cio Lula da Silva recebeu Gabriel Boric, chefe de Estado do Chile, para uma visita oficial marcada por declara\u00e7\u00f5es conjuntas e pela formaliza\u00e7\u00e3o de importantes acordos.<\/p>\n<p>Entre eles, dois s\u00e3o voltados \u00e0 \u00e1rea cultural: o Acordo de Coprodu\u00e7\u00e3o Audiovisual e o Memorando de Entendimento para coopera\u00e7\u00e3o cultural entre os minist\u00e9rios da cultura dos dois pa\u00edses.<\/p>\n<p>Em seu discurso, o presidente Luiz In\u00e1cio Lula da Silva ressaltou a import\u00e2ncia da uni\u00e3o entre os pa\u00edses da Am\u00e9rica Latina e a necessidade de fortalecer a democracia e a integra\u00e7\u00e3o regional.<\/p>\n<p>\u201cN\u00e3o podemos continuar vendo nossos pa\u00edses sendo governados para 35% ou 45% da popula\u00e7\u00e3o, enquanto o restante \u00e9 tratado como invis\u00edvel. \u00c9 preciso mudar a l\u00f3gica de como fazemos pol\u00edtica, de por que buscamos ocupar cargos como o de Presidente da Rep\u00fablica. Sozinhos, somos fr\u00e1geis. Um pa\u00eds como o Chile, a Bol\u00edvia, o Equador, o Uruguai, ou at\u00e9 mesmo o Brasil, grande territorialmente, mas economicamente e tecnologicamente ainda aqu\u00e9m do que poderia ser, fica vulner\u00e1vel ao negociar com grandes pot\u00eancias\u201d, declarou Lula.<\/p>\n<p>O presidente tamb\u00e9m destacou que a integra\u00e7\u00e3o \u00e9 essencial para enfrentar desafios econ\u00f4micos, sociais e pol\u00edticos, al\u00e9m de garantir que os avan\u00e7os democr\u00e1ticos sejam consolidados. J\u00e1 o presidente chileno, Gabriel Boric, celebrou a profundidade das rela\u00e7\u00f5es entre os dois pa\u00edses e os avan\u00e7os obtidos desde o retorno de Lula \u00e0 presid\u00eancia.<\/p>\n<p>\u201cPosso dizer que, no Chile, todos ficaram impressionados com a visita de Estado que o presidente Lula realizou, acompanhado de todos os ministros, al\u00e9m de representantes do setor privado. Isso foi muito valorizado no Chile\u201d, afirmou .<\/p>\n<p>O presidente chileno tamb\u00e9m ressaltou os impactos positivos da coopera\u00e7\u00e3o bilateral, mencionando os 19 acordos assinados no ano passado como exemplo do fortalecimento da parceria. \u201cA uni\u00e3o \u00e9 o que nos torna ainda maiores\u201d, concluiu.<\/p>\n<p><strong>Avan\u00e7os culturais<\/strong><\/p>\n<p>Na \u00e1rea cultural, a cerim\u00f4nia evidenciou a consolida\u00e7\u00e3o de novas parcerias. A ministra Margareth Menezes e Alberto von Klaverin Stork, ministro das Rela\u00e7\u00f5es Exteriores do Chile, assinaram um acordo de Coprodu\u00e7\u00e3o Audiovisual, que atualiza o tratado de 1996. O novo Acordo facilita a colabora\u00e7\u00e3o cinematogr\u00e1fica e audiovisual, promovendo maior interc\u00e2mbio cultural e fortalecendo as ind\u00fastrias criativas. Entre as inova\u00e7\u00f5es, est\u00e3o regras modernas para coprodu\u00e7\u00f5es, que definem percentuais de participa\u00e7\u00e3o financeira (m\u00ednimo de 20% e m\u00e1ximo de 80%), reconhecimento das obras como nacionais em ambos os pa\u00edses e mecanismos para facilitar a circula\u00e7\u00e3o de profissionais e equipamentos.<\/p>\n<p>\u201cA cultura do Brasil e do Chile \u00e9 diversa. Tanta riqueza demanda a troca de boas pr\u00e1ticas e a\u00e7\u00f5es conjuntas que fortale\u00e7am n\u00e3o apenas a rela\u00e7\u00e3o entre essas na\u00e7\u00f5es, mas a pot\u00eancia vinda do seu povo, com seus saberes e pr\u00e1ticas culturais\u201d, afirmou a titular brasileira.<\/p>\n<p>Outro destaque foi o Memorando de Entendimento entre os Minist\u00e9rios da Cultura, que estabelece coopera\u00e7\u00e3o em \u00e1reas como eventos culturais, interc\u00e2mbio de artistas e profissionais, artes audiovisuais, literatura, bibliotecas, patrim\u00f4nio cultural, educa\u00e7\u00e3o art\u00edstica, direitos autorais e a\u00e7\u00f5es relacionadas \u00e0s mudan\u00e7as clim\u00e1ticas. Este \u00faltimo ponto \u00e9 uma inova\u00e7\u00e3o no \u00e2mbito da coopera\u00e7\u00e3o cultural.<\/p>\n<p><strong>Dia da Amizade Brasil-Chile<\/strong><\/p>\n<div>\n<div>\n<div class=\"trv-player-container\">\n<div class=\"trv-wrapper\">\n<div id=\"br_video_player_4435131e963a132cf3595b1bae147e9dc3c659f9\" class=\"trvd_video_player trvdinstream\">\n<div class=\"media-player\">\n<div class=\"trv-video\">\n<div id=\"truvid_ima_container56927\" class=\"truvid_ima_container\">\n<div>\n<div>\n<div>\n<div class=\"conteudo_post\">\n<p>A visita de Estado tamb\u00e9m marcou as comemora\u00e7\u00f5es do primeiro Dia da Amizade Brasil-Chile, celebrado em 22 de abril. A data remete ao estabelecimento das rela\u00e7\u00f5es diplom\u00e1ticas entre os dois pa\u00edses, em 1836.<\/p>\n<p>O evento contou com a presen\u00e7a de ministros, parlamentares, empres\u00e1rios e outras lideran\u00e7as, e refor\u00e7ou o compromisso com o fortalecimento dos la\u00e7os econ\u00f4micos e pol\u00edticos entre as na\u00e7\u00f5es. Ap\u00f3s a cerim\u00f4nia, as autoridades seguiram para um almo\u00e7o no Pal\u00e1cio Itamaraty.<\/p>\n<\/div>\n<div id=\"div-share\">Bahia.Ba<\/div>\n<\/div>\n<\/div>\n<\/div>\n<\/div>\n<\/div>\n<\/div>\n<\/div>\n<\/div>\n<\/div>\n<\/div>\n<\/div>\n<div class='share-to-whatsapp-wrapper'><div class='share-on-whsp'>Share on: <\/div><a data-text='Brasil e Chile assinam acordos bilaterais nas \u00e1reas de cultura e audiovisual' data-link='https:\/\/newsinfoco.com.br\/inicio\/brasil-e-chile-assinam-acordos-bilaterais-nas-areas-de-cultura-e-audiovisual\/' class='whatsapp-button whatsapp-share'>WhatsApp<\/a><div class='clear '><\/div><\/div>","protected":false},"excerpt":{"rendered":"<p>A ministra da Cultura, Margareth Menezes, participou na ter\u00e7a-feira (22) da cerim\u00f4nia de assinatura de atos bilaterais entre Brasil e Chile, realizada no Pal\u00e1cio do Planalto. O presidente Luiz In\u00e1cio Lula da Silva recebeu Gabriel Boric, chefe de Estado do Chile, para uma visita oficial marcada por declara\u00e7\u00f5es conjuntas e pela formaliza\u00e7\u00e3o de importantes acordos. [&hellip;]<\/p>\n","protected":false},"author":1,"featured_media":40866,"comment_status":"closed","ping_status":"closed","sticky":false,"template":"","format":"standard","meta":{"om_disable_all_campaigns":false,"rop_custom_images_group":[],"rop_custom_messages_group":[],"rop_publish_now":"initial","rop_publish_now_accounts":[],"rop_publish_now_history":[],"rop_publish_now_status":"pending","_exactmetrics_skip_tracking":false,"footnotes":""},"categories":[21],"tags":[],"class_list":["post-40864","post","type-post","status-publish","format-standard","has-post-thumbnail","hentry","category-brasil"],"aioseo_notices":[],"aioseo_head":"\n\t\t<!-- All in One SEO 4.9.10 - aioseo.com -->\n\t<meta name=\"description\" content=\"A ministra da Cultura, Margareth Menezes, participou na ter\u00e7a-feira (22) da cerim\u00f4nia de assinatura de atos bilaterais entre Brasil e Chile, realizada no Pal\u00e1cio do Planalto. O presidente Luiz In\u00e1cio Lula da Silva recebeu Gabriel Boric, chefe de Estado do Chile, para uma visita oficial marcada por declara\u00e7\u00f5es conjuntas e pela formaliza\u00e7\u00e3o de importantes acordos.\" \/>\n\t<meta name=\"robots\" content=\"max-image-preview:large\" \/>\n\t<meta name=\"author\" content=\"administrador\"\/>\n\t<link rel=\"canonical\" href=\"https:\/\/newsinfoco.com.br\/inicio\/brasil-e-chile-assinam-acordos-bilaterais-nas-areas-de-cultura-e-audiovisual\/\" \/>\n\t<meta name=\"generator\" content=\"All in One SEO (AIOSEO) 4.9.10\" \/>\n\t\t<meta property=\"og:locale\" content=\"pt_BR\" \/>\n\t\t<meta property=\"og:site_name\" content=\"News In Foco - Editado por Caio Pimenta - O principal site de noticias de Alagoinhas e regi\u00e3o\" \/>\n\t\t<meta property=\"og:type\" content=\"article\" \/>\n\t\t<meta property=\"og:title\" content=\"Brasil e Chile assinam acordos bilaterais nas \u00e1reas de cultura e audiovisual - News In Foco - Editado por Caio Pimenta\" \/>\n\t\t<meta property=\"og:description\" content=\"A ministra da Cultura, Margareth Menezes, participou na ter\u00e7a-feira (22) da cerim\u00f4nia de assinatura de atos bilaterais entre Brasil e Chile, realizada no Pal\u00e1cio do Planalto. O presidente Luiz In\u00e1cio Lula da Silva recebeu Gabriel Boric, chefe de Estado do Chile, para uma visita oficial marcada por declara\u00e7\u00f5es conjuntas e pela formaliza\u00e7\u00e3o de importantes acordos.\" \/>\n\t\t<meta property=\"og:url\" content=\"https:\/\/newsinfoco.com.br\/inicio\/brasil-e-chile-assinam-acordos-bilaterais-nas-areas-de-cultura-e-audiovisual\/\" \/>\n\t\t<meta property=\"article:published_time\" content=\"2025-04-23T16:22:31+00:00\" \/>\n\t\t<meta property=\"article:modified_time\" content=\"2025-04-23T16:22:31+00:00\" \/>\n\t\t<meta name=\"twitter:card\" content=\"summary_large_image\" \/>\n\t\t<meta name=\"twitter:title\" content=\"Brasil e Chile assinam acordos bilaterais nas \u00e1reas de cultura e audiovisual - News In Foco - Editado por Caio Pimenta\" \/>\n\t\t<meta name=\"twitter:description\" content=\"A ministra da Cultura, Margareth Menezes, participou na ter\u00e7a-feira (22) da cerim\u00f4nia de assinatura de atos bilaterais entre Brasil e Chile, realizada no Pal\u00e1cio do Planalto. O presidente Luiz In\u00e1cio Lula da Silva recebeu Gabriel Boric, chefe de Estado do Chile, para uma visita oficial marcada por declara\u00e7\u00f5es conjuntas e pela formaliza\u00e7\u00e3o de importantes acordos.\" \/>\n\t\t<script type=\"application\/ld+json\" class=\"aioseo-schema\">\n\t\t\t{\"@context\":\"https:\\\/\\\/schema.org\",\"@graph\":[{\"@type\":\"BlogPosting\",\"@id\":\"https:\\\/\\\/newsinfoco.com.br\\\/inicio\\\/brasil-e-chile-assinam-acordos-bilaterais-nas-areas-de-cultura-e-audiovisual\\\/#blogposting\",\"name\":\"Brasil e Chile assinam acordos bilaterais nas \\u00e1reas de cultura e audiovisual - News In Foco - Editado por Caio Pimenta\",\"headline\":\"Brasil e Chile assinam acordos bilaterais nas \\u00e1reas de cultura e audiovisual\",\"author\":{\"@id\":\"https:\\\/\\\/newsinfoco.com.br\\\/inicio\\\/author\\\/administrador\\\/#author\"},\"publisher\":{\"@id\":\"https:\\\/\\\/newsinfoco.com.br\\\/inicio\\\/#organization\"},\"image\":{\"@type\":\"ImageObject\",\"url\":\"https:\\\/\\\/newsinfoco.com.br\\\/inicio\\\/wp-content\\\/uploads\\\/2025\\\/04\\\/lula-e-gabriel-boric.png\",\"width\":600,\"height\":420},\"datePublished\":\"2025-04-23T13:22:31-03:00\",\"dateModified\":\"2025-04-23T13:22:31-03:00\",\"inLanguage\":\"pt-BR\",\"mainEntityOfPage\":{\"@id\":\"https:\\\/\\\/newsinfoco.com.br\\\/inicio\\\/brasil-e-chile-assinam-acordos-bilaterais-nas-areas-de-cultura-e-audiovisual\\\/#webpage\"},\"isPartOf\":{\"@id\":\"https:\\\/\\\/newsinfoco.com.br\\\/inicio\\\/brasil-e-chile-assinam-acordos-bilaterais-nas-areas-de-cultura-e-audiovisual\\\/#webpage\"},\"articleSection\":\"Brasil\"},{\"@type\":\"BreadcrumbList\",\"@id\":\"https:\\\/\\\/newsinfoco.com.br\\\/inicio\\\/brasil-e-chile-assinam-acordos-bilaterais-nas-areas-de-cultura-e-audiovisual\\\/#breadcrumblist\",\"itemListElement\":[{\"@type\":\"ListItem\",\"@id\":\"https:\\\/\\\/newsinfoco.com.br\\\/inicio#listItem\",\"position\":1,\"name\":\"In\\u00edcio\",\"item\":\"https:\\\/\\\/newsinfoco.com.br\\\/inicio\",\"nextItem\":{\"@type\":\"ListItem\",\"@id\":\"https:\\\/\\\/newsinfoco.com.br\\\/inicio\\\/category\\\/brasil\\\/#listItem\",\"name\":\"Brasil\"}},{\"@type\":\"ListItem\",\"@id\":\"https:\\\/\\\/newsinfoco.com.br\\\/inicio\\\/category\\\/brasil\\\/#listItem\",\"position\":2,\"name\":\"Brasil\",\"item\":\"https:\\\/\\\/newsinfoco.com.br\\\/inicio\\\/category\\\/brasil\\\/\",\"nextItem\":{\"@type\":\"ListItem\",\"@id\":\"https:\\\/\\\/newsinfoco.com.br\\\/inicio\\\/brasil-e-chile-assinam-acordos-bilaterais-nas-areas-de-cultura-e-audiovisual\\\/#listItem\",\"name\":\"Brasil e Chile assinam acordos bilaterais nas \\u00e1reas de cultura e audiovisual\"},\"previousItem\":{\"@type\":\"ListItem\",\"@id\":\"https:\\\/\\\/newsinfoco.com.br\\\/inicio#listItem\",\"name\":\"In\\u00edcio\"}},{\"@type\":\"ListItem\",\"@id\":\"https:\\\/\\\/newsinfoco.com.br\\\/inicio\\\/brasil-e-chile-assinam-acordos-bilaterais-nas-areas-de-cultura-e-audiovisual\\\/#listItem\",\"position\":3,\"name\":\"Brasil e Chile assinam acordos bilaterais nas \\u00e1reas de cultura e audiovisual\",\"previousItem\":{\"@type\":\"ListItem\",\"@id\":\"https:\\\/\\\/newsinfoco.com.br\\\/inicio\\\/category\\\/brasil\\\/#listItem\",\"name\":\"Brasil\"}}]},{\"@type\":\"Organization\",\"@id\":\"https:\\\/\\\/newsinfoco.com.br\\\/inicio\\\/#organization\",\"name\":\"News In Foco - Editado por Caio Pimenta\",\"description\":\"O principal site de noticias de Alagoinhas e regi\\u00e3o\",\"url\":\"https:\\\/\\\/newsinfoco.com.br\\\/inicio\\\/\"},{\"@type\":\"Person\",\"@id\":\"https:\\\/\\\/newsinfoco.com.br\\\/inicio\\\/author\\\/administrador\\\/#author\",\"url\":\"https:\\\/\\\/newsinfoco.com.br\\\/inicio\\\/author\\\/administrador\\\/\",\"name\":\"administrador\",\"image\":{\"@type\":\"ImageObject\",\"@id\":\"https:\\\/\\\/newsinfoco.com.br\\\/inicio\\\/brasil-e-chile-assinam-acordos-bilaterais-nas-areas-de-cultura-e-audiovisual\\\/#authorImage\",\"url\":\"https:\\\/\\\/secure.gravatar.com\\\/avatar\\\/c17a617433de8c1dc9584bb79aab7563b46f5bb7e1728c9b17d9cc3ce6a08e49?s=96&d=mm&r=g\",\"width\":96,\"height\":96,\"caption\":\"administrador\"}},{\"@type\":\"WebPage\",\"@id\":\"https:\\\/\\\/newsinfoco.com.br\\\/inicio\\\/brasil-e-chile-assinam-acordos-bilaterais-nas-areas-de-cultura-e-audiovisual\\\/#webpage\",\"url\":\"https:\\\/\\\/newsinfoco.com.br\\\/inicio\\\/brasil-e-chile-assinam-acordos-bilaterais-nas-areas-de-cultura-e-audiovisual\\\/\",\"name\":\"Brasil e Chile assinam acordos bilaterais nas \\u00e1reas de cultura e audiovisual - News In Foco - Editado por Caio Pimenta\",\"description\":\"A ministra da Cultura, Margareth Menezes, participou na ter\\u00e7a-feira (22) da cerim\\u00f4nia de assinatura de atos bilaterais entre Brasil e Chile, realizada no Pal\\u00e1cio do Planalto. O presidente Luiz In\\u00e1cio Lula da Silva recebeu Gabriel Boric, chefe de Estado do Chile, para uma visita oficial marcada por declara\\u00e7\\u00f5es conjuntas e pela formaliza\\u00e7\\u00e3o de importantes acordos.\",\"inLanguage\":\"pt-BR\",\"isPartOf\":{\"@id\":\"https:\\\/\\\/newsinfoco.com.br\\\/inicio\\\/#website\"},\"breadcrumb\":{\"@id\":\"https:\\\/\\\/newsinfoco.com.br\\\/inicio\\\/brasil-e-chile-assinam-acordos-bilaterais-nas-areas-de-cultura-e-audiovisual\\\/#breadcrumblist\"},\"author\":{\"@id\":\"https:\\\/\\\/newsinfoco.com.br\\\/inicio\\\/author\\\/administrador\\\/#author\"},\"creator\":{\"@id\":\"https:\\\/\\\/newsinfoco.com.br\\\/inicio\\\/author\\\/administrador\\\/#author\"},\"image\":{\"@type\":\"ImageObject\",\"url\":\"https:\\\/\\\/newsinfoco.com.br\\\/inicio\\\/wp-content\\\/uploads\\\/2025\\\/04\\\/lula-e-gabriel-boric.png\",\"@id\":\"https:\\\/\\\/newsinfoco.com.br\\\/inicio\\\/brasil-e-chile-assinam-acordos-bilaterais-nas-areas-de-cultura-e-audiovisual\\\/#mainImage\",\"width\":600,\"height\":420},\"primaryImageOfPage\":{\"@id\":\"https:\\\/\\\/newsinfoco.com.br\\\/inicio\\\/brasil-e-chile-assinam-acordos-bilaterais-nas-areas-de-cultura-e-audiovisual\\\/#mainImage\"},\"datePublished\":\"2025-04-23T13:22:31-03:00\",\"dateModified\":\"2025-04-23T13:22:31-03:00\"},{\"@type\":\"WebSite\",\"@id\":\"https:\\\/\\\/newsinfoco.com.br\\\/inicio\\\/#website\",\"url\":\"https:\\\/\\\/newsinfoco.com.br\\\/inicio\\\/\",\"name\":\"News In Foco - Editado por Caio Pimenta\",\"description\":\"O principal site de noticias de Alagoinhas e regi\\u00e3o\",\"inLanguage\":\"pt-BR\",\"publisher\":{\"@id\":\"https:\\\/\\\/newsinfoco.com.br\\\/inicio\\\/#organization\"}}]}\n\t\t<\/script>\n\t\t<!-- All in One SEO -->\n\n","aioseo_head_json":{"title":"Brasil e Chile assinam acordos bilaterais nas \u00e1reas de cultura e audiovisual - News In Foco - Editado por Caio Pimenta","description":"A ministra da Cultura, Margareth Menezes, participou na ter\u00e7a-feira (22) da cerim\u00f4nia de assinatura de atos bilaterais entre Brasil e Chile, realizada no Pal\u00e1cio do Planalto. O presidente Luiz In\u00e1cio Lula da Silva recebeu Gabriel Boric, chefe de Estado do Chile, para uma visita oficial marcada por declara\u00e7\u00f5es conjuntas e pela formaliza\u00e7\u00e3o de importantes acordos.","canonical_url":"https:\/\/newsinfoco.com.br\/inicio\/brasil-e-chile-assinam-acordos-bilaterais-nas-areas-de-cultura-e-audiovisual\/","robots":"max-image-preview:large","keywords":"","webmasterTools":{"miscellaneous":""},"schema":{"@context":"https:\/\/schema.org","@graph":[{"@type":"BlogPosting","@id":"https:\/\/newsinfoco.com.br\/inicio\/brasil-e-chile-assinam-acordos-bilaterais-nas-areas-de-cultura-e-audiovisual\/#blogposting","name":"Brasil e Chile assinam acordos bilaterais nas \u00e1reas de cultura e audiovisual - News In Foco - Editado por Caio Pimenta","headline":"Brasil e Chile assinam acordos bilaterais nas \u00e1reas de cultura e audiovisual","author":{"@id":"https:\/\/newsinfoco.com.br\/inicio\/author\/administrador\/#author"},"publisher":{"@id":"https:\/\/newsinfoco.com.br\/inicio\/#organization"},"image":{"@type":"ImageObject","url":"https:\/\/newsinfoco.com.br\/inicio\/wp-content\/uploads\/2025\/04\/lula-e-gabriel-boric.png","width":600,"height":420},"datePublished":"2025-04-23T13:22:31-03:00","dateModified":"2025-04-23T13:22:31-03:00","inLanguage":"pt-BR","mainEntityOfPage":{"@id":"https:\/\/newsinfoco.com.br\/inicio\/brasil-e-chile-assinam-acordos-bilaterais-nas-areas-de-cultura-e-audiovisual\/#webpage"},"isPartOf":{"@id":"https:\/\/newsinfoco.com.br\/inicio\/brasil-e-chile-assinam-acordos-bilaterais-nas-areas-de-cultura-e-audiovisual\/#webpage"},"articleSection":"Brasil"},{"@type":"BreadcrumbList","@id":"https:\/\/newsinfoco.com.br\/inicio\/brasil-e-chile-assinam-acordos-bilaterais-nas-areas-de-cultura-e-audiovisual\/#breadcrumblist","itemListElement":[{"@type":"ListItem","@id":"https:\/\/newsinfoco.com.br\/inicio#listItem","position":1,"name":"In\u00edcio","item":"https:\/\/newsinfoco.com.br\/inicio","nextItem":{"@type":"ListItem","@id":"https:\/\/newsinfoco.com.br\/inicio\/category\/brasil\/#listItem","name":"Brasil"}},{"@type":"ListItem","@id":"https:\/\/newsinfoco.com.br\/inicio\/category\/brasil\/#listItem","position":2,"name":"Brasil","item":"https:\/\/newsinfoco.com.br\/inicio\/category\/brasil\/","nextItem":{"@type":"ListItem","@id":"https:\/\/newsinfoco.com.br\/inicio\/brasil-e-chile-assinam-acordos-bilaterais-nas-areas-de-cultura-e-audiovisual\/#listItem","name":"Brasil e Chile assinam acordos bilaterais nas \u00e1reas de cultura e audiovisual"},"previousItem":{"@type":"ListItem","@id":"https:\/\/newsinfoco.com.br\/inicio#listItem","name":"In\u00edcio"}},{"@type":"ListItem","@id":"https:\/\/newsinfoco.com.br\/inicio\/brasil-e-chile-assinam-acordos-bilaterais-nas-areas-de-cultura-e-audiovisual\/#listItem","position":3,"name":"Brasil e Chile assinam acordos bilaterais nas \u00e1reas de cultura e audiovisual","previousItem":{"@type":"ListItem","@id":"https:\/\/newsinfoco.com.br\/inicio\/category\/brasil\/#listItem","name":"Brasil"}}]},{"@type":"Organization","@id":"https:\/\/newsinfoco.com.br\/inicio\/#organization","name":"News In Foco - Editado por Caio Pimenta","description":"O principal site de noticias de Alagoinhas e regi\u00e3o","url":"https:\/\/newsinfoco.com.br\/inicio\/"},{"@type":"Person","@id":"https:\/\/newsinfoco.com.br\/inicio\/author\/administrador\/#author","url":"https:\/\/newsinfoco.com.br\/inicio\/author\/administrador\/","name":"administrador","image":{"@type":"ImageObject","@id":"https:\/\/newsinfoco.com.br\/inicio\/brasil-e-chile-assinam-acordos-bilaterais-nas-areas-de-cultura-e-audiovisual\/#authorImage","url":"https:\/\/secure.gravatar.com\/avatar\/c17a617433de8c1dc9584bb79aab7563b46f5bb7e1728c9b17d9cc3ce6a08e49?s=96&d=mm&r=g","width":96,"height":96,"caption":"administrador"}},{"@type":"WebPage","@id":"https:\/\/newsinfoco.com.br\/inicio\/brasil-e-chile-assinam-acordos-bilaterais-nas-areas-de-cultura-e-audiovisual\/#webpage","url":"https:\/\/newsinfoco.com.br\/inicio\/brasil-e-chile-assinam-acordos-bilaterais-nas-areas-de-cultura-e-audiovisual\/","name":"Brasil e Chile assinam acordos bilaterais nas \u00e1reas de cultura e audiovisual - News In Foco - Editado por Caio Pimenta","description":"A ministra da Cultura, Margareth Menezes, participou na ter\u00e7a-feira (22) da cerim\u00f4nia de assinatura de atos bilaterais entre Brasil e Chile, realizada no Pal\u00e1cio do Planalto. O presidente Luiz In\u00e1cio Lula da Silva recebeu Gabriel Boric, chefe de Estado do Chile, para uma visita oficial marcada por declara\u00e7\u00f5es conjuntas e pela formaliza\u00e7\u00e3o de importantes acordos.","inLanguage":"pt-BR","isPartOf":{"@id":"https:\/\/newsinfoco.com.br\/inicio\/#website"},"breadcrumb":{"@id":"https:\/\/newsinfoco.com.br\/inicio\/brasil-e-chile-assinam-acordos-bilaterais-nas-areas-de-cultura-e-audiovisual\/#breadcrumblist"},"author":{"@id":"https:\/\/newsinfoco.com.br\/inicio\/author\/administrador\/#author"},"creator":{"@id":"https:\/\/newsinfoco.com.br\/inicio\/author\/administrador\/#author"},"image":{"@type":"ImageObject","url":"https:\/\/newsinfoco.com.br\/inicio\/wp-content\/uploads\/2025\/04\/lula-e-gabriel-boric.png","@id":"https:\/\/newsinfoco.com.br\/inicio\/brasil-e-chile-assinam-acordos-bilaterais-nas-areas-de-cultura-e-audiovisual\/#mainImage","width":600,"height":420},"primaryImageOfPage":{"@id":"https:\/\/newsinfoco.com.br\/inicio\/brasil-e-chile-assinam-acordos-bilaterais-nas-areas-de-cultura-e-audiovisual\/#mainImage"},"datePublished":"2025-04-23T13:22:31-03:00","dateModified":"2025-04-23T13:22:31-03:00"},{"@type":"WebSite","@id":"https:\/\/newsinfoco.com.br\/inicio\/#website","url":"https:\/\/newsinfoco.com.br\/inicio\/","name":"News In Foco - Editado por Caio Pimenta","description":"O principal site de noticias de Alagoinhas e regi\u00e3o","inLanguage":"pt-BR","publisher":{"@id":"https:\/\/newsinfoco.com.br\/inicio\/#organization"}}]},"og:locale":"pt_BR","og:site_name":"News In Foco - Editado por Caio Pimenta - O principal site de noticias de Alagoinhas e regi\u00e3o","og:type":"article","og:title":"Brasil e Chile assinam acordos bilaterais nas \u00e1reas de cultura e audiovisual - News In Foco - Editado por Caio Pimenta","og:description":"A ministra da Cultura, Margareth Menezes, participou na ter\u00e7a-feira (22) da cerim\u00f4nia de assinatura de atos bilaterais entre Brasil e Chile, realizada no Pal\u00e1cio do Planalto. O presidente Luiz In\u00e1cio Lula da Silva recebeu Gabriel Boric, chefe de Estado do Chile, para uma visita oficial marcada por declara\u00e7\u00f5es conjuntas e pela formaliza\u00e7\u00e3o de importantes acordos.","og:url":"https:\/\/newsinfoco.com.br\/inicio\/brasil-e-chile-assinam-acordos-bilaterais-nas-areas-de-cultura-e-audiovisual\/","article:published_time":"2025-04-23T16:22:31+00:00","article:modified_time":"2025-04-23T16:22:31+00:00","twitter:card":"summary_large_image","twitter:title":"Brasil e Chile assinam acordos bilaterais nas \u00e1reas de cultura e audiovisual - News In Foco - Editado por Caio Pimenta","twitter:description":"A ministra da Cultura, Margareth Menezes, participou na ter\u00e7a-feira (22) da cerim\u00f4nia de assinatura de atos bilaterais entre Brasil e Chile, realizada no Pal\u00e1cio do Planalto. O presidente Luiz In\u00e1cio Lula da Silva recebeu Gabriel Boric, chefe de Estado do Chile, para uma visita oficial marcada por declara\u00e7\u00f5es conjuntas e pela formaliza\u00e7\u00e3o de importantes acordos."},"aioseo_meta_data":{"post_id":"40864","title":null,"description":null,"keywords":null,"keyphrases":{"focus":{"keyphrase":"","score":0,"analysis":{"keyphraseInTitle":{"score":0,"maxScore":9,"error":1}}},"additional":[]},"primary_term":null,"canonical_url":null,"og_title":null,"og_description":null,"og_object_type":"default","og_image_type":"default","og_image_url":null,"og_image_width":null,"og_image_height":null,"og_image_custom_url":null,"og_image_custom_fields":null,"og_video":"","og_custom_url":null,"og_article_section":null,"og_article_tags":null,"twitter_use_og":false,"twitter_card":"default","twitter_image_type":"default","twitter_image_url":null,"twitter_image_custom_url":null,"twitter_image_custom_fields":null,"twitter_title":null,"twitter_description":null,"schema":{"blockGraphs":[],"customGraphs":[],"default":{"data":{"Article":[],"Course":[],"Dataset":[],"FAQPage":[],"Movie":[],"Person":[],"Product":[],"ProductReview":[],"Car":[],"Recipe":[],"Service":[],"SoftwareApplication":[],"WebPage":[]},"graphName":"BlogPosting","isEnabled":true},"graphs":[]},"schema_type":"default","schema_type_options":null,"pillar_content":false,"robots_default":true,"robots_noindex":false,"robots_noarchive":false,"robots_nosnippet":false,"robots_nofollow":false,"robots_noimageindex":false,"robots_noodp":false,"robots_notranslate":false,"robots_max_snippet":"-1","robots_max_videopreview":"-1","robots_max_imagepreview":"large","priority":null,"frequency":"default","local_seo":null,"breadcrumb_settings":null,"limit_modified_date":false,"ai":null,"created":"2025-04-23 16:22:32","updated":"2025-07-11 13:07:03","seo_analyzer_scan_date":null},"aioseo_breadcrumb":"<div class=\"aioseo-breadcrumbs\"><span class=\"aioseo-breadcrumb\">\n\t\t\t<a href=\"https:\/\/newsinfoco.com.br\/inicio\" title=\"In\u00edcio\">In\u00edcio<\/a>\n\t\t<\/span><span class=\"aioseo-breadcrumb-separator\">&raquo;<\/span><span class=\"aioseo-breadcrumb\">\n\t\t\t<a href=\"https:\/\/newsinfoco.com.br\/inicio\/category\/brasil\/\" title=\"Brasil\">Brasil<\/a>\n\t\t<\/span><span class=\"aioseo-breadcrumb-separator\">&raquo;<\/span><span class=\"aioseo-breadcrumb\">\n\t\t\tBrasil e Chile assinam acordos bilaterais nas \u00e1reas de cultura e audiovisual\n\t\t<\/span><\/div>","aioseo_breadcrumb_json":[{"label":"In\u00edcio","link":"https:\/\/newsinfoco.com.br\/inicio"},{"label":"Brasil","link":"https:\/\/newsinfoco.com.br\/inicio\/category\/brasil\/"},{"label":"Brasil e Chile assinam acordos bilaterais nas \u00e1reas de cultura e audiovisual","link":"https:\/\/newsinfoco.com.br\/inicio\/brasil-e-chile-assinam-acordos-bilaterais-nas-areas-de-cultura-e-audiovisual\/"}],"_links":{"self":[{"href":"https:\/\/newsinfoco.com.br\/inicio\/wp-json\/wp\/v2\/posts\/40864","targetHints":{"allow":["GET"]}}],"collection":[{"href":"https:\/\/newsinfoco.com.br\/inicio\/wp-json\/wp\/v2\/posts"}],"about":[{"href":"https:\/\/newsinfoco.com.br\/inicio\/wp-json\/wp\/v2\/types\/post"}],"author":[{"embeddable":true,"href":"https:\/\/newsinfoco.com.br\/inicio\/wp-json\/wp\/v2\/users\/1"}],"replies":[{"embeddable":true,"href":"https:\/\/newsinfoco.com.br\/inicio\/wp-json\/wp\/v2\/comments?post=40864"}],"version-history":[{"count":1,"href":"https:\/\/newsinfoco.com.br\/inicio\/wp-json\/wp\/v2\/posts\/40864\/revisions"}],"predecessor-version":[{"id":40867,"href":"https:\/\/newsinfoco.com.br\/inicio\/wp-json\/wp\/v2\/posts\/40864\/revisions\/40867"}],"wp:featuredmedia":[{"embeddable":true,"href":"https:\/\/newsinfoco.com.br\/inicio\/wp-json\/wp\/v2\/media\/40866"}],"wp:attachment":[{"href":"https:\/\/newsinfoco.com.br\/inicio\/wp-json\/wp\/v2\/media?parent=40864"}],"wp:term":[{"taxonomy":"category","embeddable":true,"href":"https:\/\/newsinfoco.com.br\/inicio\/wp-json\/wp\/v2\/categories?post=40864"},{"taxonomy":"post_tag","embeddable":true,"href":"https:\/\/newsinfoco.com.br\/inicio\/wp-json\/wp\/v2\/tags?post=40864"}],"curies":[{"name":"wp","href":"https:\/\/api.w.org\/{rel}","templated":true}]}}