{"id":40896,"date":"2025-04-24T11:53:15","date_gmt":"2025-04-24T14:53:15","guid":{"rendered":"https:\/\/newsinfoco.com.br\/inicio\/?p=40896"},"modified":"2025-04-24T11:53:15","modified_gmt":"2025-04-24T14:53:15","slug":"mp-junto-ao-tcu-pede-apuracao-de-suspeita-de-fraude-bilionaria-no-inss","status":"publish","type":"post","link":"https:\/\/newsinfoco.com.br\/inicio\/mp-junto-ao-tcu-pede-apuracao-de-suspeita-de-fraude-bilionaria-no-inss\/","title":{"rendered":"MP junto ao TCU pede apura\u00e7\u00e3o de suspeita de fraude bilion\u00e1ria no INSS"},"content":{"rendered":"<div class=\"conteudo_post\">\n<p class=\"\" data-start=\"272\" data-end=\"606\">O Minist\u00e9rio P\u00fablico junto ao Tribunal de Contas da Uni\u00e3o (TCU) solicitou que a Corte adote as provid\u00eancias necess\u00e1rias para investigar uma poss\u00edvel fraude bilion\u00e1ria no Instituto Nacional do Seguro Social (INSS) contra seus segurados, considerada de grande potencial para causar danos significativos ao er\u00e1rio.<\/p>\n<p class=\"\" data-start=\"608\" data-end=\"969\">A suspeita envolve descontos indevidos aplicados a aposentados e pensionistas, o que resultou na exonera\u00e7\u00e3o do diretor-presidente do INSS, Alessandro Stefanutto. A demiss\u00e3o foi oficializada em edi\u00e7\u00e3o extra do Di\u00e1rio Oficial da Uni\u00e3o, nesta quarta-feira (23\/4), ap\u00f3s opera\u00e7\u00e3o da Pol\u00edcia Federal (PF) atingir o \u00f3rg\u00e3o. O caso foi revelado pelo portal\u00a0<em data-start=\"956\" data-end=\"968\">Metr\u00f3poles<\/em>.<\/p><div class=\"newsi-conteudo_19\" id=\"newsi-3075880820\"><a href=\"https:\/\/www.instagram.com\/prefeituraalagoinhas?igsh=YzgzdDJ1bWR3aWI4\" aria-label=\"SAVE_20251006_221555\"><img loading=\"lazy\" decoding=\"async\" src=\"https:\/\/newsinfoco.com.br\/inicio\/wp-content\/uploads\/2025\/10\/SAVE_20251006_221555-rotated.jpg\" alt=\"\"  srcset=\"https:\/\/newsinfoco.com.br\/inicio\/wp-content\/uploads\/2025\/10\/SAVE_20251006_221555-rotated.jpg 1140w, https:\/\/newsinfoco.com.br\/inicio\/wp-content\/uploads\/2025\/10\/SAVE_20251006_221555-300x52.jpg 300w, https:\/\/newsinfoco.com.br\/inicio\/wp-content\/uploads\/2025\/10\/SAVE_20251006_221555-1024x177.jpg 1024w, https:\/\/newsinfoco.com.br\/inicio\/wp-content\/uploads\/2025\/10\/SAVE_20251006_221555-768x133.jpg 768w, https:\/\/newsinfoco.com.br\/inicio\/wp-content\/uploads\/2025\/10\/SAVE_20251006_221555-600x104.jpg 600w, https:\/\/newsinfoco.com.br\/inicio\/wp-content\/uploads\/2025\/10\/SAVE_20251006_221555-696x120.jpg 696w, https:\/\/newsinfoco.com.br\/inicio\/wp-content\/uploads\/2025\/10\/SAVE_20251006_221555-1068x185.jpg 1068w\" sizes=\"(max-width: 1140px) 100vw, 1140px\" width=\"1140\" height=\"197\"   \/><\/a><\/div>\n<p class=\"\" data-start=\"971\" data-end=\"1244\">A representa\u00e7\u00e3o, assinada pelo subprocurador-geral Lucas Furtado, destaca que, al\u00e9m das j\u00e1 conhecidas dificuldades enfrentadas pelo INSS \u2014 como d\u00e9ficits crescentes e diversas tentativas de fraudes \u2014, a autarquia parece estar agora sob press\u00e3o da pr\u00f3pria alta administra\u00e7\u00e3o.<\/p>\n<p class=\"\" data-start=\"1246\" data-end=\"1631\">Segundo Furtado, as den\u00fancias s\u00e3o preocupantes e indicam que as fraudes podem superar R$ 6 bilh\u00f5es. Apesar de os preju\u00edzos, inicialmente, afetarem diretamente os segurados, o subprocurador entende que o caso exige a\u00e7\u00e3o do TCU devido ao envolvimento de agentes p\u00fablicos com desvio de finalidade, violando princ\u00edpios da Administra\u00e7\u00e3o P\u00fablica como legalidade, moralidade e impessoalidade.<\/p>\n<p class=\"\" data-start=\"1633\" data-end=\"1685\">Diante disso, o MP junto ao TCU pede que o Tribunal:<\/p>\n<ul data-start=\"1687\" data-end=\"2010\">\n<li class=\"\" data-start=\"1687\" data-end=\"1851\">\n<p class=\"\" data-start=\"1689\" data-end=\"1851\">Apure, diante dos cargos p\u00fablicos ocupados, as responsabilidades administrativa, civil, penal e at\u00e9 pol\u00edtica dos envolvidos na fraude contra os segurados do INSS;<\/p>\n<\/li>\n<li class=\"\" data-start=\"1852\" data-end=\"2010\">\n<p class=\"\" data-start=\"1854\" data-end=\"2010\">Atue em conjunto com a Pol\u00edcia Federal e o Minist\u00e9rio P\u00fablico Federal, encaminhando os resultados das investiga\u00e7\u00f5es ao MPF para ado\u00e7\u00e3o das medidas cab\u00edveis.<\/p>\n<\/li>\n<\/ul>\n<p class=\"\" data-start=\"2012\" data-end=\"2137\">A opera\u00e7\u00e3o da PF, denominada\u00a0<em data-start=\"2041\" data-end=\"2055\">Sem Desconto<\/em>, levou ao afastamento de Stefanutto e de outros quatro membros da c\u00fapula do INSS:<\/p>\n<ul data-start=\"2139\" data-end=\"2471\">\n<li class=\"\" data-start=\"2139\" data-end=\"2212\">\n<p class=\"\" data-start=\"2141\" data-end=\"2212\">Virg\u00edlio Ant\u00f4nio Ribeiro de Oliveira Filho, procurador-geral do INSS;<\/p>\n<\/li>\n<li class=\"\" data-start=\"2213\" data-end=\"2309\">\n<p class=\"\" data-start=\"2215\" data-end=\"2309\">Giovani Batista Fassarella Spiecker, coordenador-geral de Suporte ao Atendimento ao Cliente;<\/p>\n<\/li>\n<li class=\"\" data-start=\"2310\" data-end=\"2397\">\n<p class=\"\" data-start=\"2312\" data-end=\"2397\">Vanderlei Barbosa dos Santos, diretor de Benef\u00edcios e Relacionamento com o Cidad\u00e3o;<\/p>\n<\/li>\n<li class=\"\" data-start=\"2398\" data-end=\"2471\">\n<p class=\"\" data-start=\"2400\" data-end=\"2471\">Jacimar Fonseca da Silva, coordenador-geral de Pagamentos e Benef\u00edcios.<\/p>\n<\/li>\n<\/ul>\n<p class=\"\" data-start=\"2473\" data-end=\"2746\">Foram cumpridos 211 mandados de busca e apreens\u00e3o e seis de pris\u00e3o em 14 unidades da federa\u00e7\u00e3o, incluindo o Distrito Federal. A opera\u00e7\u00e3o tamb\u00e9m apreendeu carros e motocicletas de luxo utilizados pelos investigados, conforme informou o diretor-geral da PF, Andrei Rodrigues.<\/p>\n<\/div>\n<div id=\"div-share\">Bahia.Ba<\/div>\n<div class='share-to-whatsapp-wrapper'><div class='share-on-whsp'>Share on: <\/div><a data-text='MP junto ao TCU pede apura\u00e7\u00e3o de suspeita de fraude bilion\u00e1ria no INSS' data-link='https:\/\/newsinfoco.com.br\/inicio\/mp-junto-ao-tcu-pede-apuracao-de-suspeita-de-fraude-bilionaria-no-inss\/' class='whatsapp-button whatsapp-share'>WhatsApp<\/a><div class='clear '><\/div><\/div>","protected":false},"excerpt":{"rendered":"<p>O Minist\u00e9rio P\u00fablico junto ao Tribunal de Contas da Uni\u00e3o (TCU) solicitou que a Corte adote as provid\u00eancias necess\u00e1rias para investigar uma poss\u00edvel fraude bilion\u00e1ria no Instituto Nacional do Seguro Social (INSS) contra seus segurados, considerada de grande potencial para causar danos significativos ao er\u00e1rio. A suspeita envolve descontos indevidos aplicados a aposentados e pensionistas, [&hellip;]<\/p>\n","protected":false},"author":1,"featured_media":40897,"comment_status":"closed","ping_status":"closed","sticky":false,"template":"","format":"standard","meta":{"om_disable_all_campaigns":false,"_exactmetrics_skip_tracking":false,"_exactmetrics_sitenote_active":false,"_exactmetrics_sitenote_note":"","_exactmetrics_sitenote_category":0,"footnotes":""},"categories":[21],"tags":[],"class_list":["post-40896","post","type-post","status-publish","format-standard","has-post-thumbnail","hentry","category-brasil"],"aioseo_notices":[],"_links":{"self":[{"href":"https:\/\/newsinfoco.com.br\/inicio\/wp-json\/wp\/v2\/posts\/40896","targetHints":{"allow":["GET"]}}],"collection":[{"href":"https:\/\/newsinfoco.com.br\/inicio\/wp-json\/wp\/v2\/posts"}],"about":[{"href":"https:\/\/newsinfoco.com.br\/inicio\/wp-json\/wp\/v2\/types\/post"}],"author":[{"embeddable":true,"href":"https:\/\/newsinfoco.com.br\/inicio\/wp-json\/wp\/v2\/users\/1"}],"replies":[{"embeddable":true,"href":"https:\/\/newsinfoco.com.br\/inicio\/wp-json\/wp\/v2\/comments?post=40896"}],"version-history":[{"count":1,"href":"https:\/\/newsinfoco.com.br\/inicio\/wp-json\/wp\/v2\/posts\/40896\/revisions"}],"predecessor-version":[{"id":40898,"href":"https:\/\/newsinfoco.com.br\/inicio\/wp-json\/wp\/v2\/posts\/40896\/revisions\/40898"}],"wp:featuredmedia":[{"embeddable":true,"href":"https:\/\/newsinfoco.com.br\/inicio\/wp-json\/wp\/v2\/media\/40897"}],"wp:attachment":[{"href":"https:\/\/newsinfoco.com.br\/inicio\/wp-json\/wp\/v2\/media?parent=40896"}],"wp:term":[{"taxonomy":"category","embeddable":true,"href":"https:\/\/newsinfoco.com.br\/inicio\/wp-json\/wp\/v2\/categories?post=40896"},{"taxonomy":"post_tag","embeddable":true,"href":"https:\/\/newsinfoco.com.br\/inicio\/wp-json\/wp\/v2\/tags?post=40896"}],"curies":[{"name":"wp","href":"https:\/\/api.w.org\/{rel}","templated":true}]}}