{"id":40915,"date":"2025-04-24T12:35:48","date_gmt":"2025-04-24T15:35:48","guid":{"rendered":"https:\/\/newsinfoco.com.br\/inicio\/?p=40915"},"modified":"2025-04-24T12:35:48","modified_gmt":"2025-04-24T15:35:48","slug":"sdra-inicia-ciclo-de-capacitacao-para-agricultores-familiares-de-alagoinhas","status":"publish","type":"post","link":"https:\/\/newsinfoco.com.br\/inicio\/sdra-inicia-ciclo-de-capacitacao-para-agricultores-familiares-de-alagoinhas\/","title":{"rendered":"SDRA inicia ciclo de capacita\u00e7\u00e3o para agricultores familiares de Alagoinhas"},"content":{"rendered":"<p>Durante os pr\u00f3ximos tr\u00eas dias, agricultores familiares das comunidades Papagaio I e II, al\u00e9m de regi\u00f5es vizinhas, participar\u00e3o do Curso de Agricultura B\u00e1sica, com especialidade em cria\u00e7\u00e3o de galinhas. A iniciativa \u00e9 fruto de uma parceria entre a Prefeitura de Alagoinhas, por meio da Secretaria Municipal de Desenvolvimento Rural e Meio Ambiente (SDRA), e o Sindicato dos Produtores Rurais de Inhambupe.<\/p>\n<p>O primeiro encontro aconteceu na sede da Associa\u00e7\u00e3o dos Agricultores do Papagaio, nesta quarta-feira, 23, e teve como foco a parte te\u00f3rica, antecedendo as oficinas pr\u00e1ticas que ocorrer\u00e3o at\u00e9 sexta-feira. \u201cEsse curso trar\u00e1 para a comunidade, principalmente para os agricultores familiares, mais informa\u00e7\u00f5es sobre quest\u00f5es como o manejo sanit\u00e1rio e as vacina\u00e7\u00f5es de aves. O carro-chefe das discuss\u00f5es ser\u00e1 a produ\u00e7\u00e3o de ra\u00e7\u00e3o, utilizando subprodutos do cotidiano dos pr\u00f3prios agricultores. S\u00e3o a\u00e7\u00f5es assim que diminuem os impactos ambientais e favorecem o aumento da lucratividade dos produtores\u201d, explicou Val\u00e9ria Silva de Oliveira, instrutora do Servi\u00e7o Nacional de Aprendizagem Rural (Senar), convidada pelo Sindicato para ministrar o curso em Alagoinhas.<\/p><div class=\"newsi-conteudo_19\" id=\"newsi-3861176074\"><a href=\"https:\/\/www.instagram.com\/prefeituraalagoinhas?igsh=YzgzdDJ1bWR3aWI4\" aria-label=\"SAVE_20251006_221555\"><img loading=\"lazy\" decoding=\"async\" src=\"https:\/\/newsinfoco.com.br\/inicio\/wp-content\/uploads\/2025\/10\/SAVE_20251006_221555-rotated.jpg\" alt=\"\"  srcset=\"https:\/\/newsinfoco.com.br\/inicio\/wp-content\/uploads\/2025\/10\/SAVE_20251006_221555-rotated.jpg 1140w, https:\/\/newsinfoco.com.br\/inicio\/wp-content\/uploads\/2025\/10\/SAVE_20251006_221555-300x52.jpg 300w, https:\/\/newsinfoco.com.br\/inicio\/wp-content\/uploads\/2025\/10\/SAVE_20251006_221555-1024x177.jpg 1024w, https:\/\/newsinfoco.com.br\/inicio\/wp-content\/uploads\/2025\/10\/SAVE_20251006_221555-768x133.jpg 768w, https:\/\/newsinfoco.com.br\/inicio\/wp-content\/uploads\/2025\/10\/SAVE_20251006_221555-600x104.jpg 600w, https:\/\/newsinfoco.com.br\/inicio\/wp-content\/uploads\/2025\/10\/SAVE_20251006_221555-696x120.jpg 696w, https:\/\/newsinfoco.com.br\/inicio\/wp-content\/uploads\/2025\/10\/SAVE_20251006_221555-1068x185.jpg 1068w\" sizes=\"(max-width: 1140px) 100vw, 1140px\" width=\"1140\" height=\"197\"   \/><\/a><\/div>\n<p>Segundo o assessor da SDRA, Andr\u00e9 Freire, a iniciativa representou o primeiro passo no acompanhamento desses agricultores familiares, que foram contemplados em janeiro com viveiros de galinhas. \u201cEntregamos 14 galinheiros para criadores desta regi\u00e3o e de outras \u00e1reas, e agora estamos oportunizando esse curso como uma etapa inicial para outras forma\u00e7\u00f5es que vir\u00e3o. Priorizamos esse grupo pensando justamente no aperfei\u00e7oamento de suas pr\u00e1ticas na cria\u00e7\u00e3o de galinhas, contribuindo para o fortalecimento do seu conhecimento. Todas as nossas a\u00e7\u00f5es visam o desenvolvimento do agroneg\u00f3cio em Alagoinhas\u201d, destacou Andr\u00e9.<\/p>\n<p>Para o agricultor Cec\u00edlio de Almeida Bispo, o curso facilitar\u00e1 o dia a dia dos criadores, possibilitando novos aprendizados pr\u00e1ticos. \u201c\u00c9 uma forma de agregar conhecimentos para melhorarmos a cada dia a nossa din\u00e2mica, evitando perda de tempo e problemas como pragas e doen\u00e7as. Essa a\u00e7\u00e3o da prefeitura vem para que possamos aproveitar o nosso trabalho da melhor maneira poss\u00edvel\u201d, avaliou Cec\u00edlio.<\/p>\n<p>&nbsp;<\/p>\n<div class='share-to-whatsapp-wrapper'><div class='share-on-whsp'>Share on: <\/div><a data-text='SDRA inicia ciclo de capacita\u00e7\u00e3o para agricultores familiares de Alagoinhas' data-link='https:\/\/newsinfoco.com.br\/inicio\/sdra-inicia-ciclo-de-capacitacao-para-agricultores-familiares-de-alagoinhas\/' class='whatsapp-button whatsapp-share'>WhatsApp<\/a><div class='clear '><\/div><\/div>","protected":false},"excerpt":{"rendered":"<p>Durante os pr\u00f3ximos tr\u00eas dias, agricultores familiares das comunidades Papagaio I e II, al\u00e9m de regi\u00f5es vizinhas, participar\u00e3o do Curso de Agricultura B\u00e1sica, com especialidade em cria\u00e7\u00e3o de galinhas. A iniciativa \u00e9 fruto de uma parceria entre a Prefeitura de Alagoinhas, por meio da Secretaria Municipal de Desenvolvimento Rural e Meio Ambiente (SDRA), e o [&hellip;]<\/p>\n","protected":false},"author":1,"featured_media":40916,"comment_status":"closed","ping_status":"closed","sticky":false,"template":"","format":"standard","meta":{"om_disable_all_campaigns":false,"_exactmetrics_skip_tracking":false,"_exactmetrics_sitenote_active":false,"_exactmetrics_sitenote_note":"","_exactmetrics_sitenote_category":0,"footnotes":""},"categories":[38,167],"tags":[],"class_list":["post-40915","post","type-post","status-publish","format-standard","has-post-thumbnail","hentry","category-alagoinhas-e-regiao","category-exclusivas"],"aioseo_notices":[],"_links":{"self":[{"href":"https:\/\/newsinfoco.com.br\/inicio\/wp-json\/wp\/v2\/posts\/40915","targetHints":{"allow":["GET"]}}],"collection":[{"href":"https:\/\/newsinfoco.com.br\/inicio\/wp-json\/wp\/v2\/posts"}],"about":[{"href":"https:\/\/newsinfoco.com.br\/inicio\/wp-json\/wp\/v2\/types\/post"}],"author":[{"embeddable":true,"href":"https:\/\/newsinfoco.com.br\/inicio\/wp-json\/wp\/v2\/users\/1"}],"replies":[{"embeddable":true,"href":"https:\/\/newsinfoco.com.br\/inicio\/wp-json\/wp\/v2\/comments?post=40915"}],"version-history":[{"count":1,"href":"https:\/\/newsinfoco.com.br\/inicio\/wp-json\/wp\/v2\/posts\/40915\/revisions"}],"predecessor-version":[{"id":40917,"href":"https:\/\/newsinfoco.com.br\/inicio\/wp-json\/wp\/v2\/posts\/40915\/revisions\/40917"}],"wp:featuredmedia":[{"embeddable":true,"href":"https:\/\/newsinfoco.com.br\/inicio\/wp-json\/wp\/v2\/media\/40916"}],"wp:attachment":[{"href":"https:\/\/newsinfoco.com.br\/inicio\/wp-json\/wp\/v2\/media?parent=40915"}],"wp:term":[{"taxonomy":"category","embeddable":true,"href":"https:\/\/newsinfoco.com.br\/inicio\/wp-json\/wp\/v2\/categories?post=40915"},{"taxonomy":"post_tag","embeddable":true,"href":"https:\/\/newsinfoco.com.br\/inicio\/wp-json\/wp\/v2\/tags?post=40915"}],"curies":[{"name":"wp","href":"https:\/\/api.w.org\/{rel}","templated":true}]}}