{"id":40924,"date":"2025-04-24T13:23:17","date_gmt":"2025-04-24T16:23:17","guid":{"rendered":"https:\/\/newsinfoco.com.br\/inicio\/?p=40924"},"modified":"2025-04-24T13:23:17","modified_gmt":"2025-04-24T16:23:17","slug":"sento-se-recebe-feira-da-caatinga-2025-com-apresentacoes-e-exposicoes-culturais-do-sertao","status":"publish","type":"post","link":"https:\/\/newsinfoco.com.br\/inicio\/sento-se-recebe-feira-da-caatinga-2025-com-apresentacoes-e-exposicoes-culturais-do-sertao\/","title":{"rendered":"Sento S\u00e9 recebe Feira da Caatinga 2025 com apresenta\u00e7\u00f5es e exposi\u00e7\u00f5es culturais do sert\u00e3o"},"content":{"rendered":"<p>Sento S\u00e9 ser\u00e1 palco da Feira da Caatinga 2025, nos dias 29 e 30 de abril, um evento que celebra a riqueza do bioma, os saberes tradicionais e a for\u00e7a cultural do povo sertanejo. Com programa\u00e7\u00e3o diversificada, a iniciativa da Prefeitura, por meio da Secretaria Municipal de Meio Ambiente e Turismo (SEMATUR), contar\u00e1 com apresenta\u00e7\u00f5es culturais, exposi\u00e7\u00f5es, culin\u00e1ria regional, artesanato, palestras e a\u00e7\u00f5es educativas voltadas ao desenvolvimento sustent\u00e1vel.<\/p>\n<p>A abertura oficial acontece na segunda-feira (29), \u00e0s 19h, na Pra\u00e7a Central, com shows e manifesta\u00e7\u00f5es culturais. No dia 30, a feira segue das 8h \u00e0s 17h, com exposi\u00e7\u00e3o de produtos da agricultura familiar e da Caatinga. Paralelamente, a C\u00e2mara de Vereadores sediar\u00e1 palestras com especialistas de institui\u00e7\u00f5es como o Instituto do Meio Ambiente e Recursos H\u00eddricos (Inema), o Instituto Regional da Pequena Agropecu\u00e1ria Apropriada (IRPAA), a Brigada For\u00e7a e Resgate e o Servi\u00e7o Brasileiro de Apoio \u00e0s Micro e Pequenas Empresas (Sebrae).<\/p><div class=\"newsi-conteudo_19\" id=\"newsi-2788824755\"><a href=\"https:\/\/www.instagram.com\/prefeituraalagoinhas?igsh=YzgzdDJ1bWR3aWI4\" aria-label=\"SAVE_20251006_221555\"><img loading=\"lazy\" decoding=\"async\" src=\"https:\/\/newsinfoco.com.br\/inicio\/wp-content\/uploads\/2025\/10\/SAVE_20251006_221555-rotated.jpg\" alt=\"\"  srcset=\"https:\/\/newsinfoco.com.br\/inicio\/wp-content\/uploads\/2025\/10\/SAVE_20251006_221555-rotated.jpg 1140w, https:\/\/newsinfoco.com.br\/inicio\/wp-content\/uploads\/2025\/10\/SAVE_20251006_221555-300x52.jpg 300w, https:\/\/newsinfoco.com.br\/inicio\/wp-content\/uploads\/2025\/10\/SAVE_20251006_221555-1024x177.jpg 1024w, https:\/\/newsinfoco.com.br\/inicio\/wp-content\/uploads\/2025\/10\/SAVE_20251006_221555-768x133.jpg 768w, https:\/\/newsinfoco.com.br\/inicio\/wp-content\/uploads\/2025\/10\/SAVE_20251006_221555-600x104.jpg 600w, https:\/\/newsinfoco.com.br\/inicio\/wp-content\/uploads\/2025\/10\/SAVE_20251006_221555-696x120.jpg 696w, https:\/\/newsinfoco.com.br\/inicio\/wp-content\/uploads\/2025\/10\/SAVE_20251006_221555-1068x185.jpg 1068w\" sizes=\"(max-width: 1140px) 100vw, 1140px\" width=\"1140\" height=\"197\"   \/><\/a><\/div>\n<div>\n<div>\n<div class=\"trv-player-container\">\n<div class=\"trv-wrapper\">\n<div id=\"br_video_player_8de521edfe0f3be58d015b1bae147e9dc3c659f9\" class=\"trvd_video_player trvdinstream\">\n<div class=\"media-player\">\n<div class=\"trv-video\">\n<div id=\"truvid_ima_container59728\" class=\"truvid_ima_container\">\n<div>\n<div>\n<div class=\"conteudo_post\">\n<p>\u201cO evento refor\u00e7a o compromisso da gest\u00e3o com a preserva\u00e7\u00e3o do nosso bioma, o fortalecimento da identidade regional e a gera\u00e7\u00e3o de oportunidades por meio do empreendedorismo sustent\u00e1vel\u201d, destacou o secret\u00e1rio municipal de Meio Ambiente, Cleriston Ferreira, que aproveitou para refor\u00e7ar o convite \u00e0 popula\u00e7\u00e3o.<\/p>\n<p>\u201cConvidamos toda a popula\u00e7\u00e3o a participar dessa grande celebra\u00e7\u00e3o que une cultura, meio ambiente e desenvolvimento para transformar o presente e projetar um futuro mais justo e sustent\u00e1vel para o sert\u00e3o\u201d.<\/p>\n<\/div>\n<div id=\"div-share\">Bahia.Ba<\/div>\n<\/div>\n<\/div>\n<\/div>\n<\/div>\n<\/div>\n<\/div>\n<\/div>\n<\/div>\n<\/div>\n<\/div>\n<div class='share-to-whatsapp-wrapper'><div class='share-on-whsp'>Share on: <\/div><a data-text='Sento S\u00e9 recebe Feira da Caatinga 2025 com apresenta\u00e7\u00f5es e exposi\u00e7\u00f5es culturais do sert\u00e3o' data-link='https:\/\/newsinfoco.com.br\/inicio\/sento-se-recebe-feira-da-caatinga-2025-com-apresentacoes-e-exposicoes-culturais-do-sertao\/' class='whatsapp-button whatsapp-share'>WhatsApp<\/a><div class='clear '><\/div><\/div>","protected":false},"excerpt":{"rendered":"<p>Sento S\u00e9 ser\u00e1 palco da Feira da Caatinga 2025, nos dias 29 e 30 de abril, um evento que celebra a riqueza do bioma, os saberes tradicionais e a for\u00e7a cultural do povo sertanejo. Com programa\u00e7\u00e3o diversificada, a iniciativa da Prefeitura, por meio da Secretaria Municipal de Meio Ambiente e Turismo (SEMATUR), contar\u00e1 com apresenta\u00e7\u00f5es [&hellip;]<\/p>\n","protected":false},"author":1,"featured_media":40925,"comment_status":"closed","ping_status":"closed","sticky":false,"template":"","format":"standard","meta":{"om_disable_all_campaigns":false,"_exactmetrics_skip_tracking":false,"_exactmetrics_sitenote_active":false,"_exactmetrics_sitenote_note":"","_exactmetrics_sitenote_category":0,"footnotes":""},"categories":[19],"tags":[],"class_list":["post-40924","post","type-post","status-publish","format-standard","has-post-thumbnail","hentry","category-bahia"],"aioseo_notices":[],"_links":{"self":[{"href":"https:\/\/newsinfoco.com.br\/inicio\/wp-json\/wp\/v2\/posts\/40924","targetHints":{"allow":["GET"]}}],"collection":[{"href":"https:\/\/newsinfoco.com.br\/inicio\/wp-json\/wp\/v2\/posts"}],"about":[{"href":"https:\/\/newsinfoco.com.br\/inicio\/wp-json\/wp\/v2\/types\/post"}],"author":[{"embeddable":true,"href":"https:\/\/newsinfoco.com.br\/inicio\/wp-json\/wp\/v2\/users\/1"}],"replies":[{"embeddable":true,"href":"https:\/\/newsinfoco.com.br\/inicio\/wp-json\/wp\/v2\/comments?post=40924"}],"version-history":[{"count":1,"href":"https:\/\/newsinfoco.com.br\/inicio\/wp-json\/wp\/v2\/posts\/40924\/revisions"}],"predecessor-version":[{"id":40926,"href":"https:\/\/newsinfoco.com.br\/inicio\/wp-json\/wp\/v2\/posts\/40924\/revisions\/40926"}],"wp:featuredmedia":[{"embeddable":true,"href":"https:\/\/newsinfoco.com.br\/inicio\/wp-json\/wp\/v2\/media\/40925"}],"wp:attachment":[{"href":"https:\/\/newsinfoco.com.br\/inicio\/wp-json\/wp\/v2\/media?parent=40924"}],"wp:term":[{"taxonomy":"category","embeddable":true,"href":"https:\/\/newsinfoco.com.br\/inicio\/wp-json\/wp\/v2\/categories?post=40924"},{"taxonomy":"post_tag","embeddable":true,"href":"https:\/\/newsinfoco.com.br\/inicio\/wp-json\/wp\/v2\/tags?post=40924"}],"curies":[{"name":"wp","href":"https:\/\/api.w.org\/{rel}","templated":true}]}}