{"id":4133,"date":"2018-05-21T16:48:52","date_gmt":"2018-05-21T19:48:52","guid":{"rendered":"http:\/\/newsinfoco.com.br\/?p=4133"},"modified":"2018-05-21T16:50:41","modified_gmt":"2018-05-21T19:50:41","slug":"prefeitura-municipal-de-alagoinhas-reinaugura-mais-uma-unidade-escolar-totalmente-revitalizada","status":"publish","type":"post","link":"https:\/\/newsinfoco.com.br\/inicio\/prefeitura-municipal-de-alagoinhas-reinaugura-mais-uma-unidade-escolar-totalmente-revitalizada\/","title":{"rendered":"Prefeitura Municipal de Alagoinhas reinaugura mais uma unidade escolar totalmente revitalizada"},"content":{"rendered":"<p style=\"text-align: justify;\"><span style=\"color: #000000;\">Em uma espera incans\u00e1vel por mais de 33 anos, a comunidade da Mangueira viu a escola desassistida, sem muros, que funcionava na regi\u00e3o, se transformar efetivamente em unidade de ensino-aprendizagem para os alunos da localidade. Ap\u00f3s interven\u00e7\u00f5es na estrutura f\u00edsica em que funcionava, a Escola Jos\u00e9 Nicolau da Silva foi totalmente revitalizada no \u00faltimo domingo (20) pelo poder p\u00fablico municipal.<\/span><\/p>\n<p style=\"text-align: justify;\"><span style=\"color: #000000;\">\u201cA escola aqui, desde que foi fundada, em 16 de mar\u00e7o de 1985, nunca tinha passado por uma reforma completa como essa. Pra voc\u00ea ter uma id\u00e9ia, n\u00f3s funcionamos 30 anos sem \u00e1gua. Era tudo muito dif\u00edcil. A gente fazia, mas fazia com sacrif\u00edcio. Essa nova gest\u00e3o chegou, se sensibilizou com a nossa causa, e nossa escola est\u00e1 como voc\u00ea est\u00e1 vendo aqui hoje, essa maravilha de escola, repaginada, toda arrumada, e os alunos n\u00e3o se cansam de sorrir olhando para cada coisa que est\u00e3o vendo aqui\u201d, afirmou a vice-diretora Evaneide Rodrigues Souza de Jesus.<\/span><\/p><div class=\"newsi-conteudo_19\" id=\"newsi-1456618467\"><a href=\"https:\/\/www.instagram.com\/prefeituraalagoinhas?igsh=YzgzdDJ1bWR3aWI4\" aria-label=\"SAVE_20251006_221555\"><img loading=\"lazy\" decoding=\"async\" src=\"https:\/\/newsinfoco.com.br\/inicio\/wp-content\/uploads\/2025\/10\/SAVE_20251006_221555-rotated.jpg\" alt=\"\"  srcset=\"https:\/\/newsinfoco.com.br\/inicio\/wp-content\/uploads\/2025\/10\/SAVE_20251006_221555-rotated.jpg 1140w, https:\/\/newsinfoco.com.br\/inicio\/wp-content\/uploads\/2025\/10\/SAVE_20251006_221555-300x52.jpg 300w, https:\/\/newsinfoco.com.br\/inicio\/wp-content\/uploads\/2025\/10\/SAVE_20251006_221555-1024x177.jpg 1024w, https:\/\/newsinfoco.com.br\/inicio\/wp-content\/uploads\/2025\/10\/SAVE_20251006_221555-768x133.jpg 768w, https:\/\/newsinfoco.com.br\/inicio\/wp-content\/uploads\/2025\/10\/SAVE_20251006_221555-600x104.jpg 600w, https:\/\/newsinfoco.com.br\/inicio\/wp-content\/uploads\/2025\/10\/SAVE_20251006_221555-696x120.jpg 696w, https:\/\/newsinfoco.com.br\/inicio\/wp-content\/uploads\/2025\/10\/SAVE_20251006_221555-1068x185.jpg 1068w\" sizes=\"(max-width: 1140px) 100vw, 1140px\" width=\"1140\" height=\"197\"   \/><\/a><\/div>\n<p style=\"text-align: justify;\"><span style=\"color: #000000;\">Com a reforma, a unidade passa agora a contar com 2 banheiros, acessibilidade, um quiosque com \u00e1rea de conviv\u00eancia e a nova fachada padr\u00e3o, al\u00e9m de monitoramento eletr\u00f4nico para a seguran\u00e7a. \u201cMuita gente fala muita coisa, mas poucos fazem, e n\u00f3s estamos fazendo. Pensem nisso. Esse \u00e9 um ano extremamente importante\u201d, destacou o secret\u00e1rio de educa\u00e7\u00e3o Fabr\u00edcio Faro.<\/span><\/p>\n<p style=\"text-align: justify;\"><span style=\"color: #000000;\">Para Professora Iraci Gama, vice-prefeita do munic\u00edpio, \u00e9 mais uma realidade transformada pelos muros de l\u00e1pis de chegam ditando uma nova possibilidade de escrever a hist\u00f3ria dentro dessas escolas. \u201c\u00c9 dif\u00edcil hoje a gente pensar a SEDUC sem pensar nesse monte de l\u00e1pis. \u00c9 com o l\u00e1pis que a gente escreve pela primeira vez o pr\u00f3prio nome, e n\u00e3o h\u00e1 nada mais emocionante para uma professora do que ver o seu aluno escrever o pr\u00f3prio nome. Escrever o nome significa estar descortinando o mundo, a possibilidade de entender o que algu\u00e9m est\u00e1 dizendo pra mim, n\u00e3o apenas pelo que est\u00e1 entrando pelo meu ouvido, mas principalmente pelo que eu posso pegar que est\u00e1 no papel. \u00c9 s\u00f3 entendendo o mundo que a gente vive. Ningu\u00e9m pode viver somente de pensar pelo que o outro disse que \u00e9. O importante \u00e9 que cada um pense por si. N\u00f3s tamb\u00e9m acreditamos no resultado maravilhoso que esses l\u00e1pis est\u00e3o provocando e v\u00e3o continuar provocando no imagin\u00e1rio da nossa gente\u201d, pontuou.<\/span><\/p>\n<p style=\"text-align: justify;\"><span style=\"color: #000000;\">Contando com a a\u00e7\u00e3o deste domingo, a Secretaria Municipal de Educa\u00e7\u00e3o (SEDUC) completa 5 unidades totalmente transformadas e reinauguradas neste primeiro per\u00edodo: a escola Tom\u00e9 de Souza, localizada na comunidade da Espuma, a unidade municipal Nossa Senhora das Gra\u00e7as, no Encantado, a Escola P\u00e9ricles Nogueira, da Concei\u00e7\u00e3o, a Luzia Margarida Pinto, do Ponto do Beiju e, agora, tamb\u00e9m a escola Jos\u00e9 Nicolau da Silva, da Mangueira.<\/span><\/p>\n<p style=\"text-align: justify;\"><span style=\"color: #000000;\">\u201cTivemos interven\u00e7\u00f5es em quase todas as 80 unidades escolares, mas, nessa gest\u00e3o, do prefeito Joaquim Neto e da vice-prefeita Iraci Gama, a gente s\u00f3 reinaugura realmente quando a gente faz uma grande transforma\u00e7\u00e3o naquela unidade escolar. S\u00e3o interven\u00e7\u00f5es extremamente transformadoras para dar dignidade n\u00e3o s\u00f3 ao aluno, como ao servidor e \u00e0s fam\u00edlias que frequentam estes espa\u00e7os\u201d, explicou Fabr\u00edcio Faro.<\/span><\/p>\n<p style=\"text-align: justify;\"><span style=\"color: #000000;\">O secret\u00e1rio da pasta aproveitou a oportunidade para enfatizar que o trabalho continua e que a SEDUC tamb\u00e9m vai ampliar 2 unidades escolares, uma na Brasilinha e outra na Calu. Fabr\u00edcio Faro informou que a gest\u00e3o est\u00e1 licitando ainda o processo para as creches do Barreiro, do Urupiara e do Jardim Petrolar, e se comprometeu a buscar os tr\u00e2mites legais para recuperar as creches abandonadas da Baixa da Candeia e do conjunto Alagoinhas IV.<\/span><\/p>\n<p style=\"text-align: justify;\"><span style=\"color: #000000;\">Sensibilizado ao ver de perto a felicidade da comunidade diante da transforma\u00e7\u00e3o da escola e atendendo a pedidos dos moradores, o prefeito Joaquim Neto ressaltou que vai continuar buscando novos avan\u00e7os para a regi\u00e3o e brincou com os versos para autorizar o in\u00edcio de mais uma obra de revitaliza\u00e7\u00e3o completa. \u201cNesse domingo bonito de cores eu aprovo e recomendo a reforma da escola Abelha Flores\u201d, disse o prefeito, que finalizou \u201cestamos mostrando que estaremos e estamos presentes em todas as localidades. \u00c9 um parecer da prefeitura, que est\u00e1 nas pequenas e grandes comunidades\u201d.<\/span><\/p>\n<p style=\"text-align: justify;\"><span style=\"color: #000000;\">De acordo com o gestor, al\u00e9m da estrutura f\u00edsica, a prefeitura tem trabalhado, com a equipe pedag\u00f3gica, para proporcionar, a toda a rede p\u00fablica municipal, acesso a um ensino-aprendizagem de qualidade. Durante a inaugura\u00e7\u00e3o, a SEDUC distribui kits escolares a alunos de todas as turmas da unidade.<\/span><\/p>\n<p><a href=\"http:\/\/newsinfoco.com.br\/wp-content\/uploads\/2018\/05\/28369105038_a488ff2226_k.jpg\"><img loading=\"lazy\" decoding=\"async\" class=\"alignnone size-medium wp-image-4134\" src=\"http:\/\/newsinfoco.com.br\/wp-content\/uploads\/2018\/05\/28369105038_a488ff2226_k-300x199.jpg\" alt=\"\" width=\"300\" height=\"199\" srcset=\"https:\/\/newsinfoco.com.br\/inicio\/wp-content\/uploads\/2018\/05\/28369105038_a488ff2226_k-300x199.jpg 300w, https:\/\/newsinfoco.com.br\/inicio\/wp-content\/uploads\/2018\/05\/28369105038_a488ff2226_k-768x509.jpg 768w, https:\/\/newsinfoco.com.br\/inicio\/wp-content\/uploads\/2018\/05\/28369105038_a488ff2226_k-1024x678.jpg 1024w, https:\/\/newsinfoco.com.br\/inicio\/wp-content\/uploads\/2018\/05\/28369105038_a488ff2226_k-600x397.jpg 600w, https:\/\/newsinfoco.com.br\/inicio\/wp-content\/uploads\/2018\/05\/28369105038_a488ff2226_k-696x461.jpg 696w, https:\/\/newsinfoco.com.br\/inicio\/wp-content\/uploads\/2018\/05\/28369105038_a488ff2226_k-1068x707.jpg 1068w, https:\/\/newsinfoco.com.br\/inicio\/wp-content\/uploads\/2018\/05\/28369105038_a488ff2226_k-634x420.jpg 634w, https:\/\/newsinfoco.com.br\/inicio\/wp-content\/uploads\/2018\/05\/28369105038_a488ff2226_k-1320x874.jpg 1320w, https:\/\/newsinfoco.com.br\/inicio\/wp-content\/uploads\/2018\/05\/28369105038_a488ff2226_k.jpg 2048w\" sizes=\"auto, (max-width: 300px) 100vw, 300px\" \/><\/a> <a href=\"http:\/\/newsinfoco.com.br\/wp-content\/uploads\/2018\/05\/28369244528_7d18a3459a_k.jpg\"><img loading=\"lazy\" decoding=\"async\" class=\"alignnone size-medium wp-image-4135\" src=\"http:\/\/newsinfoco.com.br\/wp-content\/uploads\/2018\/05\/28369244528_7d18a3459a_k-300x199.jpg\" alt=\"\" width=\"300\" height=\"199\" srcset=\"https:\/\/newsinfoco.com.br\/inicio\/wp-content\/uploads\/2018\/05\/28369244528_7d18a3459a_k-300x199.jpg 300w, https:\/\/newsinfoco.com.br\/inicio\/wp-content\/uploads\/2018\/05\/28369244528_7d18a3459a_k-768x509.jpg 768w, https:\/\/newsinfoco.com.br\/inicio\/wp-content\/uploads\/2018\/05\/28369244528_7d18a3459a_k-1024x678.jpg 1024w, https:\/\/newsinfoco.com.br\/inicio\/wp-content\/uploads\/2018\/05\/28369244528_7d18a3459a_k-600x397.jpg 600w, https:\/\/newsinfoco.com.br\/inicio\/wp-content\/uploads\/2018\/05\/28369244528_7d18a3459a_k-696x461.jpg 696w, https:\/\/newsinfoco.com.br\/inicio\/wp-content\/uploads\/2018\/05\/28369244528_7d18a3459a_k-1068x707.jpg 1068w, https:\/\/newsinfoco.com.br\/inicio\/wp-content\/uploads\/2018\/05\/28369244528_7d18a3459a_k-634x420.jpg 634w, https:\/\/newsinfoco.com.br\/inicio\/wp-content\/uploads\/2018\/05\/28369244528_7d18a3459a_k-1320x874.jpg 1320w, https:\/\/newsinfoco.com.br\/inicio\/wp-content\/uploads\/2018\/05\/28369244528_7d18a3459a_k.jpg 2048w\" sizes=\"auto, (max-width: 300px) 100vw, 300px\" \/><\/a> <a href=\"http:\/\/newsinfoco.com.br\/wp-content\/uploads\/2018\/05\/40589969575_0b6d49fe7a_k.jpg\"><img loading=\"lazy\" decoding=\"async\" class=\"alignnone size-medium wp-image-4136\" src=\"http:\/\/newsinfoco.com.br\/wp-content\/uploads\/2018\/05\/40589969575_0b6d49fe7a_k-300x199.jpg\" alt=\"\" width=\"300\" height=\"199\" srcset=\"https:\/\/newsinfoco.com.br\/inicio\/wp-content\/uploads\/2018\/05\/40589969575_0b6d49fe7a_k-300x199.jpg 300w, https:\/\/newsinfoco.com.br\/inicio\/wp-content\/uploads\/2018\/05\/40589969575_0b6d49fe7a_k-768x509.jpg 768w, https:\/\/newsinfoco.com.br\/inicio\/wp-content\/uploads\/2018\/05\/40589969575_0b6d49fe7a_k-1024x678.jpg 1024w, https:\/\/newsinfoco.com.br\/inicio\/wp-content\/uploads\/2018\/05\/40589969575_0b6d49fe7a_k-600x397.jpg 600w, https:\/\/newsinfoco.com.br\/inicio\/wp-content\/uploads\/2018\/05\/40589969575_0b6d49fe7a_k-696x461.jpg 696w, https:\/\/newsinfoco.com.br\/inicio\/wp-content\/uploads\/2018\/05\/40589969575_0b6d49fe7a_k-1068x707.jpg 1068w, https:\/\/newsinfoco.com.br\/inicio\/wp-content\/uploads\/2018\/05\/40589969575_0b6d49fe7a_k-634x420.jpg 634w, https:\/\/newsinfoco.com.br\/inicio\/wp-content\/uploads\/2018\/05\/40589969575_0b6d49fe7a_k-1320x874.jpg 1320w, https:\/\/newsinfoco.com.br\/inicio\/wp-content\/uploads\/2018\/05\/40589969575_0b6d49fe7a_k.jpg 2048w\" sizes=\"auto, (max-width: 300px) 100vw, 300px\" \/><\/a> <a href=\"http:\/\/newsinfoco.com.br\/wp-content\/uploads\/2018\/05\/41340973065_ea47022187_k.jpg\"><img loading=\"lazy\" decoding=\"async\" class=\"alignnone size-medium wp-image-4137\" src=\"http:\/\/newsinfoco.com.br\/wp-content\/uploads\/2018\/05\/41340973065_ea47022187_k-300x199.jpg\" alt=\"\" width=\"300\" height=\"199\" srcset=\"https:\/\/newsinfoco.com.br\/inicio\/wp-content\/uploads\/2018\/05\/41340973065_ea47022187_k-300x199.jpg 300w, https:\/\/newsinfoco.com.br\/inicio\/wp-content\/uploads\/2018\/05\/41340973065_ea47022187_k-768x509.jpg 768w, https:\/\/newsinfoco.com.br\/inicio\/wp-content\/uploads\/2018\/05\/41340973065_ea47022187_k-1024x678.jpg 1024w, https:\/\/newsinfoco.com.br\/inicio\/wp-content\/uploads\/2018\/05\/41340973065_ea47022187_k-600x397.jpg 600w, https:\/\/newsinfoco.com.br\/inicio\/wp-content\/uploads\/2018\/05\/41340973065_ea47022187_k-696x461.jpg 696w, https:\/\/newsinfoco.com.br\/inicio\/wp-content\/uploads\/2018\/05\/41340973065_ea47022187_k-1068x707.jpg 1068w, https:\/\/newsinfoco.com.br\/inicio\/wp-content\/uploads\/2018\/05\/41340973065_ea47022187_k-634x420.jpg 634w, https:\/\/newsinfoco.com.br\/inicio\/wp-content\/uploads\/2018\/05\/41340973065_ea47022187_k-1320x874.jpg 1320w, https:\/\/newsinfoco.com.br\/inicio\/wp-content\/uploads\/2018\/05\/41340973065_ea47022187_k.jpg 2048w\" sizes=\"auto, (max-width: 300px) 100vw, 300px\" \/><\/a> <a href=\"http:\/\/newsinfoco.com.br\/wp-content\/uploads\/2018\/05\/41440981242_f6837a8f59_k.jpg\"><img loading=\"lazy\" decoding=\"async\" class=\"alignnone size-medium wp-image-4138\" src=\"http:\/\/newsinfoco.com.br\/wp-content\/uploads\/2018\/05\/41440981242_f6837a8f59_k-300x199.jpg\" alt=\"\" width=\"300\" height=\"199\" srcset=\"https:\/\/newsinfoco.com.br\/inicio\/wp-content\/uploads\/2018\/05\/41440981242_f6837a8f59_k-300x199.jpg 300w, https:\/\/newsinfoco.com.br\/inicio\/wp-content\/uploads\/2018\/05\/41440981242_f6837a8f59_k-768x509.jpg 768w, https:\/\/newsinfoco.com.br\/inicio\/wp-content\/uploads\/2018\/05\/41440981242_f6837a8f59_k-1024x678.jpg 1024w, https:\/\/newsinfoco.com.br\/inicio\/wp-content\/uploads\/2018\/05\/41440981242_f6837a8f59_k-600x397.jpg 600w, https:\/\/newsinfoco.com.br\/inicio\/wp-content\/uploads\/2018\/05\/41440981242_f6837a8f59_k-696x461.jpg 696w, https:\/\/newsinfoco.com.br\/inicio\/wp-content\/uploads\/2018\/05\/41440981242_f6837a8f59_k-1068x707.jpg 1068w, https:\/\/newsinfoco.com.br\/inicio\/wp-content\/uploads\/2018\/05\/41440981242_f6837a8f59_k-634x420.jpg 634w, https:\/\/newsinfoco.com.br\/inicio\/wp-content\/uploads\/2018\/05\/41440981242_f6837a8f59_k-1320x874.jpg 1320w, https:\/\/newsinfoco.com.br\/inicio\/wp-content\/uploads\/2018\/05\/41440981242_f6837a8f59_k.jpg 2048w\" sizes=\"auto, (max-width: 300px) 100vw, 300px\" \/><\/a><\/p>\n<h6 style=\"text-align: right;\"><span style=\"color: #999999;\">Fonte: SECOM SAAE<\/span><\/h6>\n<div class='share-to-whatsapp-wrapper'><div class='share-on-whsp'>Share on: <\/div><a data-text='Prefeitura Municipal de Alagoinhas reinaugura mais uma unidade escolar totalmente revitalizada' data-link='https:\/\/newsinfoco.com.br\/inicio\/prefeitura-municipal-de-alagoinhas-reinaugura-mais-uma-unidade-escolar-totalmente-revitalizada\/' class='whatsapp-button whatsapp-share'>WhatsApp<\/a><div class='clear '><\/div><\/div>","protected":false},"excerpt":{"rendered":"<p>Em uma espera incans\u00e1vel por mais de 33 anos, a comunidade da Mangueira viu a escola desassistida, sem muros, que funcionava na regi\u00e3o, se transformar efetivamente em unidade de ensino-aprendizagem para os alunos da localidade. Ap\u00f3s interven\u00e7\u00f5es na estrutura f\u00edsica em que funcionava, a Escola Jos\u00e9 Nicolau da Silva foi totalmente revitalizada no \u00faltimo domingo [&hellip;]<\/p>\n","protected":false},"author":1,"featured_media":4136,"comment_status":"open","ping_status":"open","sticky":false,"template":"","format":"standard","meta":{"om_disable_all_campaigns":false,"_exactmetrics_skip_tracking":false,"_exactmetrics_sitenote_active":false,"_exactmetrics_sitenote_note":"","_exactmetrics_sitenote_category":0,"footnotes":""},"categories":[38,30],"tags":[53,54,55],"class_list":["post-4133","post","type-post","status-publish","format-standard","has-post-thumbnail","hentry","category-alagoinhas-e-regiao","category-destaque","tag-alagoinhas","tag-prefeitura","tag-saae"],"aioseo_notices":[],"_links":{"self":[{"href":"https:\/\/newsinfoco.com.br\/inicio\/wp-json\/wp\/v2\/posts\/4133","targetHints":{"allow":["GET"]}}],"collection":[{"href":"https:\/\/newsinfoco.com.br\/inicio\/wp-json\/wp\/v2\/posts"}],"about":[{"href":"https:\/\/newsinfoco.com.br\/inicio\/wp-json\/wp\/v2\/types\/post"}],"author":[{"embeddable":true,"href":"https:\/\/newsinfoco.com.br\/inicio\/wp-json\/wp\/v2\/users\/1"}],"replies":[{"embeddable":true,"href":"https:\/\/newsinfoco.com.br\/inicio\/wp-json\/wp\/v2\/comments?post=4133"}],"version-history":[{"count":0,"href":"https:\/\/newsinfoco.com.br\/inicio\/wp-json\/wp\/v2\/posts\/4133\/revisions"}],"wp:featuredmedia":[{"embeddable":true,"href":"https:\/\/newsinfoco.com.br\/inicio\/wp-json\/wp\/v2\/media\/4136"}],"wp:attachment":[{"href":"https:\/\/newsinfoco.com.br\/inicio\/wp-json\/wp\/v2\/media?parent=4133"}],"wp:term":[{"taxonomy":"category","embeddable":true,"href":"https:\/\/newsinfoco.com.br\/inicio\/wp-json\/wp\/v2\/categories?post=4133"},{"taxonomy":"post_tag","embeddable":true,"href":"https:\/\/newsinfoco.com.br\/inicio\/wp-json\/wp\/v2\/tags?post=4133"}],"curies":[{"name":"wp","href":"https:\/\/api.w.org\/{rel}","templated":true}]}}