{"id":4157,"date":"2018-05-21T19:25:40","date_gmt":"2018-05-21T22:25:40","guid":{"rendered":"http:\/\/newsinfoco.com.br\/?p=4157"},"modified":"2018-05-21T19:25:40","modified_gmt":"2018-05-21T22:25:40","slug":"prefeitura-divulga-calendario-semanal-de-atividades-do-cras-da-praca-do-ceu","status":"publish","type":"post","link":"https:\/\/newsinfoco.com.br\/inicio\/prefeitura-divulga-calendario-semanal-de-atividades-do-cras-da-praca-do-ceu\/","title":{"rendered":"Prefeitura divulga calend\u00e1rio semanal de atividades do CRAS da Pra\u00e7a do CEU"},"content":{"rendered":"<p style=\"text-align: justify;\"><span style=\"color: #000000;\">A Prefeitura de Alagoinhas, atrav\u00e9s da Secretaria Municipal de Assist\u00eancia Social (SEMAS), divulgou, nesta segunda-feira (21), a programa\u00e7\u00e3o semanal de atividades do Centro de Refer\u00eancia de Assist\u00eancia Social (CRAS) da Pra\u00e7a do CEU.<\/span><\/p>\n<p style=\"text-align: justify;\"><span style=\"color: #000000;\">A grade prevista conta com oficinas de dan\u00e7a, produ\u00e7\u00e3o de painel tem\u00e1tico e sess\u00f5es de cinema, entre outras a\u00e7\u00f5es desenvolvidas junto aos Grupos de Conviv\u00eancia e Fortalecimento de V\u00ednculos.<\/span><\/p><div class=\"newsi-conteudo_19\" id=\"newsi-3621616050\"><a href=\"https:\/\/www.instagram.com\/prefeituraalagoinhas?igsh=YzgzdDJ1bWR3aWI4\" aria-label=\"SAVE_20251006_221555\"><img loading=\"lazy\" decoding=\"async\" src=\"https:\/\/newsinfoco.com.br\/inicio\/wp-content\/uploads\/2025\/10\/SAVE_20251006_221555-rotated.jpg\" alt=\"\"  srcset=\"https:\/\/newsinfoco.com.br\/inicio\/wp-content\/uploads\/2025\/10\/SAVE_20251006_221555-rotated.jpg 1140w, https:\/\/newsinfoco.com.br\/inicio\/wp-content\/uploads\/2025\/10\/SAVE_20251006_221555-300x52.jpg 300w, https:\/\/newsinfoco.com.br\/inicio\/wp-content\/uploads\/2025\/10\/SAVE_20251006_221555-1024x177.jpg 1024w, https:\/\/newsinfoco.com.br\/inicio\/wp-content\/uploads\/2025\/10\/SAVE_20251006_221555-768x133.jpg 768w, https:\/\/newsinfoco.com.br\/inicio\/wp-content\/uploads\/2025\/10\/SAVE_20251006_221555-600x104.jpg 600w, https:\/\/newsinfoco.com.br\/inicio\/wp-content\/uploads\/2025\/10\/SAVE_20251006_221555-696x120.jpg 696w, https:\/\/newsinfoco.com.br\/inicio\/wp-content\/uploads\/2025\/10\/SAVE_20251006_221555-1068x185.jpg 1068w\" sizes=\"(max-width: 1140px) 100vw, 1140px\" width=\"1140\" height=\"197\"   \/><\/a><\/div>\n<p style=\"text-align: justify;\"><span style=\"color: #000000;\">Confira o cronograma completo:<\/span><br \/>\n<span style=\"color: #000000;\"><strong><br \/>\nCRAS Pra\u00e7a do CEU (21\/05 a 25\/05):<\/strong><\/span><\/p>\n<p style=\"text-align: justify;\"><span style=\"color: #000000;\"><strong>21\/05<\/strong><\/span><br \/>\n<span style=\"color: #000000;\">Manh\u00e3: Grupo de 6 a 8 anos SCFV<\/span><br \/>\n<span style=\"color: #000000;\">Cine CRAS: exibi\u00e7\u00e3o do filme \u201cO Bom Dinossauro\u201d<\/span><\/p>\n<p style=\"text-align: justify;\"><span style=\"color: #000000;\">Tarde: Grupo 6 a 8 anos SCFV<\/span><br \/>\n<span style=\"color: #000000;\">Oficina de Violinos M\u00e1gicos<\/span><br \/>\n<span style=\"color: #000000;\">Cine CRAS: exibi\u00e7\u00e3o do filme \u201cO Bom Dinossauro\u201d<\/span><br \/>\n<span style=\"color: #000000;\">Oficina de Dan\u00e7a com Idosas<\/span><\/p>\n<p style=\"text-align: justify;\"><span style=\"color: #000000;\"><strong>22\/05<\/strong><\/span><br \/>\n<span style=\"color: #000000;\">Manh\u00e3: Sala de Espera (acolhida com os t\u00e9cnicos)<\/span><\/p>\n<p style=\"text-align: justify;\"><span style=\"color: #000000;\">Tarde: Grupo de Mulheres<\/span><br \/>\n<span style=\"color: #000000;\">Din\u00e2mica \u201cRetrato Falado\u201d<\/span><br \/>\n<span style=\"color: #000000;\">VI Encontro PAIF \u2013 Gestante<\/span><\/p>\n<p style=\"text-align: justify;\"><span style=\"color: #000000;\"><strong>23\/05\u00a0<\/strong><\/span><br \/>\n<span style=\"color: #000000;\">Manh\u00e3: \u201cAul\u00e3o de Dan\u00e7a\u201d e caf\u00e9 da manh\u00e3 em homenagem ao Dia das M\u00e3es<\/span><br \/>\n<span style=\"color: #000000;\">Tarde: Comemora\u00e7\u00e3o do Dia Das M\u00e3es<\/span><\/p>\n<p style=\"text-align: justify;\"><span style=\"color: #000000;\"><strong>24\/05<\/strong><\/span><br \/>\n<span style=\"color: #000000;\">Manh\u00e3: Grupo de Adolescentes SCFV<\/span><br \/>\n<span style=\"color: #000000;\">Produ\u00e7\u00e3o do Painel Tem\u00e1tico em alus\u00e3o ao 18 de maio<\/span><\/p>\n<p style=\"text-align: justify;\"><span style=\"color: #000000;\">Tarde: Grupo de Adolescente SCFV<\/span><br \/>\n<span style=\"color: #000000;\">Produ\u00e7\u00e3o do Painel Tem\u00e1tico em Alus\u00e3o ao 18 de maio<\/span><br \/>\n<span style=\"color: #000000;\">Grupo de idosas: Oficina para plantar girass\u00f3is em alus\u00e3o ao 18<\/span><br \/>\n<span style=\"color: #000000;\">De maio<\/span><\/p>\n<p style=\"text-align: justify;\"><span style=\"color: #000000;\"><strong>25\/05<\/strong><\/span><br \/>\n<span style=\"color: #000000;\">Manh\u00e3: Sala de Espera: Acolhida com os t\u00e9cnicos<\/span><br \/>\n<span style=\"color: #000000;\">Grupo de Crian\u00e7as de 9 a 11 anos SCFV (oficina de flores do Fa\u00e7a Bonito)<\/span><br \/>\n<span style=\"color: #000000;\">Oficina de futebol<\/span><\/p>\n<p style=\"text-align: justify;\"><span style=\"color: #000000;\"><strong>25\/05<\/strong><\/span><br \/>\n<span style=\"color: #000000;\">Manh\u00e3: Grupo de Crian\u00e7as de 9 a 11 anos SCFV (Cine CRAS)<\/span><br \/>\n<span style=\"color: #000000;\">Oficina de flores do Fa\u00e7a Bonito<\/span><br \/>\n<span style=\"color: #000000;\">Oficina se Futebol<\/span><\/p>\n<h6 style=\"text-align: right;\"><span style=\"color: #999999;\">Fonte: SECOM SEMAS Prefeitura<\/span><\/h6>\n<div style=\"text-align: justify;\" align=\"right\"><span style=\"color: #000000;\">\u00a0<\/span><\/div>\n<div class='share-to-whatsapp-wrapper'><div class='share-on-whsp'>Share on: <\/div><a data-text='Prefeitura divulga calend\u00e1rio semanal de atividades do CRAS da Pra\u00e7a do CEU' data-link='https:\/\/newsinfoco.com.br\/inicio\/prefeitura-divulga-calendario-semanal-de-atividades-do-cras-da-praca-do-ceu\/' class='whatsapp-button whatsapp-share'>WhatsApp<\/a><div class='clear '><\/div><\/div>","protected":false},"excerpt":{"rendered":"<p>A Prefeitura de Alagoinhas, atrav\u00e9s da Secretaria Municipal de Assist\u00eancia Social (SEMAS), divulgou, nesta segunda-feira (21), a programa\u00e7\u00e3o semanal de atividades do Centro de Refer\u00eancia de Assist\u00eancia Social (CRAS) da Pra\u00e7a do CEU. A grade prevista conta com oficinas de dan\u00e7a, produ\u00e7\u00e3o de painel tem\u00e1tico e sess\u00f5es de cinema, entre outras a\u00e7\u00f5es desenvolvidas junto aos [&hellip;]<\/p>\n","protected":false},"author":1,"featured_media":172,"comment_status":"open","ping_status":"open","sticky":false,"template":"","format":"standard","meta":{"om_disable_all_campaigns":false,"_exactmetrics_skip_tracking":false,"_exactmetrics_sitenote_active":false,"_exactmetrics_sitenote_note":"","_exactmetrics_sitenote_category":0,"footnotes":""},"categories":[38,30],"tags":[53,54,59],"class_list":["post-4157","post","type-post","status-publish","format-standard","has-post-thumbnail","hentry","category-alagoinhas-e-regiao","category-destaque","tag-alagoinhas","tag-prefeitura","tag-semas"],"aioseo_notices":[],"_links":{"self":[{"href":"https:\/\/newsinfoco.com.br\/inicio\/wp-json\/wp\/v2\/posts\/4157","targetHints":{"allow":["GET"]}}],"collection":[{"href":"https:\/\/newsinfoco.com.br\/inicio\/wp-json\/wp\/v2\/posts"}],"about":[{"href":"https:\/\/newsinfoco.com.br\/inicio\/wp-json\/wp\/v2\/types\/post"}],"author":[{"embeddable":true,"href":"https:\/\/newsinfoco.com.br\/inicio\/wp-json\/wp\/v2\/users\/1"}],"replies":[{"embeddable":true,"href":"https:\/\/newsinfoco.com.br\/inicio\/wp-json\/wp\/v2\/comments?post=4157"}],"version-history":[{"count":0,"href":"https:\/\/newsinfoco.com.br\/inicio\/wp-json\/wp\/v2\/posts\/4157\/revisions"}],"wp:featuredmedia":[{"embeddable":true,"href":"https:\/\/newsinfoco.com.br\/inicio\/wp-json\/wp\/v2\/media\/172"}],"wp:attachment":[{"href":"https:\/\/newsinfoco.com.br\/inicio\/wp-json\/wp\/v2\/media?parent=4157"}],"wp:term":[{"taxonomy":"category","embeddable":true,"href":"https:\/\/newsinfoco.com.br\/inicio\/wp-json\/wp\/v2\/categories?post=4157"},{"taxonomy":"post_tag","embeddable":true,"href":"https:\/\/newsinfoco.com.br\/inicio\/wp-json\/wp\/v2\/tags?post=4157"}],"curies":[{"name":"wp","href":"https:\/\/api.w.org\/{rel}","templated":true}]}}