{"id":41609,"date":"2025-05-16T13:17:51","date_gmt":"2025-05-16T16:17:51","guid":{"rendered":"https:\/\/newsinfoco.com.br\/inicio\/?p=41609"},"modified":"2025-05-16T13:17:51","modified_gmt":"2025-05-16T16:17:51","slug":"coopama-inicia-nova-fase-com-capacitacao-para-agroindustria-da-mandioca","status":"publish","type":"post","link":"https:\/\/newsinfoco.com.br\/inicio\/coopama-inicia-nova-fase-com-capacitacao-para-agroindustria-da-mandioca\/","title":{"rendered":"Coopama inicia nova fase com capacita\u00e7\u00e3o para agroind\u00fastria da mandioca"},"content":{"rendered":"<p class=\"\" data-start=\"376\" data-end=\"862\">Com equipamentos testados e estrutura pronta, a Cooperativa dos Agricultores Familiares e Economia Solid\u00e1ria do Litoral Norte e Agreste Baiano (Coopama), localizada na zona rural de Alagoinhas, vive um novo momento. Nesta semana, cooperados e cooperadas participaram de uma capacita\u00e7\u00e3o promovida pela Companhia de Desenvolvimento e A\u00e7\u00e3o Regional (CAR), em parceria com o Sebrae, que marcou uma etapa essencial para o in\u00edcio das atividades da agroind\u00fastria de beneficiamento da mandioca.<\/p>\n<p class=\"\" data-start=\"864\" data-end=\"1201\">O foco da forma\u00e7\u00e3o foi garantir que os agricultores e agricultoras familiares envolvidos conhecessem o fluxo de produ\u00e7\u00e3o, as normas de seguran\u00e7a e sanit\u00e1rias, e o funcionamento dos equipamentos adquiridos. A meta \u00e9 clara: produzir uma farinha de alta qualidade, de forma eficiente e dentro dos padr\u00f5es exigidos pela vigil\u00e2ncia sanit\u00e1ria.<\/p>\n<p class=\"\" data-start=\"1203\" data-end=\"1580\">Para Janete Nascimento, presidente da Coopama, a capacita\u00e7\u00e3o representa um divisor de \u00e1guas. \u201cAprender as boas pr\u00e1ticas do manejo da farinha e da f\u00e9cula foi um curso de grande valia, pois agora podemos dar in\u00edcio ao nosso trabalho de produ\u00e7\u00e3o e comercializa\u00e7\u00e3o com um produto de qualidade. Aqui, temos mulheres, homens e jovens prontos para fazer essa agroind\u00fastria acontecer.\u201d<\/p>\n<div>\n<div>\n<div class=\"trv-player-container\">\n<div class=\"trv-wrapper\">\n<div id=\"br_video_player_c26a06521cd4d03f7c50fa0da1fea79dc3c659f9\" class=\"trvd_video_player trvdinstream\">\n<div class=\"media-player\">\n<div class=\"trv-video\">\n<div id=\"truvid_ima_container45496\" class=\"truvid_ima_container\">\n<div>\n<div>\n<div class=\"conteudo_post\">\n<p class=\"\" data-start=\"1582\" data-end=\"1966\">A capacita\u00e7\u00e3o, realizada com metodologia pr\u00e1tica e voltada para a realidade local, tamb\u00e9m impactou os mais jovens da cooperativa. Breno Jean, um dos participantes, destacou a transforma\u00e7\u00e3o em sua perspectiva. \u201cFoi uma nova experi\u00eancia. Essa capacita\u00e7\u00e3o mudou a forma de ver a agricultura. Agora entendo que d\u00e1 pra gerar renda, aumentar a produ\u00e7\u00e3o e ter mais oportunidades no mercado.\u201d<\/p>\n<p class=\"\" data-start=\"1968\" data-end=\"2286\">A Coopama integra a rede de cooperativas apoiadas pelo Governo do Estado da Bahia, por meio da CAR, vinculada \u00e0 Secretaria de Desenvolvimento Rural (SDR). A agroind\u00fastria e os investimentos em capacita\u00e7\u00e3o fortalecem a agricultura familiar e abrem novos caminhos de valoriza\u00e7\u00e3o e autonomia para as comunidades do campo.<\/p>\n<\/div>\n<div id=\"div-share\">Bahia.Ba<\/div>\n<\/div>\n<\/div>\n<\/div>\n<\/div>\n<\/div>\n<\/div>\n<\/div>\n<\/div>\n<\/div>\n<\/div>\n<div class='share-to-whatsapp-wrapper'><div class='share-on-whsp'>Share on: <\/div><a data-text='Coopama inicia nova fase com capacita\u00e7\u00e3o para agroind\u00fastria da mandioca' data-link='https:\/\/newsinfoco.com.br\/inicio\/coopama-inicia-nova-fase-com-capacitacao-para-agroindustria-da-mandioca\/' class='whatsapp-button whatsapp-share'>WhatsApp<\/a><div class='clear '><\/div><\/div>","protected":false},"excerpt":{"rendered":"<p>Com equipamentos testados e estrutura pronta, a Cooperativa dos Agricultores Familiares e Economia Solid\u00e1ria do Litoral Norte e Agreste Baiano (Coopama), localizada na zona rural de Alagoinhas, vive um novo momento. Nesta semana, cooperados e cooperadas participaram de uma capacita\u00e7\u00e3o promovida pela Companhia de Desenvolvimento e A\u00e7\u00e3o Regional (CAR), em parceria com o Sebrae, que [&hellip;]<\/p>\n","protected":false},"author":1,"featured_media":41610,"comment_status":"closed","ping_status":"closed","sticky":false,"template":"","format":"standard","meta":{"om_disable_all_campaigns":false,"rop_custom_images_group":[],"rop_custom_messages_group":[],"rop_publish_now":"initial","rop_publish_now_accounts":[],"rop_publish_now_history":[],"rop_publish_now_status":"pending","_exactmetrics_skip_tracking":false,"footnotes":""},"categories":[38,167],"tags":[],"class_list":["post-41609","post","type-post","status-publish","format-standard","has-post-thumbnail","hentry","category-alagoinhas-e-regiao","category-exclusivas"],"aioseo_notices":[],"aioseo_head":"\n\t\t<!-- All in One SEO 4.9.10 - aioseo.com -->\n\t<meta name=\"description\" content=\"Com equipamentos testados e estrutura pronta, a Cooperativa dos Agricultores Familiares e Economia Solid\u00e1ria do Litoral Norte e Agreste Baiano (Coopama), localizada na zona rural de Alagoinhas, vive um novo momento. Nesta semana, cooperados e cooperadas participaram de uma capacita\u00e7\u00e3o promovida pela Companhia de Desenvolvimento e A\u00e7\u00e3o Regional (CAR), em parceria com o Sebrae, que\" \/>\n\t<meta name=\"robots\" content=\"max-image-preview:large\" \/>\n\t<meta name=\"author\" content=\"administrador\"\/>\n\t<link rel=\"canonical\" href=\"https:\/\/newsinfoco.com.br\/inicio\/coopama-inicia-nova-fase-com-capacitacao-para-agroindustria-da-mandioca\/\" \/>\n\t<meta name=\"generator\" content=\"All in One SEO (AIOSEO) 4.9.10\" \/>\n\t\t<meta property=\"og:locale\" content=\"pt_BR\" \/>\n\t\t<meta property=\"og:site_name\" content=\"News In Foco - Editado por Caio Pimenta - O principal site de noticias de Alagoinhas e regi\u00e3o\" \/>\n\t\t<meta property=\"og:type\" content=\"article\" \/>\n\t\t<meta property=\"og:title\" content=\"Coopama inicia nova fase com capacita\u00e7\u00e3o para agroind\u00fastria da mandioca - News In Foco - Editado por Caio Pimenta\" \/>\n\t\t<meta property=\"og:description\" content=\"Com equipamentos testados e estrutura pronta, a Cooperativa dos Agricultores Familiares e Economia Solid\u00e1ria do Litoral Norte e Agreste Baiano (Coopama), localizada na zona rural de Alagoinhas, vive um novo momento. Nesta semana, cooperados e cooperadas participaram de uma capacita\u00e7\u00e3o promovida pela Companhia de Desenvolvimento e A\u00e7\u00e3o Regional (CAR), em parceria com o Sebrae, que\" \/>\n\t\t<meta property=\"og:url\" content=\"https:\/\/newsinfoco.com.br\/inicio\/coopama-inicia-nova-fase-com-capacitacao-para-agroindustria-da-mandioca\/\" \/>\n\t\t<meta property=\"article:published_time\" content=\"2025-05-16T16:17:51+00:00\" \/>\n\t\t<meta property=\"article:modified_time\" content=\"2025-05-16T16:17:51+00:00\" \/>\n\t\t<meta name=\"twitter:card\" content=\"summary_large_image\" \/>\n\t\t<meta name=\"twitter:title\" content=\"Coopama inicia nova fase com capacita\u00e7\u00e3o para agroind\u00fastria da mandioca - News In Foco - Editado por Caio Pimenta\" \/>\n\t\t<meta name=\"twitter:description\" content=\"Com equipamentos testados e estrutura pronta, a Cooperativa dos Agricultores Familiares e Economia Solid\u00e1ria do Litoral Norte e Agreste Baiano (Coopama), localizada na zona rural de Alagoinhas, vive um novo momento. Nesta semana, cooperados e cooperadas participaram de uma capacita\u00e7\u00e3o promovida pela Companhia de Desenvolvimento e A\u00e7\u00e3o Regional (CAR), em parceria com o Sebrae, que\" \/>\n\t\t<script type=\"application\/ld+json\" class=\"aioseo-schema\">\n\t\t\t{\"@context\":\"https:\\\/\\\/schema.org\",\"@graph\":[{\"@type\":\"BlogPosting\",\"@id\":\"https:\\\/\\\/newsinfoco.com.br\\\/inicio\\\/coopama-inicia-nova-fase-com-capacitacao-para-agroindustria-da-mandioca\\\/#blogposting\",\"name\":\"Coopama inicia nova fase com capacita\\u00e7\\u00e3o para agroind\\u00fastria da mandioca - News In Foco - Editado por Caio Pimenta\",\"headline\":\"Coopama inicia nova fase com capacita\\u00e7\\u00e3o para agroind\\u00fastria da mandioca\",\"author\":{\"@id\":\"https:\\\/\\\/newsinfoco.com.br\\\/inicio\\\/author\\\/administrador\\\/#author\"},\"publisher\":{\"@id\":\"https:\\\/\\\/newsinfoco.com.br\\\/inicio\\\/#organization\"},\"image\":{\"@type\":\"ImageObject\",\"url\":\"https:\\\/\\\/newsinfoco.com.br\\\/inicio\\\/wp-content\\\/uploads\\\/2025\\\/05\\\/mandioca.png\",\"width\":601,\"height\":420},\"datePublished\":\"2025-05-16T13:17:51-03:00\",\"dateModified\":\"2025-05-16T13:17:51-03:00\",\"inLanguage\":\"pt-BR\",\"mainEntityOfPage\":{\"@id\":\"https:\\\/\\\/newsinfoco.com.br\\\/inicio\\\/coopama-inicia-nova-fase-com-capacitacao-para-agroindustria-da-mandioca\\\/#webpage\"},\"isPartOf\":{\"@id\":\"https:\\\/\\\/newsinfoco.com.br\\\/inicio\\\/coopama-inicia-nova-fase-com-capacitacao-para-agroindustria-da-mandioca\\\/#webpage\"},\"articleSection\":\"Alagoinhas e Regi\\u00e3o, Manchete\"},{\"@type\":\"BreadcrumbList\",\"@id\":\"https:\\\/\\\/newsinfoco.com.br\\\/inicio\\\/coopama-inicia-nova-fase-com-capacitacao-para-agroindustria-da-mandioca\\\/#breadcrumblist\",\"itemListElement\":[{\"@type\":\"ListItem\",\"@id\":\"https:\\\/\\\/newsinfoco.com.br\\\/inicio#listItem\",\"position\":1,\"name\":\"In\\u00edcio\",\"item\":\"https:\\\/\\\/newsinfoco.com.br\\\/inicio\",\"nextItem\":{\"@type\":\"ListItem\",\"@id\":\"https:\\\/\\\/newsinfoco.com.br\\\/inicio\\\/category\\\/alagoinhas-e-regiao\\\/#listItem\",\"name\":\"Alagoinhas e Regi\\u00e3o\"}},{\"@type\":\"ListItem\",\"@id\":\"https:\\\/\\\/newsinfoco.com.br\\\/inicio\\\/category\\\/alagoinhas-e-regiao\\\/#listItem\",\"position\":2,\"name\":\"Alagoinhas e Regi\\u00e3o\",\"item\":\"https:\\\/\\\/newsinfoco.com.br\\\/inicio\\\/category\\\/alagoinhas-e-regiao\\\/\",\"nextItem\":{\"@type\":\"ListItem\",\"@id\":\"https:\\\/\\\/newsinfoco.com.br\\\/inicio\\\/coopama-inicia-nova-fase-com-capacitacao-para-agroindustria-da-mandioca\\\/#listItem\",\"name\":\"Coopama inicia nova fase com capacita\\u00e7\\u00e3o para agroind\\u00fastria da mandioca\"},\"previousItem\":{\"@type\":\"ListItem\",\"@id\":\"https:\\\/\\\/newsinfoco.com.br\\\/inicio#listItem\",\"name\":\"In\\u00edcio\"}},{\"@type\":\"ListItem\",\"@id\":\"https:\\\/\\\/newsinfoco.com.br\\\/inicio\\\/coopama-inicia-nova-fase-com-capacitacao-para-agroindustria-da-mandioca\\\/#listItem\",\"position\":3,\"name\":\"Coopama inicia nova fase com capacita\\u00e7\\u00e3o para agroind\\u00fastria da mandioca\",\"previousItem\":{\"@type\":\"ListItem\",\"@id\":\"https:\\\/\\\/newsinfoco.com.br\\\/inicio\\\/category\\\/alagoinhas-e-regiao\\\/#listItem\",\"name\":\"Alagoinhas e Regi\\u00e3o\"}}]},{\"@type\":\"Organization\",\"@id\":\"https:\\\/\\\/newsinfoco.com.br\\\/inicio\\\/#organization\",\"name\":\"News In Foco - Editado por Caio Pimenta\",\"description\":\"O principal site de noticias de Alagoinhas e regi\\u00e3o\",\"url\":\"https:\\\/\\\/newsinfoco.com.br\\\/inicio\\\/\"},{\"@type\":\"Person\",\"@id\":\"https:\\\/\\\/newsinfoco.com.br\\\/inicio\\\/author\\\/administrador\\\/#author\",\"url\":\"https:\\\/\\\/newsinfoco.com.br\\\/inicio\\\/author\\\/administrador\\\/\",\"name\":\"administrador\",\"image\":{\"@type\":\"ImageObject\",\"@id\":\"https:\\\/\\\/newsinfoco.com.br\\\/inicio\\\/coopama-inicia-nova-fase-com-capacitacao-para-agroindustria-da-mandioca\\\/#authorImage\",\"url\":\"https:\\\/\\\/secure.gravatar.com\\\/avatar\\\/c17a617433de8c1dc9584bb79aab7563b46f5bb7e1728c9b17d9cc3ce6a08e49?s=96&d=mm&r=g\",\"width\":96,\"height\":96,\"caption\":\"administrador\"}},{\"@type\":\"WebPage\",\"@id\":\"https:\\\/\\\/newsinfoco.com.br\\\/inicio\\\/coopama-inicia-nova-fase-com-capacitacao-para-agroindustria-da-mandioca\\\/#webpage\",\"url\":\"https:\\\/\\\/newsinfoco.com.br\\\/inicio\\\/coopama-inicia-nova-fase-com-capacitacao-para-agroindustria-da-mandioca\\\/\",\"name\":\"Coopama inicia nova fase com capacita\\u00e7\\u00e3o para agroind\\u00fastria da mandioca - News In Foco - Editado por Caio Pimenta\",\"description\":\"Com equipamentos testados e estrutura pronta, a Cooperativa dos Agricultores Familiares e Economia Solid\\u00e1ria do Litoral Norte e Agreste Baiano (Coopama), localizada na zona rural de Alagoinhas, vive um novo momento. Nesta semana, cooperados e cooperadas participaram de uma capacita\\u00e7\\u00e3o promovida pela Companhia de Desenvolvimento e A\\u00e7\\u00e3o Regional (CAR), em parceria com o Sebrae, que\",\"inLanguage\":\"pt-BR\",\"isPartOf\":{\"@id\":\"https:\\\/\\\/newsinfoco.com.br\\\/inicio\\\/#website\"},\"breadcrumb\":{\"@id\":\"https:\\\/\\\/newsinfoco.com.br\\\/inicio\\\/coopama-inicia-nova-fase-com-capacitacao-para-agroindustria-da-mandioca\\\/#breadcrumblist\"},\"author\":{\"@id\":\"https:\\\/\\\/newsinfoco.com.br\\\/inicio\\\/author\\\/administrador\\\/#author\"},\"creator\":{\"@id\":\"https:\\\/\\\/newsinfoco.com.br\\\/inicio\\\/author\\\/administrador\\\/#author\"},\"image\":{\"@type\":\"ImageObject\",\"url\":\"https:\\\/\\\/newsinfoco.com.br\\\/inicio\\\/wp-content\\\/uploads\\\/2025\\\/05\\\/mandioca.png\",\"@id\":\"https:\\\/\\\/newsinfoco.com.br\\\/inicio\\\/coopama-inicia-nova-fase-com-capacitacao-para-agroindustria-da-mandioca\\\/#mainImage\",\"width\":601,\"height\":420},\"primaryImageOfPage\":{\"@id\":\"https:\\\/\\\/newsinfoco.com.br\\\/inicio\\\/coopama-inicia-nova-fase-com-capacitacao-para-agroindustria-da-mandioca\\\/#mainImage\"},\"datePublished\":\"2025-05-16T13:17:51-03:00\",\"dateModified\":\"2025-05-16T13:17:51-03:00\"},{\"@type\":\"WebSite\",\"@id\":\"https:\\\/\\\/newsinfoco.com.br\\\/inicio\\\/#website\",\"url\":\"https:\\\/\\\/newsinfoco.com.br\\\/inicio\\\/\",\"name\":\"News In Foco - Editado por Caio Pimenta\",\"description\":\"O principal site de noticias de Alagoinhas e regi\\u00e3o\",\"inLanguage\":\"pt-BR\",\"publisher\":{\"@id\":\"https:\\\/\\\/newsinfoco.com.br\\\/inicio\\\/#organization\"}}]}\n\t\t<\/script>\n\t\t<!-- All in One SEO -->\n\n","aioseo_head_json":{"title":"Coopama inicia nova fase com capacita\u00e7\u00e3o para agroind\u00fastria da mandioca - News In Foco - Editado por Caio Pimenta","description":"Com equipamentos testados e estrutura pronta, a Cooperativa dos Agricultores Familiares e Economia Solid\u00e1ria do Litoral Norte e Agreste Baiano (Coopama), localizada na zona rural de Alagoinhas, vive um novo momento. Nesta semana, cooperados e cooperadas participaram de uma capacita\u00e7\u00e3o promovida pela Companhia de Desenvolvimento e A\u00e7\u00e3o Regional (CAR), em parceria com o Sebrae, que","canonical_url":"https:\/\/newsinfoco.com.br\/inicio\/coopama-inicia-nova-fase-com-capacitacao-para-agroindustria-da-mandioca\/","robots":"max-image-preview:large","keywords":"","webmasterTools":{"miscellaneous":""},"schema":{"@context":"https:\/\/schema.org","@graph":[{"@type":"BlogPosting","@id":"https:\/\/newsinfoco.com.br\/inicio\/coopama-inicia-nova-fase-com-capacitacao-para-agroindustria-da-mandioca\/#blogposting","name":"Coopama inicia nova fase com capacita\u00e7\u00e3o para agroind\u00fastria da mandioca - News In Foco - Editado por Caio Pimenta","headline":"Coopama inicia nova fase com capacita\u00e7\u00e3o para agroind\u00fastria da mandioca","author":{"@id":"https:\/\/newsinfoco.com.br\/inicio\/author\/administrador\/#author"},"publisher":{"@id":"https:\/\/newsinfoco.com.br\/inicio\/#organization"},"image":{"@type":"ImageObject","url":"https:\/\/newsinfoco.com.br\/inicio\/wp-content\/uploads\/2025\/05\/mandioca.png","width":601,"height":420},"datePublished":"2025-05-16T13:17:51-03:00","dateModified":"2025-05-16T13:17:51-03:00","inLanguage":"pt-BR","mainEntityOfPage":{"@id":"https:\/\/newsinfoco.com.br\/inicio\/coopama-inicia-nova-fase-com-capacitacao-para-agroindustria-da-mandioca\/#webpage"},"isPartOf":{"@id":"https:\/\/newsinfoco.com.br\/inicio\/coopama-inicia-nova-fase-com-capacitacao-para-agroindustria-da-mandioca\/#webpage"},"articleSection":"Alagoinhas e Regi\u00e3o, Manchete"},{"@type":"BreadcrumbList","@id":"https:\/\/newsinfoco.com.br\/inicio\/coopama-inicia-nova-fase-com-capacitacao-para-agroindustria-da-mandioca\/#breadcrumblist","itemListElement":[{"@type":"ListItem","@id":"https:\/\/newsinfoco.com.br\/inicio#listItem","position":1,"name":"In\u00edcio","item":"https:\/\/newsinfoco.com.br\/inicio","nextItem":{"@type":"ListItem","@id":"https:\/\/newsinfoco.com.br\/inicio\/category\/alagoinhas-e-regiao\/#listItem","name":"Alagoinhas e Regi\u00e3o"}},{"@type":"ListItem","@id":"https:\/\/newsinfoco.com.br\/inicio\/category\/alagoinhas-e-regiao\/#listItem","position":2,"name":"Alagoinhas e Regi\u00e3o","item":"https:\/\/newsinfoco.com.br\/inicio\/category\/alagoinhas-e-regiao\/","nextItem":{"@type":"ListItem","@id":"https:\/\/newsinfoco.com.br\/inicio\/coopama-inicia-nova-fase-com-capacitacao-para-agroindustria-da-mandioca\/#listItem","name":"Coopama inicia nova fase com capacita\u00e7\u00e3o para agroind\u00fastria da mandioca"},"previousItem":{"@type":"ListItem","@id":"https:\/\/newsinfoco.com.br\/inicio#listItem","name":"In\u00edcio"}},{"@type":"ListItem","@id":"https:\/\/newsinfoco.com.br\/inicio\/coopama-inicia-nova-fase-com-capacitacao-para-agroindustria-da-mandioca\/#listItem","position":3,"name":"Coopama inicia nova fase com capacita\u00e7\u00e3o para agroind\u00fastria da mandioca","previousItem":{"@type":"ListItem","@id":"https:\/\/newsinfoco.com.br\/inicio\/category\/alagoinhas-e-regiao\/#listItem","name":"Alagoinhas e Regi\u00e3o"}}]},{"@type":"Organization","@id":"https:\/\/newsinfoco.com.br\/inicio\/#organization","name":"News In Foco - Editado por Caio Pimenta","description":"O principal site de noticias de Alagoinhas e regi\u00e3o","url":"https:\/\/newsinfoco.com.br\/inicio\/"},{"@type":"Person","@id":"https:\/\/newsinfoco.com.br\/inicio\/author\/administrador\/#author","url":"https:\/\/newsinfoco.com.br\/inicio\/author\/administrador\/","name":"administrador","image":{"@type":"ImageObject","@id":"https:\/\/newsinfoco.com.br\/inicio\/coopama-inicia-nova-fase-com-capacitacao-para-agroindustria-da-mandioca\/#authorImage","url":"https:\/\/secure.gravatar.com\/avatar\/c17a617433de8c1dc9584bb79aab7563b46f5bb7e1728c9b17d9cc3ce6a08e49?s=96&d=mm&r=g","width":96,"height":96,"caption":"administrador"}},{"@type":"WebPage","@id":"https:\/\/newsinfoco.com.br\/inicio\/coopama-inicia-nova-fase-com-capacitacao-para-agroindustria-da-mandioca\/#webpage","url":"https:\/\/newsinfoco.com.br\/inicio\/coopama-inicia-nova-fase-com-capacitacao-para-agroindustria-da-mandioca\/","name":"Coopama inicia nova fase com capacita\u00e7\u00e3o para agroind\u00fastria da mandioca - News In Foco - Editado por Caio Pimenta","description":"Com equipamentos testados e estrutura pronta, a Cooperativa dos Agricultores Familiares e Economia Solid\u00e1ria do Litoral Norte e Agreste Baiano (Coopama), localizada na zona rural de Alagoinhas, vive um novo momento. Nesta semana, cooperados e cooperadas participaram de uma capacita\u00e7\u00e3o promovida pela Companhia de Desenvolvimento e A\u00e7\u00e3o Regional (CAR), em parceria com o Sebrae, que","inLanguage":"pt-BR","isPartOf":{"@id":"https:\/\/newsinfoco.com.br\/inicio\/#website"},"breadcrumb":{"@id":"https:\/\/newsinfoco.com.br\/inicio\/coopama-inicia-nova-fase-com-capacitacao-para-agroindustria-da-mandioca\/#breadcrumblist"},"author":{"@id":"https:\/\/newsinfoco.com.br\/inicio\/author\/administrador\/#author"},"creator":{"@id":"https:\/\/newsinfoco.com.br\/inicio\/author\/administrador\/#author"},"image":{"@type":"ImageObject","url":"https:\/\/newsinfoco.com.br\/inicio\/wp-content\/uploads\/2025\/05\/mandioca.png","@id":"https:\/\/newsinfoco.com.br\/inicio\/coopama-inicia-nova-fase-com-capacitacao-para-agroindustria-da-mandioca\/#mainImage","width":601,"height":420},"primaryImageOfPage":{"@id":"https:\/\/newsinfoco.com.br\/inicio\/coopama-inicia-nova-fase-com-capacitacao-para-agroindustria-da-mandioca\/#mainImage"},"datePublished":"2025-05-16T13:17:51-03:00","dateModified":"2025-05-16T13:17:51-03:00"},{"@type":"WebSite","@id":"https:\/\/newsinfoco.com.br\/inicio\/#website","url":"https:\/\/newsinfoco.com.br\/inicio\/","name":"News In Foco - Editado por Caio Pimenta","description":"O principal site de noticias de Alagoinhas e regi\u00e3o","inLanguage":"pt-BR","publisher":{"@id":"https:\/\/newsinfoco.com.br\/inicio\/#organization"}}]},"og:locale":"pt_BR","og:site_name":"News In Foco - Editado por Caio Pimenta - O principal site de noticias de Alagoinhas e regi\u00e3o","og:type":"article","og:title":"Coopama inicia nova fase com capacita\u00e7\u00e3o para agroind\u00fastria da mandioca - News In Foco - Editado por Caio Pimenta","og:description":"Com equipamentos testados e estrutura pronta, a Cooperativa dos Agricultores Familiares e Economia Solid\u00e1ria do Litoral Norte e Agreste Baiano (Coopama), localizada na zona rural de Alagoinhas, vive um novo momento. Nesta semana, cooperados e cooperadas participaram de uma capacita\u00e7\u00e3o promovida pela Companhia de Desenvolvimento e A\u00e7\u00e3o Regional (CAR), em parceria com o Sebrae, que","og:url":"https:\/\/newsinfoco.com.br\/inicio\/coopama-inicia-nova-fase-com-capacitacao-para-agroindustria-da-mandioca\/","article:published_time":"2025-05-16T16:17:51+00:00","article:modified_time":"2025-05-16T16:17:51+00:00","twitter:card":"summary_large_image","twitter:title":"Coopama inicia nova fase com capacita\u00e7\u00e3o para agroind\u00fastria da mandioca - News In Foco - Editado por Caio Pimenta","twitter:description":"Com equipamentos testados e estrutura pronta, a Cooperativa dos Agricultores Familiares e Economia Solid\u00e1ria do Litoral Norte e Agreste Baiano (Coopama), localizada na zona rural de Alagoinhas, vive um novo momento. Nesta semana, cooperados e cooperadas participaram de uma capacita\u00e7\u00e3o promovida pela Companhia de Desenvolvimento e A\u00e7\u00e3o Regional (CAR), em parceria com o Sebrae, que"},"aioseo_meta_data":{"post_id":"41609","title":null,"description":null,"keywords":null,"keyphrases":{"focus":{"keyphrase":"","score":0,"analysis":{"keyphraseInTitle":{"score":0,"maxScore":9,"error":1}}},"additional":[]},"primary_term":null,"canonical_url":null,"og_title":null,"og_description":null,"og_object_type":"default","og_image_type":"default","og_image_url":null,"og_image_width":null,"og_image_height":null,"og_image_custom_url":null,"og_image_custom_fields":null,"og_video":"","og_custom_url":null,"og_article_section":null,"og_article_tags":null,"twitter_use_og":false,"twitter_card":"default","twitter_image_type":"default","twitter_image_url":null,"twitter_image_custom_url":null,"twitter_image_custom_fields":null,"twitter_title":null,"twitter_description":null,"schema":{"blockGraphs":[],"customGraphs":[],"default":{"data":{"Article":[],"Course":[],"Dataset":[],"FAQPage":[],"Movie":[],"Person":[],"Product":[],"ProductReview":[],"Car":[],"Recipe":[],"Service":[],"SoftwareApplication":[],"WebPage":[]},"graphName":"BlogPosting","isEnabled":true},"graphs":[]},"schema_type":"default","schema_type_options":null,"pillar_content":false,"robots_default":true,"robots_noindex":false,"robots_noarchive":false,"robots_nosnippet":false,"robots_nofollow":false,"robots_noimageindex":false,"robots_noodp":false,"robots_notranslate":false,"robots_max_snippet":"-1","robots_max_videopreview":"-1","robots_max_imagepreview":"large","priority":null,"frequency":"default","local_seo":null,"breadcrumb_settings":null,"limit_modified_date":false,"ai":null,"created":"2025-05-16 16:17:51","updated":"2025-07-11 13:28:46","seo_analyzer_scan_date":null},"aioseo_breadcrumb":"<div class=\"aioseo-breadcrumbs\"><span class=\"aioseo-breadcrumb\">\n\t\t\t<a href=\"https:\/\/newsinfoco.com.br\/inicio\" title=\"In\u00edcio\">In\u00edcio<\/a>\n\t\t<\/span><span class=\"aioseo-breadcrumb-separator\">&raquo;<\/span><span class=\"aioseo-breadcrumb\">\n\t\t\t<a href=\"https:\/\/newsinfoco.com.br\/inicio\/category\/alagoinhas-e-regiao\/\" title=\"Alagoinhas e Regi\u00e3o\">Alagoinhas e Regi\u00e3o<\/a>\n\t\t<\/span><span class=\"aioseo-breadcrumb-separator\">&raquo;<\/span><span class=\"aioseo-breadcrumb\">\n\t\t\tCoopama inicia nova fase com capacita\u00e7\u00e3o para agroind\u00fastria da mandioca\n\t\t<\/span><\/div>","aioseo_breadcrumb_json":[{"label":"In\u00edcio","link":"https:\/\/newsinfoco.com.br\/inicio"},{"label":"Alagoinhas e Regi\u00e3o","link":"https:\/\/newsinfoco.com.br\/inicio\/category\/alagoinhas-e-regiao\/"},{"label":"Coopama inicia nova fase com capacita\u00e7\u00e3o para agroind\u00fastria da mandioca","link":"https:\/\/newsinfoco.com.br\/inicio\/coopama-inicia-nova-fase-com-capacitacao-para-agroindustria-da-mandioca\/"}],"_links":{"self":[{"href":"https:\/\/newsinfoco.com.br\/inicio\/wp-json\/wp\/v2\/posts\/41609","targetHints":{"allow":["GET"]}}],"collection":[{"href":"https:\/\/newsinfoco.com.br\/inicio\/wp-json\/wp\/v2\/posts"}],"about":[{"href":"https:\/\/newsinfoco.com.br\/inicio\/wp-json\/wp\/v2\/types\/post"}],"author":[{"embeddable":true,"href":"https:\/\/newsinfoco.com.br\/inicio\/wp-json\/wp\/v2\/users\/1"}],"replies":[{"embeddable":true,"href":"https:\/\/newsinfoco.com.br\/inicio\/wp-json\/wp\/v2\/comments?post=41609"}],"version-history":[{"count":1,"href":"https:\/\/newsinfoco.com.br\/inicio\/wp-json\/wp\/v2\/posts\/41609\/revisions"}],"predecessor-version":[{"id":41611,"href":"https:\/\/newsinfoco.com.br\/inicio\/wp-json\/wp\/v2\/posts\/41609\/revisions\/41611"}],"wp:featuredmedia":[{"embeddable":true,"href":"https:\/\/newsinfoco.com.br\/inicio\/wp-json\/wp\/v2\/media\/41610"}],"wp:attachment":[{"href":"https:\/\/newsinfoco.com.br\/inicio\/wp-json\/wp\/v2\/media?parent=41609"}],"wp:term":[{"taxonomy":"category","embeddable":true,"href":"https:\/\/newsinfoco.com.br\/inicio\/wp-json\/wp\/v2\/categories?post=41609"},{"taxonomy":"post_tag","embeddable":true,"href":"https:\/\/newsinfoco.com.br\/inicio\/wp-json\/wp\/v2\/tags?post=41609"}],"curies":[{"name":"wp","href":"https:\/\/api.w.org\/{rel}","templated":true}]}}