{"id":41613,"date":"2025-05-16T13:25:50","date_gmt":"2025-05-16T16:25:50","guid":{"rendered":"https:\/\/newsinfoco.com.br\/inicio\/?p=41613"},"modified":"2025-05-16T13:25:50","modified_gmt":"2025-05-16T16:25:50","slug":"ivete-sangalo-ney-matogrosso-matue-sao-confirmados-no-festival-de-inverno-bahia-deste-ano","status":"publish","type":"post","link":"https:\/\/newsinfoco.com.br\/inicio\/ivete-sangalo-ney-matogrosso-matue-sao-confirmados-no-festival-de-inverno-bahia-deste-ano\/","title":{"rendered":"Ivete Sangalo, Ney Matogrosso, Matu\u00ea s\u00e3o confirmados no Festival de Inverno Bahia deste ano"},"content":{"rendered":"<p>Tr\u00eas atra\u00e7\u00f5es foram anunciadas, nesta quinta-feira (15), pelos organizadores do Festival de Inverno Bahia, deste ano. Os artistas Ney Matogrosso, Ivete Sangalo e Matu\u00ea foram confirmados para agitar a festa, que acontecer\u00e1 entre os dias 22, 23 e 24 de agosto, no Parque de Exposi\u00e7\u00f5es Teopompo de Almeida, situado no munic\u00edpio baiano de Vit\u00f3ria da Conquista.<\/p>\n<p>O cantor, dan\u00e7arino e int\u00e9rprete, Ney Matogrosso, de 83 anos, ir\u00e1 participar de forma in\u00e9dita da 19\u00aa edi\u00e7\u00e3o do evento. O artista ir\u00e1 apresentar para o seu p\u00fablico can\u00e7\u00f5es consagradas em sua voz, como: \u2018Homem com H, \u2018A ma\u00e7\u00e3\u2019, al\u00e9m de \u2018Sangue Latino\u2019.<\/p>\n<p>Outra novidade, deste ano, \u00e9 o cantor de trap, Matu\u00ea. O cearense que j\u00e1 conquistou os jovens ir\u00e1 envolver os seus f\u00e3s com os seus sucessos: \u2018M4\u2019, \u2018\u00c9 Sal\u2019, \u2018Filho da Noite\u2019 e \u2018Vampiro\u2019.<\/p>\n<div>\n<div>\n<div class=\"trv-player-container\">\n<div class=\"trv-wrapper\">\n<div id=\"br_video_player_3acd230c1179ec3ebebbfa0da1fea79dc3c659f9\" class=\"trvd_video_player trvdinstream\">\n<div class=\"media-player\">\n<div class=\"trv-video\">\n<div id=\"truvid_ima_container59013\" class=\"truvid_ima_container\">\n<div>\n<div>\n<div class=\"conteudo_post\">\n<p>Por fim, a musa Ivete Sangalo, que este ano completou 30 anos de carreira \u00e9 uma das atra\u00e7\u00f5es mais aguardadas da festa. A artista n\u00e3o participa da FIV, desde 2022, mas agora retorna com tudo para movimentar o sudoeste do estado com as suas can\u00e7\u00f5es mais atuais, a exemplo de: \u2018Energia de Gostosa\u2019, \u2018Cria da Ivete\u2019, \u2018Tempo de Alegria\u2019, e o single marcante do Carnaval 2025, \u2018O Ver\u00e3o Bateu em Minha Porta\u2019,<\/p>\n<p>Para quem quiser participar da festa, os ingressos est\u00e3o dispon\u00edveis atrav\u00e9s da plataforma Sympla, al\u00e9m da loja do \u2018Bora Tickets\u2019, no 2\u00ba piso do Shopping da Bahia. J\u00e1 em Vit\u00f3ria da Conquista, o p\u00fablico encontra na Central de Ingressos (Shopping Conquista Sul e Galeria Panvicon), Banca Central (Pra\u00e7a Bar\u00e3o do Rio Branco), na Loja Taco (Av. Ol\u00edvia Flores, 686), na loja DMK (Shopping Boulevard) e na Charlie Colt (Bairro Brasil).<\/p>\n<\/div>\n<div id=\"div-share\">Bahia.Ba<\/div>\n<\/div>\n<\/div>\n<\/div>\n<\/div>\n<\/div>\n<\/div>\n<\/div>\n<\/div>\n<\/div>\n<\/div>\n<div class='share-to-whatsapp-wrapper'><div class='share-on-whsp'>Share on: <\/div><a data-text='Ivete Sangalo, Ney Matogrosso, Matu\u00ea s\u00e3o confirmados no Festival de Inverno Bahia deste ano' data-link='https:\/\/newsinfoco.com.br\/inicio\/ivete-sangalo-ney-matogrosso-matue-sao-confirmados-no-festival-de-inverno-bahia-deste-ano\/' class='whatsapp-button whatsapp-share'>WhatsApp<\/a><div class='clear '><\/div><\/div>","protected":false},"excerpt":{"rendered":"<p>Tr\u00eas atra\u00e7\u00f5es foram anunciadas, nesta quinta-feira (15), pelos organizadores do Festival de Inverno Bahia, deste ano. Os artistas Ney Matogrosso, Ivete Sangalo e Matu\u00ea foram confirmados para agitar a festa, que acontecer\u00e1 entre os dias 22, 23 e 24 de agosto, no Parque de Exposi\u00e7\u00f5es Teopompo de Almeida, situado no munic\u00edpio baiano de Vit\u00f3ria da [&hellip;]<\/p>\n","protected":false},"author":1,"featured_media":41614,"comment_status":"closed","ping_status":"closed","sticky":false,"template":"","format":"standard","meta":{"om_disable_all_campaigns":false,"rop_custom_images_group":[],"rop_custom_messages_group":[],"rop_publish_now":"initial","rop_publish_now_accounts":[],"rop_publish_now_history":[],"rop_publish_now_status":"pending","_exactmetrics_skip_tracking":false,"footnotes":""},"categories":[19],"tags":[],"class_list":["post-41613","post","type-post","status-publish","format-standard","has-post-thumbnail","hentry","category-bahia"],"aioseo_notices":[],"aioseo_head":"\n\t\t<!-- All in One SEO 4.9.10 - aioseo.com -->\n\t<meta name=\"description\" content=\"Tr\u00eas atra\u00e7\u00f5es foram anunciadas, nesta quinta-feira (15), pelos organizadores do Festival de Inverno Bahia, deste ano. Os artistas Ney Matogrosso, Ivete Sangalo e Matu\u00ea foram confirmados para agitar a festa, que acontecer\u00e1 entre os dias 22, 23 e 24 de agosto, no Parque de Exposi\u00e7\u00f5es Teopompo de Almeida, situado no munic\u00edpio baiano de Vit\u00f3ria da\" \/>\n\t<meta name=\"robots\" content=\"max-image-preview:large\" \/>\n\t<meta name=\"author\" content=\"administrador\"\/>\n\t<link rel=\"canonical\" href=\"https:\/\/newsinfoco.com.br\/inicio\/ivete-sangalo-ney-matogrosso-matue-sao-confirmados-no-festival-de-inverno-bahia-deste-ano\/\" \/>\n\t<meta name=\"generator\" content=\"All in One SEO (AIOSEO) 4.9.10\" \/>\n\t\t<meta property=\"og:locale\" content=\"pt_BR\" \/>\n\t\t<meta property=\"og:site_name\" content=\"News In Foco - Editado por Caio Pimenta - O principal site de noticias de Alagoinhas e regi\u00e3o\" \/>\n\t\t<meta property=\"og:type\" content=\"article\" \/>\n\t\t<meta property=\"og:title\" content=\"Ivete Sangalo, Ney Matogrosso, Matu\u00ea s\u00e3o confirmados no Festival de Inverno Bahia deste ano - News In Foco - Editado por Caio Pimenta\" \/>\n\t\t<meta property=\"og:description\" content=\"Tr\u00eas atra\u00e7\u00f5es foram anunciadas, nesta quinta-feira (15), pelos organizadores do Festival de Inverno Bahia, deste ano. Os artistas Ney Matogrosso, Ivete Sangalo e Matu\u00ea foram confirmados para agitar a festa, que acontecer\u00e1 entre os dias 22, 23 e 24 de agosto, no Parque de Exposi\u00e7\u00f5es Teopompo de Almeida, situado no munic\u00edpio baiano de Vit\u00f3ria da\" \/>\n\t\t<meta property=\"og:url\" content=\"https:\/\/newsinfoco.com.br\/inicio\/ivete-sangalo-ney-matogrosso-matue-sao-confirmados-no-festival-de-inverno-bahia-deste-ano\/\" \/>\n\t\t<meta property=\"article:published_time\" content=\"2025-05-16T16:25:50+00:00\" \/>\n\t\t<meta property=\"article:modified_time\" content=\"2025-05-16T16:25:50+00:00\" \/>\n\t\t<meta name=\"twitter:card\" content=\"summary_large_image\" \/>\n\t\t<meta name=\"twitter:title\" content=\"Ivete Sangalo, Ney Matogrosso, Matu\u00ea s\u00e3o confirmados no Festival de Inverno Bahia deste ano - News In Foco - Editado por Caio Pimenta\" \/>\n\t\t<meta name=\"twitter:description\" content=\"Tr\u00eas atra\u00e7\u00f5es foram anunciadas, nesta quinta-feira (15), pelos organizadores do Festival de Inverno Bahia, deste ano. Os artistas Ney Matogrosso, Ivete Sangalo e Matu\u00ea foram confirmados para agitar a festa, que acontecer\u00e1 entre os dias 22, 23 e 24 de agosto, no Parque de Exposi\u00e7\u00f5es Teopompo de Almeida, situado no munic\u00edpio baiano de Vit\u00f3ria da\" \/>\n\t\t<script type=\"application\/ld+json\" class=\"aioseo-schema\">\n\t\t\t{\"@context\":\"https:\\\/\\\/schema.org\",\"@graph\":[{\"@type\":\"BlogPosting\",\"@id\":\"https:\\\/\\\/newsinfoco.com.br\\\/inicio\\\/ivete-sangalo-ney-matogrosso-matue-sao-confirmados-no-festival-de-inverno-bahia-deste-ano\\\/#blogposting\",\"name\":\"Ivete Sangalo, Ney Matogrosso, Matu\\u00ea s\\u00e3o confirmados no Festival de Inverno Bahia deste ano - News In Foco - Editado por Caio Pimenta\",\"headline\":\"Ivete Sangalo, Ney Matogrosso, Matu\\u00ea s\\u00e3o confirmados no Festival de Inverno Bahia deste ano\",\"author\":{\"@id\":\"https:\\\/\\\/newsinfoco.com.br\\\/inicio\\\/author\\\/administrador\\\/#author\"},\"publisher\":{\"@id\":\"https:\\\/\\\/newsinfoco.com.br\\\/inicio\\\/#organization\"},\"image\":{\"@type\":\"ImageObject\",\"url\":\"https:\\\/\\\/newsinfoco.com.br\\\/inicio\\\/wp-content\\\/uploads\\\/2025\\\/05\\\/festivldeinverno2025.jpg\",\"width\":600,\"height\":420},\"datePublished\":\"2025-05-16T13:25:50-03:00\",\"dateModified\":\"2025-05-16T13:25:50-03:00\",\"inLanguage\":\"pt-BR\",\"mainEntityOfPage\":{\"@id\":\"https:\\\/\\\/newsinfoco.com.br\\\/inicio\\\/ivete-sangalo-ney-matogrosso-matue-sao-confirmados-no-festival-de-inverno-bahia-deste-ano\\\/#webpage\"},\"isPartOf\":{\"@id\":\"https:\\\/\\\/newsinfoco.com.br\\\/inicio\\\/ivete-sangalo-ney-matogrosso-matue-sao-confirmados-no-festival-de-inverno-bahia-deste-ano\\\/#webpage\"},\"articleSection\":\"Bahia\"},{\"@type\":\"BreadcrumbList\",\"@id\":\"https:\\\/\\\/newsinfoco.com.br\\\/inicio\\\/ivete-sangalo-ney-matogrosso-matue-sao-confirmados-no-festival-de-inverno-bahia-deste-ano\\\/#breadcrumblist\",\"itemListElement\":[{\"@type\":\"ListItem\",\"@id\":\"https:\\\/\\\/newsinfoco.com.br\\\/inicio#listItem\",\"position\":1,\"name\":\"In\\u00edcio\",\"item\":\"https:\\\/\\\/newsinfoco.com.br\\\/inicio\",\"nextItem\":{\"@type\":\"ListItem\",\"@id\":\"https:\\\/\\\/newsinfoco.com.br\\\/inicio\\\/category\\\/bahia\\\/#listItem\",\"name\":\"Bahia\"}},{\"@type\":\"ListItem\",\"@id\":\"https:\\\/\\\/newsinfoco.com.br\\\/inicio\\\/category\\\/bahia\\\/#listItem\",\"position\":2,\"name\":\"Bahia\",\"item\":\"https:\\\/\\\/newsinfoco.com.br\\\/inicio\\\/category\\\/bahia\\\/\",\"nextItem\":{\"@type\":\"ListItem\",\"@id\":\"https:\\\/\\\/newsinfoco.com.br\\\/inicio\\\/ivete-sangalo-ney-matogrosso-matue-sao-confirmados-no-festival-de-inverno-bahia-deste-ano\\\/#listItem\",\"name\":\"Ivete Sangalo, Ney Matogrosso, Matu\\u00ea s\\u00e3o confirmados no Festival de Inverno Bahia deste ano\"},\"previousItem\":{\"@type\":\"ListItem\",\"@id\":\"https:\\\/\\\/newsinfoco.com.br\\\/inicio#listItem\",\"name\":\"In\\u00edcio\"}},{\"@type\":\"ListItem\",\"@id\":\"https:\\\/\\\/newsinfoco.com.br\\\/inicio\\\/ivete-sangalo-ney-matogrosso-matue-sao-confirmados-no-festival-de-inverno-bahia-deste-ano\\\/#listItem\",\"position\":3,\"name\":\"Ivete Sangalo, Ney Matogrosso, Matu\\u00ea s\\u00e3o confirmados no Festival de Inverno Bahia deste ano\",\"previousItem\":{\"@type\":\"ListItem\",\"@id\":\"https:\\\/\\\/newsinfoco.com.br\\\/inicio\\\/category\\\/bahia\\\/#listItem\",\"name\":\"Bahia\"}}]},{\"@type\":\"Organization\",\"@id\":\"https:\\\/\\\/newsinfoco.com.br\\\/inicio\\\/#organization\",\"name\":\"News In Foco - Editado por Caio Pimenta\",\"description\":\"O principal site de noticias de Alagoinhas e regi\\u00e3o\",\"url\":\"https:\\\/\\\/newsinfoco.com.br\\\/inicio\\\/\"},{\"@type\":\"Person\",\"@id\":\"https:\\\/\\\/newsinfoco.com.br\\\/inicio\\\/author\\\/administrador\\\/#author\",\"url\":\"https:\\\/\\\/newsinfoco.com.br\\\/inicio\\\/author\\\/administrador\\\/\",\"name\":\"administrador\",\"image\":{\"@type\":\"ImageObject\",\"@id\":\"https:\\\/\\\/newsinfoco.com.br\\\/inicio\\\/ivete-sangalo-ney-matogrosso-matue-sao-confirmados-no-festival-de-inverno-bahia-deste-ano\\\/#authorImage\",\"url\":\"https:\\\/\\\/secure.gravatar.com\\\/avatar\\\/c17a617433de8c1dc9584bb79aab7563b46f5bb7e1728c9b17d9cc3ce6a08e49?s=96&d=mm&r=g\",\"width\":96,\"height\":96,\"caption\":\"administrador\"}},{\"@type\":\"WebPage\",\"@id\":\"https:\\\/\\\/newsinfoco.com.br\\\/inicio\\\/ivete-sangalo-ney-matogrosso-matue-sao-confirmados-no-festival-de-inverno-bahia-deste-ano\\\/#webpage\",\"url\":\"https:\\\/\\\/newsinfoco.com.br\\\/inicio\\\/ivete-sangalo-ney-matogrosso-matue-sao-confirmados-no-festival-de-inverno-bahia-deste-ano\\\/\",\"name\":\"Ivete Sangalo, Ney Matogrosso, Matu\\u00ea s\\u00e3o confirmados no Festival de Inverno Bahia deste ano - News In Foco - Editado por Caio Pimenta\",\"description\":\"Tr\\u00eas atra\\u00e7\\u00f5es foram anunciadas, nesta quinta-feira (15), pelos organizadores do Festival de Inverno Bahia, deste ano. Os artistas Ney Matogrosso, Ivete Sangalo e Matu\\u00ea foram confirmados para agitar a festa, que acontecer\\u00e1 entre os dias 22, 23 e 24 de agosto, no Parque de Exposi\\u00e7\\u00f5es Teopompo de Almeida, situado no munic\\u00edpio baiano de Vit\\u00f3ria da\",\"inLanguage\":\"pt-BR\",\"isPartOf\":{\"@id\":\"https:\\\/\\\/newsinfoco.com.br\\\/inicio\\\/#website\"},\"breadcrumb\":{\"@id\":\"https:\\\/\\\/newsinfoco.com.br\\\/inicio\\\/ivete-sangalo-ney-matogrosso-matue-sao-confirmados-no-festival-de-inverno-bahia-deste-ano\\\/#breadcrumblist\"},\"author\":{\"@id\":\"https:\\\/\\\/newsinfoco.com.br\\\/inicio\\\/author\\\/administrador\\\/#author\"},\"creator\":{\"@id\":\"https:\\\/\\\/newsinfoco.com.br\\\/inicio\\\/author\\\/administrador\\\/#author\"},\"image\":{\"@type\":\"ImageObject\",\"url\":\"https:\\\/\\\/newsinfoco.com.br\\\/inicio\\\/wp-content\\\/uploads\\\/2025\\\/05\\\/festivldeinverno2025.jpg\",\"@id\":\"https:\\\/\\\/newsinfoco.com.br\\\/inicio\\\/ivete-sangalo-ney-matogrosso-matue-sao-confirmados-no-festival-de-inverno-bahia-deste-ano\\\/#mainImage\",\"width\":600,\"height\":420},\"primaryImageOfPage\":{\"@id\":\"https:\\\/\\\/newsinfoco.com.br\\\/inicio\\\/ivete-sangalo-ney-matogrosso-matue-sao-confirmados-no-festival-de-inverno-bahia-deste-ano\\\/#mainImage\"},\"datePublished\":\"2025-05-16T13:25:50-03:00\",\"dateModified\":\"2025-05-16T13:25:50-03:00\"},{\"@type\":\"WebSite\",\"@id\":\"https:\\\/\\\/newsinfoco.com.br\\\/inicio\\\/#website\",\"url\":\"https:\\\/\\\/newsinfoco.com.br\\\/inicio\\\/\",\"name\":\"News In Foco - Editado por Caio Pimenta\",\"description\":\"O principal site de noticias de Alagoinhas e regi\\u00e3o\",\"inLanguage\":\"pt-BR\",\"publisher\":{\"@id\":\"https:\\\/\\\/newsinfoco.com.br\\\/inicio\\\/#organization\"}}]}\n\t\t<\/script>\n\t\t<!-- All in One SEO -->\n\n","aioseo_head_json":{"title":"Ivete Sangalo, Ney Matogrosso, Matu\u00ea s\u00e3o confirmados no Festival de Inverno Bahia deste ano - News In Foco - Editado por Caio Pimenta","description":"Tr\u00eas atra\u00e7\u00f5es foram anunciadas, nesta quinta-feira (15), pelos organizadores do Festival de Inverno Bahia, deste ano. Os artistas Ney Matogrosso, Ivete Sangalo e Matu\u00ea foram confirmados para agitar a festa, que acontecer\u00e1 entre os dias 22, 23 e 24 de agosto, no Parque de Exposi\u00e7\u00f5es Teopompo de Almeida, situado no munic\u00edpio baiano de Vit\u00f3ria da","canonical_url":"https:\/\/newsinfoco.com.br\/inicio\/ivete-sangalo-ney-matogrosso-matue-sao-confirmados-no-festival-de-inverno-bahia-deste-ano\/","robots":"max-image-preview:large","keywords":"","webmasterTools":{"miscellaneous":""},"schema":{"@context":"https:\/\/schema.org","@graph":[{"@type":"BlogPosting","@id":"https:\/\/newsinfoco.com.br\/inicio\/ivete-sangalo-ney-matogrosso-matue-sao-confirmados-no-festival-de-inverno-bahia-deste-ano\/#blogposting","name":"Ivete Sangalo, Ney Matogrosso, Matu\u00ea s\u00e3o confirmados no Festival de Inverno Bahia deste ano - News In Foco - Editado por Caio Pimenta","headline":"Ivete Sangalo, Ney Matogrosso, Matu\u00ea s\u00e3o confirmados no Festival de Inverno Bahia deste ano","author":{"@id":"https:\/\/newsinfoco.com.br\/inicio\/author\/administrador\/#author"},"publisher":{"@id":"https:\/\/newsinfoco.com.br\/inicio\/#organization"},"image":{"@type":"ImageObject","url":"https:\/\/newsinfoco.com.br\/inicio\/wp-content\/uploads\/2025\/05\/festivldeinverno2025.jpg","width":600,"height":420},"datePublished":"2025-05-16T13:25:50-03:00","dateModified":"2025-05-16T13:25:50-03:00","inLanguage":"pt-BR","mainEntityOfPage":{"@id":"https:\/\/newsinfoco.com.br\/inicio\/ivete-sangalo-ney-matogrosso-matue-sao-confirmados-no-festival-de-inverno-bahia-deste-ano\/#webpage"},"isPartOf":{"@id":"https:\/\/newsinfoco.com.br\/inicio\/ivete-sangalo-ney-matogrosso-matue-sao-confirmados-no-festival-de-inverno-bahia-deste-ano\/#webpage"},"articleSection":"Bahia"},{"@type":"BreadcrumbList","@id":"https:\/\/newsinfoco.com.br\/inicio\/ivete-sangalo-ney-matogrosso-matue-sao-confirmados-no-festival-de-inverno-bahia-deste-ano\/#breadcrumblist","itemListElement":[{"@type":"ListItem","@id":"https:\/\/newsinfoco.com.br\/inicio#listItem","position":1,"name":"In\u00edcio","item":"https:\/\/newsinfoco.com.br\/inicio","nextItem":{"@type":"ListItem","@id":"https:\/\/newsinfoco.com.br\/inicio\/category\/bahia\/#listItem","name":"Bahia"}},{"@type":"ListItem","@id":"https:\/\/newsinfoco.com.br\/inicio\/category\/bahia\/#listItem","position":2,"name":"Bahia","item":"https:\/\/newsinfoco.com.br\/inicio\/category\/bahia\/","nextItem":{"@type":"ListItem","@id":"https:\/\/newsinfoco.com.br\/inicio\/ivete-sangalo-ney-matogrosso-matue-sao-confirmados-no-festival-de-inverno-bahia-deste-ano\/#listItem","name":"Ivete Sangalo, Ney Matogrosso, Matu\u00ea s\u00e3o confirmados no Festival de Inverno Bahia deste ano"},"previousItem":{"@type":"ListItem","@id":"https:\/\/newsinfoco.com.br\/inicio#listItem","name":"In\u00edcio"}},{"@type":"ListItem","@id":"https:\/\/newsinfoco.com.br\/inicio\/ivete-sangalo-ney-matogrosso-matue-sao-confirmados-no-festival-de-inverno-bahia-deste-ano\/#listItem","position":3,"name":"Ivete Sangalo, Ney Matogrosso, Matu\u00ea s\u00e3o confirmados no Festival de Inverno Bahia deste ano","previousItem":{"@type":"ListItem","@id":"https:\/\/newsinfoco.com.br\/inicio\/category\/bahia\/#listItem","name":"Bahia"}}]},{"@type":"Organization","@id":"https:\/\/newsinfoco.com.br\/inicio\/#organization","name":"News In Foco - Editado por Caio Pimenta","description":"O principal site de noticias de Alagoinhas e regi\u00e3o","url":"https:\/\/newsinfoco.com.br\/inicio\/"},{"@type":"Person","@id":"https:\/\/newsinfoco.com.br\/inicio\/author\/administrador\/#author","url":"https:\/\/newsinfoco.com.br\/inicio\/author\/administrador\/","name":"administrador","image":{"@type":"ImageObject","@id":"https:\/\/newsinfoco.com.br\/inicio\/ivete-sangalo-ney-matogrosso-matue-sao-confirmados-no-festival-de-inverno-bahia-deste-ano\/#authorImage","url":"https:\/\/secure.gravatar.com\/avatar\/c17a617433de8c1dc9584bb79aab7563b46f5bb7e1728c9b17d9cc3ce6a08e49?s=96&d=mm&r=g","width":96,"height":96,"caption":"administrador"}},{"@type":"WebPage","@id":"https:\/\/newsinfoco.com.br\/inicio\/ivete-sangalo-ney-matogrosso-matue-sao-confirmados-no-festival-de-inverno-bahia-deste-ano\/#webpage","url":"https:\/\/newsinfoco.com.br\/inicio\/ivete-sangalo-ney-matogrosso-matue-sao-confirmados-no-festival-de-inverno-bahia-deste-ano\/","name":"Ivete Sangalo, Ney Matogrosso, Matu\u00ea s\u00e3o confirmados no Festival de Inverno Bahia deste ano - News In Foco - Editado por Caio Pimenta","description":"Tr\u00eas atra\u00e7\u00f5es foram anunciadas, nesta quinta-feira (15), pelos organizadores do Festival de Inverno Bahia, deste ano. Os artistas Ney Matogrosso, Ivete Sangalo e Matu\u00ea foram confirmados para agitar a festa, que acontecer\u00e1 entre os dias 22, 23 e 24 de agosto, no Parque de Exposi\u00e7\u00f5es Teopompo de Almeida, situado no munic\u00edpio baiano de Vit\u00f3ria da","inLanguage":"pt-BR","isPartOf":{"@id":"https:\/\/newsinfoco.com.br\/inicio\/#website"},"breadcrumb":{"@id":"https:\/\/newsinfoco.com.br\/inicio\/ivete-sangalo-ney-matogrosso-matue-sao-confirmados-no-festival-de-inverno-bahia-deste-ano\/#breadcrumblist"},"author":{"@id":"https:\/\/newsinfoco.com.br\/inicio\/author\/administrador\/#author"},"creator":{"@id":"https:\/\/newsinfoco.com.br\/inicio\/author\/administrador\/#author"},"image":{"@type":"ImageObject","url":"https:\/\/newsinfoco.com.br\/inicio\/wp-content\/uploads\/2025\/05\/festivldeinverno2025.jpg","@id":"https:\/\/newsinfoco.com.br\/inicio\/ivete-sangalo-ney-matogrosso-matue-sao-confirmados-no-festival-de-inverno-bahia-deste-ano\/#mainImage","width":600,"height":420},"primaryImageOfPage":{"@id":"https:\/\/newsinfoco.com.br\/inicio\/ivete-sangalo-ney-matogrosso-matue-sao-confirmados-no-festival-de-inverno-bahia-deste-ano\/#mainImage"},"datePublished":"2025-05-16T13:25:50-03:00","dateModified":"2025-05-16T13:25:50-03:00"},{"@type":"WebSite","@id":"https:\/\/newsinfoco.com.br\/inicio\/#website","url":"https:\/\/newsinfoco.com.br\/inicio\/","name":"News In Foco - Editado por Caio Pimenta","description":"O principal site de noticias de Alagoinhas e regi\u00e3o","inLanguage":"pt-BR","publisher":{"@id":"https:\/\/newsinfoco.com.br\/inicio\/#organization"}}]},"og:locale":"pt_BR","og:site_name":"News In Foco - Editado por Caio Pimenta - O principal site de noticias de Alagoinhas e regi\u00e3o","og:type":"article","og:title":"Ivete Sangalo, Ney Matogrosso, Matu\u00ea s\u00e3o confirmados no Festival de Inverno Bahia deste ano - News In Foco - Editado por Caio Pimenta","og:description":"Tr\u00eas atra\u00e7\u00f5es foram anunciadas, nesta quinta-feira (15), pelos organizadores do Festival de Inverno Bahia, deste ano. Os artistas Ney Matogrosso, Ivete Sangalo e Matu\u00ea foram confirmados para agitar a festa, que acontecer\u00e1 entre os dias 22, 23 e 24 de agosto, no Parque de Exposi\u00e7\u00f5es Teopompo de Almeida, situado no munic\u00edpio baiano de Vit\u00f3ria da","og:url":"https:\/\/newsinfoco.com.br\/inicio\/ivete-sangalo-ney-matogrosso-matue-sao-confirmados-no-festival-de-inverno-bahia-deste-ano\/","article:published_time":"2025-05-16T16:25:50+00:00","article:modified_time":"2025-05-16T16:25:50+00:00","twitter:card":"summary_large_image","twitter:title":"Ivete Sangalo, Ney Matogrosso, Matu\u00ea s\u00e3o confirmados no Festival de Inverno Bahia deste ano - News In Foco - Editado por Caio Pimenta","twitter:description":"Tr\u00eas atra\u00e7\u00f5es foram anunciadas, nesta quinta-feira (15), pelos organizadores do Festival de Inverno Bahia, deste ano. Os artistas Ney Matogrosso, Ivete Sangalo e Matu\u00ea foram confirmados para agitar a festa, que acontecer\u00e1 entre os dias 22, 23 e 24 de agosto, no Parque de Exposi\u00e7\u00f5es Teopompo de Almeida, situado no munic\u00edpio baiano de Vit\u00f3ria da"},"aioseo_meta_data":{"post_id":"41613","title":null,"description":null,"keywords":null,"keyphrases":{"focus":{"keyphrase":"","score":0,"analysis":{"keyphraseInTitle":{"score":0,"maxScore":9,"error":1}}},"additional":[]},"primary_term":null,"canonical_url":null,"og_title":null,"og_description":null,"og_object_type":"default","og_image_type":"default","og_image_url":null,"og_image_width":null,"og_image_height":null,"og_image_custom_url":null,"og_image_custom_fields":null,"og_video":"","og_custom_url":null,"og_article_section":null,"og_article_tags":null,"twitter_use_og":false,"twitter_card":"default","twitter_image_type":"default","twitter_image_url":null,"twitter_image_custom_url":null,"twitter_image_custom_fields":null,"twitter_title":null,"twitter_description":null,"schema":{"blockGraphs":[],"customGraphs":[],"default":{"data":{"Article":[],"Course":[],"Dataset":[],"FAQPage":[],"Movie":[],"Person":[],"Product":[],"ProductReview":[],"Car":[],"Recipe":[],"Service":[],"SoftwareApplication":[],"WebPage":[]},"graphName":"BlogPosting","isEnabled":true},"graphs":[]},"schema_type":"default","schema_type_options":null,"pillar_content":false,"robots_default":true,"robots_noindex":false,"robots_noarchive":false,"robots_nosnippet":false,"robots_nofollow":false,"robots_noimageindex":false,"robots_noodp":false,"robots_notranslate":false,"robots_max_snippet":"-1","robots_max_videopreview":"-1","robots_max_imagepreview":"large","priority":null,"frequency":"default","local_seo":null,"breadcrumb_settings":null,"limit_modified_date":false,"ai":null,"created":"2025-05-16 16:25:50","updated":"2025-07-11 13:28:46","seo_analyzer_scan_date":null},"aioseo_breadcrumb":"<div class=\"aioseo-breadcrumbs\"><span class=\"aioseo-breadcrumb\">\n\t\t\t<a href=\"https:\/\/newsinfoco.com.br\/inicio\" title=\"In\u00edcio\">In\u00edcio<\/a>\n\t\t<\/span><span class=\"aioseo-breadcrumb-separator\">&raquo;<\/span><span class=\"aioseo-breadcrumb\">\n\t\t\t<a href=\"https:\/\/newsinfoco.com.br\/inicio\/category\/bahia\/\" title=\"Bahia\">Bahia<\/a>\n\t\t<\/span><span class=\"aioseo-breadcrumb-separator\">&raquo;<\/span><span class=\"aioseo-breadcrumb\">\n\t\t\tIvete Sangalo, Ney Matogrosso, Matu\u00ea s\u00e3o confirmados no Festival de Inverno Bahia deste ano\n\t\t<\/span><\/div>","aioseo_breadcrumb_json":[{"label":"In\u00edcio","link":"https:\/\/newsinfoco.com.br\/inicio"},{"label":"Bahia","link":"https:\/\/newsinfoco.com.br\/inicio\/category\/bahia\/"},{"label":"Ivete Sangalo, Ney Matogrosso, Matu\u00ea s\u00e3o confirmados no Festival de Inverno Bahia deste ano","link":"https:\/\/newsinfoco.com.br\/inicio\/ivete-sangalo-ney-matogrosso-matue-sao-confirmados-no-festival-de-inverno-bahia-deste-ano\/"}],"_links":{"self":[{"href":"https:\/\/newsinfoco.com.br\/inicio\/wp-json\/wp\/v2\/posts\/41613","targetHints":{"allow":["GET"]}}],"collection":[{"href":"https:\/\/newsinfoco.com.br\/inicio\/wp-json\/wp\/v2\/posts"}],"about":[{"href":"https:\/\/newsinfoco.com.br\/inicio\/wp-json\/wp\/v2\/types\/post"}],"author":[{"embeddable":true,"href":"https:\/\/newsinfoco.com.br\/inicio\/wp-json\/wp\/v2\/users\/1"}],"replies":[{"embeddable":true,"href":"https:\/\/newsinfoco.com.br\/inicio\/wp-json\/wp\/v2\/comments?post=41613"}],"version-history":[{"count":1,"href":"https:\/\/newsinfoco.com.br\/inicio\/wp-json\/wp\/v2\/posts\/41613\/revisions"}],"predecessor-version":[{"id":41615,"href":"https:\/\/newsinfoco.com.br\/inicio\/wp-json\/wp\/v2\/posts\/41613\/revisions\/41615"}],"wp:featuredmedia":[{"embeddable":true,"href":"https:\/\/newsinfoco.com.br\/inicio\/wp-json\/wp\/v2\/media\/41614"}],"wp:attachment":[{"href":"https:\/\/newsinfoco.com.br\/inicio\/wp-json\/wp\/v2\/media?parent=41613"}],"wp:term":[{"taxonomy":"category","embeddable":true,"href":"https:\/\/newsinfoco.com.br\/inicio\/wp-json\/wp\/v2\/categories?post=41613"},{"taxonomy":"post_tag","embeddable":true,"href":"https:\/\/newsinfoco.com.br\/inicio\/wp-json\/wp\/v2\/tags?post=41613"}],"curies":[{"name":"wp","href":"https:\/\/api.w.org\/{rel}","templated":true}]}}