{"id":41624,"date":"2025-05-16T13:53:03","date_gmt":"2025-05-16T16:53:03","guid":{"rendered":"https:\/\/newsinfoco.com.br\/inicio\/?p=41624"},"modified":"2025-05-16T13:53:03","modified_gmt":"2025-05-16T16:53:03","slug":"trump-afirma-que-novas-tarifas-serao-anunciadas-nas-proximas-semanas","status":"publish","type":"post","link":"https:\/\/newsinfoco.com.br\/inicio\/trump-afirma-que-novas-tarifas-serao-anunciadas-nas-proximas-semanas\/","title":{"rendered":"Trump afirma que novas tarifas ser\u00e3o anunciadas \u2018nas pr\u00f3ximas semanas\u2019"},"content":{"rendered":"<p>O presidente dos Estados Unidos, Donald Trump, afirmou nesta sexta-feira (16) que estabelecer\u00e1 novas tarifas aplicadas a pa\u00edses considerados como parceiros comerciais dos EUA \u201cnas pr\u00f3ximas duas a tr\u00eas semanas\u201d. O republicano justificou o prazo dizendo que sua administra\u00e7\u00e3o n\u00e3o tem capacidade para negociar acordos com todos ao mesmo tempo.<\/p>\n<p>Segundo mat\u00e9ria do InfoMoney, Trump ainda disse que o secret\u00e1rio do Tesouro, Scott Bessent, e o secret\u00e1rio de Com\u00e9rcio, Howard Lutnick, \u201cv\u00e3o enviar cartas essencialmente dizendo \u00e0s pessoas\u201d quanto \u201celas ter\u00e3o que pagar para fazer neg\u00f3cios nos Estados Unidos\u201d.<\/p>\n<p>\u201cAcho que vamos ser muito justos. Mas n\u00e3o \u00e9 poss\u00edvel atender a quantidade de pessoas que querem nos encontrar\u201d, afirmou o presidente durante uma reuni\u00e3o com empres\u00e1rios nos Emirados \u00c1rabes Unidos.<\/p>\n<div>\n<div>\n<div class=\"trv-player-container\">\n<div class=\"trv-wrapper\">\n<div id=\"br_video_player_19ec82c3fac9f808c622fa0da1fea79dc3c659f9\" class=\"trvd_video_player trvdinstream\">\n<div class=\"media-player\">\n<div class=\"trv-video\">\n<div id=\"truvid_ima_container85525\" class=\"truvid_ima_container trv-ima-container-hidden\">\n<div class=\"conteudo_post\">\n<p>Trump declarou tamb\u00e9m que h\u00e1 \u201c150 pa\u00edses querendo fechar um acordo\u201d, mas n\u00e3o especificou quais ou quantos receber\u00e3o as cartas. Segundo ele, os pa\u00edses notificados \u201cpoder\u00e3o recorrer\u201d, sem detalhar como funcionaria esse processo.<\/p>\n<p>O presidente americano mant\u00eam negocia\u00e7\u00f5es com economias como Jap\u00e3o, Coreia do Sul, \u00cdndia e Uni\u00e3o Europeia. Recentemente, Trump fechou um acordo preliminar com o Reino Unido e uma redu\u00e7\u00e3o tempor\u00e1ria de tarifas com a China, com o objetivo de ganhar tempo nas tratativas.<\/p>\n<\/div>\n<div id=\"div-share\">Bahia.Ba<\/div>\n<\/div>\n<\/div>\n<\/div>\n<\/div>\n<\/div>\n<\/div>\n<\/div>\n<\/div>\n<div class='share-to-whatsapp-wrapper'><div class='share-on-whsp'>Share on: <\/div><a data-text='Trump afirma que novas tarifas ser\u00e3o anunciadas \u2018nas pr\u00f3ximas semanas\u2019' data-link='https:\/\/newsinfoco.com.br\/inicio\/trump-afirma-que-novas-tarifas-serao-anunciadas-nas-proximas-semanas\/' class='whatsapp-button whatsapp-share'>WhatsApp<\/a><div class='clear '><\/div><\/div>","protected":false},"excerpt":{"rendered":"<p>O presidente dos Estados Unidos, Donald Trump, afirmou nesta sexta-feira (16) que estabelecer\u00e1 novas tarifas aplicadas a pa\u00edses considerados como parceiros comerciais dos EUA \u201cnas pr\u00f3ximas duas a tr\u00eas semanas\u201d. O republicano justificou o prazo dizendo que sua administra\u00e7\u00e3o n\u00e3o tem capacidade para negociar acordos com todos ao mesmo tempo. Segundo mat\u00e9ria do InfoMoney, Trump [&hellip;]<\/p>\n","protected":false},"author":1,"featured_media":41625,"comment_status":"closed","ping_status":"closed","sticky":false,"template":"","format":"standard","meta":{"om_disable_all_campaigns":false,"rop_custom_images_group":[],"rop_custom_messages_group":[],"rop_publish_now":"initial","rop_publish_now_accounts":[],"rop_publish_now_history":[],"rop_publish_now_status":"pending","_exactmetrics_skip_tracking":false,"footnotes":""},"categories":[21],"tags":[],"class_list":["post-41624","post","type-post","status-publish","format-standard","has-post-thumbnail","hentry","category-brasil"],"aioseo_notices":[],"aioseo_head":"\n\t\t<!-- All in One SEO 4.9.10 - aioseo.com -->\n\t<meta name=\"description\" content=\"O presidente dos Estados Unidos, Donald Trump, afirmou nesta sexta-feira (16) que estabelecer\u00e1 novas tarifas aplicadas a pa\u00edses considerados como parceiros comerciais dos EUA \u201cnas pr\u00f3ximas duas a tr\u00eas semanas\u201d. O republicano justificou o prazo dizendo que sua administra\u00e7\u00e3o n\u00e3o tem capacidade para negociar acordos com todos ao mesmo tempo. Segundo mat\u00e9ria do InfoMoney, Trump\" \/>\n\t<meta name=\"robots\" content=\"max-image-preview:large\" \/>\n\t<meta name=\"author\" content=\"administrador\"\/>\n\t<link rel=\"canonical\" href=\"https:\/\/newsinfoco.com.br\/inicio\/trump-afirma-que-novas-tarifas-serao-anunciadas-nas-proximas-semanas\/\" \/>\n\t<meta name=\"generator\" content=\"All in One SEO (AIOSEO) 4.9.10\" \/>\n\t\t<meta property=\"og:locale\" content=\"pt_BR\" \/>\n\t\t<meta property=\"og:site_name\" content=\"News In Foco - Editado por Caio Pimenta - O principal site de noticias de Alagoinhas e regi\u00e3o\" \/>\n\t\t<meta property=\"og:type\" content=\"article\" \/>\n\t\t<meta property=\"og:title\" content=\"Trump afirma que novas tarifas ser\u00e3o anunciadas \u2018nas pr\u00f3ximas semanas\u2019 - News In Foco - Editado por Caio Pimenta\" \/>\n\t\t<meta property=\"og:description\" content=\"O presidente dos Estados Unidos, Donald Trump, afirmou nesta sexta-feira (16) que estabelecer\u00e1 novas tarifas aplicadas a pa\u00edses considerados como parceiros comerciais dos EUA \u201cnas pr\u00f3ximas duas a tr\u00eas semanas\u201d. O republicano justificou o prazo dizendo que sua administra\u00e7\u00e3o n\u00e3o tem capacidade para negociar acordos com todos ao mesmo tempo. Segundo mat\u00e9ria do InfoMoney, Trump\" \/>\n\t\t<meta property=\"og:url\" content=\"https:\/\/newsinfoco.com.br\/inicio\/trump-afirma-que-novas-tarifas-serao-anunciadas-nas-proximas-semanas\/\" \/>\n\t\t<meta property=\"article:published_time\" content=\"2025-05-16T16:53:03+00:00\" \/>\n\t\t<meta property=\"article:modified_time\" content=\"2025-05-16T16:53:03+00:00\" \/>\n\t\t<meta name=\"twitter:card\" content=\"summary_large_image\" \/>\n\t\t<meta name=\"twitter:title\" content=\"Trump afirma que novas tarifas ser\u00e3o anunciadas \u2018nas pr\u00f3ximas semanas\u2019 - News In Foco - Editado por Caio Pimenta\" \/>\n\t\t<meta name=\"twitter:description\" content=\"O presidente dos Estados Unidos, Donald Trump, afirmou nesta sexta-feira (16) que estabelecer\u00e1 novas tarifas aplicadas a pa\u00edses considerados como parceiros comerciais dos EUA \u201cnas pr\u00f3ximas duas a tr\u00eas semanas\u201d. O republicano justificou o prazo dizendo que sua administra\u00e7\u00e3o n\u00e3o tem capacidade para negociar acordos com todos ao mesmo tempo. Segundo mat\u00e9ria do InfoMoney, Trump\" \/>\n\t\t<script type=\"application\/ld+json\" class=\"aioseo-schema\">\n\t\t\t{\"@context\":\"https:\\\/\\\/schema.org\",\"@graph\":[{\"@type\":\"BlogPosting\",\"@id\":\"https:\\\/\\\/newsinfoco.com.br\\\/inicio\\\/trump-afirma-que-novas-tarifas-serao-anunciadas-nas-proximas-semanas\\\/#blogposting\",\"name\":\"Trump afirma que novas tarifas ser\\u00e3o anunciadas \\u2018nas pr\\u00f3ximas semanas\\u2019 - News In Foco - Editado por Caio Pimenta\",\"headline\":\"Trump afirma que novas tarifas ser\\u00e3o anunciadas \\u2018nas pr\\u00f3ximas semanas\\u2019\",\"author\":{\"@id\":\"https:\\\/\\\/newsinfoco.com.br\\\/inicio\\\/author\\\/administrador\\\/#author\"},\"publisher\":{\"@id\":\"https:\\\/\\\/newsinfoco.com.br\\\/inicio\\\/#organization\"},\"image\":{\"@type\":\"ImageObject\",\"url\":\"https:\\\/\\\/newsinfoco.com.br\\\/inicio\\\/wp-content\\\/uploads\\\/2025\\\/05\\\/bahia-ba-donaldo-trump-foto-andrea-hanks-fotos-publicas.jpg\",\"width\":600,\"height\":425,\"caption\":\"Washington DC 22 04 2020 O presidente Donald J. Trump discursa na cerim\\u00f4nia de plantio de \\u00e1rvores em homenagem ao Dia da Terra e do Arbor, quarta-feira, 22 de abril de 2020, no gramado sul da Casa Branca. (Foto oficial da Casa Branca por Andrea Hanks)\"},\"datePublished\":\"2025-05-16T13:53:03-03:00\",\"dateModified\":\"2025-05-16T13:53:03-03:00\",\"inLanguage\":\"pt-BR\",\"mainEntityOfPage\":{\"@id\":\"https:\\\/\\\/newsinfoco.com.br\\\/inicio\\\/trump-afirma-que-novas-tarifas-serao-anunciadas-nas-proximas-semanas\\\/#webpage\"},\"isPartOf\":{\"@id\":\"https:\\\/\\\/newsinfoco.com.br\\\/inicio\\\/trump-afirma-que-novas-tarifas-serao-anunciadas-nas-proximas-semanas\\\/#webpage\"},\"articleSection\":\"Brasil\"},{\"@type\":\"BreadcrumbList\",\"@id\":\"https:\\\/\\\/newsinfoco.com.br\\\/inicio\\\/trump-afirma-que-novas-tarifas-serao-anunciadas-nas-proximas-semanas\\\/#breadcrumblist\",\"itemListElement\":[{\"@type\":\"ListItem\",\"@id\":\"https:\\\/\\\/newsinfoco.com.br\\\/inicio#listItem\",\"position\":1,\"name\":\"In\\u00edcio\",\"item\":\"https:\\\/\\\/newsinfoco.com.br\\\/inicio\",\"nextItem\":{\"@type\":\"ListItem\",\"@id\":\"https:\\\/\\\/newsinfoco.com.br\\\/inicio\\\/category\\\/brasil\\\/#listItem\",\"name\":\"Brasil\"}},{\"@type\":\"ListItem\",\"@id\":\"https:\\\/\\\/newsinfoco.com.br\\\/inicio\\\/category\\\/brasil\\\/#listItem\",\"position\":2,\"name\":\"Brasil\",\"item\":\"https:\\\/\\\/newsinfoco.com.br\\\/inicio\\\/category\\\/brasil\\\/\",\"nextItem\":{\"@type\":\"ListItem\",\"@id\":\"https:\\\/\\\/newsinfoco.com.br\\\/inicio\\\/trump-afirma-que-novas-tarifas-serao-anunciadas-nas-proximas-semanas\\\/#listItem\",\"name\":\"Trump afirma que novas tarifas ser\\u00e3o anunciadas \\u2018nas pr\\u00f3ximas semanas\\u2019\"},\"previousItem\":{\"@type\":\"ListItem\",\"@id\":\"https:\\\/\\\/newsinfoco.com.br\\\/inicio#listItem\",\"name\":\"In\\u00edcio\"}},{\"@type\":\"ListItem\",\"@id\":\"https:\\\/\\\/newsinfoco.com.br\\\/inicio\\\/trump-afirma-que-novas-tarifas-serao-anunciadas-nas-proximas-semanas\\\/#listItem\",\"position\":3,\"name\":\"Trump afirma que novas tarifas ser\\u00e3o anunciadas \\u2018nas pr\\u00f3ximas semanas\\u2019\",\"previousItem\":{\"@type\":\"ListItem\",\"@id\":\"https:\\\/\\\/newsinfoco.com.br\\\/inicio\\\/category\\\/brasil\\\/#listItem\",\"name\":\"Brasil\"}}]},{\"@type\":\"Organization\",\"@id\":\"https:\\\/\\\/newsinfoco.com.br\\\/inicio\\\/#organization\",\"name\":\"News In Foco - Editado por Caio Pimenta\",\"description\":\"O principal site de noticias de Alagoinhas e regi\\u00e3o\",\"url\":\"https:\\\/\\\/newsinfoco.com.br\\\/inicio\\\/\"},{\"@type\":\"Person\",\"@id\":\"https:\\\/\\\/newsinfoco.com.br\\\/inicio\\\/author\\\/administrador\\\/#author\",\"url\":\"https:\\\/\\\/newsinfoco.com.br\\\/inicio\\\/author\\\/administrador\\\/\",\"name\":\"administrador\",\"image\":{\"@type\":\"ImageObject\",\"@id\":\"https:\\\/\\\/newsinfoco.com.br\\\/inicio\\\/trump-afirma-que-novas-tarifas-serao-anunciadas-nas-proximas-semanas\\\/#authorImage\",\"url\":\"https:\\\/\\\/secure.gravatar.com\\\/avatar\\\/c17a617433de8c1dc9584bb79aab7563b46f5bb7e1728c9b17d9cc3ce6a08e49?s=96&d=mm&r=g\",\"width\":96,\"height\":96,\"caption\":\"administrador\"}},{\"@type\":\"WebPage\",\"@id\":\"https:\\\/\\\/newsinfoco.com.br\\\/inicio\\\/trump-afirma-que-novas-tarifas-serao-anunciadas-nas-proximas-semanas\\\/#webpage\",\"url\":\"https:\\\/\\\/newsinfoco.com.br\\\/inicio\\\/trump-afirma-que-novas-tarifas-serao-anunciadas-nas-proximas-semanas\\\/\",\"name\":\"Trump afirma que novas tarifas ser\\u00e3o anunciadas \\u2018nas pr\\u00f3ximas semanas\\u2019 - News In Foco - Editado por Caio Pimenta\",\"description\":\"O presidente dos Estados Unidos, Donald Trump, afirmou nesta sexta-feira (16) que estabelecer\\u00e1 novas tarifas aplicadas a pa\\u00edses considerados como parceiros comerciais dos EUA \\u201cnas pr\\u00f3ximas duas a tr\\u00eas semanas\\u201d. O republicano justificou o prazo dizendo que sua administra\\u00e7\\u00e3o n\\u00e3o tem capacidade para negociar acordos com todos ao mesmo tempo. Segundo mat\\u00e9ria do InfoMoney, Trump\",\"inLanguage\":\"pt-BR\",\"isPartOf\":{\"@id\":\"https:\\\/\\\/newsinfoco.com.br\\\/inicio\\\/#website\"},\"breadcrumb\":{\"@id\":\"https:\\\/\\\/newsinfoco.com.br\\\/inicio\\\/trump-afirma-que-novas-tarifas-serao-anunciadas-nas-proximas-semanas\\\/#breadcrumblist\"},\"author\":{\"@id\":\"https:\\\/\\\/newsinfoco.com.br\\\/inicio\\\/author\\\/administrador\\\/#author\"},\"creator\":{\"@id\":\"https:\\\/\\\/newsinfoco.com.br\\\/inicio\\\/author\\\/administrador\\\/#author\"},\"image\":{\"@type\":\"ImageObject\",\"url\":\"https:\\\/\\\/newsinfoco.com.br\\\/inicio\\\/wp-content\\\/uploads\\\/2025\\\/05\\\/bahia-ba-donaldo-trump-foto-andrea-hanks-fotos-publicas.jpg\",\"@id\":\"https:\\\/\\\/newsinfoco.com.br\\\/inicio\\\/trump-afirma-que-novas-tarifas-serao-anunciadas-nas-proximas-semanas\\\/#mainImage\",\"width\":600,\"height\":425,\"caption\":\"Washington DC 22 04 2020 O presidente Donald J. Trump discursa na cerim\\u00f4nia de plantio de \\u00e1rvores em homenagem ao Dia da Terra e do Arbor, quarta-feira, 22 de abril de 2020, no gramado sul da Casa Branca. (Foto oficial da Casa Branca por Andrea Hanks)\"},\"primaryImageOfPage\":{\"@id\":\"https:\\\/\\\/newsinfoco.com.br\\\/inicio\\\/trump-afirma-que-novas-tarifas-serao-anunciadas-nas-proximas-semanas\\\/#mainImage\"},\"datePublished\":\"2025-05-16T13:53:03-03:00\",\"dateModified\":\"2025-05-16T13:53:03-03:00\"},{\"@type\":\"WebSite\",\"@id\":\"https:\\\/\\\/newsinfoco.com.br\\\/inicio\\\/#website\",\"url\":\"https:\\\/\\\/newsinfoco.com.br\\\/inicio\\\/\",\"name\":\"News In Foco - Editado por Caio Pimenta\",\"description\":\"O principal site de noticias de Alagoinhas e regi\\u00e3o\",\"inLanguage\":\"pt-BR\",\"publisher\":{\"@id\":\"https:\\\/\\\/newsinfoco.com.br\\\/inicio\\\/#organization\"}}]}\n\t\t<\/script>\n\t\t<!-- All in One SEO -->\n\n","aioseo_head_json":{"title":"Trump afirma que novas tarifas ser\u00e3o anunciadas \u2018nas pr\u00f3ximas semanas\u2019 - News In Foco - Editado por Caio Pimenta","description":"O presidente dos Estados Unidos, Donald Trump, afirmou nesta sexta-feira (16) que estabelecer\u00e1 novas tarifas aplicadas a pa\u00edses considerados como parceiros comerciais dos EUA \u201cnas pr\u00f3ximas duas a tr\u00eas semanas\u201d. O republicano justificou o prazo dizendo que sua administra\u00e7\u00e3o n\u00e3o tem capacidade para negociar acordos com todos ao mesmo tempo. Segundo mat\u00e9ria do InfoMoney, Trump","canonical_url":"https:\/\/newsinfoco.com.br\/inicio\/trump-afirma-que-novas-tarifas-serao-anunciadas-nas-proximas-semanas\/","robots":"max-image-preview:large","keywords":"","webmasterTools":{"miscellaneous":""},"schema":{"@context":"https:\/\/schema.org","@graph":[{"@type":"BlogPosting","@id":"https:\/\/newsinfoco.com.br\/inicio\/trump-afirma-que-novas-tarifas-serao-anunciadas-nas-proximas-semanas\/#blogposting","name":"Trump afirma que novas tarifas ser\u00e3o anunciadas \u2018nas pr\u00f3ximas semanas\u2019 - News In Foco - Editado por Caio Pimenta","headline":"Trump afirma que novas tarifas ser\u00e3o anunciadas \u2018nas pr\u00f3ximas semanas\u2019","author":{"@id":"https:\/\/newsinfoco.com.br\/inicio\/author\/administrador\/#author"},"publisher":{"@id":"https:\/\/newsinfoco.com.br\/inicio\/#organization"},"image":{"@type":"ImageObject","url":"https:\/\/newsinfoco.com.br\/inicio\/wp-content\/uploads\/2025\/05\/bahia-ba-donaldo-trump-foto-andrea-hanks-fotos-publicas.jpg","width":600,"height":425,"caption":"Washington DC 22 04 2020 O presidente Donald J. Trump discursa na cerim\u00f4nia de plantio de \u00e1rvores em homenagem ao Dia da Terra e do Arbor, quarta-feira, 22 de abril de 2020, no gramado sul da Casa Branca. (Foto oficial da Casa Branca por Andrea Hanks)"},"datePublished":"2025-05-16T13:53:03-03:00","dateModified":"2025-05-16T13:53:03-03:00","inLanguage":"pt-BR","mainEntityOfPage":{"@id":"https:\/\/newsinfoco.com.br\/inicio\/trump-afirma-que-novas-tarifas-serao-anunciadas-nas-proximas-semanas\/#webpage"},"isPartOf":{"@id":"https:\/\/newsinfoco.com.br\/inicio\/trump-afirma-que-novas-tarifas-serao-anunciadas-nas-proximas-semanas\/#webpage"},"articleSection":"Brasil"},{"@type":"BreadcrumbList","@id":"https:\/\/newsinfoco.com.br\/inicio\/trump-afirma-que-novas-tarifas-serao-anunciadas-nas-proximas-semanas\/#breadcrumblist","itemListElement":[{"@type":"ListItem","@id":"https:\/\/newsinfoco.com.br\/inicio#listItem","position":1,"name":"In\u00edcio","item":"https:\/\/newsinfoco.com.br\/inicio","nextItem":{"@type":"ListItem","@id":"https:\/\/newsinfoco.com.br\/inicio\/category\/brasil\/#listItem","name":"Brasil"}},{"@type":"ListItem","@id":"https:\/\/newsinfoco.com.br\/inicio\/category\/brasil\/#listItem","position":2,"name":"Brasil","item":"https:\/\/newsinfoco.com.br\/inicio\/category\/brasil\/","nextItem":{"@type":"ListItem","@id":"https:\/\/newsinfoco.com.br\/inicio\/trump-afirma-que-novas-tarifas-serao-anunciadas-nas-proximas-semanas\/#listItem","name":"Trump afirma que novas tarifas ser\u00e3o anunciadas \u2018nas pr\u00f3ximas semanas\u2019"},"previousItem":{"@type":"ListItem","@id":"https:\/\/newsinfoco.com.br\/inicio#listItem","name":"In\u00edcio"}},{"@type":"ListItem","@id":"https:\/\/newsinfoco.com.br\/inicio\/trump-afirma-que-novas-tarifas-serao-anunciadas-nas-proximas-semanas\/#listItem","position":3,"name":"Trump afirma que novas tarifas ser\u00e3o anunciadas \u2018nas pr\u00f3ximas semanas\u2019","previousItem":{"@type":"ListItem","@id":"https:\/\/newsinfoco.com.br\/inicio\/category\/brasil\/#listItem","name":"Brasil"}}]},{"@type":"Organization","@id":"https:\/\/newsinfoco.com.br\/inicio\/#organization","name":"News In Foco - Editado por Caio Pimenta","description":"O principal site de noticias de Alagoinhas e regi\u00e3o","url":"https:\/\/newsinfoco.com.br\/inicio\/"},{"@type":"Person","@id":"https:\/\/newsinfoco.com.br\/inicio\/author\/administrador\/#author","url":"https:\/\/newsinfoco.com.br\/inicio\/author\/administrador\/","name":"administrador","image":{"@type":"ImageObject","@id":"https:\/\/newsinfoco.com.br\/inicio\/trump-afirma-que-novas-tarifas-serao-anunciadas-nas-proximas-semanas\/#authorImage","url":"https:\/\/secure.gravatar.com\/avatar\/c17a617433de8c1dc9584bb79aab7563b46f5bb7e1728c9b17d9cc3ce6a08e49?s=96&d=mm&r=g","width":96,"height":96,"caption":"administrador"}},{"@type":"WebPage","@id":"https:\/\/newsinfoco.com.br\/inicio\/trump-afirma-que-novas-tarifas-serao-anunciadas-nas-proximas-semanas\/#webpage","url":"https:\/\/newsinfoco.com.br\/inicio\/trump-afirma-que-novas-tarifas-serao-anunciadas-nas-proximas-semanas\/","name":"Trump afirma que novas tarifas ser\u00e3o anunciadas \u2018nas pr\u00f3ximas semanas\u2019 - News In Foco - Editado por Caio Pimenta","description":"O presidente dos Estados Unidos, Donald Trump, afirmou nesta sexta-feira (16) que estabelecer\u00e1 novas tarifas aplicadas a pa\u00edses considerados como parceiros comerciais dos EUA \u201cnas pr\u00f3ximas duas a tr\u00eas semanas\u201d. O republicano justificou o prazo dizendo que sua administra\u00e7\u00e3o n\u00e3o tem capacidade para negociar acordos com todos ao mesmo tempo. Segundo mat\u00e9ria do InfoMoney, Trump","inLanguage":"pt-BR","isPartOf":{"@id":"https:\/\/newsinfoco.com.br\/inicio\/#website"},"breadcrumb":{"@id":"https:\/\/newsinfoco.com.br\/inicio\/trump-afirma-que-novas-tarifas-serao-anunciadas-nas-proximas-semanas\/#breadcrumblist"},"author":{"@id":"https:\/\/newsinfoco.com.br\/inicio\/author\/administrador\/#author"},"creator":{"@id":"https:\/\/newsinfoco.com.br\/inicio\/author\/administrador\/#author"},"image":{"@type":"ImageObject","url":"https:\/\/newsinfoco.com.br\/inicio\/wp-content\/uploads\/2025\/05\/bahia-ba-donaldo-trump-foto-andrea-hanks-fotos-publicas.jpg","@id":"https:\/\/newsinfoco.com.br\/inicio\/trump-afirma-que-novas-tarifas-serao-anunciadas-nas-proximas-semanas\/#mainImage","width":600,"height":425,"caption":"Washington DC 22 04 2020 O presidente Donald J. Trump discursa na cerim\u00f4nia de plantio de \u00e1rvores em homenagem ao Dia da Terra e do Arbor, quarta-feira, 22 de abril de 2020, no gramado sul da Casa Branca. (Foto oficial da Casa Branca por Andrea Hanks)"},"primaryImageOfPage":{"@id":"https:\/\/newsinfoco.com.br\/inicio\/trump-afirma-que-novas-tarifas-serao-anunciadas-nas-proximas-semanas\/#mainImage"},"datePublished":"2025-05-16T13:53:03-03:00","dateModified":"2025-05-16T13:53:03-03:00"},{"@type":"WebSite","@id":"https:\/\/newsinfoco.com.br\/inicio\/#website","url":"https:\/\/newsinfoco.com.br\/inicio\/","name":"News In Foco - Editado por Caio Pimenta","description":"O principal site de noticias de Alagoinhas e regi\u00e3o","inLanguage":"pt-BR","publisher":{"@id":"https:\/\/newsinfoco.com.br\/inicio\/#organization"}}]},"og:locale":"pt_BR","og:site_name":"News In Foco - Editado por Caio Pimenta - O principal site de noticias de Alagoinhas e regi\u00e3o","og:type":"article","og:title":"Trump afirma que novas tarifas ser\u00e3o anunciadas \u2018nas pr\u00f3ximas semanas\u2019 - News In Foco - Editado por Caio Pimenta","og:description":"O presidente dos Estados Unidos, Donald Trump, afirmou nesta sexta-feira (16) que estabelecer\u00e1 novas tarifas aplicadas a pa\u00edses considerados como parceiros comerciais dos EUA \u201cnas pr\u00f3ximas duas a tr\u00eas semanas\u201d. O republicano justificou o prazo dizendo que sua administra\u00e7\u00e3o n\u00e3o tem capacidade para negociar acordos com todos ao mesmo tempo. Segundo mat\u00e9ria do InfoMoney, Trump","og:url":"https:\/\/newsinfoco.com.br\/inicio\/trump-afirma-que-novas-tarifas-serao-anunciadas-nas-proximas-semanas\/","article:published_time":"2025-05-16T16:53:03+00:00","article:modified_time":"2025-05-16T16:53:03+00:00","twitter:card":"summary_large_image","twitter:title":"Trump afirma que novas tarifas ser\u00e3o anunciadas \u2018nas pr\u00f3ximas semanas\u2019 - News In Foco - Editado por Caio Pimenta","twitter:description":"O presidente dos Estados Unidos, Donald Trump, afirmou nesta sexta-feira (16) que estabelecer\u00e1 novas tarifas aplicadas a pa\u00edses considerados como parceiros comerciais dos EUA \u201cnas pr\u00f3ximas duas a tr\u00eas semanas\u201d. O republicano justificou o prazo dizendo que sua administra\u00e7\u00e3o n\u00e3o tem capacidade para negociar acordos com todos ao mesmo tempo. Segundo mat\u00e9ria do InfoMoney, Trump"},"aioseo_meta_data":{"post_id":"41624","title":null,"description":null,"keywords":null,"keyphrases":{"focus":{"keyphrase":"","score":0,"analysis":{"keyphraseInTitle":{"score":0,"maxScore":9,"error":1}}},"additional":[]},"primary_term":null,"canonical_url":null,"og_title":null,"og_description":null,"og_object_type":"default","og_image_type":"default","og_image_url":null,"og_image_width":null,"og_image_height":null,"og_image_custom_url":null,"og_image_custom_fields":null,"og_video":"","og_custom_url":null,"og_article_section":null,"og_article_tags":null,"twitter_use_og":false,"twitter_card":"default","twitter_image_type":"default","twitter_image_url":null,"twitter_image_custom_url":null,"twitter_image_custom_fields":null,"twitter_title":null,"twitter_description":null,"schema":{"blockGraphs":[],"customGraphs":[],"default":{"data":{"Article":[],"Course":[],"Dataset":[],"FAQPage":[],"Movie":[],"Person":[],"Product":[],"ProductReview":[],"Car":[],"Recipe":[],"Service":[],"SoftwareApplication":[],"WebPage":[]},"graphName":"BlogPosting","isEnabled":true},"graphs":[]},"schema_type":"default","schema_type_options":null,"pillar_content":false,"robots_default":true,"robots_noindex":false,"robots_noarchive":false,"robots_nosnippet":false,"robots_nofollow":false,"robots_noimageindex":false,"robots_noodp":false,"robots_notranslate":false,"robots_max_snippet":"-1","robots_max_videopreview":"-1","robots_max_imagepreview":"large","priority":null,"frequency":"default","local_seo":null,"breadcrumb_settings":null,"limit_modified_date":false,"ai":null,"created":"2025-05-16 16:53:03","updated":"2025-07-11 13:29:46","seo_analyzer_scan_date":null},"aioseo_breadcrumb":"<div class=\"aioseo-breadcrumbs\"><span class=\"aioseo-breadcrumb\">\n\t\t\t<a href=\"https:\/\/newsinfoco.com.br\/inicio\" title=\"In\u00edcio\">In\u00edcio<\/a>\n\t\t<\/span><span class=\"aioseo-breadcrumb-separator\">&raquo;<\/span><span class=\"aioseo-breadcrumb\">\n\t\t\t<a href=\"https:\/\/newsinfoco.com.br\/inicio\/category\/brasil\/\" title=\"Brasil\">Brasil<\/a>\n\t\t<\/span><span class=\"aioseo-breadcrumb-separator\">&raquo;<\/span><span class=\"aioseo-breadcrumb\">\n\t\t\tTrump afirma que novas tarifas ser\u00e3o anunciadas \u2018nas pr\u00f3ximas semanas\u2019\n\t\t<\/span><\/div>","aioseo_breadcrumb_json":[{"label":"In\u00edcio","link":"https:\/\/newsinfoco.com.br\/inicio"},{"label":"Brasil","link":"https:\/\/newsinfoco.com.br\/inicio\/category\/brasil\/"},{"label":"Trump afirma que novas tarifas ser\u00e3o anunciadas \u2018nas pr\u00f3ximas semanas\u2019","link":"https:\/\/newsinfoco.com.br\/inicio\/trump-afirma-que-novas-tarifas-serao-anunciadas-nas-proximas-semanas\/"}],"_links":{"self":[{"href":"https:\/\/newsinfoco.com.br\/inicio\/wp-json\/wp\/v2\/posts\/41624","targetHints":{"allow":["GET"]}}],"collection":[{"href":"https:\/\/newsinfoco.com.br\/inicio\/wp-json\/wp\/v2\/posts"}],"about":[{"href":"https:\/\/newsinfoco.com.br\/inicio\/wp-json\/wp\/v2\/types\/post"}],"author":[{"embeddable":true,"href":"https:\/\/newsinfoco.com.br\/inicio\/wp-json\/wp\/v2\/users\/1"}],"replies":[{"embeddable":true,"href":"https:\/\/newsinfoco.com.br\/inicio\/wp-json\/wp\/v2\/comments?post=41624"}],"version-history":[{"count":1,"href":"https:\/\/newsinfoco.com.br\/inicio\/wp-json\/wp\/v2\/posts\/41624\/revisions"}],"predecessor-version":[{"id":41626,"href":"https:\/\/newsinfoco.com.br\/inicio\/wp-json\/wp\/v2\/posts\/41624\/revisions\/41626"}],"wp:featuredmedia":[{"embeddable":true,"href":"https:\/\/newsinfoco.com.br\/inicio\/wp-json\/wp\/v2\/media\/41625"}],"wp:attachment":[{"href":"https:\/\/newsinfoco.com.br\/inicio\/wp-json\/wp\/v2\/media?parent=41624"}],"wp:term":[{"taxonomy":"category","embeddable":true,"href":"https:\/\/newsinfoco.com.br\/inicio\/wp-json\/wp\/v2\/categories?post=41624"},{"taxonomy":"post_tag","embeddable":true,"href":"https:\/\/newsinfoco.com.br\/inicio\/wp-json\/wp\/v2\/tags?post=41624"}],"curies":[{"name":"wp","href":"https:\/\/api.w.org\/{rel}","templated":true}]}}