{"id":41636,"date":"2025-05-16T14:19:52","date_gmt":"2025-05-16T17:19:52","guid":{"rendered":"https:\/\/newsinfoco.com.br\/inicio\/?p=41636"},"modified":"2025-05-16T14:19:52","modified_gmt":"2025-05-16T17:19:52","slug":"mais-uma-fabrica-de-bebidas-chega-a-alagoinhas","status":"publish","type":"post","link":"https:\/\/newsinfoco.com.br\/inicio\/mais-uma-fabrica-de-bebidas-chega-a-alagoinhas\/","title":{"rendered":"Mais uma f\u00e1brica de bebidas chega a Alagoinhas"},"content":{"rendered":"<p>Trilhando o caminho do desenvolvimento e expans\u00e3o econ\u00f4mica proposto pela gest\u00e3o atual, a cidade de Alagoinhas receber\u00e1 uma nova ind\u00fastria. O prefeito Gustavo Carmo assinou, na manh\u00e3 desta quinta-feira, 15, o protocolo de inten\u00e7\u00f5es com o Grupo Revise, para a instala\u00e7\u00e3o de uma f\u00e1brica de refrigerantes e envase de \u00e1gua mineral na cidade, com investimento inicial de mais R$ 10 milh\u00f5es.<\/p>\n<p>\u201cEsse \u00e9 um momento muito importante, que ratifica nossa estrat\u00e9gia de gera\u00e7\u00e3o de emprego e renda em nossa cidade. Do ponto de vista de investimento e da expans\u00e3o do parque industrial, a chegada de mais uma empresa mostra a aptid\u00e3o de Alagoinhas para alcan\u00e7ar uma posi\u00e7\u00e3o de ainda mais destaque no setor\u201d, diz Gustavo, ao celebrar a assinatura do protocolo.<\/p>\n<p>Wilson Serra, CEO do Grupo Revise, explica que o interesse em ter Alagoinhas como sede de uma unidade da empresa surgiu a partir de um estudo de viabilidade econ\u00f4mica que confirmou o potencial industrial do munic\u00edpio. Wilson apontou ainda o fato de Alagoinhas n\u00e3o ter nenhuma engarrafadora de \u00e1gua mineral e tamb\u00e9m a qualidade singular da \u00e1gua da regi\u00e3o, reconhecida como a melhor do Brasil.<\/p>\n<p>\u201cAlagoinhas tem um potencial enorme e n\u00f3s estamos dispostos a fazer um grande investimento. Com esse projeto, nossa proposta \u00e9 desenvolver tanto a parte industrial, quanto investir em pessoas e gerar empregos para a cidade, que hoje \u00e9 nosso foco\u201d, afirma Serra.<\/p>\n<p>Sobre novas vagas de trabalho, a estimativa \u00e9 que, na fase inicial, a empresa gere cerca de 80 empregos diretos e 300 indiretos, com contrata\u00e7\u00e3o de m\u00e3o de obra 100% alagoinhense. Segundo Wilson, nas fases seguintes, com a implanta\u00e7\u00e3o de novas linhas de produ\u00e7\u00e3o, a quantidade de vagas ser\u00e1 dobrada.<\/p>\n<p>Deraldo Carlos, secret\u00e1rio de Desenvolvimento Econ\u00f4mico e Emprego, explica que o trabalho da gest\u00e3o municipal est\u00e1 sendo conduzido a fim de colocar Alagoinhas no mapa dos grandes investimentos. \u201cEstamos falando da gera\u00e7\u00e3o de empregos diretos e indiretos, do fortalecimento da economia local e da valoriza\u00e7\u00e3o da nossa m\u00e3o de obra. Isso \u00e9 muito importante para o munic\u00edpio\u201d, completa.<\/p>\n<p><strong>Produ\u00e7\u00e3o e mercado<\/strong><br \/>\nA unidade da Revise em Alagoinhas come\u00e7ar\u00e1 sua opera\u00e7\u00e3o com o envase de \u00e1gua em garraf\u00f5es de 20 litros. Na segunda fase, ser\u00e3o inclu\u00eddas na produ\u00e7\u00e3o as embalagens descart\u00e1veis, de menor volume. Para a terceira fase, est\u00e1 prevista a produ\u00e7\u00e3o de energ\u00e9ticos e refrigerantes.<\/p>\n<p>De acordo com estudo de rota feito pela empresa, dever\u00e3o ser atendidos em torno de 100 munic\u00edpios, \u00e1rea em que os produtos ser\u00e3o pulverizados.<\/p>\n<p><strong>Processo de instala\u00e7\u00e3o<\/strong><br \/>\nO CNPJ da empresa est\u00e1 constitu\u00eddo e a \u00e1rea onde ser\u00e1 instalada j\u00e1 foi definida. Ademais, o requerimento de autoriza\u00e7\u00e3o de explora\u00e7\u00e3o do subsolo foi deferido pela Ag\u00eancia Nacional de Minera\u00e7\u00e3o (ANM).<\/p>\n<p>Considerando todo o processo de constru\u00e7\u00e3o e instala\u00e7\u00e3o da unidade, a expectativa \u00e9 que a produ\u00e7\u00e3o inicie em oito ou nove meses ap\u00f3s o in\u00edcio das obras.<\/p>\n<p><strong>Revise<\/strong><br \/>\nA Revise Empreendimentos Ltda. \u00e9 uma holding que tem sede no Rio Grande do Norte, com neg\u00f3cios nos segmentos de combust\u00edveis e avia\u00e7\u00e3o. Al\u00e9m da sede, a empresa conta com unidades localizadas em diversos estados e, agora, investe no setor de bebidas em Alagoinhas.<\/p>\n<div align=\"right\"><\/div>\n<div class='share-to-whatsapp-wrapper'><div class='share-on-whsp'>Share on: <\/div><a data-text='Mais uma f\u00e1brica de bebidas chega a Alagoinhas' data-link='https:\/\/newsinfoco.com.br\/inicio\/mais-uma-fabrica-de-bebidas-chega-a-alagoinhas\/' class='whatsapp-button whatsapp-share'>WhatsApp<\/a><div class='clear '><\/div><\/div>","protected":false},"excerpt":{"rendered":"<p>Trilhando o caminho do desenvolvimento e expans\u00e3o econ\u00f4mica proposto pela gest\u00e3o atual, a cidade de Alagoinhas receber\u00e1 uma nova ind\u00fastria. O prefeito Gustavo Carmo assinou, na manh\u00e3 desta quinta-feira, 15, o protocolo de inten\u00e7\u00f5es com o Grupo Revise, para a instala\u00e7\u00e3o de uma f\u00e1brica de refrigerantes e envase de \u00e1gua mineral na cidade, com investimento [&hellip;]<\/p>\n","protected":false},"author":1,"featured_media":41637,"comment_status":"closed","ping_status":"closed","sticky":false,"template":"","format":"standard","meta":{"om_disable_all_campaigns":false,"rop_custom_images_group":[],"rop_custom_messages_group":[],"rop_publish_now":"initial","rop_publish_now_accounts":[],"rop_publish_now_history":[],"rop_publish_now_status":"pending","_exactmetrics_skip_tracking":false,"footnotes":""},"categories":[38,167],"tags":[],"class_list":["post-41636","post","type-post","status-publish","format-standard","has-post-thumbnail","hentry","category-alagoinhas-e-regiao","category-exclusivas"],"aioseo_notices":[],"aioseo_head":"\n\t\t<!-- All in One SEO 4.9.10 - aioseo.com -->\n\t<meta name=\"description\" content=\"Trilhando o caminho do desenvolvimento e expans\u00e3o econ\u00f4mica proposto pela gest\u00e3o atual, a cidade de Alagoinhas receber\u00e1 uma nova ind\u00fastria. O prefeito Gustavo Carmo assinou, na manh\u00e3 desta quinta-feira, 15, o protocolo de inten\u00e7\u00f5es com o Grupo Revise, para a instala\u00e7\u00e3o de uma f\u00e1brica de refrigerantes e envase de \u00e1gua mineral na cidade, com investimento\" \/>\n\t<meta name=\"robots\" content=\"max-image-preview:large\" \/>\n\t<meta name=\"author\" content=\"administrador\"\/>\n\t<link rel=\"canonical\" href=\"https:\/\/newsinfoco.com.br\/inicio\/mais-uma-fabrica-de-bebidas-chega-a-alagoinhas\/\" \/>\n\t<meta name=\"generator\" content=\"All in One SEO (AIOSEO) 4.9.10\" \/>\n\t\t<meta property=\"og:locale\" content=\"pt_BR\" \/>\n\t\t<meta property=\"og:site_name\" content=\"News In Foco - Editado por Caio Pimenta - O principal site de noticias de Alagoinhas e regi\u00e3o\" \/>\n\t\t<meta property=\"og:type\" content=\"article\" \/>\n\t\t<meta property=\"og:title\" content=\"Mais uma f\u00e1brica de bebidas chega a Alagoinhas - News In Foco - Editado por Caio Pimenta\" \/>\n\t\t<meta property=\"og:description\" content=\"Trilhando o caminho do desenvolvimento e expans\u00e3o econ\u00f4mica proposto pela gest\u00e3o atual, a cidade de Alagoinhas receber\u00e1 uma nova ind\u00fastria. O prefeito Gustavo Carmo assinou, na manh\u00e3 desta quinta-feira, 15, o protocolo de inten\u00e7\u00f5es com o Grupo Revise, para a instala\u00e7\u00e3o de uma f\u00e1brica de refrigerantes e envase de \u00e1gua mineral na cidade, com investimento\" \/>\n\t\t<meta property=\"og:url\" content=\"https:\/\/newsinfoco.com.br\/inicio\/mais-uma-fabrica-de-bebidas-chega-a-alagoinhas\/\" \/>\n\t\t<meta property=\"article:published_time\" content=\"2025-05-16T17:19:52+00:00\" \/>\n\t\t<meta property=\"article:modified_time\" content=\"2025-05-16T17:19:52+00:00\" \/>\n\t\t<meta name=\"twitter:card\" content=\"summary_large_image\" \/>\n\t\t<meta name=\"twitter:title\" content=\"Mais uma f\u00e1brica de bebidas chega a Alagoinhas - News In Foco - Editado por Caio Pimenta\" \/>\n\t\t<meta name=\"twitter:description\" content=\"Trilhando o caminho do desenvolvimento e expans\u00e3o econ\u00f4mica proposto pela gest\u00e3o atual, a cidade de Alagoinhas receber\u00e1 uma nova ind\u00fastria. O prefeito Gustavo Carmo assinou, na manh\u00e3 desta quinta-feira, 15, o protocolo de inten\u00e7\u00f5es com o Grupo Revise, para a instala\u00e7\u00e3o de uma f\u00e1brica de refrigerantes e envase de \u00e1gua mineral na cidade, com investimento\" \/>\n\t\t<script type=\"application\/ld+json\" class=\"aioseo-schema\">\n\t\t\t{\"@context\":\"https:\\\/\\\/schema.org\",\"@graph\":[{\"@type\":\"BlogPosting\",\"@id\":\"https:\\\/\\\/newsinfoco.com.br\\\/inicio\\\/mais-uma-fabrica-de-bebidas-chega-a-alagoinhas\\\/#blogposting\",\"name\":\"Mais uma f\\u00e1brica de bebidas chega a Alagoinhas - News In Foco - Editado por Caio Pimenta\",\"headline\":\"Mais uma f\\u00e1brica de bebidas chega a Alagoinhas\",\"author\":{\"@id\":\"https:\\\/\\\/newsinfoco.com.br\\\/inicio\\\/author\\\/administrador\\\/#author\"},\"publisher\":{\"@id\":\"https:\\\/\\\/newsinfoco.com.br\\\/inicio\\\/#organization\"},\"image\":{\"@type\":\"ImageObject\",\"url\":\"https:\\\/\\\/newsinfoco.com.br\\\/inicio\\\/wp-content\\\/uploads\\\/2025\\\/05\\\/WhatsApp-Image-2025-05-15-at-18.11.56-scaled.jpeg\",\"width\":2560,\"height\":1447},\"datePublished\":\"2025-05-16T14:19:52-03:00\",\"dateModified\":\"2025-05-16T14:19:52-03:00\",\"inLanguage\":\"pt-BR\",\"mainEntityOfPage\":{\"@id\":\"https:\\\/\\\/newsinfoco.com.br\\\/inicio\\\/mais-uma-fabrica-de-bebidas-chega-a-alagoinhas\\\/#webpage\"},\"isPartOf\":{\"@id\":\"https:\\\/\\\/newsinfoco.com.br\\\/inicio\\\/mais-uma-fabrica-de-bebidas-chega-a-alagoinhas\\\/#webpage\"},\"articleSection\":\"Alagoinhas e Regi\\u00e3o, Manchete\"},{\"@type\":\"BreadcrumbList\",\"@id\":\"https:\\\/\\\/newsinfoco.com.br\\\/inicio\\\/mais-uma-fabrica-de-bebidas-chega-a-alagoinhas\\\/#breadcrumblist\",\"itemListElement\":[{\"@type\":\"ListItem\",\"@id\":\"https:\\\/\\\/newsinfoco.com.br\\\/inicio#listItem\",\"position\":1,\"name\":\"In\\u00edcio\",\"item\":\"https:\\\/\\\/newsinfoco.com.br\\\/inicio\",\"nextItem\":{\"@type\":\"ListItem\",\"@id\":\"https:\\\/\\\/newsinfoco.com.br\\\/inicio\\\/category\\\/alagoinhas-e-regiao\\\/#listItem\",\"name\":\"Alagoinhas e Regi\\u00e3o\"}},{\"@type\":\"ListItem\",\"@id\":\"https:\\\/\\\/newsinfoco.com.br\\\/inicio\\\/category\\\/alagoinhas-e-regiao\\\/#listItem\",\"position\":2,\"name\":\"Alagoinhas e Regi\\u00e3o\",\"item\":\"https:\\\/\\\/newsinfoco.com.br\\\/inicio\\\/category\\\/alagoinhas-e-regiao\\\/\",\"nextItem\":{\"@type\":\"ListItem\",\"@id\":\"https:\\\/\\\/newsinfoco.com.br\\\/inicio\\\/mais-uma-fabrica-de-bebidas-chega-a-alagoinhas\\\/#listItem\",\"name\":\"Mais uma f\\u00e1brica de bebidas chega a Alagoinhas\"},\"previousItem\":{\"@type\":\"ListItem\",\"@id\":\"https:\\\/\\\/newsinfoco.com.br\\\/inicio#listItem\",\"name\":\"In\\u00edcio\"}},{\"@type\":\"ListItem\",\"@id\":\"https:\\\/\\\/newsinfoco.com.br\\\/inicio\\\/mais-uma-fabrica-de-bebidas-chega-a-alagoinhas\\\/#listItem\",\"position\":3,\"name\":\"Mais uma f\\u00e1brica de bebidas chega a Alagoinhas\",\"previousItem\":{\"@type\":\"ListItem\",\"@id\":\"https:\\\/\\\/newsinfoco.com.br\\\/inicio\\\/category\\\/alagoinhas-e-regiao\\\/#listItem\",\"name\":\"Alagoinhas e Regi\\u00e3o\"}}]},{\"@type\":\"Organization\",\"@id\":\"https:\\\/\\\/newsinfoco.com.br\\\/inicio\\\/#organization\",\"name\":\"News In Foco - Editado por Caio Pimenta\",\"description\":\"O principal site de noticias de Alagoinhas e regi\\u00e3o\",\"url\":\"https:\\\/\\\/newsinfoco.com.br\\\/inicio\\\/\"},{\"@type\":\"Person\",\"@id\":\"https:\\\/\\\/newsinfoco.com.br\\\/inicio\\\/author\\\/administrador\\\/#author\",\"url\":\"https:\\\/\\\/newsinfoco.com.br\\\/inicio\\\/author\\\/administrador\\\/\",\"name\":\"administrador\",\"image\":{\"@type\":\"ImageObject\",\"@id\":\"https:\\\/\\\/newsinfoco.com.br\\\/inicio\\\/mais-uma-fabrica-de-bebidas-chega-a-alagoinhas\\\/#authorImage\",\"url\":\"https:\\\/\\\/secure.gravatar.com\\\/avatar\\\/c17a617433de8c1dc9584bb79aab7563b46f5bb7e1728c9b17d9cc3ce6a08e49?s=96&d=mm&r=g\",\"width\":96,\"height\":96,\"caption\":\"administrador\"}},{\"@type\":\"WebPage\",\"@id\":\"https:\\\/\\\/newsinfoco.com.br\\\/inicio\\\/mais-uma-fabrica-de-bebidas-chega-a-alagoinhas\\\/#webpage\",\"url\":\"https:\\\/\\\/newsinfoco.com.br\\\/inicio\\\/mais-uma-fabrica-de-bebidas-chega-a-alagoinhas\\\/\",\"name\":\"Mais uma f\\u00e1brica de bebidas chega a Alagoinhas - News In Foco - Editado por Caio Pimenta\",\"description\":\"Trilhando o caminho do desenvolvimento e expans\\u00e3o econ\\u00f4mica proposto pela gest\\u00e3o atual, a cidade de Alagoinhas receber\\u00e1 uma nova ind\\u00fastria. O prefeito Gustavo Carmo assinou, na manh\\u00e3 desta quinta-feira, 15, o protocolo de inten\\u00e7\\u00f5es com o Grupo Revise, para a instala\\u00e7\\u00e3o de uma f\\u00e1brica de refrigerantes e envase de \\u00e1gua mineral na cidade, com investimento\",\"inLanguage\":\"pt-BR\",\"isPartOf\":{\"@id\":\"https:\\\/\\\/newsinfoco.com.br\\\/inicio\\\/#website\"},\"breadcrumb\":{\"@id\":\"https:\\\/\\\/newsinfoco.com.br\\\/inicio\\\/mais-uma-fabrica-de-bebidas-chega-a-alagoinhas\\\/#breadcrumblist\"},\"author\":{\"@id\":\"https:\\\/\\\/newsinfoco.com.br\\\/inicio\\\/author\\\/administrador\\\/#author\"},\"creator\":{\"@id\":\"https:\\\/\\\/newsinfoco.com.br\\\/inicio\\\/author\\\/administrador\\\/#author\"},\"image\":{\"@type\":\"ImageObject\",\"url\":\"https:\\\/\\\/newsinfoco.com.br\\\/inicio\\\/wp-content\\\/uploads\\\/2025\\\/05\\\/WhatsApp-Image-2025-05-15-at-18.11.56-scaled.jpeg\",\"@id\":\"https:\\\/\\\/newsinfoco.com.br\\\/inicio\\\/mais-uma-fabrica-de-bebidas-chega-a-alagoinhas\\\/#mainImage\",\"width\":2560,\"height\":1447},\"primaryImageOfPage\":{\"@id\":\"https:\\\/\\\/newsinfoco.com.br\\\/inicio\\\/mais-uma-fabrica-de-bebidas-chega-a-alagoinhas\\\/#mainImage\"},\"datePublished\":\"2025-05-16T14:19:52-03:00\",\"dateModified\":\"2025-05-16T14:19:52-03:00\"},{\"@type\":\"WebSite\",\"@id\":\"https:\\\/\\\/newsinfoco.com.br\\\/inicio\\\/#website\",\"url\":\"https:\\\/\\\/newsinfoco.com.br\\\/inicio\\\/\",\"name\":\"News In Foco - Editado por Caio Pimenta\",\"description\":\"O principal site de noticias de Alagoinhas e regi\\u00e3o\",\"inLanguage\":\"pt-BR\",\"publisher\":{\"@id\":\"https:\\\/\\\/newsinfoco.com.br\\\/inicio\\\/#organization\"}}]}\n\t\t<\/script>\n\t\t<!-- All in One SEO -->\n\n","aioseo_head_json":{"title":"Mais uma f\u00e1brica de bebidas chega a Alagoinhas - News In Foco - Editado por Caio Pimenta","description":"Trilhando o caminho do desenvolvimento e expans\u00e3o econ\u00f4mica proposto pela gest\u00e3o atual, a cidade de Alagoinhas receber\u00e1 uma nova ind\u00fastria. O prefeito Gustavo Carmo assinou, na manh\u00e3 desta quinta-feira, 15, o protocolo de inten\u00e7\u00f5es com o Grupo Revise, para a instala\u00e7\u00e3o de uma f\u00e1brica de refrigerantes e envase de \u00e1gua mineral na cidade, com investimento","canonical_url":"https:\/\/newsinfoco.com.br\/inicio\/mais-uma-fabrica-de-bebidas-chega-a-alagoinhas\/","robots":"max-image-preview:large","keywords":"","webmasterTools":{"miscellaneous":""},"schema":{"@context":"https:\/\/schema.org","@graph":[{"@type":"BlogPosting","@id":"https:\/\/newsinfoco.com.br\/inicio\/mais-uma-fabrica-de-bebidas-chega-a-alagoinhas\/#blogposting","name":"Mais uma f\u00e1brica de bebidas chega a Alagoinhas - News In Foco - Editado por Caio Pimenta","headline":"Mais uma f\u00e1brica de bebidas chega a Alagoinhas","author":{"@id":"https:\/\/newsinfoco.com.br\/inicio\/author\/administrador\/#author"},"publisher":{"@id":"https:\/\/newsinfoco.com.br\/inicio\/#organization"},"image":{"@type":"ImageObject","url":"https:\/\/newsinfoco.com.br\/inicio\/wp-content\/uploads\/2025\/05\/WhatsApp-Image-2025-05-15-at-18.11.56-scaled.jpeg","width":2560,"height":1447},"datePublished":"2025-05-16T14:19:52-03:00","dateModified":"2025-05-16T14:19:52-03:00","inLanguage":"pt-BR","mainEntityOfPage":{"@id":"https:\/\/newsinfoco.com.br\/inicio\/mais-uma-fabrica-de-bebidas-chega-a-alagoinhas\/#webpage"},"isPartOf":{"@id":"https:\/\/newsinfoco.com.br\/inicio\/mais-uma-fabrica-de-bebidas-chega-a-alagoinhas\/#webpage"},"articleSection":"Alagoinhas e Regi\u00e3o, Manchete"},{"@type":"BreadcrumbList","@id":"https:\/\/newsinfoco.com.br\/inicio\/mais-uma-fabrica-de-bebidas-chega-a-alagoinhas\/#breadcrumblist","itemListElement":[{"@type":"ListItem","@id":"https:\/\/newsinfoco.com.br\/inicio#listItem","position":1,"name":"In\u00edcio","item":"https:\/\/newsinfoco.com.br\/inicio","nextItem":{"@type":"ListItem","@id":"https:\/\/newsinfoco.com.br\/inicio\/category\/alagoinhas-e-regiao\/#listItem","name":"Alagoinhas e Regi\u00e3o"}},{"@type":"ListItem","@id":"https:\/\/newsinfoco.com.br\/inicio\/category\/alagoinhas-e-regiao\/#listItem","position":2,"name":"Alagoinhas e Regi\u00e3o","item":"https:\/\/newsinfoco.com.br\/inicio\/category\/alagoinhas-e-regiao\/","nextItem":{"@type":"ListItem","@id":"https:\/\/newsinfoco.com.br\/inicio\/mais-uma-fabrica-de-bebidas-chega-a-alagoinhas\/#listItem","name":"Mais uma f\u00e1brica de bebidas chega a Alagoinhas"},"previousItem":{"@type":"ListItem","@id":"https:\/\/newsinfoco.com.br\/inicio#listItem","name":"In\u00edcio"}},{"@type":"ListItem","@id":"https:\/\/newsinfoco.com.br\/inicio\/mais-uma-fabrica-de-bebidas-chega-a-alagoinhas\/#listItem","position":3,"name":"Mais uma f\u00e1brica de bebidas chega a Alagoinhas","previousItem":{"@type":"ListItem","@id":"https:\/\/newsinfoco.com.br\/inicio\/category\/alagoinhas-e-regiao\/#listItem","name":"Alagoinhas e Regi\u00e3o"}}]},{"@type":"Organization","@id":"https:\/\/newsinfoco.com.br\/inicio\/#organization","name":"News In Foco - Editado por Caio Pimenta","description":"O principal site de noticias de Alagoinhas e regi\u00e3o","url":"https:\/\/newsinfoco.com.br\/inicio\/"},{"@type":"Person","@id":"https:\/\/newsinfoco.com.br\/inicio\/author\/administrador\/#author","url":"https:\/\/newsinfoco.com.br\/inicio\/author\/administrador\/","name":"administrador","image":{"@type":"ImageObject","@id":"https:\/\/newsinfoco.com.br\/inicio\/mais-uma-fabrica-de-bebidas-chega-a-alagoinhas\/#authorImage","url":"https:\/\/secure.gravatar.com\/avatar\/c17a617433de8c1dc9584bb79aab7563b46f5bb7e1728c9b17d9cc3ce6a08e49?s=96&d=mm&r=g","width":96,"height":96,"caption":"administrador"}},{"@type":"WebPage","@id":"https:\/\/newsinfoco.com.br\/inicio\/mais-uma-fabrica-de-bebidas-chega-a-alagoinhas\/#webpage","url":"https:\/\/newsinfoco.com.br\/inicio\/mais-uma-fabrica-de-bebidas-chega-a-alagoinhas\/","name":"Mais uma f\u00e1brica de bebidas chega a Alagoinhas - News In Foco - Editado por Caio Pimenta","description":"Trilhando o caminho do desenvolvimento e expans\u00e3o econ\u00f4mica proposto pela gest\u00e3o atual, a cidade de Alagoinhas receber\u00e1 uma nova ind\u00fastria. O prefeito Gustavo Carmo assinou, na manh\u00e3 desta quinta-feira, 15, o protocolo de inten\u00e7\u00f5es com o Grupo Revise, para a instala\u00e7\u00e3o de uma f\u00e1brica de refrigerantes e envase de \u00e1gua mineral na cidade, com investimento","inLanguage":"pt-BR","isPartOf":{"@id":"https:\/\/newsinfoco.com.br\/inicio\/#website"},"breadcrumb":{"@id":"https:\/\/newsinfoco.com.br\/inicio\/mais-uma-fabrica-de-bebidas-chega-a-alagoinhas\/#breadcrumblist"},"author":{"@id":"https:\/\/newsinfoco.com.br\/inicio\/author\/administrador\/#author"},"creator":{"@id":"https:\/\/newsinfoco.com.br\/inicio\/author\/administrador\/#author"},"image":{"@type":"ImageObject","url":"https:\/\/newsinfoco.com.br\/inicio\/wp-content\/uploads\/2025\/05\/WhatsApp-Image-2025-05-15-at-18.11.56-scaled.jpeg","@id":"https:\/\/newsinfoco.com.br\/inicio\/mais-uma-fabrica-de-bebidas-chega-a-alagoinhas\/#mainImage","width":2560,"height":1447},"primaryImageOfPage":{"@id":"https:\/\/newsinfoco.com.br\/inicio\/mais-uma-fabrica-de-bebidas-chega-a-alagoinhas\/#mainImage"},"datePublished":"2025-05-16T14:19:52-03:00","dateModified":"2025-05-16T14:19:52-03:00"},{"@type":"WebSite","@id":"https:\/\/newsinfoco.com.br\/inicio\/#website","url":"https:\/\/newsinfoco.com.br\/inicio\/","name":"News In Foco - Editado por Caio Pimenta","description":"O principal site de noticias de Alagoinhas e regi\u00e3o","inLanguage":"pt-BR","publisher":{"@id":"https:\/\/newsinfoco.com.br\/inicio\/#organization"}}]},"og:locale":"pt_BR","og:site_name":"News In Foco - Editado por Caio Pimenta - O principal site de noticias de Alagoinhas e regi\u00e3o","og:type":"article","og:title":"Mais uma f\u00e1brica de bebidas chega a Alagoinhas - News In Foco - Editado por Caio Pimenta","og:description":"Trilhando o caminho do desenvolvimento e expans\u00e3o econ\u00f4mica proposto pela gest\u00e3o atual, a cidade de Alagoinhas receber\u00e1 uma nova ind\u00fastria. O prefeito Gustavo Carmo assinou, na manh\u00e3 desta quinta-feira, 15, o protocolo de inten\u00e7\u00f5es com o Grupo Revise, para a instala\u00e7\u00e3o de uma f\u00e1brica de refrigerantes e envase de \u00e1gua mineral na cidade, com investimento","og:url":"https:\/\/newsinfoco.com.br\/inicio\/mais-uma-fabrica-de-bebidas-chega-a-alagoinhas\/","article:published_time":"2025-05-16T17:19:52+00:00","article:modified_time":"2025-05-16T17:19:52+00:00","twitter:card":"summary_large_image","twitter:title":"Mais uma f\u00e1brica de bebidas chega a Alagoinhas - News In Foco - Editado por Caio Pimenta","twitter:description":"Trilhando o caminho do desenvolvimento e expans\u00e3o econ\u00f4mica proposto pela gest\u00e3o atual, a cidade de Alagoinhas receber\u00e1 uma nova ind\u00fastria. O prefeito Gustavo Carmo assinou, na manh\u00e3 desta quinta-feira, 15, o protocolo de inten\u00e7\u00f5es com o Grupo Revise, para a instala\u00e7\u00e3o de uma f\u00e1brica de refrigerantes e envase de \u00e1gua mineral na cidade, com investimento"},"aioseo_meta_data":{"post_id":"41636","title":null,"description":null,"keywords":null,"keyphrases":{"focus":{"keyphrase":"","score":0,"analysis":{"keyphraseInTitle":{"score":0,"maxScore":9,"error":1}}},"additional":[]},"primary_term":null,"canonical_url":null,"og_title":null,"og_description":null,"og_object_type":"default","og_image_type":"default","og_image_url":null,"og_image_width":null,"og_image_height":null,"og_image_custom_url":null,"og_image_custom_fields":null,"og_video":"","og_custom_url":null,"og_article_section":null,"og_article_tags":null,"twitter_use_og":false,"twitter_card":"default","twitter_image_type":"default","twitter_image_url":null,"twitter_image_custom_url":null,"twitter_image_custom_fields":null,"twitter_title":null,"twitter_description":null,"schema":{"blockGraphs":[],"customGraphs":[],"default":{"data":{"Article":[],"Course":[],"Dataset":[],"FAQPage":[],"Movie":[],"Person":[],"Product":[],"ProductReview":[],"Car":[],"Recipe":[],"Service":[],"SoftwareApplication":[],"WebPage":[]},"graphName":"BlogPosting","isEnabled":true},"graphs":[]},"schema_type":"default","schema_type_options":null,"pillar_content":false,"robots_default":true,"robots_noindex":false,"robots_noarchive":false,"robots_nosnippet":false,"robots_nofollow":false,"robots_noimageindex":false,"robots_noodp":false,"robots_notranslate":false,"robots_max_snippet":"-1","robots_max_videopreview":"-1","robots_max_imagepreview":"large","priority":null,"frequency":"default","local_seo":null,"breadcrumb_settings":null,"limit_modified_date":false,"ai":null,"created":"2025-05-16 17:19:52","updated":"2025-07-11 13:29:46","seo_analyzer_scan_date":null},"aioseo_breadcrumb":"<div class=\"aioseo-breadcrumbs\"><span class=\"aioseo-breadcrumb\">\n\t\t\t<a href=\"https:\/\/newsinfoco.com.br\/inicio\" title=\"In\u00edcio\">In\u00edcio<\/a>\n\t\t<\/span><span class=\"aioseo-breadcrumb-separator\">&raquo;<\/span><span class=\"aioseo-breadcrumb\">\n\t\t\t<a href=\"https:\/\/newsinfoco.com.br\/inicio\/category\/alagoinhas-e-regiao\/\" title=\"Alagoinhas e Regi\u00e3o\">Alagoinhas e Regi\u00e3o<\/a>\n\t\t<\/span><span class=\"aioseo-breadcrumb-separator\">&raquo;<\/span><span class=\"aioseo-breadcrumb\">\n\t\t\tMais uma f\u00e1brica de bebidas chega a Alagoinhas\n\t\t<\/span><\/div>","aioseo_breadcrumb_json":[{"label":"In\u00edcio","link":"https:\/\/newsinfoco.com.br\/inicio"},{"label":"Alagoinhas e Regi\u00e3o","link":"https:\/\/newsinfoco.com.br\/inicio\/category\/alagoinhas-e-regiao\/"},{"label":"Mais uma f\u00e1brica de bebidas chega a Alagoinhas","link":"https:\/\/newsinfoco.com.br\/inicio\/mais-uma-fabrica-de-bebidas-chega-a-alagoinhas\/"}],"_links":{"self":[{"href":"https:\/\/newsinfoco.com.br\/inicio\/wp-json\/wp\/v2\/posts\/41636","targetHints":{"allow":["GET"]}}],"collection":[{"href":"https:\/\/newsinfoco.com.br\/inicio\/wp-json\/wp\/v2\/posts"}],"about":[{"href":"https:\/\/newsinfoco.com.br\/inicio\/wp-json\/wp\/v2\/types\/post"}],"author":[{"embeddable":true,"href":"https:\/\/newsinfoco.com.br\/inicio\/wp-json\/wp\/v2\/users\/1"}],"replies":[{"embeddable":true,"href":"https:\/\/newsinfoco.com.br\/inicio\/wp-json\/wp\/v2\/comments?post=41636"}],"version-history":[{"count":1,"href":"https:\/\/newsinfoco.com.br\/inicio\/wp-json\/wp\/v2\/posts\/41636\/revisions"}],"predecessor-version":[{"id":41638,"href":"https:\/\/newsinfoco.com.br\/inicio\/wp-json\/wp\/v2\/posts\/41636\/revisions\/41638"}],"wp:featuredmedia":[{"embeddable":true,"href":"https:\/\/newsinfoco.com.br\/inicio\/wp-json\/wp\/v2\/media\/41637"}],"wp:attachment":[{"href":"https:\/\/newsinfoco.com.br\/inicio\/wp-json\/wp\/v2\/media?parent=41636"}],"wp:term":[{"taxonomy":"category","embeddable":true,"href":"https:\/\/newsinfoco.com.br\/inicio\/wp-json\/wp\/v2\/categories?post=41636"},{"taxonomy":"post_tag","embeddable":true,"href":"https:\/\/newsinfoco.com.br\/inicio\/wp-json\/wp\/v2\/tags?post=41636"}],"curies":[{"name":"wp","href":"https:\/\/api.w.org\/{rel}","templated":true}]}}